{"id":199,"date":"2019-01-24T11:16:19","date_gmt":"2019-01-24T10:16:19","guid":{"rendered":"http:\/\/www.laligue85.org\/asso\/cdal85\/?p=199"},"modified":"2019-01-24T11:16:19","modified_gmt":"2019-01-24T10:16:19","slug":"naissance-dun-carrefour-departemental-daction-laique-en-vendee","status":"publish","type":"post","link":"http:\/\/www.laligue85.org\/asso\/cdal85\/naissance-dun-carrefour-departemental-daction-laique-en-vendee\/","title":{"rendered":"Naissance d\u2019un Carrefour D\u00e9partemental d\u2019Action La\u00efque en Vend\u00e9e"},"content":{"rendered":"<p>En Vend\u00e9e, la rentr\u00e9e 2015 laisse des traces d\u00e9sastreuses\u00a0: notre d\u00e9partement reste, au classement national, en queue de peloton au niveau des seuils d\u2019ouvertures et de fermetures\u00a0; la r\u00e9forme des rythmes scolaires pose probl\u00e8me et notre d\u00e9mographie d\u00e9partementale laisse entrevoir des baisses d\u2019effectifs dans le 1<sup>er<\/sup> degr\u00e9 public avec un nombre important de communes sans \u00e9cole publique.<\/p>\n<p>Fort de ce constat, un bin\u00f4me d\u2019\u00e9lus de la <em>FOL85<\/em> se propose de faire rena\u00eetre le collectif la\u00efque constitu\u00e9, \u00e0 la base, d\u2019organisations syndicales diverses, de DDEN, de membres de la FCPE et de la FOL<em>.<\/em><\/p>\n<p>\u00c0 son initiative, une premi\u00e8re r\u00e9union voit\u00a0 le jour autour de la rentr\u00e9e 2015. Ainsi na\u00eet le <strong><em>Carrefour d\u2019Action La\u00efque<\/em><\/strong>. <em>\u00ab\u00a0Ni imitatif, ni limitatif\u00a0\u00bb<\/em>, selon sa formule, il est, d\u00e8s son origine, ouvert \u00e0 tous ceux qui veulent s\u2019unir pour la d\u00e9fense du service public d\u2019\u00e9ducation et la la\u00efcit\u00e9.<\/p>\n<p>La premi\u00e8re de ses actions est d\u2019interpeller la ministre de l\u2019\u00c9ducation sur les seuils, les taux d\u2019encadrement et l\u2019\u00e9tat de l\u2019\u00e9cole publique dans notre d\u00e9partement, lors de sa venue \u00e0 La Roche sur Yon le 25 f\u00e9vrier 2016.<\/p>\n<p>La rentr\u00e9e suivante ne fait pas exception \u00e0 la r\u00e8gle. Elle reste difficile. Le Collectif s\u2019interroge sur la strat\u00e9gie \u00e0 adopter pour anticiper la rentr\u00e9e 2017. Il rappelle le \u00ab\u00a0Serment de Vincennes\u00a0\u00bb \u2013 que <em>\u00ab\u00a0[\u2026] l\u2019effort scolaire de la R\u00e9publique soit uniquement r\u00e9serv\u00e9 \u00e0 l\u2019\u00c9cole de la Nation, espoir de notre jeunesse.\u00a0\u00bb<\/em> Il demande un entretien avec le Pr\u00e9fet. Sa r\u00e9ponse du 17 mars 2017 conclut \u00e0 l\u2019absence de <em>\u00ab\u00a0besoin de scolarisation suffisant permettant d\u2019aboutir \u00e0 une \u00e9ventuelle cr\u00e9ation d\u2019\u00e9cole publique.\u00a0\u00bb <\/em>Les demandes de rencontre avec le Recteur et la DASEN sont sans r\u00e9ponse.<\/p>\n<p>Le <em>Carrefour d\u2019Action La\u00efque<\/em> ne renonce pas. Le 15 mai 2017, l\u2019audience \u00e0 la Pr\u00e9fecture lui offre l\u2019occasion de souligner le manque d\u2019\u00e9coles publiques dans 66 des 269 communes de Vend\u00e9e, ainsi que les difficult\u00e9s v\u00e9cues par les familles, victimes de pressions, voire de menaces. Les services de l\u2019\u00c9tat se disent alors pr\u00eats \u00e0 travailler \u00e0 l\u2019examen de communes qui pourraient \u00eatre en mesure d\u2019ouvrir une \u00e9cole publique\u00a0: Mach\u00e9, La Boissi\u00e8re de Montaigu, Martinet, Givrand sont les premi\u00e8res cit\u00e9es.<\/p>\n<p>Le Collectif interpelle les<strong> candidats<\/strong> aux \u00e9lections l\u00e9gislatives. Il rencontrera deux <strong>d\u00e9put\u00e9s<\/strong>, Pierre HENRIET et Patricia GALLERNEAU, qui affirment travailler collectivement.<\/p>\n<p>Le 24 novembre 2017, le <em>Carrefour d\u2019Action La\u00efque<\/em> est re\u00e7u par le <strong>D\u00e9l\u00e9gu\u00e9 du d\u00e9fenseur des droits, <\/strong>Daniel TRAN et, sur ses conseils, il transmet l\u2019ensemble des dossiers en cours au <strong>D\u00e9fenseur des droits<\/strong>, Jacques TOUBON, \u00e0 Paris.<\/p>\n<p>Le 23 mars 2018 marque une avanc\u00e9e. \u00c0 l\u2019occasion d\u2019un \u00e9change de deux heures, le <strong>Pr\u00e9fet<\/strong> se dit pr\u00eat \u00e0 soutenir l\u2019ouverture d\u2019un registre dans des conditions comparables \u00e0 celles d\u2019une enqu\u00eate publique.<\/p>\n<p>Le 2 mai, le Collectif rencontre la<strong> Pr\u00e9sidente de l\u2019Association des Maires de Vend\u00e9e<\/strong>.<\/p>\n<p>Le 22 juin, il informe le <strong>Collectif La\u00efque National, <\/strong>et le<strong> Comit\u00e9 La\u00efcit\u00e9 R\u00e9publique.<\/strong><\/p>\n<p>Le 3 septembre, une lettre est adress\u00e9e au <strong>Ministre de l\u2019\u00c9ducation Nationale<\/strong> ainsi qu\u2019au <strong>Comit\u00e9 National d\u2019Action La\u00efque.<\/strong><\/p>\n<p>Le 4 septembre, \u00e0 Paris, \u00e0 l\u2019initiative de l\u2019<em>Observatoire Vend\u00e9en de la La\u00efcit\u00e9 Georges CLEMENCEAU <\/em>\u2013\u00a0 et de son Pr\u00e9sident Gilles BOURMAUD \u2013 , une d\u00e9l\u00e9gation vend\u00e9enne, compos\u00e9e de la <em>Ligue de l\u2019enseignement de Vend\u00e9e<\/em> et du <em>Carrefour d\u2019Action La\u00efque<\/em>, la <em>FCPE 85<\/em>, l<em>\u2019Union des DDEN de Vend\u00e9e<\/em>, <em>l\u2019Association des Familles La\u00efques de Vend\u00e9e<\/em> et l\u2019<em>OVLGC<\/em> lui-m\u00eame, est auditionn\u00e9e par<strong> l\u2019Observatoire National\u00a0de la La\u00efcit\u00e9.\u00a0\u00a0\u00a0\u00a0\u00a0\u00a0\u00a0\u00a0 <\/strong><strong>\u00a0 \u00a0 \u00a0 \u00a0 \u00a0<\/strong><\/p>\n<p>En raison du long silence d\u2019institutions de la R\u00e9publique d\u00fbment sollicit\u00e9es, le 25 octobre, le Carrefour d\u2019Action La\u00efque de Vend\u00e9e en appelle \u00e0 <strong>Madame GOURAULT<\/strong>, <strong>Ministre de la Coh\u00e9sion des territoires et des Relations avec les collectivit\u00e9s territoriales. <\/strong><\/p>\n<p>Apr\u00e8s les courriers\u00a0du 4 avril 2017 et du 12 mars 2018 rest\u00e9s sans r\u00e9ponse, une lettre de rappel est adress\u00e9e au Recteur.<\/p>\n<p>Apr\u00e8s une \u00ab\u00a0instruction\u00a0\u00bb d\u2019un an, M. CRONTIRAS, charg\u00e9 de nos dossiers pour le D\u00e9fenseur des droits, est de nouveau sollicit\u00e9.<\/p>\n<p>En d\u00e9cembre 2018, suite \u00e0 ce long silence prolong\u00e9, le Collectif d\u00e9cide de publier le courrier destin\u00e9 au Ministre de la Coh\u00e9sion, sous forme de <strong>\u00ab\u00a0Lettre ouverte\u00a0\u00bb.<\/strong><\/p>\n<p>Le <em>Carrefour d\u2019Action La\u00efque<\/em> s\u2019enrichit de la participation d\u2019organisations syndicales (<em>FSU<\/em>, <em>SGEN-CFDT, UNSA<\/em>), de mouvements divers (<em>D\u00e9l\u00e9gu\u00e9s D\u00e9partementaux de l\u2019\u00c9ducation Nationale, Ligue des Droits de l\u2019Homme, F\u00e9d\u00e9ration des Conseils de Parents d\u2019\u00c9l\u00e8ves, Familles La\u00efques, Pupilles de l\u2019enseignement public,<\/em> <em>Francas,<\/em> d\u2019associations de parents, comme <em>PEPAM<\/em> \u2013 Pour une \u00c9cole Publique \u00c0 Mach\u00e9).<\/p>\n<p>Appel\u00e9 d\u00e9sormais <strong><em>Carrefour D\u00e9partemental d\u2019Action La\u00efque de Vend\u00e9e,<\/em> <\/strong>le Collectif se r\u00e9unit \u00e0 La Roche sur Yon, au si\u00e8ge de la F\u00e9d\u00e9ration des \u0152uvres La\u00efques de Vend\u00e9e, dont le r\u00f4le est, pr\u00e9cis\u00e9ment, de f\u00e9d\u00e9rer. Il est convaincu que les lois doivent \u00eatre respect\u00e9es, notamment celle de 1905. Les citoyens sont en droit d\u2019exiger une \u00e9cole publique, la\u00efque, et gratuite de proximit\u00e9 dans chaque commune o\u00f9 les effectifs le permettent \u2013 l\u2019\u00c9tat \u00e9tant garant du besoin scolaire.<\/p>\n<p>Ensemble, nous sommes plus forts. Et c\u2019est fort de ses convictions que le Collectif agit et grandit, en affirmant que l\u2019existence d\u2019un service public et la\u00efque d\u2019\u00c9ducation digne de ce nom en Vend\u00e9e est une exigence de la R\u00e9publique, un gage de paix et de progr\u00e8s.<\/p>\n<p>&nbsp;<\/p>\n<p>&nbsp;<\/p>\n","protected":false},"excerpt":{"rendered":"<p>En Vend\u00e9e, la rentr\u00e9e 2015 laisse des traces d\u00e9sastreuses\u00a0: notre d\u00e9partement reste, au classement national, en queue de peloton au<\/p>\n","protected":false},"author":14,"featured_media":0,"comment_status":"closed","ping_status":"closed","sticky":false,"template":"","format":"standard","meta":[],"categories":[5],"tags":[],"_links":{"self":[{"href":"http:\/\/www.laligue85.org\/asso\/cdal85\/wp-json\/wp\/v2\/posts\/199"}],"collection":[{"href":"http:\/\/www.laligue85.org\/asso\/cdal85\/wp-json\/wp\/v2\/posts"}],"about":[{"href":"http:\/\/www.laligue85.org\/asso\/cdal85\/wp-json\/wp\/v2\/types\/post"}],"author":[{"embeddable":true,"href":"http:\/\/www.laligue85.org\/asso\/cdal85\/wp-json\/wp\/v2\/users\/14"}],"replies":[{"embeddable":true,"href":"http:\/\/www.laligue85.org\/asso\/cdal85\/wp-json\/wp\/v2\/comments?post=199"}],"version-history":[{"count":1,"href":"http:\/\/www.laligue85.org\/asso\/cdal85\/wp-json\/wp\/v2\/posts\/199\/revisions"}],"predecessor-version":[{"id":200,"href":"http:\/\/www.laligue85.org\/asso\/cdal85\/wp-json\/wp\/v2\/posts\/199\/revisions\/200"}],"wp:attachment":[{"href":"http:\/\/www.laligue85.org\/asso\/cdal85\/wp-json\/wp\/v2\/media?parent=199"}],"wp:term":[{"taxonomy":"category","embeddable":true,"href":"http:\/\/www.laligue85.org\/asso\/cdal85\/wp-json\/wp\/v2\/categories?post=199"},{"taxonomy":"post_tag","embeddable":true,"href":"http:\/\/www.laligue85.org\/asso\/cdal85\/wp-json\/wp\/v2\/tags?post=199"}],"curies":[{"name":"wp","href":"https:\/\/api.w.org\/{rel}","templated":true}]}}