{"id":202,"date":"2019-01-24T11:18:19","date_gmt":"2019-01-24T10:18:19","guid":{"rendered":"http:\/\/www.laligue85.org\/asso\/cdal85\/?p=202"},"modified":"2019-01-24T11:18:19","modified_gmt":"2019-01-24T10:18:19","slug":"les-quatre-questions-fondatrices-et-federatrices-du-collectif-laique-de-vendee-en-2015","status":"publish","type":"post","link":"http:\/\/www.laligue85.org\/asso\/cdal85\/les-quatre-questions-fondatrices-et-federatrices-du-collectif-laique-de-vendee-en-2015\/","title":{"rendered":"Les quatre questions fondatrices et f\u00e9d\u00e9ratrices du Collectif La\u00efque de Vend\u00e9e en 2015"},"content":{"rendered":"<ol>\n<li><strong>Les seuils d\u2019ouvertures et de fermetures de classes<\/strong><\/li>\n<\/ol>\n<p>Leur caract\u00e8re injuste, et \u00ab\u00a0l\u2019abandon\u00a0\u00bb d\u2019enfants de deux ans non compt\u00e9s dans les demandes d\u2019inscription.<\/p>\n<p><em>Alors que grandit le besoin d\u2019instruction \u2013 de deux \u00e0 dix-huit ans \u2013, pourquoi ces mesures de \u00a0\u00ab\u00a0dissuasion\u00a0\u00bb et de r\u00e9gression<\/em><\/p>\n<p><strong>2) La r\u00e9forme des rythmes scolaires<\/strong><\/p>\n<p>Leur application in\u00e9gale et in\u00e9galitaire selon les municipalit\u00e9s\u00a0; la situation <em>\u00ab\u00a0hors la loi<\/em>\u00a0\u00a0\u00a0\u00a0\u00a0\u00a0\u00a0 <em>commune <\/em>\u00bb\u00a0de l\u2019enseignement priv\u00e9.<\/p>\n<p><em>Si cette r\u00e9forme est bonne pour l\u2019enfant, pourquoi certains sont-ils oubli\u00e9s\u00a0? \u00ab\u00a0L\u2019int\u00e9r\u00eat sup\u00e9rieur de l\u2019enfant\u00a0\u00bb n\u2019est-il pas un argument suffisant pour imposer la loi commune ?<\/em><\/p>\n<p><strong>3) Les communes sans \u00e9cole publique <\/strong><\/p>\n<p>Plus de soixante en Vend\u00e9e. L\u2019organisation de l\u2019enseignement public, gratuit et la\u00efque \u00e0 tous les degr\u00e9s, n\u2019est-il pas \u00ab<em>\u00a0un devoir de l\u2019\u00c9tat\u00a0\u00bb\u00a0?<\/em><\/p>\n<p><em>Pourquoi ce renoncement, ce reniement de la R\u00e9publique\u00a0?<\/em><\/p>\n<p><strong>4) \u00ab\u00a0L\u2019\u00e9cole pour tous\u00a0\u00bb<\/strong><\/p>\n<p>L\u2019\u00e9cole publique, la\u00efque \u2013 celle de l\u2019\u00e9galit\u00e9 et de la fraternit\u00e9 \u2013, est la seule \u00e9cole qui accueille tous les enfants sans distinction de conditions, de convictions de leur milieu d\u2018origine.<\/p>\n<p><em>\u00a0\u00a0 \u00a0\u00a0\u00a0\u00a0\u00a0\u00a0\u00a0Pourquoi conforter la s\u00e9gr\u00e9gation scolaire, les communautarismes, les p\u00e9pini\u00e8res des \u00ab\u00a0trieurs d\u2019\u00e9lite\u00a0\u00bb en finan\u00e7ant les \u00e9coles priv\u00e9es payantes, qui pratiquent la s\u00e9lection par l\u2019argent et divisent la jeunesse ? <\/em><\/p>\n","protected":false},"excerpt":{"rendered":"<p>Les seuils d\u2019ouvertures et de fermetures de classes Leur caract\u00e8re injuste, et \u00ab\u00a0l\u2019abandon\u00a0\u00bb d\u2019enfants de deux ans non compt\u00e9s dans<\/p>\n","protected":false},"author":14,"featured_media":0,"comment_status":"closed","ping_status":"closed","sticky":false,"template":"","format":"standard","meta":[],"categories":[5],"tags":[],"_links":{"self":[{"href":"http:\/\/www.laligue85.org\/asso\/cdal85\/wp-json\/wp\/v2\/posts\/202"}],"collection":[{"href":"http:\/\/www.laligue85.org\/asso\/cdal85\/wp-json\/wp\/v2\/posts"}],"about":[{"href":"http:\/\/www.laligue85.org\/asso\/cdal85\/wp-json\/wp\/v2\/types\/post"}],"author":[{"embeddable":true,"href":"http:\/\/www.laligue85.org\/asso\/cdal85\/wp-json\/wp\/v2\/users\/14"}],"replies":[{"embeddable":true,"href":"http:\/\/www.laligue85.org\/asso\/cdal85\/wp-json\/wp\/v2\/comments?post=202"}],"version-history":[{"count":1,"href":"http:\/\/www.laligue85.org\/asso\/cdal85\/wp-json\/wp\/v2\/posts\/202\/revisions"}],"predecessor-version":[{"id":203,"href":"http:\/\/www.laligue85.org\/asso\/cdal85\/wp-json\/wp\/v2\/posts\/202\/revisions\/203"}],"wp:attachment":[{"href":"http:\/\/www.laligue85.org\/asso\/cdal85\/wp-json\/wp\/v2\/media?parent=202"}],"wp:term":[{"taxonomy":"category","embeddable":true,"href":"http:\/\/www.laligue85.org\/asso\/cdal85\/wp-json\/wp\/v2\/categories?post=202"},{"taxonomy":"post_tag","embeddable":true,"href":"http:\/\/www.laligue85.org\/asso\/cdal85\/wp-json\/wp\/v2\/tags?post=202"}],"curies":[{"name":"wp","href":"https:\/\/api.w.org\/{rel}","templated":true}]}}