{"id":206,"date":"2019-01-28T15:48:41","date_gmt":"2019-01-28T14:48:41","guid":{"rendered":"http:\/\/www.laligue85.org\/asso\/cdal85\/?p=206"},"modified":"2019-01-28T15:49:02","modified_gmt":"2019-01-28T14:49:02","slug":"compte-rendu-de-la-reunion-du-jeudi-24-janvier-2019","status":"publish","type":"post","link":"http:\/\/www.laligue85.org\/asso\/cdal85\/compte-rendu-de-la-reunion-du-jeudi-24-janvier-2019\/","title":{"rendered":"Compte rendu de la r\u00e9union du jeudi 24 janvier 2019"},"content":{"rendered":"<p><strong>15 Personnes pr\u00e9sentes et organisations repr\u00e9sent\u00e9es\u00a0<\/strong>: Mich\u00e8le BIR\u00c9 (LDH), \u00c9milie CANTIN (PEPAM), Denis DELHOMMEAU (DDEN), Ren\u00e9 DUBOIS (DDEN), R\u00e9my \u00c9VEILL\u00c9 (FOL 85, DDEN), Simone FAVREAU (DDEN), Daniel GUILLON (DDEN), Christophe LEAU (PEPAM), Jean-Pierre MAJZER (FOL85), Dominique MONNERY (FOL85), Christine PICAVEZ (Union locale CGT Challans), St\u00e9phanie R\u00c9NIER (SNES-FSU), Yves R\u00c9TRIF (FOL, DDEN), Anne-Marie SORREL (FOL, DDEN), Claude SORRO (DDEN).<\/p>\n<p><strong>4 Personnes excus\u00e9es\u00a0: <\/strong>Yolande BURNELEAU (Familles La\u00efques), Michel DAMPUR\u00c9 (PEP), Claude LABOUR (SGEN-CFDT), <strong>F<\/strong>ran\u00e7oise MAJZER (FOL, DDEN).<\/p>\n<p><strong>R\u00e9flexions, propositions<\/strong><\/p>\n<ul>\n<li>Dominique MONNERY explique l\u2019acronyme CDAL\u00a0\u2013 <em>Carrefour D\u00e9partemental d\u2019Action La\u00efque <\/em>de Vend\u00e9e \u2013 et rappelle le fonctionnement de ce Collectif.<\/li>\n<li><strong><em>PEPAM<\/em><\/strong>: Christophe LEAU fait part des suites\u00a0du <em>\u00ab\u00a0comptage\u00a0\u00bb<\/em> du 13 septembre 2018 \u00e0 Mach\u00e9\u00a0: \u00ab\u00a0plaintes\u00a0\u00bb de 11 parents, menace physique, discriminations dont il est la victime, convocation \u00e0 la gendarmerie. Malgr\u00e9 l\u2019absence de d\u00e9p\u00f4t de plainte, d\u2019infraction p\u00e9nale, les<em> \u00ab\u00a0r\u00e9percutions sur la vie quotidienne\u00a0\u00bb <\/em>deviennent insupportables.<em> \u00ab\u00a0C\u2019est explosif\u00a0!\u00a0\u00bb, <\/em>r\u00e9sume \u00c9milie CANTIN.<\/li>\n<\/ul>\n<p>Il faut mettre un terme \u00e0 l\u2019incompr\u00e9hension, \u00e0 la volont\u00e9 d\u2019isoler et de culpabiliser. Et puis, <em>\u00ab\u00a0pourquoi ce d\u00e9lai\u00a0entre \u00ab\u00a0l\u2019\u00e9v\u00e9nement\u00a0\u00bb et la \u00ab\u00a0convocation\u00a0\u00bb \u00e0 la gendarmerie ?\u00a0\u00bb <\/em>Ren\u00e9 DUBOIS fournit les coordonn\u00e9es de presse de Challans pour prendre contact avec <em>Ouest-France. <\/em>Daniel GUILLON constate qu\u2019il nous faut \u00eatre prudents dans le choix de nos m\u00e9thodes, mais rien ne nous interdit, comme le souligne Michelle BIR\u00c9, de mener, en toute l\u00e9galit\u00e9, une enqu\u00eate portant sur le sort des enfants. Au contraire, le diaporama, initi\u00e9 par la Ligue des droits de l\u2019homme et montrant la r\u00e9alit\u00e9 qu\u2019ils vivent sera rendu public. Dominique MONNERY cite les services civiques de la F\u00e9d\u00e9ration qui pourraient aider \u00e0 le terminer.<\/p>\n<p><em>\u00a0\u00ab\u00a0Et les enfants de l\u2019\u00e9cole publique, ne sont-ils pas, eux, traumatis\u00e9s\u00a0?\u00a0\u00bb<\/em>\u00a0 Unanimit\u00e9 du Collectif\u00a0: il faut que nous agissions, que nous demandions \u00e0 \u00eatre entendus \u00e0 la Gendarmerie. Nous devons conna\u00eetre, dit Claude SORRO, <em>\u00ab\u00a0les tenants et les aboutissants\u00a0\u00bb, <\/em>parler d\u2019<em>\u00a0\u00abune seule voix\u00a0\u00bb, <\/em>ajoute Ren\u00e9 DUBOIS. Et Denis\u00a0DELHOMMEAU d\u2019insister\u00a0: <em>\u00ab\u00a0Ne quittons pas le cadre l\u00e9gal.\u00a0\u00bb<\/em><\/p>\n<ul>\n<li>Daniel GUILLON informe\u00a0: Pierre-Marie PAPON est DDEN \u00e0 l\u2019\u00e9cole priv\u00e9e\u00a0de Mach\u00e9 qui fait partie de la circonscription de Challans.<\/li>\n<li><strong><em>Action<\/em><\/strong>: St\u00e9phanie R\u00c9NIER, qui revient d\u2019une journ\u00e9e de gr\u00e8ve des enseignants, propose de demander une entrevue avec la nouvelle DASEN.<\/li>\n<li>Le <strong><em>nouveau<\/em><\/strong> <strong><em>Comit\u00e9 National La\u00efcit\u00e9<\/em><\/strong>, auquel Dominique MONNERY et Jean-Pierre MAJZER ont particip\u00e9 le 11 d\u00e9cembre 2018, \u00e0 Paris, se r\u00e9unira le 4 f\u00e9vrier. Il a \u00e9t\u00e9 inform\u00e9 de la situation vend\u00e9enne.<\/li>\n<li><strong><em>La loi de 1905<\/em><\/strong>: demander son application \u2013 <em>\u00ab\u00a0sans oublier l\u2019article 2\u00a0\u00bb<\/em>\u00a0 interdisant le financement des cultes, note Jean-Pierre MAJZER. <em>\u00ab\u00a0La loi doit \u00eatre la m\u00eame pour tous.\u00a0\u00bb,<\/em> souligne Michelle BIR\u00c9. <em>\u00ab\u00a0Et les ath\u00e9es\u00a0?\u00a0\u00bb,<\/em> interroge Claude SORRO. Yves R\u00c9TRIF pr\u00e9cise la situation \u00e0 Mayotte qu\u2019il conna\u00eet bien. Tout le territoire de la R\u00e9publique devrait \u00eatre au m\u00eame r\u00e9gime. Le 8 janvier, Jean-Michel DUCOMTE, Pr\u00e9sident de la <em>Ligue de l\u2019enseignement<\/em>, et Michel MIAILLE ont \u00e9t\u00e9 re\u00e7us par le Ministre de l\u2019Int\u00e9rieur qui les a assur\u00e9s qu\u2019<em>\u00ab\u00a0aucun projet de loi [<\/em>n\u2019\u00e9tait<em>] \u00e0 ce jour r\u00e9dig\u00e9\u00a0\u00bb.<\/em> Un sentiment partag\u00e9\u00a0au sujet de la la\u00efcit\u00e9 : <em>\u00ab\u00a0l\u2019inqui\u00e9tude\u00a0\u00bb.<\/em><\/li>\n<li><strong><em>\u00c9change avec Roland GUIILLON<\/em><\/strong>. Trois \u00ab\u00a0d\u00e9marches\u00a0\u00bb l\u00e9gitimes lui ont \u00e9t\u00e9 rappel\u00e9es\u00a0: demande d\u2019une copie de la d\u00e9lib\u00e9ration du <em>Conseil municipal<\/em> pr\u00e9cisant la destination de la subvention, courrier \u00e0 la <em>CADA<\/em> \u2013 la Commission d\u2019Acc\u00e8s aux Documents Administratifs \u2013 et \u00e0 la <em>Chambre R\u00e9gionale des Comptes des Pays de la Loire.<\/em><\/li>\n<li>Pour v\u00e9rifier la l\u00e9galit\u00e9 des financements, l\u2019examen des budgets devrait se faire <em>\u00ab\u00a0par lignes\u00a0\u00bb<\/em> et non pas uniquement par chapitres, fait remarquer Yves R\u00c9TRIF. Il faut demander la transparence et \u00e9viter la concussion : \u00ab\u00a0<em>un compte de bilan\u00a0exhaustif \u00bb<\/em> doit faire appara\u00eetre <em>\u00ab\u00a0les aides directes et les aides indirectes.\u00a0\u00bb<\/em><\/li>\n<li><strong><em>Communaut\u00e9 de communes des Achards\u00a0<\/em><\/strong>: R\u00e9my \u00c9VEILL\u00c9 intervient pour <em>Familles La\u00efques<\/em>. Son vice-pr\u00e9sident, charg\u00e9 des \u00e9coles, est le maire de Martinet \u2013 commune sans \u00e9cole publique. Le journal <em>Ouest-France<\/em> rend compte de ses \u00ab\u00a0<em>propos erron\u00e9s\u00a0\u00bb<\/em> au sujet des ouvertures d\u2019\u00e9coles publiques. Les informations diffus\u00e9es sur le territoire sont <em>\u00ab\u00a0des d\u00e9rives, des erreurs\u00a0\u00bb<\/em> toujours \u00e0 leur d\u00e9triment. Un courrier parviendra \u00e0 la Communaut\u00e9 de communes dans les jours qui viennent.<\/li>\n<li><strong><em>Actualit\u00e9\u00a0:<\/em><\/strong> les services publics et la demande de proximit\u00e9. <em>\u00ab\u00a0Apprendre la proximit\u00e9 d\u00e8s l\u2019\u00e9cole, et \u00e0 l\u2019\u00e9cole.\u00a0\u00bb<\/em> Pour plus de d\u00e9mocratie, Yves R\u00c9TRIF interroge\u00a0: <em>\u00ab\u00a0Comment faire \u00e9voluer nos pratiques\u00a0?\u00a0\u00bb<\/em><\/li>\n<\/ul>\n<p><strong>D\u00e9cisions du CDAL de Vend\u00e9e<\/strong><\/p>\n<ol>\n<li><strong>\u00c9crire \u00e0 la <em>Gendarmerie de Palluau<\/em> pour demander \u00e0 \u00eatre entendus, et en l\u2019informant qu\u2019une copie de la lettre est adress\u00e9e \u00e0 <em>Monsieur le Maire de Mach\u00e9<\/em>.<\/strong><\/li>\n<li><strong>Demander une entrevue \u00e0 la nouvelle <em>Directrice Acad\u00e9mique des Services de l\u2019\u00c9ducation<\/em> <em>Nationale\u00a0;<\/em> s\u2019adresser au <em>Rectorat<\/em> suite au courrier du Minist\u00e8re l\u2019invitant \u00e0 nous <em>\u00ab\u00a0tenir inform\u00e9s\u00a0\u00bb.<\/em><\/strong><\/li>\n<li><strong>Saisir l\u2019opportunit\u00e9 de la \u00ab\u00a0consultation nationale\u00a0\u00bb\u00a0en remettant nos courriers sans r\u00e9ponse aux <em>instances<\/em> <em>qui recueillent les dol\u00e9ances<\/em>.<\/strong><\/li>\n<\/ol>\n<p><strong>Prochaine r\u00e9union du Collectif\u00a0: le jeudi 14 mars 2019, de 17 h 30 \u00e0 19 heures.<\/strong><\/p>\n","protected":false},"excerpt":{"rendered":"<p>15 Personnes pr\u00e9sentes et organisations repr\u00e9sent\u00e9es\u00a0: Mich\u00e8le BIR\u00c9 (LDH), \u00c9milie CANTIN (PEPAM), Denis DELHOMMEAU (DDEN), Ren\u00e9 DUBOIS (DDEN), R\u00e9my \u00c9VEILL\u00c9<\/p>\n","protected":false},"author":14,"featured_media":0,"comment_status":"closed","ping_status":"closed","sticky":false,"template":"","format":"standard","meta":[],"categories":[2],"tags":[],"_links":{"self":[{"href":"http:\/\/www.laligue85.org\/asso\/cdal85\/wp-json\/wp\/v2\/posts\/206"}],"collection":[{"href":"http:\/\/www.laligue85.org\/asso\/cdal85\/wp-json\/wp\/v2\/posts"}],"about":[{"href":"http:\/\/www.laligue85.org\/asso\/cdal85\/wp-json\/wp\/v2\/types\/post"}],"author":[{"embeddable":true,"href":"http:\/\/www.laligue85.org\/asso\/cdal85\/wp-json\/wp\/v2\/users\/14"}],"replies":[{"embeddable":true,"href":"http:\/\/www.laligue85.org\/asso\/cdal85\/wp-json\/wp\/v2\/comments?post=206"}],"version-history":[{"count":1,"href":"http:\/\/www.laligue85.org\/asso\/cdal85\/wp-json\/wp\/v2\/posts\/206\/revisions"}],"predecessor-version":[{"id":207,"href":"http:\/\/www.laligue85.org\/asso\/cdal85\/wp-json\/wp\/v2\/posts\/206\/revisions\/207"}],"wp:attachment":[{"href":"http:\/\/www.laligue85.org\/asso\/cdal85\/wp-json\/wp\/v2\/media?parent=206"}],"wp:term":[{"taxonomy":"category","embeddable":true,"href":"http:\/\/www.laligue85.org\/asso\/cdal85\/wp-json\/wp\/v2\/categories?post=206"},{"taxonomy":"post_tag","embeddable":true,"href":"http:\/\/www.laligue85.org\/asso\/cdal85\/wp-json\/wp\/v2\/tags?post=206"}],"curies":[{"name":"wp","href":"https:\/\/api.w.org\/{rel}","templated":true}]}}