{"id":234,"date":"2020-02-07T10:39:03","date_gmt":"2020-02-07T09:39:03","guid":{"rendered":"http:\/\/www.laligue85.org\/asso\/cdal85\/?p=234"},"modified":"2020-02-07T10:39:03","modified_gmt":"2020-02-07T09:39:03","slug":"saint-gilles-croix-de-vie-une-conference-sur-la-laicite-au-centre-socioculturel","status":"publish","type":"post","link":"http:\/\/www.laligue85.org\/asso\/cdal85\/saint-gilles-croix-de-vie-une-conference-sur-la-laicite-au-centre-socioculturel\/","title":{"rendered":"Saint-Gilles-Croix-de-Vie. Une conf\u00e9rence sur la la\u00efcit\u00e9 au centre socioculturel"},"content":{"rendered":"<p><img loading=\"lazy\" class=\"size-medium wp-image-235 alignleft\" src=\"http:\/\/www.laligue85.org\/asso\/cdal85\/wp-content\/uploads\/sites\/7\/2020\/02\/affiche-d\u00e9bat-la\u00efcit\u00e9-4-2-212x300.jpg\" alt=\"\" width=\"212\" height=\"300\" srcset=\"http:\/\/www.laligue85.org\/asso\/cdal85\/wp-content\/uploads\/sites\/7\/2020\/02\/affiche-d\u00e9bat-la\u00efcit\u00e9-4-2-212x300.jpg 212w, http:\/\/www.laligue85.org\/asso\/cdal85\/wp-content\/uploads\/sites\/7\/2020\/02\/affiche-d\u00e9bat-la\u00efcit\u00e9-4-2.jpg 543w\" sizes=\"(max-width: 212px) 100vw, 212px\" \/>Article Ouest France du 29 janvier 2020<\/p>\n<p>L\u2019Amical la\u00efque organise une conf\u00e9rence-d\u00e9bat autour de la la\u00efcit\u00e9 lundi 3 f\u00e9vrier. Elle sera pr\u00e9sent\u00e9e par l\u2019intervenant Jean-Pierre Mazjer et Jacques Louis Buton, pr\u00e9sident des Francas.<\/p>\n<p>Jean-Pierre Mazjer, intervenant de la conf\u00e9rence-d\u00e9bat autour de la la\u00efcit\u00e9 et de la pr\u00e9sentation du pacte sociale et \u00e9cologique.<\/p>\n<p><strong>Qu\u2019est-ce que la la\u00efcit\u00e9 ?<\/strong><\/p>\n<p>Cinq ans apr\u00e8s Charlie, alors que grandissent l\u2019intol\u00e9rance, la violence, les communautarismes et les in\u00e9galit\u00e9s, si nous retrouvions le sens de ce mot, comme ceux qui lui sont li\u00e9s, Ferdinand Buisson et sa mission ? Nous nous laisserons \u00e9clairer par quelques noms, quelques dates, quelques faits nous rapprochant des Lumi\u00e8res, pr\u00e9parant l\u2019instruction publique, l\u2019institution organique, selon Condorcet, d\u2019une R\u00e9publique qui doit tenir ses promesses.<\/p>\n<p><strong>\u00c0 qui s\u2019adresse cette conf\u00e9rence ?<\/strong><\/p>\n<p>Qui pourrait ne pas se sentir convi\u00e9 ? Le peuple tout entier est appel\u00e9 \u00e0 penser ensemble pour vivre ensemble. En grec, le mot peuple renvoie \u00e0 laos et \u00e0 demos, qui donneront la\u00efcit\u00e9 et d\u00e9mocratie.<\/p>\n<p><strong>Le pacte social et \u00e9cologique, c\u2019est quoi ?<\/strong><\/p>\n<p>Notre ami Jacques-Louis Buton, pr\u00e9sident des Francas, va nous le pr\u00e9senter. C\u2019est un projet port\u00e9 par une vingtaine d\u2019associations nationales souhaitant travailler sur un nouveau mod\u00e8le de soci\u00e9t\u00e9, pour combattre les in\u00e9galit\u00e9s et r\u00e9fl\u00e9chir sur l\u2019avenir de la plan\u00e8te et de ses habitants.<\/p>\n<p>Il est d\u00e9clin\u00e9 en 66 propositions, autour de quatre axes : donner \u00e0 chacun le pouvoir vivre dans un cadre commun ; remettre l\u2019exigence de justice sociale au c\u0153ur de l\u2019\u00e9conomie ; pr\u00e9parer notre avenir en cessant de faire du court terme, l\u2019alpha et l\u2019om\u00e9ga de nos politiques publiques ; et partager le pouvoir pour que chacun puisse prendre sa part dans la transformation de nos vies. Ce pacte est la premi\u00e8re pierre d\u2019un chantier de transformation sociale et \u00e9cologique et nous allons en discuter.<\/p>\n<p>Lundi 3 f\u00e9vrier, \u00e0 20 h 30, salle des Tropiques au centre socioculturel de Saint-Gilles-Croix-de-Vie. Organis\u00e9 par l\u2019Amicale La\u00efque. Entr\u00e9e libre.ete<\/p>\n","protected":false},"excerpt":{"rendered":"<p>Article Ouest France du 29 janvier 2020 L\u2019Amical la\u00efque organise une conf\u00e9rence-d\u00e9bat autour de la la\u00efcit\u00e9 lundi 3 f\u00e9vrier. Elle<\/p>\n","protected":false},"author":14,"featured_media":0,"comment_status":"closed","ping_status":"closed","sticky":false,"template":"","format":"standard","meta":[],"categories":[1],"tags":[],"_links":{"self":[{"href":"http:\/\/www.laligue85.org\/asso\/cdal85\/wp-json\/wp\/v2\/posts\/234"}],"collection":[{"href":"http:\/\/www.laligue85.org\/asso\/cdal85\/wp-json\/wp\/v2\/posts"}],"about":[{"href":"http:\/\/www.laligue85.org\/asso\/cdal85\/wp-json\/wp\/v2\/types\/post"}],"author":[{"embeddable":true,"href":"http:\/\/www.laligue85.org\/asso\/cdal85\/wp-json\/wp\/v2\/users\/14"}],"replies":[{"embeddable":true,"href":"http:\/\/www.laligue85.org\/asso\/cdal85\/wp-json\/wp\/v2\/comments?post=234"}],"version-history":[{"count":1,"href":"http:\/\/www.laligue85.org\/asso\/cdal85\/wp-json\/wp\/v2\/posts\/234\/revisions"}],"predecessor-version":[{"id":236,"href":"http:\/\/www.laligue85.org\/asso\/cdal85\/wp-json\/wp\/v2\/posts\/234\/revisions\/236"}],"wp:attachment":[{"href":"http:\/\/www.laligue85.org\/asso\/cdal85\/wp-json\/wp\/v2\/media?parent=234"}],"wp:term":[{"taxonomy":"category","embeddable":true,"href":"http:\/\/www.laligue85.org\/asso\/cdal85\/wp-json\/wp\/v2\/categories?post=234"},{"taxonomy":"post_tag","embeddable":true,"href":"http:\/\/www.laligue85.org\/asso\/cdal85\/wp-json\/wp\/v2\/tags?post=234"}],"curies":[{"name":"wp","href":"https:\/\/api.w.org\/{rel}","templated":true}]}}