{"id":3612,"date":"2018-09-01T17:25:12","date_gmt":"2018-09-01T15:25:12","guid":{"rendered":"http:\/\/www.laligue85.org\/asso\/?p=3612"},"modified":"2018-10-10T17:26:35","modified_gmt":"2018-10-10T15:26:35","slug":"journal-dune-association-qui-est-directeur-de-la-publication","status":"publish","type":"post","link":"http:\/\/www.laligue85.org\/asso\/journal-dune-association-qui-est-directeur-de-la-publication\/","title":{"rendered":"Journal d&rsquo;une association : qui est directeur de la publication ?"},"content":{"rendered":"<p>Publi\u00e9 le 12 janvier 2018 &#8211; Direction de l&rsquo;information l\u00e9gale et administrative (Premier ministre)<\/p>\n<p>Une demande d&rsquo;insertion d&rsquo;une r\u00e9ponse \u00e0 un article publi\u00e9 dans le journal d&rsquo;une association peut valablement \u00eatre adress\u00e9e \u00e0 son pr\u00e9sident. C&rsquo;est ce que vient de juger la Cour de cassation le 6\u00a0d\u00e9cembre\u00a02017.<\/p>\n<p>Une association de d\u00e9fense des habitants d&rsquo;une commune avait cr\u00e9\u00e9 un bulletin et publi\u00e9, dans le premier num\u00e9ro, un article relatif \u00e0 un projet d&rsquo;\u00e9changeur autoroutier.<\/p>\n<p>En r\u00e9action \u00e0 cette publication la commune adressa au pr\u00e9sident de l&rsquo;association une r\u00e9ponse qui ne fut pas publi\u00e9e. La commune saisit alors la justice aux fins d&rsquo;insertion forc\u00e9e et obtint la publication du droit de r\u00e9ponse dans l&rsquo;\u00e9dition \u00e0 venir du bulletin de l&rsquo;association.<\/p>\n<p>L&rsquo;association contestait la d\u00e9cision en faisant valoir qu&rsquo;une telle demande devait \u00eatre adress\u00e9e au directeur de la publication du journal et non au pr\u00e9sident de l&rsquo;association.<\/p>\n<p>Mais les juges n&rsquo;ont pas suivi son argumentation. Pour la Cour de cassation, une demande d&rsquo;insertion d&rsquo;une r\u00e9ponse peut valablement \u00eatre adress\u00e9e au pr\u00e9sident d&rsquo;une association, repr\u00e9sentant l\u00e9gal de l&rsquo;entreprise \u00e9ditrice. Le directeur de la publication est, selon les dispositions de la loi du 29\u00a0juillet\u00a01881 sur la libert\u00e9 de la presse, le repr\u00e9sentant l\u00e9gal de l&rsquo;entreprise \u00e9ditrice.<\/p>\n<h2>Textes de r\u00e9f\u00e9rence<\/h2>\n<ul>\n<li><a href=\"https:\/\/www.legifrance.gouv.fr\/affichJuriJudi.do?oldAction=rechJuriJudi&amp;idTexte=JURITEXT000036177382&amp;fastReqId=1007722501&amp;fastPos=1\" data-xiti-type=\"exit\" data-xiti-name=\"Associations::Actualite::textes_de_reference::https:\/\/www.legifrance.gouv.fr\/affichJuriJudi.do?oldAction=rechJuriJudi&amp;idTexte=JURITEXT000036177382&amp;fastReqId=1007722501&amp;fastPos=1\">Cour de cassation, Chambre civile 1, 6 d\u00e9cembre 2017, 16-22.068, Publi\u00e9 au bulletin <\/a><\/li>\n<\/ul>\n<h2>Et aussi<\/h2>\n<ul>\n<li><a href=\"https:\/\/www.service-public.fr\/associations\/vosdroits\/N19590\" data-xiti-name=\"Associations::Actualite::Navigation_Directe::Dirigeants_et_responsables_d\u2019une_association\">Dirigeants et responsables d\u2019une association<\/a><\/li>\n<\/ul>\n","protected":false},"excerpt":{"rendered":"<p>Publi\u00e9 le 12 janvier 2018 &#8211; Direction de l&rsquo;information l\u00e9gale et administrative (Premier ministre) Une demande d&rsquo;insertion d&rsquo;une r\u00e9ponse \u00e0 un article publi\u00e9 dans le journal d&rsquo;une association peut valablement \u00eatre adress\u00e9e \u00e0 son pr\u00e9sident. C&rsquo;est ce que vient de juger la Cour de cassation le 6\u00a0d\u00e9cembre\u00a02017. Une association de [&hellip;]<\/p>\n","protected":false},"author":1,"featured_media":0,"comment_status":"closed","ping_status":"open","sticky":false,"template":"","format":"standard","meta":[],"categories":[18],"tags":[],"_links":{"self":[{"href":"http:\/\/www.laligue85.org\/asso\/wp-json\/wp\/v2\/posts\/3612"}],"collection":[{"href":"http:\/\/www.laligue85.org\/asso\/wp-json\/wp\/v2\/posts"}],"about":[{"href":"http:\/\/www.laligue85.org\/asso\/wp-json\/wp\/v2\/types\/post"}],"author":[{"embeddable":true,"href":"http:\/\/www.laligue85.org\/asso\/wp-json\/wp\/v2\/users\/1"}],"replies":[{"embeddable":true,"href":"http:\/\/www.laligue85.org\/asso\/wp-json\/wp\/v2\/comments?post=3612"}],"version-history":[{"count":1,"href":"http:\/\/www.laligue85.org\/asso\/wp-json\/wp\/v2\/posts\/3612\/revisions"}],"predecessor-version":[{"id":3613,"href":"http:\/\/www.laligue85.org\/asso\/wp-json\/wp\/v2\/posts\/3612\/revisions\/3613"}],"wp:attachment":[{"href":"http:\/\/www.laligue85.org\/asso\/wp-json\/wp\/v2\/media?parent=3612"}],"wp:term":[{"taxonomy":"category","embeddable":true,"href":"http:\/\/www.laligue85.org\/asso\/wp-json\/wp\/v2\/categories?post=3612"},{"taxonomy":"post_tag","embeddable":true,"href":"http:\/\/www.laligue85.org\/asso\/wp-json\/wp\/v2\/tags?post=3612"}],"curies":[{"name":"wp","href":"https:\/\/api.w.org\/{rel}","templated":true}]}}