{"id":3692,"date":"2019-02-04T10:03:52","date_gmt":"2019-02-04T09:03:52","guid":{"rendered":"http:\/\/www.laligue85.org\/asso\/?p=3692"},"modified":"2019-02-04T10:03:52","modified_gmt":"2019-02-04T09:03:52","slug":"le-teleservice-de-declaration-des-activites-benevoles-pour-le-compte-dengagement-citoyen-est-en-ligne","status":"publish","type":"post","link":"http:\/\/www.laligue85.org\/asso\/le-teleservice-de-declaration-des-activites-benevoles-pour-le-compte-dengagement-citoyen-est-en-ligne\/","title":{"rendered":"Le t\u00e9l\u00e9service de d\u00e9claration des activit\u00e9s b\u00e9n\u00e9voles pour le compte d\u2019engagement citoyen est en ligne"},"content":{"rendered":"<p>Le t\u00e9l\u00e9service de d\u00e9claration des activit\u00e9s b\u00e9n\u00e9voles pour le compte d\u2019engagement citoyen est en ligne : <a href=\"https:\/\/lecomptebenevole.associations.gouv.fr\/login\">https:\/\/lecomptebenevole.associations.gouv.fr\/login<\/a><\/p>\n<p>Il est possible de d\u00e9clarer ses activit\u00e9s b\u00e9n\u00e9voles r\u00e9alis\u00e9es en 2017 jusqu\u2019au 28 f\u00e9vrier prochain.<\/p>\n<p>Afin de confirmer l&rsquo;exactitude de ces informations, chaque association doit avoir nomm\u00e9, au sein de son instance de direction (conseil d&rsquo;administration, bureau&#8230;), un \u00ab valideur CEC \u00bb.<\/p>\n<p>Celui-ci peut d&rsquo;ores et d\u00e9j\u00e0 s&rsquo;inscrire selon la proc\u00e9dure d\u00e9crite ici : <a href=\"http:\/\/www.associations.gouv.fr\/valideur-cec\">www.associations.gouv.fr\/valideur-cec<\/a><\/p>\n<p>Il est alors pr\u00e9venu par mail chaque fois qu&rsquo;un b\u00e9n\u00e9vole d\u00e9clare des heures de b\u00e9n\u00e9volat dans son association, pour en attester l\u2019exactitude avant le 19 mars 2019.<\/p>\n<p>Si la d\u00e9claration est valid\u00e9e, les droits formation suppl\u00e9mentaires appara\u00eetront sur le Compte personnel d&rsquo;activit\u00e9 (<a href=\"https:\/\/www.moncompteactivite.gouv.fr\/cpa-public\">https:\/\/www.moncompteactivite.gouv.fr\/cpa-public<\/a> \/) du titulaire au printemps 2019.<\/p>\n<p>Vous pouvez t\u00e9l\u00e9charger la plaquette CEC (<a href=\"http:\/\/www.associations.gouv.fr\/plaquette-cec\" target=\"_blank\" rel=\"noopener\">www.associations.gouv.fr\/plaquette-cec<\/a>) qui d\u00e9taille les dates de d\u00e9claration et validation des activit\u00e9s b\u00e9n\u00e9voles r\u00e9alis\u00e9es en 2018.<\/p>\n<p>&nbsp;<\/p>\n<p>Source : <a href=\"http:\/\/www.associations.gouv.fr\/\">www.associations.gouv.fr<\/a><\/p>\n","protected":false},"excerpt":{"rendered":"<p>Le t\u00e9l\u00e9service de d\u00e9claration des activit\u00e9s b\u00e9n\u00e9voles pour le compte d\u2019engagement citoyen est en ligne : https:\/\/lecomptebenevole.associations.gouv.fr\/login Il est possible de d\u00e9clarer ses activit\u00e9s b\u00e9n\u00e9voles r\u00e9alis\u00e9es en 2017 jusqu\u2019au 28 f\u00e9vrier prochain. Afin de confirmer l&rsquo;exactitude de ces informations, chaque association doit avoir nomm\u00e9, au sein de son instance de [&hellip;]<\/p>\n","protected":false},"author":1,"featured_media":0,"comment_status":"closed","ping_status":"open","sticky":false,"template":"","format":"standard","meta":[],"categories":[69],"tags":[],"_links":{"self":[{"href":"http:\/\/www.laligue85.org\/asso\/wp-json\/wp\/v2\/posts\/3692"}],"collection":[{"href":"http:\/\/www.laligue85.org\/asso\/wp-json\/wp\/v2\/posts"}],"about":[{"href":"http:\/\/www.laligue85.org\/asso\/wp-json\/wp\/v2\/types\/post"}],"author":[{"embeddable":true,"href":"http:\/\/www.laligue85.org\/asso\/wp-json\/wp\/v2\/users\/1"}],"replies":[{"embeddable":true,"href":"http:\/\/www.laligue85.org\/asso\/wp-json\/wp\/v2\/comments?post=3692"}],"version-history":[{"count":1,"href":"http:\/\/www.laligue85.org\/asso\/wp-json\/wp\/v2\/posts\/3692\/revisions"}],"predecessor-version":[{"id":3693,"href":"http:\/\/www.laligue85.org\/asso\/wp-json\/wp\/v2\/posts\/3692\/revisions\/3693"}],"wp:attachment":[{"href":"http:\/\/www.laligue85.org\/asso\/wp-json\/wp\/v2\/media?parent=3692"}],"wp:term":[{"taxonomy":"category","embeddable":true,"href":"http:\/\/www.laligue85.org\/asso\/wp-json\/wp\/v2\/categories?post=3692"},{"taxonomy":"post_tag","embeddable":true,"href":"http:\/\/www.laligue85.org\/asso\/wp-json\/wp\/v2\/tags?post=3692"}],"curies":[{"name":"wp","href":"https:\/\/api.w.org\/{rel}","templated":true}]}}