{"id":3694,"date":"2019-02-04T10:05:07","date_gmt":"2019-02-04T09:05:07","guid":{"rendered":"http:\/\/www.laligue85.org\/asso\/?p=3694"},"modified":"2019-02-04T10:05:07","modified_gmt":"2019-02-04T09:05:07","slug":"un-organisme-hlm-peut-mettre-des-locaux-a-disposition-dune-association","status":"publish","type":"post","link":"http:\/\/www.laligue85.org\/asso\/un-organisme-hlm-peut-mettre-des-locaux-a-disposition-dune-association\/","title":{"rendered":"Un organisme HLM peut mettre des locaux \u00e0 disposition d\u2019une association"},"content":{"rendered":"<p>L\u2019article 97 de la loi Elan (portant \u00e9volution du logement, de l\u2019am\u00e9nagement et du num\u00e9rique) indique qu\u2019\u00ab afin de contribuer aux politiques de d\u00e9veloppement social des quartiers, et notamment de ceux connaissant des difficult\u00e9s particuli\u00e8res, <strong>un organisme d\u2019habitations \u00e0 loyer mod\u00e9r\u00e9 peut mettre \u00e0 disposition d\u2019une association des locaux moyennant, \u00e9ventuellement, le paiement des charges locatives correspondant \u00e0 ces locaux<\/strong> \u00bb.<\/p>\n<p>&nbsp;<\/p>\n<p><a href=\"https:\/\/www.associationmodeemploi.fr\/article\/un-organisme-hlm-peut-mettre-des-locaux-a-disposition-d-une-association.68425\" target=\"_blank\" rel=\"noopener\">Lien vers l&rsquo;article complet<\/a><\/p>\n<p>&nbsp;<\/p>\n<p><em>Source : Associations Mode d&rsquo;Emploi<\/em><\/p>\n","protected":false},"excerpt":{"rendered":"<p>L\u2019article 97 de la loi Elan (portant \u00e9volution du logement, de l\u2019am\u00e9nagement et du num\u00e9rique) indique qu\u2019\u00ab afin de contribuer aux politiques de d\u00e9veloppement social des quartiers, et notamment de ceux connaissant des difficult\u00e9s particuli\u00e8res, un organisme d\u2019habitations \u00e0 loyer mod\u00e9r\u00e9 peut mettre \u00e0 disposition d\u2019une association des locaux moyennant, [&hellip;]<\/p>\n","protected":false},"author":1,"featured_media":0,"comment_status":"closed","ping_status":"open","sticky":false,"template":"","format":"standard","meta":[],"categories":[69],"tags":[],"_links":{"self":[{"href":"http:\/\/www.laligue85.org\/asso\/wp-json\/wp\/v2\/posts\/3694"}],"collection":[{"href":"http:\/\/www.laligue85.org\/asso\/wp-json\/wp\/v2\/posts"}],"about":[{"href":"http:\/\/www.laligue85.org\/asso\/wp-json\/wp\/v2\/types\/post"}],"author":[{"embeddable":true,"href":"http:\/\/www.laligue85.org\/asso\/wp-json\/wp\/v2\/users\/1"}],"replies":[{"embeddable":true,"href":"http:\/\/www.laligue85.org\/asso\/wp-json\/wp\/v2\/comments?post=3694"}],"version-history":[{"count":1,"href":"http:\/\/www.laligue85.org\/asso\/wp-json\/wp\/v2\/posts\/3694\/revisions"}],"predecessor-version":[{"id":3695,"href":"http:\/\/www.laligue85.org\/asso\/wp-json\/wp\/v2\/posts\/3694\/revisions\/3695"}],"wp:attachment":[{"href":"http:\/\/www.laligue85.org\/asso\/wp-json\/wp\/v2\/media?parent=3694"}],"wp:term":[{"taxonomy":"category","embeddable":true,"href":"http:\/\/www.laligue85.org\/asso\/wp-json\/wp\/v2\/categories?post=3694"},{"taxonomy":"post_tag","embeddable":true,"href":"http:\/\/www.laligue85.org\/asso\/wp-json\/wp\/v2\/tags?post=3694"}],"curies":[{"name":"wp","href":"https:\/\/api.w.org\/{rel}","templated":true}]}}