{"id":3696,"date":"2019-02-04T10:07:41","date_gmt":"2019-02-04T09:07:41","guid":{"rendered":"http:\/\/www.laligue85.org\/asso\/?p=3696"},"modified":"2019-02-04T10:07:41","modified_gmt":"2019-02-04T09:07:41","slug":"ou-va-le-mecenat-les-effets-du-financement-participatif-sur-les-projets-culturels","status":"publish","type":"post","link":"http:\/\/www.laligue85.org\/asso\/ou-va-le-mecenat-les-effets-du-financement-participatif-sur-les-projets-culturels\/","title":{"rendered":"O\u00f9 va le m\u00e9c\u00e9nat : les effets du financement participatif sur les projets culturels"},"content":{"rendered":"<p>L&rsquo;autoproduction favorise-t-elle la diversit\u00e9 culturelle ? Les anonymes soutiennent-ils les m\u00eames projets que les producteurs professionnels ?<\/p>\n<p>Autant de questions auxquelles un ouvrage passionnant du minist\u00e8re de la Culture apporte des r\u00e9ponses in\u00e9dites \u00e0 partir de l\u2019exploitation des donn\u00e9es de grandes plateformes de financement participatif.<\/p>\n<p>Second volet de notre dossier : o\u00f9 va le m\u00e9c\u00e9nat ? (2\/2)<\/p>\n<p>&nbsp;<\/p>\n<p><a href=\"http:\/\/www.culture.gouv.fr\/Actualites\/Ou-va-le-mecenat-2-les-effets-du-financement-participatif-sur-les-projets-culturels\" target=\"_blank\" rel=\"noopener\">Lien vers l&rsquo;article complet<\/a><\/p>\n<p>&nbsp;<\/p>\n<p>Source : Minist\u00e8re de la culture &#8211; <a href=\"http:\/\/www.culture.gouv.fr\/\">http:\/\/www.culture.gouv.fr\/<\/a><\/p>\n","protected":false},"excerpt":{"rendered":"<p>L&rsquo;autoproduction favorise-t-elle la diversit\u00e9 culturelle ? Les anonymes soutiennent-ils les m\u00eames projets que les producteurs professionnels ? Autant de questions auxquelles un ouvrage passionnant du minist\u00e8re de la Culture apporte des r\u00e9ponses in\u00e9dites \u00e0 partir de l\u2019exploitation des donn\u00e9es de grandes plateformes de financement participatif. Second volet de notre dossier [&hellip;]<\/p>\n","protected":false},"author":1,"featured_media":0,"comment_status":"closed","ping_status":"open","sticky":false,"template":"","format":"standard","meta":[],"categories":[69],"tags":[],"_links":{"self":[{"href":"http:\/\/www.laligue85.org\/asso\/wp-json\/wp\/v2\/posts\/3696"}],"collection":[{"href":"http:\/\/www.laligue85.org\/asso\/wp-json\/wp\/v2\/posts"}],"about":[{"href":"http:\/\/www.laligue85.org\/asso\/wp-json\/wp\/v2\/types\/post"}],"author":[{"embeddable":true,"href":"http:\/\/www.laligue85.org\/asso\/wp-json\/wp\/v2\/users\/1"}],"replies":[{"embeddable":true,"href":"http:\/\/www.laligue85.org\/asso\/wp-json\/wp\/v2\/comments?post=3696"}],"version-history":[{"count":1,"href":"http:\/\/www.laligue85.org\/asso\/wp-json\/wp\/v2\/posts\/3696\/revisions"}],"predecessor-version":[{"id":3697,"href":"http:\/\/www.laligue85.org\/asso\/wp-json\/wp\/v2\/posts\/3696\/revisions\/3697"}],"wp:attachment":[{"href":"http:\/\/www.laligue85.org\/asso\/wp-json\/wp\/v2\/media?parent=3696"}],"wp:term":[{"taxonomy":"category","embeddable":true,"href":"http:\/\/www.laligue85.org\/asso\/wp-json\/wp\/v2\/categories?post=3696"},{"taxonomy":"post_tag","embeddable":true,"href":"http:\/\/www.laligue85.org\/asso\/wp-json\/wp\/v2\/tags?post=3696"}],"curies":[{"name":"wp","href":"https:\/\/api.w.org\/{rel}","templated":true}]}}