{"id":3698,"date":"2019-02-04T10:08:59","date_gmt":"2019-02-04T09:08:59","guid":{"rendered":"http:\/\/www.laligue85.org\/asso\/?p=3698"},"modified":"2019-02-04T10:08:59","modified_gmt":"2019-02-04T09:08:59","slug":"prelevement-a-la-source-la-philanthropie-fragilisee","status":"publish","type":"post","link":"http:\/\/www.laligue85.org\/asso\/prelevement-a-la-source-la-philanthropie-fragilisee\/","title":{"rendered":"Pr\u00e9l\u00e8vement \u00e0 la source : la philanthropie fragilis\u00e9e"},"content":{"rendered":"<p>La fiscalit\u00e9 li\u00e9e aux dons n\u2019a pas chang\u00e9. N\u00e9anmoins, la collecte serait en baisse de 20 % par rapport \u00e0 2017.<\/p>\n<p>Les dons aux associations sont les victimes collat\u00e9rales des r\u00e9centes r\u00e9formes de la fiscalit\u00e9 \u2013 transformation de l\u2019imp\u00f4t sur la fortune (ISF) en imp\u00f4t sur la fortune immobili\u00e8re (IFI), hausse non compens\u00e9e de la CSG pour les personnes retrait\u00e9es \u2013 et des inqui\u00e9tudes suscit\u00e9es par l\u2019entr\u00e9e en vigueur du pr\u00e9l\u00e8vement \u00e0 la source.<\/p>\n<p>\u00ab Avec le passage de l\u2019ISF \u00e0 l\u2019IFI, nous avons collect\u00e9 5 millions d\u2019euros en 2018 contre 11 millions avec l\u2019ISF en 2017. Pour la collecte des dons ouvrant droit \u00e0 la r\u00e9duction d\u2019imp\u00f4t sur le revenu, nous accusons un retard de plus de 5 %. Et nous estimons la baisse globale des dons \u00e0 20 % \u00e0 la fin de l\u2019ann\u00e9e. D\u2019une mani\u00e8re g\u00e9n\u00e9rale, la situation du secteur de la philanthropie est pr\u00e9occupante \u00bb, explique Axelle Davezac, directrice g\u00e9n\u00e9rale de la Fondation de France.<\/p>\n<p>&nbsp;<\/p>\n<p><a href=\"https:\/\/www.lemonde.fr\/argent\/article\/2018\/11\/20\/prelevement-a-la-source-la-philanthropie-fragilisee_5385776_1657007.html\" target=\"_blank\" rel=\"noopener\">Lien vers l&rsquo;article complet<\/a><\/p>\n<p>&nbsp;<\/p>\n<p><em>Source : lemonde.fr<\/em><\/p>\n","protected":false},"excerpt":{"rendered":"<p>La fiscalit\u00e9 li\u00e9e aux dons n\u2019a pas chang\u00e9. N\u00e9anmoins, la collecte serait en baisse de 20 % par rapport \u00e0 2017. Les dons aux associations sont les victimes collat\u00e9rales des r\u00e9centes r\u00e9formes de la fiscalit\u00e9 \u2013 transformation de l\u2019imp\u00f4t sur la fortune (ISF) en imp\u00f4t sur la fortune immobili\u00e8re (IFI), [&hellip;]<\/p>\n","protected":false},"author":1,"featured_media":0,"comment_status":"closed","ping_status":"open","sticky":false,"template":"","format":"standard","meta":[],"categories":[69,24],"tags":[],"_links":{"self":[{"href":"http:\/\/www.laligue85.org\/asso\/wp-json\/wp\/v2\/posts\/3698"}],"collection":[{"href":"http:\/\/www.laligue85.org\/asso\/wp-json\/wp\/v2\/posts"}],"about":[{"href":"http:\/\/www.laligue85.org\/asso\/wp-json\/wp\/v2\/types\/post"}],"author":[{"embeddable":true,"href":"http:\/\/www.laligue85.org\/asso\/wp-json\/wp\/v2\/users\/1"}],"replies":[{"embeddable":true,"href":"http:\/\/www.laligue85.org\/asso\/wp-json\/wp\/v2\/comments?post=3698"}],"version-history":[{"count":1,"href":"http:\/\/www.laligue85.org\/asso\/wp-json\/wp\/v2\/posts\/3698\/revisions"}],"predecessor-version":[{"id":3699,"href":"http:\/\/www.laligue85.org\/asso\/wp-json\/wp\/v2\/posts\/3698\/revisions\/3699"}],"wp:attachment":[{"href":"http:\/\/www.laligue85.org\/asso\/wp-json\/wp\/v2\/media?parent=3698"}],"wp:term":[{"taxonomy":"category","embeddable":true,"href":"http:\/\/www.laligue85.org\/asso\/wp-json\/wp\/v2\/categories?post=3698"},{"taxonomy":"post_tag","embeddable":true,"href":"http:\/\/www.laligue85.org\/asso\/wp-json\/wp\/v2\/tags?post=3698"}],"curies":[{"name":"wp","href":"https:\/\/api.w.org\/{rel}","templated":true}]}}