{"id":3702,"date":"2019-02-04T10:11:33","date_gmt":"2019-02-04T09:11:33","guid":{"rendered":"http:\/\/www.laligue85.org\/asso\/?p=3702"},"modified":"2019-02-04T10:11:33","modified_gmt":"2019-02-04T09:11:33","slug":"urssaf-nouvelles-mesures-au-1er-janvier-2019","status":"publish","type":"post","link":"http:\/\/www.laligue85.org\/asso\/urssaf-nouvelles-mesures-au-1er-janvier-2019\/","title":{"rendered":"URSSAF &#8211; Nouvelles mesures au 1er janvier 2019"},"content":{"rendered":"<p>De nouvelles dispositions s\u2019appliquent depuis le 1er janvier 2019 pour le calcul des cotisations et contributions de S\u00e9curit\u00e9 sociale. Une pr\u00e9sentation g\u00e9n\u00e9rale de ces nouveaut\u00e9s est propos\u00e9e selon diff\u00e9rentes th\u00e9matiques. Elle sera compl\u00e9t\u00e9e au fur et \u00e0 mesure de la parution des textes d\u2019application.<\/p>\n<p>Par ailleurs, les mesures d\u2019urgence \u00e9conomiques et sociales annonc\u00e9es par le Pr\u00e9sident de la R\u00e9publique le 10 d\u00e9cembre : prime exceptionnelle, exon\u00e9ration des heures suppl\u00e9mentaires et baisse du taux de la CSG pour les retrait\u00e9s sont pr\u00e9sent\u00e9es dans cette actualit\u00e9.<\/p>\n<div id=\"topContentMenu\">\n<div class=\"blocGris\">\n<ul id=\"topContentMenuUl\" class=\"hoverType col5\">\n<li><a href=\"https:\/\/www.urssaf.fr\/portail\/home\/actualites\/toute-lactualite-employeur\/nouvelles-mesures-au-1er-janvier\/montant-du-smic-et-plafond-de-se.html\">Montant du Smic et plafond de S\u00e9curit\u00e9 sociale<\/a><\/li>\n<li><a href=\"https:\/\/www.urssaf.fr\/portail\/home\/actualites\/toute-lactualite-employeur\/nouvelles-mesures-au-1er-janvier\/cotisations-et-contributions-soc.html\">Cotisations et contributions sociales\u00a0: r\u00e9duction de la cotisation patronale assurance maladie, suppression du forfait social sur l\u2019\u00e9pargne salariale pour les PME, taux versement transport<\/a><\/li>\n<li><a href=\"https:\/\/www.urssaf.fr\/portail\/home\/actualites\/toute-lactualite-employeur\/nouvelles-mesures-au-1er-janvier\/exonerations-de-cotisations--ext.html\">Exon\u00e9rations de cotisations\u00a0: extension de la r\u00e9duction g\u00e9n\u00e9rale des cotisations, modification des dispositifs d\u2019exon\u00e9ration, exon\u00e9ration des cr\u00e9ateurs et repreneurs d\u2019entreprises<\/a><\/li>\n<li><a href=\"https:\/\/www.urssaf.fr\/portail\/home\/actualites\/toute-lactualite-employeur\/nouvelles-mesures-au-1er-janvier\/reforme-de-la-justice--suppressi.html\">R\u00e9forme de la justice\u00a0: suppression des Tass<\/a><\/li>\n<li><a href=\"https:\/\/www.urssaf.fr\/portail\/home\/actualites\/toute-lactualite-employeur\/nouvelles-mesures-au-1er-janvier\/transferts-de-recouvrement-de-co.html\">Transferts de recouvrement de cotisations aux Urssaf<\/a><\/li>\n<\/ul>\n<p>&nbsp;<\/p>\n<p><a href=\"https:\/\/www.urssaf.fr\/portail\/home\/actualites\/toute-lactualite-employeur\/nouvelles-mesures-au-1er-janvier.html\" target=\"_blank\" rel=\"noopener\">Lien vers l&rsquo;article complet<\/a><\/p>\n<p>&nbsp;<\/p>\n<p><em>Source : URSSAF<\/em><\/p>\n<\/div>\n<\/div>\n","protected":false},"excerpt":{"rendered":"<p>De nouvelles dispositions s\u2019appliquent depuis le 1er janvier 2019 pour le calcul des cotisations et contributions de S\u00e9curit\u00e9 sociale. Une pr\u00e9sentation g\u00e9n\u00e9rale de ces nouveaut\u00e9s est propos\u00e9e selon diff\u00e9rentes th\u00e9matiques. Elle sera compl\u00e9t\u00e9e au fur et \u00e0 mesure de la parution des textes d\u2019application. Par ailleurs, les mesures d\u2019urgence \u00e9conomiques [&hellip;]<\/p>\n","protected":false},"author":1,"featured_media":0,"comment_status":"closed","ping_status":"open","sticky":false,"template":"","format":"standard","meta":[],"categories":[24],"tags":[],"_links":{"self":[{"href":"http:\/\/www.laligue85.org\/asso\/wp-json\/wp\/v2\/posts\/3702"}],"collection":[{"href":"http:\/\/www.laligue85.org\/asso\/wp-json\/wp\/v2\/posts"}],"about":[{"href":"http:\/\/www.laligue85.org\/asso\/wp-json\/wp\/v2\/types\/post"}],"author":[{"embeddable":true,"href":"http:\/\/www.laligue85.org\/asso\/wp-json\/wp\/v2\/users\/1"}],"replies":[{"embeddable":true,"href":"http:\/\/www.laligue85.org\/asso\/wp-json\/wp\/v2\/comments?post=3702"}],"version-history":[{"count":1,"href":"http:\/\/www.laligue85.org\/asso\/wp-json\/wp\/v2\/posts\/3702\/revisions"}],"predecessor-version":[{"id":3703,"href":"http:\/\/www.laligue85.org\/asso\/wp-json\/wp\/v2\/posts\/3702\/revisions\/3703"}],"wp:attachment":[{"href":"http:\/\/www.laligue85.org\/asso\/wp-json\/wp\/v2\/media?parent=3702"}],"wp:term":[{"taxonomy":"category","embeddable":true,"href":"http:\/\/www.laligue85.org\/asso\/wp-json\/wp\/v2\/categories?post=3702"},{"taxonomy":"post_tag","embeddable":true,"href":"http:\/\/www.laligue85.org\/asso\/wp-json\/wp\/v2\/tags?post=3702"}],"curies":[{"name":"wp","href":"https:\/\/api.w.org\/{rel}","templated":true}]}}