{"id":4259,"date":"2021-02-04T18:08:08","date_gmt":"2021-02-04T17:08:08","guid":{"rendered":"http:\/\/www.laligue85.org\/asso\/?p=4259"},"modified":"2021-02-04T18:16:04","modified_gmt":"2021-02-04T17:16:04","slug":"du-changement-encore-lie-a-lactivite-partielle-2021","status":"publish","type":"post","link":"http:\/\/www.laligue85.org\/asso\/du-changement-encore-lie-a-lactivite-partielle-2021\/","title":{"rendered":"Du changement (encore) li\u00e9 \u00e0 l&rsquo;activit\u00e9 partielle 2021"},"content":{"rendered":"<p>L&rsquo;activit\u00e9 partielle 2021 <u><span style=\"text-decoration: underline;\">de droit commun <\/span><\/u>est fix\u00e9e comme suit:<\/p>\n<ul>\n<li><span style=\"color: #800000;\"><strong>Pour les secteurs <u><span style=\"text-decoration: underline;\">non prot\u00e9g\u00e9s et non soumis \u00e0 fermeture administrative l&rsquo;activit\u00e9 partielle <\/span><\/u><\/strong><\/span><\/li>\n<\/ul>\n<p style=\"text-align: justify; margin: 0px;\"><strong><u>Jusqu\u2019au 28 f\u00e9vrier 2021<\/u><\/strong>, <strong>l\u2019allocation vers\u00e9e par l\u2019Etat <\/strong>aux entreprises\/associations restera \u00e0<strong> 60% <\/strong>de la r\u00e9mun\u00e9ration horaire brute du.de la salari\u00e9.e toujours avec un plafond de 4,5 Smic et une allocation minimale de 8,11\u20ac pour tenir compte de l\u2019augmentation du Smic au 1<sup>er<\/sup> janvier 2021.<\/p>\n<p style=\"text-align: justify; margin: 0px;\"><strong><u>A compter du 1<sup>er<\/sup> mars 2021<\/u><\/strong>, <strong>l\u2019allocation vers\u00e9e par l\u2019Etat<\/strong> aux entreprises\/associations passera de 60% \u00e0 <strong>36%<\/strong> de la r\u00e9mun\u00e9ration horaire brut du salari\u00e9 avec un plafond de 4,5 Smic et une allocation minimale de 7,30\u20ac au lieu de 8,11\u20ac.<\/p>\n<ul>\n<li><span style=\"color: #800000;\"><strong>Pour les secteurs prot\u00e9g\u00e9s (sport, culture, tourisme&#8230;)<\/strong> <\/span><\/li>\n<\/ul>\n<p style=\"text-align: justify; margin: 0px;\"><strong><u>Jusqu\u2019au 28 f\u00e9vrier 2021<\/u><\/strong>\u00a0: <strong>l\u2019allocation vers\u00e9e par l\u2019Etat<\/strong> aux entreprises\/associations est de <strong>70%<\/strong> de la r\u00e9mun\u00e9ration horaire brute du salari\u00e9 toujours avec un plafond de 4,5 Smic et une allocation minimale de 8,11\u20ac pour tenir compte de l\u2019augmentation du Smic au 1<sup>er<\/sup> janvier 2021.<\/p>\n<p style=\"text-align: justify; margin: 0px;\"><strong><u>Du 1<sup>er<\/sup> mars au 31 mars 2021<\/u><\/strong>\u00a0: <strong>l\u2019allocation vers\u00e9e par l\u2019Etat <\/strong>aux entreprises\/associations passera de 70% \u00e0 <strong>60%<\/strong> de la r\u00e9mun\u00e9ration horaire brute du salari\u00e9 toujours avec un plafond de 4,5 Smic et une allocation minimale de 8,11\u20ac<\/p>\n<p style=\"text-align: justify; margin: 0px;\"><strong><u>A compter du 1<sup>er<\/sup> avril 2021<\/u><\/strong>\u00a0: ces entreprises\/associations passeront dans le r\u00e9gime g\u00e9n\u00e9ral et donc <strong>l\u2019allocation vers\u00e9e par l\u2019Etat <\/strong>aux entreprises passera \u00e0 <strong>36%<\/strong> au lieu de 60% de la r\u00e9mun\u00e9ration horaire brute du salari\u00e9 toujours avec un plafond de 4,5 Smic et une allocation minimale de 7,30\u20ac au lieu de 8,11\u20ac.<\/p>\n<ul>\n<li><span style=\"color: #800000;\"><strong>Pour les secteurs ferm\u00e9s administrativement<\/strong><\/span><\/li>\n<\/ul>\n<p style=\"text-align: justify; margin: 0px;\"><strong><u>Jusqu\u2019au 30 juin 2021<\/u><\/strong>\u00a0: <strong>l\u2019allocation vers\u00e9e par l\u2019Etat <\/strong>aux entreprises\/associations reste \u00e0 <strong>70%<\/strong> de la r\u00e9mun\u00e9ration horaire brute du salari\u00e9 toujours avec un plafond de 4,5 Smic et une allocation minimale de 8,11\u20ac.<\/p>\n<p style=\"text-align: justify; margin: 0px;\"><strong><u>A compter du 1<sup>er<\/sup> juillet 2021<\/u><\/strong>\u00a0: ces entreprises\/associations passeront dans le r\u00e9gime g\u00e9n\u00e9ral et donc <strong>l\u2019allocation vers\u00e9e par l\u2019Etat <\/strong>aux entreprises passera \u00e0 <strong>36%<\/strong> au lieu de 70% de la r\u00e9mun\u00e9ration horaire brute du salari\u00e9 toujours avec un plafond de 4,5 Smic et une allocation minimale de 7,30\u20ac au lieu de 8,11\u20ac.<\/p>\n<p>Sources : <a href=\"https:\/\/www.legisocial.fr\/actualites-sociales\/4418-activite-partielle-chiffrage-indemnites-horaires-allocations-employeurs-2021.html\">https:\/\/www.legisocial.fr\/actualites-sociales\/4418-activite-partielle-chiffrage-indemnites-horaires-allocations-employeurs-2021.html<\/a><\/p>\n<p><a href=\"https:\/\/www.service-public.fr\/particuliers\/actualites\/A14562\">https:\/\/www.service-public.fr\/particuliers\/actualites\/A14562<\/a><\/p>\n<ul>\n<li style=\"margin: 0px;\"><a href=\"https:\/\/www.legifrance.gouv.fr\/eli\/decret\/2021\/1\/29\/MTRD2101882D\/jo\/texte\" data-xiti-name=\"Particuliers::Actualite::textes_de_reference::https:\/\/www.legifrance.gouv.fr\/eli\/decret\/2021\/1\/29\/MTRD2101882D\/jo\/texte\" data-xiti-type=\"exit\">D\u00e9cret n\u00b0 2021-88 du 29 janvier 2021 modifiant le d\u00e9cret n\u00b0 2020-1316 du 30 octobre 2020 modifi\u00e9 relatif \u00e0 l&rsquo;activit\u00e9 partielle et au dispositif d&rsquo;activit\u00e9 partielle sp\u00e9cifique en cas de r\u00e9duction d&rsquo;activit\u00e9 durable <\/a><\/li>\n<li style=\"margin: 0px;\"><a href=\"https:\/\/www.legifrance.gouv.fr\/eli\/decret\/2021\/1\/29\/MTRD2102498D\/jo\/texte\" data-xiti-name=\"Particuliers::Actualite::textes_de_reference::https:\/\/www.legifrance.gouv.fr\/eli\/decret\/2021\/1\/29\/MTRD2102498D\/jo\/texte\" data-xiti-type=\"exit\">D\u00e9cret n\u00b0 2021-89 du 29 janvier 2021 modifiant le d\u00e9cret n\u00b0 2020-810 du 29 juin 2020 portant modulation temporaire du taux horaire de l&rsquo;allocation d&rsquo;activit\u00e9 partielle et le d\u00e9cret n\u00b0 2020-1786 du 30 d\u00e9cembre 2020 relatif \u00e0 la d\u00e9termination des taux et modalit\u00e9s de calcul de l&rsquo;indemnit\u00e9 et de l&rsquo;allocation d&rsquo;activit\u00e9 partielle <\/a><\/li>\n<li style=\"margin: 0px;\"><a href=\"https:\/\/www.legifrance.gouv.fr\/eli\/decret\/2021\/1\/29\/MTRD2102498D\/jo\/texte\" data-xiti-name=\"Particuliers::Actualite::textes_de_reference::https:\/\/www.legifrance.gouv.fr\/eli\/decret\/2021\/1\/29\/MTRD2102498D\/jo\/texte\" data-xiti-type=\"exit\">D\u00e9cret n\u00b0 2021-70 du 27 janvier 2021 modifiant le d\u00e9cret n\u00b0 2020-810 du 29 juin 2020 portant modulation temporaire du taux horaire de l&rsquo;allocation d&rsquo;activit\u00e9 partielle <\/a><\/li>\n<\/ul>\n","protected":false},"excerpt":{"rendered":"<p>L&rsquo;activit\u00e9 partielle 2021 de droit commun est fix\u00e9e comme suit: Pour les secteurs non prot\u00e9g\u00e9s et non soumis \u00e0 fermeture administrative l&rsquo;activit\u00e9 partielle Jusqu\u2019au 28 f\u00e9vrier 2021, l\u2019allocation vers\u00e9e par l\u2019Etat aux entreprises\/associations restera \u00e0 60% de la r\u00e9mun\u00e9ration horaire brute du.de la salari\u00e9.e toujours avec un plafond de 4,5 [&hellip;]<\/p>\n","protected":false},"author":1,"featured_media":4262,"comment_status":"closed","ping_status":"open","sticky":false,"template":"","format":"standard","meta":[],"categories":[18,69],"tags":[],"_links":{"self":[{"href":"http:\/\/www.laligue85.org\/asso\/wp-json\/wp\/v2\/posts\/4259"}],"collection":[{"href":"http:\/\/www.laligue85.org\/asso\/wp-json\/wp\/v2\/posts"}],"about":[{"href":"http:\/\/www.laligue85.org\/asso\/wp-json\/wp\/v2\/types\/post"}],"author":[{"embeddable":true,"href":"http:\/\/www.laligue85.org\/asso\/wp-json\/wp\/v2\/users\/1"}],"replies":[{"embeddable":true,"href":"http:\/\/www.laligue85.org\/asso\/wp-json\/wp\/v2\/comments?post=4259"}],"version-history":[{"count":2,"href":"http:\/\/www.laligue85.org\/asso\/wp-json\/wp\/v2\/posts\/4259\/revisions"}],"predecessor-version":[{"id":4261,"href":"http:\/\/www.laligue85.org\/asso\/wp-json\/wp\/v2\/posts\/4259\/revisions\/4261"}],"wp:featuredmedia":[{"embeddable":true,"href":"http:\/\/www.laligue85.org\/asso\/wp-json\/wp\/v2\/media\/4262"}],"wp:attachment":[{"href":"http:\/\/www.laligue85.org\/asso\/wp-json\/wp\/v2\/media?parent=4259"}],"wp:term":[{"taxonomy":"category","embeddable":true,"href":"http:\/\/www.laligue85.org\/asso\/wp-json\/wp\/v2\/categories?post=4259"},{"taxonomy":"post_tag","embeddable":true,"href":"http:\/\/www.laligue85.org\/asso\/wp-json\/wp\/v2\/tags?post=4259"}],"curies":[{"name":"wp","href":"https:\/\/api.w.org\/{rel}","templated":true}]}}