{"id":4277,"date":"2021-03-04T14:09:49","date_gmt":"2021-03-04T13:09:49","guid":{"rendered":"http:\/\/www.laligue85.org\/asso\/?p=4277"},"modified":"2021-03-04T14:50:17","modified_gmt":"2021-03-04T13:50:17","slug":"appel-a-projets","status":"publish","type":"post","link":"http:\/\/www.laligue85.org\/asso\/appel-a-projets\/","title":{"rendered":"Appel \u00e0 projets"},"content":{"rendered":"<p>Le Minist\u00e8re de l\u2019Agriculture et de l\u2019Alimentation, qui est en charge du pilotage du volet \u00ab\u00a0Jardins partag\u00e9s et agriculture urbaine\u00a0\u00bb du plan de relance, a souhait\u00e9 engager un d\u00e9ploiement plus massif des jardins partag\u00e9s ou collectifs d\u00e8s le d\u00e9but 2021. Ce sont ainsi 17 millions d\u2019\u20ac qui sont fl\u00e9ch\u00e9s dans le plan de relance pour le d\u00e9veloppement de jardins partag\u00e9s ou collectifs (d\u00e9j\u00e0 existants ou \u00e0 cr\u00e9er), dans les zones urbaines ou p\u00e9riurbaines, sur l\u2019ensemble du territoire m\u00e9tropolitain ou ultramarin.<\/p>\n<p>L\u2019instruction des dossiers est r\u00e9alis\u00e9e au niveau des pr\u00e9fectures de d\u00e9partement avec une coordination r\u00e9gionale par les <a title=\"Glossaire\" href=\"http:\/\/www.vendee.gouv.fr\/spip.php?rubrique29#mot83\">DRAAF<\/a>.<\/p>\n<p>Un volet de 140 000 \u20ac est allou\u00e9 au d\u00e9partement de la Vend\u00e9e pour des projets pouvant \u00eatre d\u00e9pos\u00e9s \u00e0 partir du <strong>1er mars et jusqu\u2019au 15 septembre\u00a02021<\/strong>, avec un s\u00e9lection au fils de l\u2019eau.<\/p>\n<p>Vous trouverez les informations compl\u00e8tes ici : <a href=\"http:\/\/www.vendee.gouv.fr\/mesure-11-jardins-partages-appel-a-projets-a3605.html\">http:\/\/www.vendee.gouv.fr\/mesure-11-jardins-partages-appel-a-projets-a3605.html<\/a><\/p>\n","protected":false},"excerpt":{"rendered":"<p>Le Minist\u00e8re de l\u2019Agriculture et de l\u2019Alimentation, qui est en charge du pilotage du volet \u00ab\u00a0Jardins partag\u00e9s et agriculture urbaine\u00a0\u00bb du plan de relance, a souhait\u00e9 engager un d\u00e9ploiement plus massif des jardins partag\u00e9s ou collectifs d\u00e8s le d\u00e9but 2021. Ce sont ainsi 17 millions d\u2019\u20ac qui sont fl\u00e9ch\u00e9s dans [&hellip;]<\/p>\n","protected":false},"author":1,"featured_media":0,"comment_status":"closed","ping_status":"open","sticky":false,"template":"","format":"standard","meta":[],"categories":[18],"tags":[],"_links":{"self":[{"href":"http:\/\/www.laligue85.org\/asso\/wp-json\/wp\/v2\/posts\/4277"}],"collection":[{"href":"http:\/\/www.laligue85.org\/asso\/wp-json\/wp\/v2\/posts"}],"about":[{"href":"http:\/\/www.laligue85.org\/asso\/wp-json\/wp\/v2\/types\/post"}],"author":[{"embeddable":true,"href":"http:\/\/www.laligue85.org\/asso\/wp-json\/wp\/v2\/users\/1"}],"replies":[{"embeddable":true,"href":"http:\/\/www.laligue85.org\/asso\/wp-json\/wp\/v2\/comments?post=4277"}],"version-history":[{"count":1,"href":"http:\/\/www.laligue85.org\/asso\/wp-json\/wp\/v2\/posts\/4277\/revisions"}],"predecessor-version":[{"id":4278,"href":"http:\/\/www.laligue85.org\/asso\/wp-json\/wp\/v2\/posts\/4277\/revisions\/4278"}],"wp:attachment":[{"href":"http:\/\/www.laligue85.org\/asso\/wp-json\/wp\/v2\/media?parent=4277"}],"wp:term":[{"taxonomy":"category","embeddable":true,"href":"http:\/\/www.laligue85.org\/asso\/wp-json\/wp\/v2\/categories?post=4277"},{"taxonomy":"post_tag","embeddable":true,"href":"http:\/\/www.laligue85.org\/asso\/wp-json\/wp\/v2\/tags?post=4277"}],"curies":[{"name":"wp","href":"https:\/\/api.w.org\/{rel}","templated":true}]}}