{"id":4281,"date":"2021-04-01T13:49:40","date_gmt":"2021-04-01T11:49:40","guid":{"rendered":"http:\/\/www.laligue85.org\/asso\/?p=4281"},"modified":"2021-04-01T13:49:40","modified_gmt":"2021-04-01T11:49:40","slug":"nouveau-prolongation-du-dispositif-actuel-jusquau-31-mars-2021","status":"publish","type":"post","link":"http:\/\/www.laligue85.org\/asso\/nouveau-prolongation-du-dispositif-actuel-jusquau-31-mars-2021\/","title":{"rendered":"NOUVEAU &#8211;\u00a0prolongation du dispositif actuel jusqu&rsquo;au 31 mars 2021"},"content":{"rendered":"<p><a title=\"Activit\u00e9 partielle\" href=\"https:\/\/www.legifrance.gouv.fr\/jorf\/id\/JORFTEXT000043189502\" target=\"_blank\" rel=\"noopener\">Le d\u00e9cret n\u00b0 2021-221 du 26 f\u00e9vrier 2021<\/a>\u00a0modifiant le d\u00e9cret n\u00b0 2020-1316 du 30 octobre 2020 relatif \u00e0 l&rsquo;activit\u00e9 partielle et au dispositif d&rsquo;activit\u00e9 partielle sp\u00e9cifique en cas de r\u00e9duction d&rsquo;activit\u00e9 durable et le\u00a0<a title=\"Activit\u00e9 partielle\" href=\"https:\/\/www.legifrance.gouv.fr\/jorf\/id\/JORFTEXT000043189550\" target=\"_blank\" rel=\"noopener\">d\u00e9cret n\u00b0 2021-225 du 26 f\u00e9vrier 2021\u00a0<\/a>relatif \u00e0 la d\u00e9termination des taux de l&rsquo;allocation d&rsquo;activit\u00e9 partielle d\u00e9calent d&rsquo;un mois, c&rsquo;est-\u00e0-dire au 1er avril 2021, l&rsquo;entr\u00e9e en vigueur des nouvelles r\u00e8gles de modulation des taux d&rsquo;allocation vers\u00e9e aux entreprises et d&rsquo;indemnit\u00e9 vers\u00e9e aux salari\u00e9s.<\/p>\n<p><strong>Pour m\u00e9moire, \u00e0 l&rsquo;avenir, les modalit\u00e9s de l&rsquo;activit\u00e9 partielle diff\u00e9reront selon la typologie des entreprises concern\u00e9es. Seront ainsi distingu\u00e9s :<\/strong><\/p>\n<ul>\n<li>un taux de droit commun ;<\/li>\n<li>un taux pouvant \u00eatre major\u00e9 pour les entreprises des secteurs prot\u00e9g\u00e9s, \u00e0 savoir soit pour les entreprises des secteurs directement touch\u00e9s et list\u00e9s dans l&rsquo;annexe I du<a title=\"Activit\u00e9 partielle\" href=\"https:\/\/www.legifrance.gouv.fr\/loda\/id\/JORFTEXT000042056541\/2021-01-18\/\" target=\"_blank\" rel=\"noopener\">\u00a0d\u00e9cret n\u00b0 2020-810 du 29 juin 2020<\/a>, soit pour les entreprises des secteurs indirectement touch\u00e9s list\u00e9s dans l&rsquo;annexe II du m\u00eame d\u00e9cret du 29 juin 2020 et qui ont subi en 2020 une tr\u00e8s forte baisse de chiffre d&rsquo;affaires ;<\/li>\n<li>un taux pouvant \u00eatre major\u00e9 de fa\u00e7on plus importante pour les entreprises subissant une fermeture administrative totale ou partielle, pour les entreprises dont l&rsquo;\u00e9tablissement se trouve dans un territoire soumis \u00e0 des restrictions sp\u00e9cifiques ou dans une zone de chalandise sp\u00e9cifiquement affect\u00e9e et qui subit une tr\u00e8s forte baisse du chiffre d&rsquo;affaires, et pour les \u00e9tablissements dont l&rsquo;activit\u00e9 principale se fait dans l&rsquo;un des secteurs directement ou indirectement touch\u00e9s list\u00e9s dans les deux annexes du d\u00e9cret du 29 juin et qui subissent encore une tr\u00e8s forte baisse de leur chiffre d&rsquo;affaires.<\/li>\n<\/ul>\n<p>Par ailleurs, le d\u00e9cret n\u00b02021-221 du 26 f\u00e9vrier 2021 diff\u00e8re \u00e9galement au 1er juillet 2021 la r\u00e9duction de la dur\u00e9e maximum de l&rsquo;autorisation d&rsquo;activit\u00e9 partielle. \u00c0 cette date, la dur\u00e9e maximale d&rsquo;autorisation d&rsquo;activit\u00e9 partielle passera de douze \u00e0 trois mois.<\/p>\n<p>Parall\u00e8lement, le d\u00e9cret n\u00b02021-225 du 26 f\u00e9vrier 2021 corrige et compl\u00e8te la liste des secteurs dits \u00ab prot\u00e9g\u00e9s \u00bb indirectement touch\u00e9s par la crise figurant dans l&rsquo;annexe 2 du d\u00e9cret n\u00b02020-810 du 29 juin 2020. Enfin, ce m\u00eame texte d\u00e9cale au 1er avril, l&rsquo;entr\u00e9e en vigueur de la remise \u00e0 plat des modalit\u00e9s des taux d&rsquo;allocation et d&rsquo;indemnit\u00e9 d&rsquo;activit\u00e9 partielle pour les salari\u00e9s dans l&rsquo;incapacit\u00e9 de continuit\u00e9 \u00e0 travailler pour cause de vuln\u00e9rabilit\u00e9 au coronavirus ou d&rsquo;obligation de garde d&rsquo;enfants.<\/p>\n<p>A compter de cette date le taux indemnit\u00e9 vers\u00e9e au salari\u00e9 sera de 70% de la r\u00e9mun\u00e9ration horaire brute et le taux d&rsquo;allocation vers\u00e9e aux entreprises sera de 60% de la r\u00e9mun\u00e9ration horaire brute (85% de l&rsquo;indemnit\u00e9 vers\u00e9e).<\/p>\n","protected":false},"excerpt":{"rendered":"<p>Le d\u00e9cret n\u00b0 2021-221 du 26 f\u00e9vrier 2021\u00a0modifiant le d\u00e9cret n\u00b0 2020-1316 du 30 octobre 2020 relatif \u00e0 l&rsquo;activit\u00e9 partielle et au dispositif d&rsquo;activit\u00e9 partielle sp\u00e9cifique en cas de r\u00e9duction d&rsquo;activit\u00e9 durable et le\u00a0d\u00e9cret n\u00b0 2021-225 du 26 f\u00e9vrier 2021\u00a0relatif \u00e0 la d\u00e9termination des taux de l&rsquo;allocation d&rsquo;activit\u00e9 partielle d\u00e9calent [&hellip;]<\/p>\n","protected":false},"author":1,"featured_media":4262,"comment_status":"closed","ping_status":"closed","sticky":false,"template":"","format":"standard","meta":[],"categories":[18],"tags":[],"_links":{"self":[{"href":"http:\/\/www.laligue85.org\/asso\/wp-json\/wp\/v2\/posts\/4281"}],"collection":[{"href":"http:\/\/www.laligue85.org\/asso\/wp-json\/wp\/v2\/posts"}],"about":[{"href":"http:\/\/www.laligue85.org\/asso\/wp-json\/wp\/v2\/types\/post"}],"author":[{"embeddable":true,"href":"http:\/\/www.laligue85.org\/asso\/wp-json\/wp\/v2\/users\/1"}],"replies":[{"embeddable":true,"href":"http:\/\/www.laligue85.org\/asso\/wp-json\/wp\/v2\/comments?post=4281"}],"version-history":[{"count":1,"href":"http:\/\/www.laligue85.org\/asso\/wp-json\/wp\/v2\/posts\/4281\/revisions"}],"predecessor-version":[{"id":4282,"href":"http:\/\/www.laligue85.org\/asso\/wp-json\/wp\/v2\/posts\/4281\/revisions\/4282"}],"wp:featuredmedia":[{"embeddable":true,"href":"http:\/\/www.laligue85.org\/asso\/wp-json\/wp\/v2\/media\/4262"}],"wp:attachment":[{"href":"http:\/\/www.laligue85.org\/asso\/wp-json\/wp\/v2\/media?parent=4281"}],"wp:term":[{"taxonomy":"category","embeddable":true,"href":"http:\/\/www.laligue85.org\/asso\/wp-json\/wp\/v2\/categories?post=4281"},{"taxonomy":"post_tag","embeddable":true,"href":"http:\/\/www.laligue85.org\/asso\/wp-json\/wp\/v2\/tags?post=4281"}],"curies":[{"name":"wp","href":"https:\/\/api.w.org\/{rel}","templated":true}]}}