{"id":4327,"date":"2021-06-01T11:54:16","date_gmt":"2021-06-01T09:54:16","guid":{"rendered":"http:\/\/www.laligue85.org\/asso\/?p=4327"},"modified":"2021-06-01T11:54:16","modified_gmt":"2021-06-01T09:54:16","slug":"3-ans-deja","status":"publish","type":"post","link":"http:\/\/www.laligue85.org\/asso\/3-ans-deja\/","title":{"rendered":"3 ans d\u00e9j\u00e0 !"},"content":{"rendered":"<div>\nLe programme Point d\u2019Appui au Num\u00e9rique Associatif dans lequel la Ligue de l\u2019enseignement est membre du COPIL va bient\u00f4t souffler sa 3\u00e8me bougie. A cette occasion, une premi\u00e8re \u00e9valuation a \u00e9t\u00e9 r\u00e9alis\u00e9e pour \u00e9tudier l\u2019impact de ce programme depuis son lancement :<\/div>\n<div>Combien d\u2019acteurs de l\u2019accompagnement ont particip\u00e9 ?<\/div>\n<div>Combien d\u2019\u00e9v\u00e9nements sur le num\u00e9rique ont \u00e9t\u00e9 propos\u00e9s ?<\/div>\n<div>Est-ce que les structures b\u00e9n\u00e9ficiaires se sentent mieux inform\u00e9es pour accompagner les associations dans leur transition num\u00e9rique ?<\/div>\n<div><\/div>\n<p><!--more--><\/p>\n<div><a href=\"http:\/\/www.laligue85.org\/asso\/Documents\/Evaluation%20PANA%202018%20-%202020%20v2%20.pdf\"><img loading=\"lazy\" class=\"alignnone size-full wp-image-4329\" src=\"http:\/\/www.laligue85.org\/asso\/wp-content\/uploads\/2021\/06\/Communication-e\u0301valuation-PANA-540x1536-1.jpg\" alt=\"\" width=\"540\" height=\"1536\" srcset=\"http:\/\/www.laligue85.org\/asso\/wp-content\/uploads\/2021\/06\/Communication-e\u0301valuation-PANA-540x1536-1.jpg 540w, http:\/\/www.laligue85.org\/asso\/wp-content\/uploads\/2021\/06\/Communication-e\u0301valuation-PANA-540x1536-1-105x300.jpg 105w, http:\/\/www.laligue85.org\/asso\/wp-content\/uploads\/2021\/06\/Communication-e\u0301valuation-PANA-540x1536-1-360x1024.jpg 360w\" sizes=\"(max-width: 540px) 100vw, 540px\" \/><\/a><\/div>\n<div><a href=\"http:\/\/www.laligue85.org\/asso\/Documents\/Evaluation%20PANA%202018%20-%202020%20v2%20.pdf\">Voir le bilan complet<\/a><\/div>\n","protected":false},"excerpt":{"rendered":"<p>Le programme Point d\u2019Appui au Num\u00e9rique Associatif dans lequel la Ligue de l\u2019enseignement est membre du COPIL va bient\u00f4t souffler sa 3\u00e8me bougie. A cette occasion, une premi\u00e8re \u00e9valuation a \u00e9t\u00e9 r\u00e9alis\u00e9e pour \u00e9tudier l\u2019impact de ce programme depuis son lancement : Combien d\u2019acteurs de l\u2019accompagnement ont particip\u00e9 ? Combien [&hellip;]<\/p>\n","protected":false},"author":1,"featured_media":4328,"comment_status":"closed","ping_status":"closed","sticky":false,"template":"","format":"standard","meta":[],"categories":[18],"tags":[],"_links":{"self":[{"href":"http:\/\/www.laligue85.org\/asso\/wp-json\/wp\/v2\/posts\/4327"}],"collection":[{"href":"http:\/\/www.laligue85.org\/asso\/wp-json\/wp\/v2\/posts"}],"about":[{"href":"http:\/\/www.laligue85.org\/asso\/wp-json\/wp\/v2\/types\/post"}],"author":[{"embeddable":true,"href":"http:\/\/www.laligue85.org\/asso\/wp-json\/wp\/v2\/users\/1"}],"replies":[{"embeddable":true,"href":"http:\/\/www.laligue85.org\/asso\/wp-json\/wp\/v2\/comments?post=4327"}],"version-history":[{"count":1,"href":"http:\/\/www.laligue85.org\/asso\/wp-json\/wp\/v2\/posts\/4327\/revisions"}],"predecessor-version":[{"id":4330,"href":"http:\/\/www.laligue85.org\/asso\/wp-json\/wp\/v2\/posts\/4327\/revisions\/4330"}],"wp:featuredmedia":[{"embeddable":true,"href":"http:\/\/www.laligue85.org\/asso\/wp-json\/wp\/v2\/media\/4328"}],"wp:attachment":[{"href":"http:\/\/www.laligue85.org\/asso\/wp-json\/wp\/v2\/media?parent=4327"}],"wp:term":[{"taxonomy":"category","embeddable":true,"href":"http:\/\/www.laligue85.org\/asso\/wp-json\/wp\/v2\/categories?post=4327"},{"taxonomy":"post_tag","embeddable":true,"href":"http:\/\/www.laligue85.org\/asso\/wp-json\/wp\/v2\/tags?post=4327"}],"curies":[{"name":"wp","href":"https:\/\/api.w.org\/{rel}","templated":true}]}}