{"id":4331,"date":"2021-06-01T12:26:14","date_gmt":"2021-06-01T10:26:14","guid":{"rendered":"http:\/\/www.laligue85.org\/asso\/?p=4331"},"modified":"2021-06-03T15:20:26","modified_gmt":"2021-06-03T13:20:26","slug":"lufolep-partenaire-du-dispositif-passsport","status":"publish","type":"post","link":"http:\/\/www.laligue85.org\/asso\/lufolep-partenaire-du-dispositif-passsport\/","title":{"rendered":"L\u2019Ufolep, partenaire du dispositif \u00ab Pass\u2019Sport \u00bb"},"content":{"rendered":"<p><strong>Le minist\u00e8re de l\u2019\u00c9ducation nationale et le minist\u00e8re charg\u00e9 des Sports lancent le dispositif \u00ab\u00a0Pass\u2019Sport\u00a0\u00bb : une mesure de soutien \u00e0 la prise de licence dans un club \u00e0 la rentr\u00e9e 2021.<\/strong><\/p>\n<p>5,4 millions de jeunes pourront ainsi b\u00e9n\u00e9ficier d\u2019une aide de 50\u20ac afin de s\u2019inscrire dans un club sportif d\u00e8s septembre prochain. Un message fort pour les jeunes en qu\u00eate de pratique sportive pour le plaisir, la joie d\u2019\u00eatre ensemble, mais \u00e9galement pour acqu\u00e9rir des rep\u00e8res, se construire \u00e0 travers le respect de soi, des autres et des r\u00e8gles.<\/p>\n<p>Ce dispositif est une r\u00e9ponse au regard des confinements successifs et aux mesures de freinage n\u00e9cessaires pour contenir l\u2019\u00e9pid\u00e9mie de Covid-19 qui ont consid\u00e9rablement contraint la pratique sportive depuis plus d\u2019un an : limitation des d\u00e9placements et des rassemblements, fermeture des \u00e9tablissements sportifs couverts, interdiction des pratiques avec contact. Ces mesures ont eu pour cons\u00e9quence une baisse g\u00e9n\u00e9rale de l\u2019activit\u00e9 physique et sportive des Fran\u00e7ais.e.s associ\u00e9e \u00e0 un fort accroissement de la s\u00e9dentarit\u00e9 avec des effets sur leur sant\u00e9 physique et mentale.<\/p>\n<p>Membre du comit\u00e9 de pilotage du dispositif \u00ab\u00a0Pass\u2019Sport\u00a0\u00bb, l\u2019Ufolep particpera \u00e0 sa mise en \u0153uvre \u00e0 travers ses comit\u00e9s et associations. Celle-ci d\u00e9butera cet \u00e9t\u00e9 lors des animations pr\u00e9vues dans le cadre des vacances apprenantes, sur les \u00e9tapes du Playa Tour, de l\u2019 UfoStreet ou encore dans les structures sport sant\u00e9 Ufolep UFO3S.<\/p>\n<p>Toutes les informations pratiques\u00a0: \u00a0<a href=\"http:\/\/www.sports.gouv.fr\">www.sports.gouv.fr<\/a><\/p>\n","protected":false},"excerpt":{"rendered":"<p>Le minist\u00e8re de l\u2019\u00c9ducation nationale et le minist\u00e8re charg\u00e9 des Sports lancent le dispositif \u00ab\u00a0Pass\u2019Sport\u00a0\u00bb : une mesure de soutien \u00e0 la prise de licence dans un club \u00e0 la rentr\u00e9e 2021. 5,4 millions de jeunes pourront ainsi b\u00e9n\u00e9ficier d\u2019une aide de 50\u20ac afin de s\u2019inscrire dans un club sportif [&hellip;]<\/p>\n","protected":false},"author":1,"featured_media":4332,"comment_status":"closed","ping_status":"closed","sticky":false,"template":"","format":"standard","meta":[],"categories":[18],"tags":[],"_links":{"self":[{"href":"http:\/\/www.laligue85.org\/asso\/wp-json\/wp\/v2\/posts\/4331"}],"collection":[{"href":"http:\/\/www.laligue85.org\/asso\/wp-json\/wp\/v2\/posts"}],"about":[{"href":"http:\/\/www.laligue85.org\/asso\/wp-json\/wp\/v2\/types\/post"}],"author":[{"embeddable":true,"href":"http:\/\/www.laligue85.org\/asso\/wp-json\/wp\/v2\/users\/1"}],"replies":[{"embeddable":true,"href":"http:\/\/www.laligue85.org\/asso\/wp-json\/wp\/v2\/comments?post=4331"}],"version-history":[{"count":2,"href":"http:\/\/www.laligue85.org\/asso\/wp-json\/wp\/v2\/posts\/4331\/revisions"}],"predecessor-version":[{"id":4351,"href":"http:\/\/www.laligue85.org\/asso\/wp-json\/wp\/v2\/posts\/4331\/revisions\/4351"}],"wp:featuredmedia":[{"embeddable":true,"href":"http:\/\/www.laligue85.org\/asso\/wp-json\/wp\/v2\/media\/4332"}],"wp:attachment":[{"href":"http:\/\/www.laligue85.org\/asso\/wp-json\/wp\/v2\/media?parent=4331"}],"wp:term":[{"taxonomy":"category","embeddable":true,"href":"http:\/\/www.laligue85.org\/asso\/wp-json\/wp\/v2\/categories?post=4331"},{"taxonomy":"post_tag","embeddable":true,"href":"http:\/\/www.laligue85.org\/asso\/wp-json\/wp\/v2\/tags?post=4331"}],"curies":[{"name":"wp","href":"https:\/\/api.w.org\/{rel}","templated":true}]}}