{"id":8945,"date":"2019-02-08T09:29:47","date_gmt":"2019-02-08T08:29:47","guid":{"rendered":"http:\/\/www.laligue85.org\/fra\/hebergements-groupes\/?p=8945"},"modified":"2026-03-05T16:16:42","modified_gmt":"2026-03-05T15:16:42","slug":"hebergements-saisonniers","status":"publish","type":"post","link":"http:\/\/www.laligue85.org\/fra\/hebergements-groupes\/2019\/02\/08\/hebergements-saisonniers\/","title":{"rendered":"H\u00e9bergements saisonniers"},"content":{"rendered":"<p>[vc_row][vc_column][vc_column_text]<\/p>\n<h2><\/h2>\n<h2><span style=\"color: #ffffff;\">dfhd<\/span><\/h2>\n<h2><\/h2>\n<h2><\/h2>\n<h2><\/h2>\n<p>[\/vc_column_text][vc_column_text]<\/p>\n<h2><\/h2>\n<h2><\/h2>\n<h2><\/h2>\n<h2><\/h2>\n<h2>H\u00e9bergements saisonniers<\/h2>\n<p>[\/vc_column_text][\/vc_column][\/vc_row][vc_row css=\u00a0\u00bb.vc_custom_1494849953524{padding-top: 90px !important;padding-bottom: 50px !important;}\u00a0\u00bb][vc_column][vc_row_inner equal_height=\u00a0\u00bbyes\u00a0\u00bb content_placement=\u00a0\u00bbmiddle\u00a0\u00bb css=\u00a0\u00bb.vc_custom_1494851068829{margin-bottom: 40px !important;}\u00a0\u00bb][vc_column_inner width=\u00a0\u00bb7\/12&Prime; css=\u00a0\u00bb.vc_custom_1494849698699{padding-right: 5% !important;}\u00a0\u00bb]<div class=\"engage-swiper-slider swiper-container mp-gallery\"><div class=\"swiper-wrapper\"><div class=\"swiper-slide\"><a href=\"https:\/\/i0.wp.com\/www.laligue85.org\/fra\/hebergements-groupes\/wp-content\/uploads\/sites\/5\/2019\/02\/Travailler-l\u00e9t\u00e9-\u00e0-noirmoutier-4.jpg?fit=1024%2C1024\"><img loading=\"lazy\" decoding=\"async\" class=\"\" src=\"https:\/\/i0.wp.com\/www.laligue85.org\/fra\/hebergements-groupes\/wp-content\/uploads\/sites\/5\/2019\/02\/Travailler-l\u00e9t\u00e9-\u00e0-noirmoutier-4-700x420.jpg\" width=\"700\" height=\"420\" alt=\"Travailler l&#039;\u00e9t\u00e9 \u00e0 noirmoutier (4)\" title=\"Travailler l&#039;\u00e9t\u00e9 \u00e0 noirmoutier (4)\" \/><\/a><\/div><div class=\"swiper-slide\"><a href=\"https:\/\/i0.wp.com\/www.laligue85.org\/fra\/hebergements-groupes\/wp-content\/uploads\/sites\/5\/2019\/02\/DSC_0117-2-.jpg?fit=1280%2C853\"><img loading=\"lazy\" decoding=\"async\" class=\"\" src=\"https:\/\/i0.wp.com\/www.laligue85.org\/fra\/hebergements-groupes\/wp-content\/uploads\/sites\/5\/2019\/02\/DSC_0117-2--700x420.jpg\" width=\"700\" height=\"420\" alt=\"DSC_0117 -2-\" title=\"DSC_0117 -2-\" \/><\/a><\/div><div class=\"swiper-slide\"><a href=\"https:\/\/i0.wp.com\/www.laligue85.org\/fra\/hebergements-groupes\/wp-content\/uploads\/sites\/5\/2019\/02\/DSC_0230.jpg?fit=1280%2C853\"><img loading=\"lazy\" decoding=\"async\" class=\"\" src=\"https:\/\/i0.wp.com\/www.laligue85.org\/fra\/hebergements-groupes\/wp-content\/uploads\/sites\/5\/2019\/02\/DSC_0230-700x420.jpg\" width=\"700\" height=\"420\" alt=\"DSC_0230\" title=\"DSC_0230\" \/><\/a><\/div><div class=\"swiper-slide\"><a href=\"https:\/\/i0.wp.com\/www.laligue85.org\/fra\/hebergements-groupes\/wp-content\/uploads\/sites\/5\/2019\/02\/DSC_0003.jpg?fit=1280%2C853\"><img loading=\"lazy\" decoding=\"async\" class=\"\" src=\"https:\/\/i0.wp.com\/www.laligue85.org\/fra\/hebergements-groupes\/wp-content\/uploads\/sites\/5\/2019\/02\/DSC_0003-700x420.jpg\" width=\"700\" height=\"420\" alt=\"DSC_0003\" title=\"DSC_0003\" \/><\/a><\/div><div class=\"swiper-slide\"><a href=\"https:\/\/i0.wp.com\/www.laligue85.org\/fra\/hebergements-groupes\/wp-content\/uploads\/sites\/5\/2019\/02\/DSC_0121-2-.jpg?fit=1280%2C853\"><img loading=\"lazy\" decoding=\"async\" class=\"\" src=\"https:\/\/i0.wp.com\/www.laligue85.org\/fra\/hebergements-groupes\/wp-content\/uploads\/sites\/5\/2019\/02\/DSC_0121-2--700x420.jpg\" width=\"700\" height=\"420\" alt=\"DSC_0121 -2-\" title=\"DSC_0121 -2-\" \/><\/a><\/div><div class=\"swiper-slide\"><a href=\"https:\/\/i0.wp.com\/www.laligue85.org\/fra\/hebergements-groupes\/wp-content\/uploads\/sites\/5\/2019\/02\/DSC_0112-2-.jpg?fit=1280%2C853\"><img loading=\"lazy\" decoding=\"async\" class=\"\" src=\"https:\/\/i0.wp.com\/www.laligue85.org\/fra\/hebergements-groupes\/wp-content\/uploads\/sites\/5\/2019\/02\/DSC_0112-2--700x420.jpg\" width=\"700\" height=\"420\" alt=\"DSC_0112 -2-\" title=\"DSC_0112 -2-\" \/><\/a><\/div><div class=\"swiper-slide\"><a href=\"https:\/\/i0.wp.com\/www.laligue85.org\/fra\/hebergements-groupes\/wp-content\/uploads\/sites\/5\/2019\/02\/DSC_0132-2--e1552906296690.jpg?fit=893%2C1024\"><img loading=\"lazy\" decoding=\"async\" class=\"\" src=\"https:\/\/i0.wp.com\/www.laligue85.org\/fra\/hebergements-groupes\/wp-content\/uploads\/sites\/5\/2019\/02\/DSC_0132-2--e1552906296690-700x420.jpg\" width=\"700\" height=\"420\" alt=\"DSC_0132 -2-\" title=\"DSC_0132 -2-\" \/><\/a><\/div><\/div><div class=\"engage-slider-pagination swiper-pagination\"><\/div><\/div>[\/vc_column_inner][vc_column_inner width=\u00a0\u00bb5\/12&Prime; css=\u00a0\u00bb.vc_custom_1494849694618{padding-left: 5% !important;}\u00a0\u00bb][vc_column_text css=\u00a0\u00bb.vc_custom_1549548248868{margin-bottom: 16px !important;}\u00a0\u00bb]<\/p>\n<h3>Pr\u00e9sentation<\/h3>\n<p>[\/vc_column_text][vc_column_text]Implant\u00e9 au c\u0153ur du site class\u00e9 du Bois de la Chaise au Nord-Est de l\u2019\u00eele de Noirmoutier, le centre \u00ab Les Lutins \u00bb offre un h\u00e9bergement de qualit\u00e9 aux saisonniers de l\u2019\u00eele de Noirmoutier. Il est situ\u00e9 \u00e0\u00a0 5 min \u00e0 v\u00e9lo de la tr\u00e8s connue plage des Dames et \u00e0 8 min \u00e0 v\u00e9lo du centre-ville de Noirmoutier en l\u2019\u00cele. Avec un \u00e9quipement complet et moderne, le centre accueille les saisonniers en juillet et ao\u00fbt.[\/vc_column_text][\/vc_column_inner][\/vc_row_inner][vc_row_inner][vc_column_inner width=\u00a0\u00bb1\/4&Prime;]<div class=\"vntd-icon-box vntd-content-element box-centered-circle icon-size-sm box-centered\"><div class=\"icon-box-icon bg-color-accent\"><i class=\"fa fa-bed\"><\/i><\/div><div class=\"icon-box-content\"><h5 class=\"icon-box-title\">L'h\u00e9bergement<\/h5><p class=\"icon-description\">Capacit\u00e9 de 96 lits : 48 chambres de 2 \u00e9quip\u00e9es de lits, linge de lit, armoires, \u00e9tendoir \u00e0 linge et frigo, 1 kit vaisselle distribu\u00e9 pour la saison, Sanitaires int\u00e9gr\u00e9s ou attenants<\/p><\/div><\/div>[\/vc_column_inner][vc_column_inner width=\u00a0\u00bb1\/4&Prime;]<div class=\"vntd-icon-box vntd-content-element box-centered-circle icon-size-sm box-centered\"><div class=\"icon-box-icon bg-color-accent\"><i class=\"fa fa-futbol-o\"><\/i><\/div><div class=\"icon-box-content\"><h5 class=\"icon-box-title\">Les espaces<\/h5><p class=\"icon-description\">1 salle \u00e9quip\u00e9e de kitchenettes (plaques de cuisson, micro-onde, cafeti\u00e8res, bouilloires...), 1 salle commune (billard, table de ping-pong, canap\u00e9\u2026), Machine \u00e0 laver \u00e0 disposition (lessive en vente sur place)<\/p><\/div><\/div>[\/vc_column_inner][vc_column_inner width=\u00a0\u00bb1\/4&Prime;]<div class=\"vntd-icon-box vntd-content-element box-centered-circle icon-size-sm box-centered\"><div class=\"icon-box-icon bg-color-accent\"><i class=\"fa fa-sun-o\"><\/i><\/div><div class=\"icon-box-content\"><h5 class=\"icon-box-title\">Les plus <\/h5><p class=\"icon-description\">Veilleur de nuit de 23h \u00e0 7h, Acc\u00e8s \u00e0 la plage des Dames \u00e0 5 min en v\u00e9lo, Centre-ville de Noirmoutier \u00e0 8 min \u00e0 v\u00e9lo, Centre enti\u00e8rement accessible aux personnes \u00e0 mobilit\u00e9 r\u00e9duite (3 chambres PMR), WIFI<\/p><\/div><\/div>[\/vc_column_inner][vc_column_inner width=\u00a0\u00bb1\/4&Prime;]<div class=\"vntd-icon-box vntd-content-element box-centered-circle icon-size-sm box-centered\"><div class=\"icon-box-icon bg-color-accent\"><i class=\"fa fa-pagelines\"><\/i><\/div><div class=\"icon-box-content\"><h5 class=\"icon-box-title\">Les sites touristiques aux alentours<\/h5><p class=\"icon-description\">Plage des Dames, Site class\u00e9 du Bois de la Chaise, Marais salants, Centre-ville de Noirmoutier, Aquarium Sealand, Ch\u00e2teau de Noirmoutier, L\u2019Ile aux papillons<\/p><\/div><\/div>[\/vc_column_inner][\/vc_row_inner][\/vc_column][vc_column][\/vc_column][\/vc_row][vc_row css=\u00a0\u00bb.vc_custom_1495542037394{padding-top: 60px !important;padding-bottom: 30px !important;}\u00a0\u00bb][vc_column]<div class=\"special-heading vntd-heading heading-no-border heading-align-center\"style=\"margin-bottom:60px;\"><h3 class=\"special-heading-title\">Tarifs et inscriptions<\/h3><\/div>[vc_row_inner css=\u00a0\u00bb.vc_custom_1493381079225{padding-bottom: 30px !important;}\u00a0\u00bb][vc_column_inner]<h5 class=\"price-heading  with-border\">Tarifs h\u00e9bergement en chambre de 2 - 13\u20ac par nuit\u00e9e<span><\/span><\/h5>[vc_column_text][\/vc_column_text][\/vc_column_inner][vc_column_inner]<h5 class=\"price-heading  with-border\">Vous \u00eates saisonnier<span><\/span><\/h5>[vc_column_text]<strong>Vous avez trouv\u00e9 un emploi pour la saison mais vous n\u2019avez pas de logement :<\/strong><\/p>\n<ol>\n<li class=\"para-style-body\">Vous indiquez \u00e0 votre futur employeur qu\u2019il a la possibilit\u00e9 de r\u00e9server un lit au centre d\u2019h\u00e9bergement des travailleurs saisonniers \u00abLes Lutins\u00bb.<\/li>\n<li class=\"para-style-body\">En cas d\u2019accord de sa part et de disponibilit\u00e9 au centre d\u2019h\u00e9bergement, vous devez fixer avec votre employeur vos dates d\u2019arriv\u00e9e et de d\u00e9part du centre d\u2019h\u00e9bergement.<\/li>\n<li class=\"para-style-body\">Un contrat d\u2019h\u00e9bergement est sign\u00e9 entre La Ligue de l\u2019enseignement &#8211; F.O.L. Vend\u00e9e et l\u2019employeur qui r\u00e8gle tous les mois les loyers. Attention :\u00a0 Seul l\u2019employeur d\u00e9cide s\u2019il prend en charge ce loyer ou s\u2019il le d\u00e9duit en partie ou en totalit\u00e9 de votre salaire.<\/li>\n<li class=\"para-style-body\">Si vous prenez en charge la totalit\u00e9 des loyers, vous pouvez faire une demande aupr\u00e8s de la CAF de votre d\u00e9partement pour b\u00e9n\u00e9ficier de l\u2019Allocation Logement (sous conditions).<\/li>\n<li class=\"para-style-body\">A votre arriv\u00e9e au centre d\u2019h\u00e9bergement, vous \u00e9tablissez un \u00e9tat des lieux de votre chambre avec le gestionnaire et signez le r\u00e8glement int\u00e9rieur.<\/li>\n<\/ol>\n<p>[\/vc_column_text][\/vc_column_inner][vc_column_inner]<h5 class=\"price-heading  with-border\">Vous \u00eates employeur<span class=\" fw-normal\"><\/span><\/h5>[vc_column_text]<strong>Vous recrutez un saisonnier et vous recherchez un h\u00e9bergement pour le loger :<\/strong><\/p>\n<p class=\"para-style-body\">1) Pour r\u00e9server un lit (chambre de 2 pers.), vous prenez contact avec le Service R\u00e9servations au 02 51 39 46 83<\/p>\n<p class=\"para-style-body\">2) Pour confirmer toute r\u00e9servation, il vous sera demand\u00e9 de verser des frais de r\u00e9servation de 50 \u20ac\/lit.<\/p>\n<ul>\n<li class=\"para-style-body\">\u00a0Si la dur\u00e9e du contrat de r\u00e9servation est honor\u00e9e, ces frais de r\u00e9servation seront rembours\u00e9s \u00e0 l\u2019employeur.<\/li>\n<li class=\"para-style-body\">\u00a0Si la dur\u00e9e du contrat de r\u00e9servation n\u2019est honor\u00e9e que de 90% ou moins, ces frais de r\u00e9servation seront conserv\u00e9s par La Ligue de l\u2019enseignement &#8211; F.O.L. Vend\u00e9e<\/li>\n<li class=\"para-style-body\">\u00a0Si vous annulez cette r\u00e9servation apr\u00e8s la semaine 23, ces frais de r\u00e9servation seront conserv\u00e9s par La Ligue de l\u2019enseignement -F.O.L. Vend\u00e9e<\/li>\n<\/ul>\n<p class=\"para-style-body\">3) Vous devez fixer avec votre salari\u00e9 ses dates d\u2019arriv\u00e9e et de d\u00e9part (elles peuvent \u00eatre diff\u00e9rentes des dates de son contrat de travail).<\/p>\n<p class=\"para-style-body\">4) Vous signez un contrat avec La Ligue de l\u2019enseignement &#8211; F.O.L. Vend\u00e9e.<\/p>\n<ul>\n<li class=\"para-style-body\">Vous versez un acompte de 30% du montant total (Info\u2019Ursaff : Cette mise \u00e0 disposition de lit ne donne pas lieu \u00e0 un d\u00e9compte d\u2019avantage en nature logement pour l\u2019employeur).<\/li>\n<\/ul>\n<p class=\"para-style-body\">5) Chaque fin de mois, vous recevrez une facture pour le r\u00e8glement des loyers.<\/p>\n<p class=\"para-style-body\"><strong>Information : Priorit\u00e9 sera donn\u00e9e au contrat de r\u00e9servation de longue dur\u00e9e (+ de 3 semaines).<\/strong><\/p>\n<p>[\/vc_column_text][\/vc_column_inner][\/vc_row_inner][vc_row_inner css=\u00a0\u00bb.vc_custom_1493381079225{padding-bottom: 30px !important;}\u00a0\u00bb][vc_column_inner width=\u00a0\u00bb2\/3&Prime;]<h5 class=\"price-heading  with-border\">Informations - Inscriptions<span><\/span><\/h5>[vc_column_text]Dossier d&rsquo;inscription :<\/p>\n<ul>\n<li><a href=\"http:\/\/www.laligue85.org\/fra\/pdf\/vacances\/groupes\/saisonnier\/bulletin-resa-saisonnier2019.pdf\">Le bulletin de r\u00e9servation \u00e0 compl\u00e9ter<\/a><\/li>\n<\/ul>\n<p class=\"para-style-body\">Pour l&#8217;employeur : Merci de retourner le dossier complet accompagn\u00e9 d&rsquo;un ch\u00e8que de frais de r\u00e9servation de 50\u20ac \u00e0 l&rsquo;adresse suivante<\/p>\n<p>Ligue de l&rsquo;enseignement de Vend\u00e9e &#8211; 24 rue du Cloucq du Vieil &#8211; 85330 Noirmoutier-en-l&rsquo;\u00eele<\/p>\n<p class=\"para-style-body\"><strong>Les r\u00e9servations ne peuvent \u00eatre faites que par l\u2019employeur qui reste garant du paiement des loyers et des dates de r\u00e9servation.<\/strong><\/p>\n<p>[\/vc_column_text][\/vc_column_inner][vc_column_inner width=\u00a0\u00bb1\/3&Prime;]<h5 class=\"price-heading  with-border\">Contacts<span><\/span><\/h5>[vc_column_text]02 51 39 46 83<\/p>\n<p>06 52 81 45 02<\/p>\n<p><a href=\"http:\/\/www.laligue85.org\/fra\/hebergements-groupes\/2019\/02\/06\/infos-pratiques\/\">Mail<\/a><\/p>\n<p><a href=\"http:\/\/www.laligue85.org\/fra\/hebergements-groupes\/wp-content\/uploads\/sites\/5\/2026\/03\/Plaquette-les-lutins-saisonniers-2026-1_compressed.pdf\">Plaquette<\/a><\/p>\n<p><img loading=\"lazy\" decoding=\"async\" data-attachment-id=\"8961\" data-permalink=\"http:\/\/www.laligue85.org\/fra\/hebergements-groupes\/2019\/02\/08\/hebergements-saisonniers\/2013-fol85-courrier-contour-bichromie\/\" data-orig-file=\"https:\/\/i0.wp.com\/www.laligue85.org\/fra\/hebergements-groupes\/wp-content\/uploads\/sites\/5\/2019\/02\/2013-FOL85-courrier-contour-bichromie.jpg?fit=1024%2C499\" data-orig-size=\"1024,499\" data-comments-opened=\"1\" data-image-meta=\"{&quot;aperture&quot;:&quot;0&quot;,&quot;credit&quot;:&quot;&quot;,&quot;camera&quot;:&quot;&quot;,&quot;caption&quot;:&quot;&quot;,&quot;created_timestamp&quot;:&quot;0&quot;,&quot;copyright&quot;:&quot;&quot;,&quot;focal_length&quot;:&quot;0&quot;,&quot;iso&quot;:&quot;0&quot;,&quot;shutter_speed&quot;:&quot;0&quot;,&quot;title&quot;:&quot;&quot;,&quot;orientation&quot;:&quot;0&quot;}\" data-image-title=\"2013 FOL85 courrier contour bichromie\" data-image-description=\"\" data-image-caption=\"\" data-medium-file=\"https:\/\/i0.wp.com\/www.laligue85.org\/fra\/hebergements-groupes\/wp-content\/uploads\/sites\/5\/2019\/02\/2013-FOL85-courrier-contour-bichromie.jpg?fit=300%2C146\" data-large-file=\"https:\/\/i0.wp.com\/www.laligue85.org\/fra\/hebergements-groupes\/wp-content\/uploads\/sites\/5\/2019\/02\/2013-FOL85-courrier-contour-bichromie.jpg?fit=1024%2C499\" class=\"alignnone wp-image-8961\" src=\"https:\/\/i0.wp.com\/www.laligue85.org\/fra\/hebergements-groupes\/wp-content\/uploads\/sites\/5\/2019\/02\/2013-FOL85-courrier-contour-bichromie.jpg?resize=111%2C54\" alt=\"\" width=\"111\" height=\"54\" srcset=\"https:\/\/i0.wp.com\/www.laligue85.org\/fra\/hebergements-groupes\/wp-content\/uploads\/sites\/5\/2019\/02\/2013-FOL85-courrier-contour-bichromie.jpg?resize=300%2C146 300w, https:\/\/i0.wp.com\/www.laligue85.org\/fra\/hebergements-groupes\/wp-content\/uploads\/sites\/5\/2019\/02\/2013-FOL85-courrier-contour-bichromie.jpg?resize=768%2C374 768w, https:\/\/i0.wp.com\/www.laligue85.org\/fra\/hebergements-groupes\/wp-content\/uploads\/sites\/5\/2019\/02\/2013-FOL85-courrier-contour-bichromie.jpg?w=1024 1024w, https:\/\/i0.wp.com\/www.laligue85.org\/fra\/hebergements-groupes\/wp-content\/uploads\/sites\/5\/2019\/02\/2013-FOL85-courrier-contour-bichromie.jpg?resize=600%2C292 600w\" sizes=\"auto, (max-width: 111px) 100vw, 111px\" data-recalc-dims=\"1\" \/>[\/vc_column_text]<h5 class=\"price-heading  with-border\"><span class=\" fw-normal color-dark-grey\"><\/span><\/h5>[vc_column_text][\/vc_column_text][\/vc_column_inner][\/vc_row_inner][\/vc_column][\/vc_row]<\/p>\n","protected":false},"excerpt":{"rendered":"<p>[vc_row][vc_column][vc_column_text] dfhd [\/vc_column_text][vc_column_text] H\u00e9bergements saisonniers [\/vc_column_text][\/vc_column][\/vc_row][vc_row css=\u00a0\u00bb.vc_custom_1494849953524{padding-top: 90px !important;padding-bottom: 50px !important;}\u00a0\u00bb][vc_column][vc_row_inner equal_height=\u00a0\u00bbyes\u00a0\u00bb content_placement=\u00a0\u00bbmiddle\u00a0\u00bb css=\u00a0\u00bb.vc_custom_1494851068829{margin-bottom: 40px !important;}\u00a0\u00bb][vc_column_inner width=\u00a0\u00bb7\/12&Prime; css=\u00a0\u00bb.vc_custom_1494849698699{padding-right: 5% !important;}\u00a0\u00bb][\/vc_column_inner][vc_column_inner width=\u00a0\u00bb5\/12&Prime; css=\u00a0\u00bb.vc_custom_1494849694618{padding-left: 5% !important;}\u00a0\u00bb][vc_column_text css=\u00a0\u00bb.vc_custom_1549548248868{margin-bottom: 16px !important;}\u00a0\u00bb] Pr\u00e9sentation [\/vc_column_text][vc_column_text]Implant\u00e9 au c\u0153ur du site class\u00e9 du Bois de la Chaise au Nord-Est de l\u2019\u00eele de Noirmoutier, le centre \u00ab Les Lutins [&hellip;]<\/p>\n","protected":false},"author":2,"featured_media":0,"comment_status":"closed","ping_status":"closed","sticky":false,"template":"","format":"standard","meta":{"jetpack_post_was_ever_published":false,"footnotes":"","jetpack_publicize_message":"","jetpack_is_tweetstorm":false,"jetpack_publicize_feature_enabled":true,"jetpack_social_post_already_shared":false,"jetpack_social_options":[]},"categories":[133],"tags":[135,137,136],"class_list":["post-8945","post","type-post","status-publish","format-standard","hentry","category-saisonniers","tag-groupes","tag-noirmoutier","tag-saisonniers"],"jetpack_publicize_connections":[],"yoast_head":"<!-- This site is optimized with the Yoast SEO plugin v20.0 - https:\/\/yoast.com\/wordpress\/plugins\/seo\/ -->\n<title>H\u00e9bergements saisonniers - Hebergements-groupes<\/title>\n<meta name=\"description\" content=\"Le centre Les Lutins \u00e0 Noirmoutier accueille chaque \u00e9t\u00e9 les saisonniers. H\u00e9rbergements et espaces collectifs pour ces deux mois de job d&#039;\u00e9t\u00e9 en bord de mer\" \/>\n<meta name=\"robots\" content=\"index, follow, max-snippet:-1, max-image-preview:large, max-video-preview:-1\" \/>\n<link rel=\"canonical\" href=\"https:\/\/www.laligue85.org\/fra\/hebergements-groupes\/2019\/02\/08\/hebergements-saisonniers\/\" \/>\n<meta property=\"og:locale\" content=\"fr_FR\" \/>\n<meta property=\"og:type\" content=\"article\" \/>\n<meta property=\"og:title\" content=\"H\u00e9bergements saisonniers - Hebergements-groupes\" \/>\n<meta property=\"og:description\" content=\"Le centre Les Lutins \u00e0 Noirmoutier accueille chaque \u00e9t\u00e9 les saisonniers. H\u00e9rbergements et espaces collectifs pour ces deux mois de job d&#039;\u00e9t\u00e9 en bord de mer\" \/>\n<meta property=\"og:url\" content=\"https:\/\/www.laligue85.org\/fra\/hebergements-groupes\/2019\/02\/08\/hebergements-saisonniers\/\" \/>\n<meta property=\"og:site_name\" content=\"Hebergements-groupes\" \/>\n<meta property=\"article:published_time\" content=\"2019-02-08T08:29:47+00:00\" \/>\n<meta property=\"article:modified_time\" content=\"2026-03-05T15:16:42+00:00\" \/>\n<meta property=\"og:image\" content=\"http:\/\/www.laligue85.org\/fra\/hebergements-groupes\/wp-content\/uploads\/sites\/5\/2019\/02\/2013-FOL85-courrier-contour-bichromie-300x146.jpg\" \/>\n<meta name=\"author\" content=\"epiveteau\" \/>\n<meta name=\"twitter:card\" content=\"summary_large_image\" \/>\n<meta name=\"twitter:label1\" content=\"\u00c9crit par\" \/>\n\t<meta name=\"twitter:data1\" content=\"epiveteau\" \/>\n\t<meta name=\"twitter:label2\" content=\"Dur\u00e9e de lecture estim\u00e9e\" \/>\n\t<meta name=\"twitter:data2\" content=\"5 minutes\" \/>\n<script type=\"application\/ld+json\" class=\"yoast-schema-graph\">{\"@context\":\"https:\/\/schema.org\",\"@graph\":[{\"@type\":\"WebPage\",\"@id\":\"https:\/\/www.laligue85.org\/fra\/hebergements-groupes\/2019\/02\/08\/hebergements-saisonniers\/\",\"url\":\"https:\/\/www.laligue85.org\/fra\/hebergements-groupes\/2019\/02\/08\/hebergements-saisonniers\/\",\"name\":\"H\u00e9bergements saisonniers - Hebergements-groupes\",\"isPartOf\":{\"@id\":\"http:\/\/www.laligue85.org\/fra\/hebergements-groupes\/#website\"},\"datePublished\":\"2019-02-08T08:29:47+00:00\",\"dateModified\":\"2026-03-05T15:16:42+00:00\",\"author\":{\"@id\":\"http:\/\/www.laligue85.org\/fra\/hebergements-groupes\/#\/schema\/person\/45271b6e75b5943f21d354872a5c1a2e\"},\"description\":\"Le centre Les Lutins \u00e0 Noirmoutier accueille chaque \u00e9t\u00e9 les saisonniers. H\u00e9rbergements et espaces collectifs pour ces deux mois de job d'\u00e9t\u00e9 en bord de mer\",\"breadcrumb\":{\"@id\":\"https:\/\/www.laligue85.org\/fra\/hebergements-groupes\/2019\/02\/08\/hebergements-saisonniers\/#breadcrumb\"},\"inLanguage\":\"fr-FR\",\"potentialAction\":[{\"@type\":\"ReadAction\",\"target\":[\"https:\/\/www.laligue85.org\/fra\/hebergements-groupes\/2019\/02\/08\/hebergements-saisonniers\/\"]}]},{\"@type\":\"BreadcrumbList\",\"@id\":\"https:\/\/www.laligue85.org\/fra\/hebergements-groupes\/2019\/02\/08\/hebergements-saisonniers\/#breadcrumb\",\"itemListElement\":[{\"@type\":\"ListItem\",\"position\":1,\"name\":\"Accueil\",\"item\":\"http:\/\/www.laligue85.org\/fra\/hebergements-groupes\/\"},{\"@type\":\"ListItem\",\"position\":2,\"name\":\"H\u00e9bergements saisonniers\"}]},{\"@type\":\"WebSite\",\"@id\":\"http:\/\/www.laligue85.org\/fra\/hebergements-groupes\/#website\",\"url\":\"http:\/\/www.laligue85.org\/fra\/hebergements-groupes\/\",\"name\":\"Hebergements-groupes\",\"description\":\"S\u00e9jours groupes, s\u00e9minaires et h\u00e9bergements sur l&#039;\u00eele de Noimoutier\",\"potentialAction\":[{\"@type\":\"SearchAction\",\"target\":{\"@type\":\"EntryPoint\",\"urlTemplate\":\"http:\/\/www.laligue85.org\/fra\/hebergements-groupes\/?s={search_term_string}\"},\"query-input\":\"required name=search_term_string\"}],\"inLanguage\":\"fr-FR\"},{\"@type\":\"Person\",\"@id\":\"http:\/\/www.laligue85.org\/fra\/hebergements-groupes\/#\/schema\/person\/45271b6e75b5943f21d354872a5c1a2e\",\"name\":\"epiveteau\",\"image\":{\"@type\":\"ImageObject\",\"inLanguage\":\"fr-FR\",\"@id\":\"http:\/\/www.laligue85.org\/fra\/hebergements-groupes\/#\/schema\/person\/image\/\",\"url\":\"https:\/\/secure.gravatar.com\/avatar\/7fedac7ddc713994f9815c37f877ecb7?s=96&d=mm&r=g\",\"contentUrl\":\"https:\/\/secure.gravatar.com\/avatar\/7fedac7ddc713994f9815c37f877ecb7?s=96&d=mm&r=g\",\"caption\":\"epiveteau\"},\"url\":\"http:\/\/www.laligue85.org\/fra\/hebergements-groupes\/author\/epiveteau\/\"}]}<\/script>\n<!-- \/ Yoast SEO plugin. -->","yoast_head_json":{"title":"H\u00e9bergements saisonniers - Hebergements-groupes","description":"Le centre Les Lutins \u00e0 Noirmoutier accueille chaque \u00e9t\u00e9 les saisonniers. H\u00e9rbergements et espaces collectifs pour ces deux mois de job d'\u00e9t\u00e9 en bord de mer","robots":{"index":"index","follow":"follow","max-snippet":"max-snippet:-1","max-image-preview":"max-image-preview:large","max-video-preview":"max-video-preview:-1"},"canonical":"https:\/\/www.laligue85.org\/fra\/hebergements-groupes\/2019\/02\/08\/hebergements-saisonniers\/","og_locale":"fr_FR","og_type":"article","og_title":"H\u00e9bergements saisonniers - Hebergements-groupes","og_description":"Le centre Les Lutins \u00e0 Noirmoutier accueille chaque \u00e9t\u00e9 les saisonniers. H\u00e9rbergements et espaces collectifs pour ces deux mois de job d'\u00e9t\u00e9 en bord de mer","og_url":"https:\/\/www.laligue85.org\/fra\/hebergements-groupes\/2019\/02\/08\/hebergements-saisonniers\/","og_site_name":"Hebergements-groupes","article_published_time":"2019-02-08T08:29:47+00:00","article_modified_time":"2026-03-05T15:16:42+00:00","og_image":[{"url":"http:\/\/www.laligue85.org\/fra\/hebergements-groupes\/wp-content\/uploads\/sites\/5\/2019\/02\/2013-FOL85-courrier-contour-bichromie-300x146.jpg"}],"author":"epiveteau","twitter_card":"summary_large_image","twitter_misc":{"\u00c9crit par":"epiveteau","Dur\u00e9e de lecture estim\u00e9e":"5 minutes"},"schema":{"@context":"https:\/\/schema.org","@graph":[{"@type":"WebPage","@id":"https:\/\/www.laligue85.org\/fra\/hebergements-groupes\/2019\/02\/08\/hebergements-saisonniers\/","url":"https:\/\/www.laligue85.org\/fra\/hebergements-groupes\/2019\/02\/08\/hebergements-saisonniers\/","name":"H\u00e9bergements saisonniers - Hebergements-groupes","isPartOf":{"@id":"http:\/\/www.laligue85.org\/fra\/hebergements-groupes\/#website"},"datePublished":"2019-02-08T08:29:47+00:00","dateModified":"2026-03-05T15:16:42+00:00","author":{"@id":"http:\/\/www.laligue85.org\/fra\/hebergements-groupes\/#\/schema\/person\/45271b6e75b5943f21d354872a5c1a2e"},"description":"Le centre Les Lutins \u00e0 Noirmoutier accueille chaque \u00e9t\u00e9 les saisonniers. H\u00e9rbergements et espaces collectifs pour ces deux mois de job d'\u00e9t\u00e9 en bord de mer","breadcrumb":{"@id":"https:\/\/www.laligue85.org\/fra\/hebergements-groupes\/2019\/02\/08\/hebergements-saisonniers\/#breadcrumb"},"inLanguage":"fr-FR","potentialAction":[{"@type":"ReadAction","target":["https:\/\/www.laligue85.org\/fra\/hebergements-groupes\/2019\/02\/08\/hebergements-saisonniers\/"]}]},{"@type":"BreadcrumbList","@id":"https:\/\/www.laligue85.org\/fra\/hebergements-groupes\/2019\/02\/08\/hebergements-saisonniers\/#breadcrumb","itemListElement":[{"@type":"ListItem","position":1,"name":"Accueil","item":"http:\/\/www.laligue85.org\/fra\/hebergements-groupes\/"},{"@type":"ListItem","position":2,"name":"H\u00e9bergements saisonniers"}]},{"@type":"WebSite","@id":"http:\/\/www.laligue85.org\/fra\/hebergements-groupes\/#website","url":"http:\/\/www.laligue85.org\/fra\/hebergements-groupes\/","name":"Hebergements-groupes","description":"S\u00e9jours groupes, s\u00e9minaires et h\u00e9bergements sur l&#039;\u00eele de Noimoutier","potentialAction":[{"@type":"SearchAction","target":{"@type":"EntryPoint","urlTemplate":"http:\/\/www.laligue85.org\/fra\/hebergements-groupes\/?s={search_term_string}"},"query-input":"required name=search_term_string"}],"inLanguage":"fr-FR"},{"@type":"Person","@id":"http:\/\/www.laligue85.org\/fra\/hebergements-groupes\/#\/schema\/person\/45271b6e75b5943f21d354872a5c1a2e","name":"epiveteau","image":{"@type":"ImageObject","inLanguage":"fr-FR","@id":"http:\/\/www.laligue85.org\/fra\/hebergements-groupes\/#\/schema\/person\/image\/","url":"https:\/\/secure.gravatar.com\/avatar\/7fedac7ddc713994f9815c37f877ecb7?s=96&d=mm&r=g","contentUrl":"https:\/\/secure.gravatar.com\/avatar\/7fedac7ddc713994f9815c37f877ecb7?s=96&d=mm&r=g","caption":"epiveteau"},"url":"http:\/\/www.laligue85.org\/fra\/hebergements-groupes\/author\/epiveteau\/"}]}},"jetpack_featured_media_url":"","jetpack_sharing_enabled":true,"jetpack_shortlink":"https:\/\/wp.me\/paIbRJ-2kh","jetpack-related-posts":[{"id":8931,"url":"http:\/\/www.laligue85.org\/fra\/hebergements-groupes\/2019\/02\/06\/infos-pratiques\/","url_meta":{"origin":8945,"position":0},"title":"Infos pratiques","date":"6 f\u00e9vrier 2019","format":false,"excerpt":"[vc_row equal_height=\"yes\" content_placement=\"middle\" parallax=\"content-moving\" parallax_speed_bg=\"1.3\" css=\".vc_custom_1495543442812{padding-top: 90px !important;padding-bottom: 80px !important;}\"][vc_column width=\"1\/3\" col_padding=\"2\" col_padding_side=\"right\" css=\".vc_custom_1495543020396{padding-top: 0px !important;}\"][vc_single_image image=\"8940\" img_size=\"700x1100\" css=\".vc_custom_1549465415848{margin-bottom: 0px !important;}\"][\/vc_column][vc_column width=\"2\/3\" col_padding=\"2\" col_padding_side=\"left\" css=\".vc_custom_1495543400531{padding-top: 55px !important;}\"][vc_row_inner css=\".vc_custom_1493381079225{padding-bottom: 30px !important;}\"][vc_column_inner width=\"1\/2\"][vc_column_text] Un avenir par l'\u00e9ducation populaire Rejoindre la Ligue de l\u2019enseignement, c\u2019est d\u00e9fendre des id\u00e9es : favoriser le renouveau de\u2026","rel":"","context":"Dans &quot;Infos pratiques&quot;","img":{"alt_text":"","src":"https:\/\/i0.wp.com\/www.laligue85.org\/fra\/hebergements-groupes\/wp-content\/uploads\/sites\/5\/2019\/02\/noirmoutier-lefiefdumoulin-300x201.jpg?resize=350%2C200","width":350,"height":200},"classes":[]},{"id":9052,"url":"http:\/\/www.laligue85.org\/fra\/hebergements-groupes\/2019\/02\/12\/le-fief-du-moulin\/","url_meta":{"origin":8945,"position":1},"title":"Le fief du Moulin","date":"12 f\u00e9vrier 2019","format":false,"excerpt":"[vc_row][vc_column][vc_column_text] \u00a0 [\/vc_column_text][\/vc_column][\/vc_row][vc_row][vc_column][\/vc_column][\/vc_row][vc_row][vc_column width=\"1\/2\"][vc_column_text] Pr\u00e9sentation A proximit\u00e9 du passage du Gois, lieu unique en Europe, reliant \u00e0 mar\u00e9e basse le continent \u00e0 l\u2019Ile, le centre est implant\u00e9 sur le petit village de Barb\u00e2tre, au sud de l\u2019\u00eele de Noirmoutier. Proche des commerces du bourg et de son petit march\u00e9, le\u2026","rel":"","context":"Dans &quot;H\u00e9bergements&quot;","img":{"alt_text":"","src":"","width":0,"height":0},"classes":[]},{"id":8964,"url":"http:\/\/www.laligue85.org\/fra\/hebergements-groupes\/2019\/02\/08\/qui-sommes-nous\/","url_meta":{"origin":8945,"position":2},"title":"Qui sommes-nous ?","date":"8 f\u00e9vrier 2019","format":false,"excerpt":"[vc_row equal_height=\"yes\" content_placement=\"middle\" css=\".vc_custom_1493993344324{padding-top: 60px !important;padding-bottom: 20px !important;background-color: #ffffff !important;}\"][vc_column col_padding_side=\"right\" css=\".vc_custom_1493057150253{padding-bottom: 15px !important;}\"][vc_tta_tabs style=\"engage_minimal\" alignment=\"center\" active_section=\"1\" css=\".vc_custom_1549640056317{padding-top: 30px !important;}\"][vc_tta_section title=\"La Ligue de l'enseignement de Vend\u00e9e\" tab_id=\"1493993487697-16414874-0af5\"][vc_row_inner][vc_column_inner][vc_column_text]La Ligue de l\u2019enseignement de Vend\u00e9e est une association de loi 1901 \u00ab La\u00efque et ind\u00e9pendante \u00bb qui r\u00e9unit des hommes et des femmes\u2026","rel":"","context":"Dans &quot;Qui sommes nous&quot;","img":{"alt_text":"","src":"","width":0,"height":0},"classes":[]},{"id":8999,"url":"http:\/\/www.laligue85.org\/fra\/hebergements-groupes\/2019\/02\/11\/les-lutins\/","url_meta":{"origin":8945,"position":3},"title":"Les Lutins","date":"11 f\u00e9vrier 2019","format":false,"excerpt":"[vc_row][vc_column][\/vc_column][\/vc_row][vc_row equal_height=\"yes\" content_placement=\"middle\" parallax=\"content-moving\" parallax_speed_bg=\"1.3\" css=\".vc_custom_1494860920894{padding-top: 90px !important;padding-bottom: 90px !important;background-position: center;background-repeat: no-repeat;background-size:cover;}\"][vc_column width=\"7\/12\" col_padding=\"2\" col_padding_side=\"right\" css=\".vc_custom_1495542874381{padding-top: 35px !important;}\"][vc_row_inner css=\".vc_custom_1493381079225{padding-bottom: 30px !important;}\"][vc_column_inner width=\"1\/2\"][vc_column_text] Pr\u00e9sentation Implant\u00e9 au c\u0153ur du site class\u00e9 du Bois de la Chaise \u00e0 l\u2019Est de l\u2019\u00eele de Noirmoutier, le centre \u00ab Les Lutins \u00bb offre un h\u00e9bergement de\u2026","rel":"","context":"Dans &quot;H\u00e9bergements&quot;","img":{"alt_text":"","src":"","width":0,"height":0},"classes":[]},{"id":9213,"url":"http:\/\/www.laligue85.org\/fra\/hebergements-groupes\/2019\/03\/27\/en-pays-de-la-loire\/","url_meta":{"origin":8945,"position":4},"title":"En Pays de la Loire","date":"27 mars 2019","format":false,"excerpt":"Vacances Passion, acteur important du Tourisme social et associatif, est le secteur vacances de la Ligue de l\u2019enseignement, association \u00e0 but non lucratif reconnue d\u2019utilit\u00e9 publique. En Pays de la Loire, les 5 f\u00e9d\u00e9rations d\u00e9partementales poss\u00e8dent et g\u00e8rent des centres d\u2019h\u00e9bergements taill\u00e9s sur mesure pour accueillir les groupes : associations,\u2026","rel":"","context":"Dans &quot;Groupes pdl&quot;","img":{"alt_text":"","src":"https:\/\/i2.wp.com\/www.laligue85.org\/fra\/wp-content\/uploads\/2018\/04\/groupe-pdl.jpg?resize=350%2C200","width":350,"height":200},"classes":[]},{"id":9068,"url":"http:\/\/www.laligue85.org\/fra\/hebergements-groupes\/2019\/02\/12\/le-label-rando-accueil\/","url_meta":{"origin":8945,"position":5},"title":"Le label rando accueil","date":"12 f\u00e9vrier 2019","format":false,"excerpt":"[vc_row][vc_column][vc_column_text] \u00a0 \u00a0 Qu\u2019est-ce que le label Rando accueil\u00a0? Rando Accueil est un label national qui identifie des \u00e9tablissements touristiques offrant une prestation d\u2019h\u00e9bergement. Sp\u00e9cialis\u00e9 dans la randonn\u00e9e (\u00e0 pied, \u00e0 v\u00e9lo, en VTT, \u00e0 cheval, \u00e0 ski, en raquette\u2026) mais aussi dans les activit\u00e9s de d\u00e9couvertes et les sports\u2026","rel":"","context":"Dans &quot;H\u00e9bergements&quot;","img":{"alt_text":"","src":"","width":0,"height":0},"classes":[]}],"_links":{"self":[{"href":"http:\/\/www.laligue85.org\/fra\/hebergements-groupes\/wp-json\/wp\/v2\/posts\/8945","targetHints":{"allow":["GET"]}}],"collection":[{"href":"http:\/\/www.laligue85.org\/fra\/hebergements-groupes\/wp-json\/wp\/v2\/posts"}],"about":[{"href":"http:\/\/www.laligue85.org\/fra\/hebergements-groupes\/wp-json\/wp\/v2\/types\/post"}],"author":[{"embeddable":true,"href":"http:\/\/www.laligue85.org\/fra\/hebergements-groupes\/wp-json\/wp\/v2\/users\/2"}],"replies":[{"embeddable":true,"href":"http:\/\/www.laligue85.org\/fra\/hebergements-groupes\/wp-json\/wp\/v2\/comments?post=8945"}],"version-history":[{"count":27,"href":"http:\/\/www.laligue85.org\/fra\/hebergements-groupes\/wp-json\/wp\/v2\/posts\/8945\/revisions"}],"predecessor-version":[{"id":9236,"href":"http:\/\/www.laligue85.org\/fra\/hebergements-groupes\/wp-json\/wp\/v2\/posts\/8945\/revisions\/9236"}],"wp:attachment":[{"href":"http:\/\/www.laligue85.org\/fra\/hebergements-groupes\/wp-json\/wp\/v2\/media?parent=8945"}],"wp:term":[{"taxonomy":"category","embeddable":true,"href":"http:\/\/www.laligue85.org\/fra\/hebergements-groupes\/wp-json\/wp\/v2\/categories?post=8945"},{"taxonomy":"post_tag","embeddable":true,"href":"http:\/\/www.laligue85.org\/fra\/hebergements-groupes\/wp-json\/wp\/v2\/tags?post=8945"}],"curies":[{"name":"wp","href":"https:\/\/api.w.org\/{rel}","templated":true}]}}