{"id":10194,"date":"2020-03-04T17:58:01","date_gmt":"2020-03-04T16:58:01","guid":{"rendered":"http:\/\/www.laligue85.org\/fra\/?p=10194"},"modified":"2020-03-04T17:58:01","modified_gmt":"2020-03-04T16:58:01","slug":"10-ans-du-service-civique","status":"publish","type":"post","link":"http:\/\/www.laligue85.org\/fra\/blog\/2020\/03\/04\/10-ans-du-service-civique\/","title":{"rendered":"10 ans du Service Civique"},"content":{"rendered":"<p>Si tu es <b>volontaire ou ancien volontaire en Service Civique<\/b>, quelque soit ton lieu mission, <b>cette invitation est pour toi ! <\/b><\/p>\n<p>A l&rsquo;occasion des 10 ans du Service Civique, la Ligue de l&rsquo;enseignement de Vend\u00e9e organise une journ\u00e9e conviviale et engag\u00e9e \u00e0 La Roche sur Yon, ouverte \u00e0 tous : volontaires, anciens volontaires, tutrices.teurs, b\u00e9n\u00e9voles, partenaires, jeunes et anciens jeunes engag\u00e9s&#8230;<\/p>\n<p>Nous t&rsquo;invitons donc le <b>jeudi 19 mars<\/b> <b>2020 \u00e0 18h au Bar<\/b><b> \u00ab\u00a0Le Warp\u00a0\u00bb<\/b> pour partager ton aventure de l&rsquo;engagement volontaire et surtout profiter d&rsquo;un moment convivial autour d&rsquo;un verre et d&rsquo;une s\u00e9lection de jeux. Une premi\u00e8re boisson sera offerte (sous r\u00e9serve de places disponibles), <b><a href=\"https:\/\/frama.link\/10ansSC\">inscription souhait\u00e9e<\/a> <\/b><\/p>\n<p>Tu peux aussi venir d\u00e8s 14h au 14Bis participer \u00e0 une rencontre avec les d\u00e9l\u00e9gu\u00e9s du D\u00e9fenseur des Droits, puis \u00e0 16h pour un go\u00fbter participatif suivi d&rsquo;une rencontre avec l&rsquo;association Contact-Vend\u00e9e.<\/p>\n<p><a href=\"http:\/\/www.laligue85.org\/fra\/fra\/pdf\/jeunesse\/service-civique\/10%20ans%20service%20civique.pdf\" class=\"mtli_attachment mtli_pdf\">Retrouvez le programme et les infos pratiques <\/a><b><u><br \/>\n<\/u><\/b><\/p>\n","protected":false},"excerpt":{"rendered":"<p>Si tu es volontaire ou ancien volontaire en Service Civique, quelque soit ton lieu mission, cette invitation est pour toi ! A l&rsquo;occasion des 10 ans du Service Civique, la Ligue de l&rsquo;enseignement de Vend\u00e9e organise une journ\u00e9e conviviale et engag\u00e9e \u00e0 La Roche sur Yon, ouverte \u00e0 tous : [&hellip;]<\/p>\n","protected":false},"author":2,"featured_media":0,"comment_status":"closed","ping_status":"open","sticky":false,"template":"","format":"standard","meta":{"jetpack_post_was_ever_published":false,"footnotes":"","jetpack_publicize_message":"","jetpack_is_tweetstorm":false,"jetpack_publicize_feature_enabled":true,"jetpack_social_post_already_shared":true,"jetpack_social_options":[]},"categories":[267],"tags":[],"class_list":["post-10194","post","type-post","status-publish","format-standard","hentry","category-service-civique-formation"],"jetpack_publicize_connections":[],"yoast_head":"<!-- This site is optimized with the Yoast SEO plugin v20.0 - https:\/\/yoast.com\/wordpress\/plugins\/seo\/ -->\n<title>10 ans du Service Civique - La Ligue de l&#039;Enseignement de Vend\u00e9e<\/title>\n<meta name=\"description\" content=\"Nous vous invitons \u00e0 f\u00eater les 10 ans du service civique en Vend\u00e9e avec une soir\u00e9e au bar \u00e0 jeux le Warp. En amont, rencontre avec les d\u00e9l\u00e9gu\u00e9s du d\u00e9fenseur des droits.\" \/>\n<meta name=\"robots\" content=\"index, follow, max-snippet:-1, max-image-preview:large, max-video-preview:-1\" \/>\n<link rel=\"canonical\" href=\"http:\/\/www.laligue85.org\/fra\/blog\/2020\/03\/04\/10-ans-du-service-civique\/\" \/>\n<meta property=\"og:locale\" content=\"fr_FR\" \/>\n<meta property=\"og:type\" content=\"article\" \/>\n<meta property=\"og:title\" content=\"10 ans du Service Civique - La Ligue de l&#039;Enseignement de Vend\u00e9e\" \/>\n<meta property=\"og:description\" content=\"Nous vous invitons \u00e0 f\u00eater les 10 ans du service civique en Vend\u00e9e avec une soir\u00e9e au bar \u00e0 jeux le Warp. En amont, rencontre avec les d\u00e9l\u00e9gu\u00e9s du d\u00e9fenseur des droits.\" \/>\n<meta property=\"og:url\" content=\"http:\/\/www.laligue85.org\/fra\/blog\/2020\/03\/04\/10-ans-du-service-civique\/\" \/>\n<meta property=\"og:site_name\" content=\"La Ligue de l&#039;Enseignement de Vend\u00e9e\" \/>\n<meta property=\"article:published_time\" content=\"2020-03-04T16:58:01+00:00\" \/>\n<meta name=\"author\" content=\"epiveteau\" \/>\n<meta name=\"twitter:card\" content=\"summary_large_image\" \/>\n<meta name=\"twitter:label1\" content=\"\u00c9crit par\" \/>\n\t<meta name=\"twitter:data1\" content=\"epiveteau\" \/>\n\t<meta name=\"twitter:label2\" content=\"Dur\u00e9e de lecture estim\u00e9e\" \/>\n\t<meta name=\"twitter:data2\" content=\"1 minute\" \/>\n<script type=\"application\/ld+json\" class=\"yoast-schema-graph\">{\"@context\":\"https:\/\/schema.org\",\"@graph\":[{\"@type\":\"WebPage\",\"@id\":\"http:\/\/www.laligue85.org\/fra\/blog\/2020\/03\/04\/10-ans-du-service-civique\/\",\"url\":\"http:\/\/www.laligue85.org\/fra\/blog\/2020\/03\/04\/10-ans-du-service-civique\/\",\"name\":\"10 ans du Service Civique - La Ligue de l&#039;Enseignement de Vend\u00e9e\",\"isPartOf\":{\"@id\":\"https:\/\/www.laligue85.org\/fra\/#website\"},\"datePublished\":\"2020-03-04T16:58:01+00:00\",\"dateModified\":\"2020-03-04T16:58:01+00:00\",\"author\":{\"@id\":\"https:\/\/www.laligue85.org\/fra\/#\/schema\/person\/45271b6e75b5943f21d354872a5c1a2e\"},\"description\":\"Nous vous invitons \u00e0 f\u00eater les 10 ans du service civique en Vend\u00e9e avec une soir\u00e9e au bar \u00e0 jeux le Warp. En amont, rencontre avec les d\u00e9l\u00e9gu\u00e9s du d\u00e9fenseur des droits.\",\"breadcrumb\":{\"@id\":\"http:\/\/www.laligue85.org\/fra\/blog\/2020\/03\/04\/10-ans-du-service-civique\/#breadcrumb\"},\"inLanguage\":\"fr-FR\",\"potentialAction\":[{\"@type\":\"ReadAction\",\"target\":[\"http:\/\/www.laligue85.org\/fra\/blog\/2020\/03\/04\/10-ans-du-service-civique\/\"]}]},{\"@type\":\"BreadcrumbList\",\"@id\":\"http:\/\/www.laligue85.org\/fra\/blog\/2020\/03\/04\/10-ans-du-service-civique\/#breadcrumb\",\"itemListElement\":[{\"@type\":\"ListItem\",\"position\":1,\"name\":\"Accueil\",\"item\":\"https:\/\/www.laligue85.org\/fra\/\"},{\"@type\":\"ListItem\",\"position\":2,\"name\":\"10 ans du Service Civique\"}]},{\"@type\":\"WebSite\",\"@id\":\"https:\/\/www.laligue85.org\/fra\/#website\",\"url\":\"https:\/\/www.laligue85.org\/fra\/\",\"name\":\"La Ligue de l&#039;Enseignement de Vend\u00e9e\",\"description\":\"F\u00e9d\u00e9ration d&#039;\u00e9ducation populaire\",\"potentialAction\":[{\"@type\":\"SearchAction\",\"target\":{\"@type\":\"EntryPoint\",\"urlTemplate\":\"https:\/\/www.laligue85.org\/fra\/?s={search_term_string}\"},\"query-input\":\"required name=search_term_string\"}],\"inLanguage\":\"fr-FR\"},{\"@type\":\"Person\",\"@id\":\"https:\/\/www.laligue85.org\/fra\/#\/schema\/person\/45271b6e75b5943f21d354872a5c1a2e\",\"name\":\"epiveteau\",\"image\":{\"@type\":\"ImageObject\",\"inLanguage\":\"fr-FR\",\"@id\":\"https:\/\/www.laligue85.org\/fra\/#\/schema\/person\/image\/\",\"url\":\"https:\/\/secure.gravatar.com\/avatar\/7fedac7ddc713994f9815c37f877ecb7?s=96&d=mm&r=g\",\"contentUrl\":\"https:\/\/secure.gravatar.com\/avatar\/7fedac7ddc713994f9815c37f877ecb7?s=96&d=mm&r=g\",\"caption\":\"epiveteau\"},\"url\":\"http:\/\/www.laligue85.org\/fra\/blog\/author\/epiveteau\/\"}]}<\/script>\n<!-- \/ Yoast SEO plugin. -->","yoast_head_json":{"title":"10 ans du Service Civique - La Ligue de l&#039;Enseignement de Vend\u00e9e","description":"Nous vous invitons \u00e0 f\u00eater les 10 ans du service civique en Vend\u00e9e avec une soir\u00e9e au bar \u00e0 jeux le Warp. En amont, rencontre avec les d\u00e9l\u00e9gu\u00e9s du d\u00e9fenseur des droits.","robots":{"index":"index","follow":"follow","max-snippet":"max-snippet:-1","max-image-preview":"max-image-preview:large","max-video-preview":"max-video-preview:-1"},"canonical":"http:\/\/www.laligue85.org\/fra\/blog\/2020\/03\/04\/10-ans-du-service-civique\/","og_locale":"fr_FR","og_type":"article","og_title":"10 ans du Service Civique - La Ligue de l&#039;Enseignement de Vend\u00e9e","og_description":"Nous vous invitons \u00e0 f\u00eater les 10 ans du service civique en Vend\u00e9e avec une soir\u00e9e au bar \u00e0 jeux le Warp. En amont, rencontre avec les d\u00e9l\u00e9gu\u00e9s du d\u00e9fenseur des droits.","og_url":"http:\/\/www.laligue85.org\/fra\/blog\/2020\/03\/04\/10-ans-du-service-civique\/","og_site_name":"La Ligue de l&#039;Enseignement de Vend\u00e9e","article_published_time":"2020-03-04T16:58:01+00:00","author":"epiveteau","twitter_card":"summary_large_image","twitter_misc":{"\u00c9crit par":"epiveteau","Dur\u00e9e de lecture estim\u00e9e":"1 minute"},"schema":{"@context":"https:\/\/schema.org","@graph":[{"@type":"WebPage","@id":"http:\/\/www.laligue85.org\/fra\/blog\/2020\/03\/04\/10-ans-du-service-civique\/","url":"http:\/\/www.laligue85.org\/fra\/blog\/2020\/03\/04\/10-ans-du-service-civique\/","name":"10 ans du Service Civique - La Ligue de l&#039;Enseignement de Vend\u00e9e","isPartOf":{"@id":"https:\/\/www.laligue85.org\/fra\/#website"},"datePublished":"2020-03-04T16:58:01+00:00","dateModified":"2020-03-04T16:58:01+00:00","author":{"@id":"https:\/\/www.laligue85.org\/fra\/#\/schema\/person\/45271b6e75b5943f21d354872a5c1a2e"},"description":"Nous vous invitons \u00e0 f\u00eater les 10 ans du service civique en Vend\u00e9e avec une soir\u00e9e au bar \u00e0 jeux le Warp. En amont, rencontre avec les d\u00e9l\u00e9gu\u00e9s du d\u00e9fenseur des droits.","breadcrumb":{"@id":"http:\/\/www.laligue85.org\/fra\/blog\/2020\/03\/04\/10-ans-du-service-civique\/#breadcrumb"},"inLanguage":"fr-FR","potentialAction":[{"@type":"ReadAction","target":["http:\/\/www.laligue85.org\/fra\/blog\/2020\/03\/04\/10-ans-du-service-civique\/"]}]},{"@type":"BreadcrumbList","@id":"http:\/\/www.laligue85.org\/fra\/blog\/2020\/03\/04\/10-ans-du-service-civique\/#breadcrumb","itemListElement":[{"@type":"ListItem","position":1,"name":"Accueil","item":"https:\/\/www.laligue85.org\/fra\/"},{"@type":"ListItem","position":2,"name":"10 ans du Service Civique"}]},{"@type":"WebSite","@id":"https:\/\/www.laligue85.org\/fra\/#website","url":"https:\/\/www.laligue85.org\/fra\/","name":"La Ligue de l&#039;Enseignement de Vend\u00e9e","description":"F\u00e9d\u00e9ration d&#039;\u00e9ducation populaire","potentialAction":[{"@type":"SearchAction","target":{"@type":"EntryPoint","urlTemplate":"https:\/\/www.laligue85.org\/fra\/?s={search_term_string}"},"query-input":"required name=search_term_string"}],"inLanguage":"fr-FR"},{"@type":"Person","@id":"https:\/\/www.laligue85.org\/fra\/#\/schema\/person\/45271b6e75b5943f21d354872a5c1a2e","name":"epiveteau","image":{"@type":"ImageObject","inLanguage":"fr-FR","@id":"https:\/\/www.laligue85.org\/fra\/#\/schema\/person\/image\/","url":"https:\/\/secure.gravatar.com\/avatar\/7fedac7ddc713994f9815c37f877ecb7?s=96&d=mm&r=g","contentUrl":"https:\/\/secure.gravatar.com\/avatar\/7fedac7ddc713994f9815c37f877ecb7?s=96&d=mm&r=g","caption":"epiveteau"},"url":"http:\/\/www.laligue85.org\/fra\/blog\/author\/epiveteau\/"}]}},"jetpack_featured_media_url":"","jetpack_shortlink":"https:\/\/wp.me\/p9Chnq-2Eq","_links":{"self":[{"href":"http:\/\/www.laligue85.org\/fra\/wp-json\/wp\/v2\/posts\/10194","targetHints":{"allow":["GET"]}}],"collection":[{"href":"http:\/\/www.laligue85.org\/fra\/wp-json\/wp\/v2\/posts"}],"about":[{"href":"http:\/\/www.laligue85.org\/fra\/wp-json\/wp\/v2\/types\/post"}],"author":[{"embeddable":true,"href":"http:\/\/www.laligue85.org\/fra\/wp-json\/wp\/v2\/users\/2"}],"replies":[{"embeddable":true,"href":"http:\/\/www.laligue85.org\/fra\/wp-json\/wp\/v2\/comments?post=10194"}],"version-history":[{"count":1,"href":"http:\/\/www.laligue85.org\/fra\/wp-json\/wp\/v2\/posts\/10194\/revisions"}],"predecessor-version":[{"id":10196,"href":"http:\/\/www.laligue85.org\/fra\/wp-json\/wp\/v2\/posts\/10194\/revisions\/10196"}],"wp:attachment":[{"href":"http:\/\/www.laligue85.org\/fra\/wp-json\/wp\/v2\/media?parent=10194"}],"wp:term":[{"taxonomy":"category","embeddable":true,"href":"http:\/\/www.laligue85.org\/fra\/wp-json\/wp\/v2\/categories?post=10194"},{"taxonomy":"post_tag","embeddable":true,"href":"http:\/\/www.laligue85.org\/fra\/wp-json\/wp\/v2\/tags?post=10194"}],"curies":[{"name":"wp","href":"https:\/\/api.w.org\/{rel}","templated":true}]}}