{"id":10303,"date":"2020-04-06T15:27:30","date_gmt":"2020-04-06T13:27:30","guid":{"rendered":"http:\/\/www.laligue85.org\/fra\/?p=10303"},"modified":"2025-07-11T16:41:54","modified_gmt":"2025-07-11T14:41:54","slug":"racisme-et-lutte-contre-les-discriminations","status":"publish","type":"post","link":"http:\/\/www.laligue85.org\/fra\/blog\/2020\/04\/06\/racisme-et-lutte-contre-les-discriminations\/","title":{"rendered":"Racisme et lutte contre les discriminations"},"content":{"rendered":"<p>[vc_row][vc_column][vc_column_text]<span style=\"color: #ffffff;\">Je suis un bloc de texte, cliquez sur le bouton \\\u00a0\u00bb\u00e9diter\\\u00a0\u00bb pour me modifier. Lorem ipsum dolor sit amet, consectetur adipiscing elit. Ut elit tellus, luctus nec ullamcorper mattis, pulvinar dapibus leo.<\/span>[\/vc_column_text][vc_column_text]<\/p>\n<h1 style=\"text-align: center;\"><span style=\"color: #ff0000; font-family: helvetica, arial, sans-serif; font-size: 24pt;\">LUTTE CONTRE LES DISCRIMINATIONS<\/span><\/h1>\n<p>[\/vc_column_text][vc_column_text]<\/p>\n<p style=\"text-align: center;\"><span style=\"font-size: 10pt;\">Les pr\u00e9jug\u00e9s sont au c\u0153ur des interventions que nous menons.<br \/>\n<\/span><span style=\"font-size: 10pt;\">Toutes les interventions dans les \u00e9tablissements sont faites en concertation avec les enseignants selon leur projet p\u00e9dagogique (racisme, homophobie, sexisme\u2026).<br \/>\n<\/span><span style=\"font-size: 10pt;\">L\u2019\u00e9ducation contre le racisme et l\u2019antis\u00e9mitisme, \u00e0 travers les projets p\u00e9dagogiques men\u00e9s au cours de l\u2019ann\u00e9e scolaire, contribue \u00e0 :<br \/>\n<\/span><span style=\"font-size: 10pt;\">&#8211; \u00e9duquer \u00e0 la lutte contre les pr\u00e9jug\u00e9s, les st\u00e9r\u00e9otypes, le racisme, l\u2019antis\u00e9mitisme, la x\u00e9nophobie<br \/>\n<\/span><span style=\"font-size: 10pt;\">&#8211; \u00e9veiller aux d\u00e9rives du relativisme, de la rumeur, de l\u2019obscurantisme, des th\u00e9ories du complot<br \/>\n<\/span><span style=\"font-size: 10pt;\">&#8211; reconna\u00eetre la diversit\u00e9 humaine et culturelle<br \/>\n<\/span><span style=\"font-size: 10pt;\">&#8211; favoriser le respect des diff\u00e9rences et combattre le repli sur soi<br \/>\n<\/span><span style=\"font-size: 10pt;\">&#8211; cultiver la tol\u00e9rance et l\u2019enrichissement mutuel<br \/>\n<\/span><span style=\"font-size: 10pt;\">&#8211; promouvoir une soci\u00e9t\u00e9 solidaire et du vivre-ensemble<br \/>\n<\/span><span style=\"font-size: 10pt;\">&#8211; encourager l\u2019esprit critique et la r\u00e9sistance face \u00e0 l\u2019injustice<br \/>\n<\/span><span style=\"font-size: 10pt;\">&#8211; agir dans la dur\u00e9e pour faire \u00e9voluer les mentalit\u00e9s et instaurer une soci\u00e9t\u00e9 plus fraternelle<\/span><\/p>\n<p>[\/vc_column_text][\/vc_column][\/vc_row][vc_row css=\u00a0\u00bb.vc_custom_1494328488142{padding-top: 65px !important;padding-bottom: 70px !important;}\u00a0\u00bb][vc_column]<div class=\"vntd-carousel-holder vntd-content-element\"><div class=\"vntd-carousel vntd-blog-carousel vntd-blog posts owl-carousel blog-style-boxed blog-boxed_border blog-meta-minimal\" data-dots=\"true\" data-nav=\"false\" data-autoplay=\"true\" data-autoplay-timeout=\"7000\" data-cols=\"4\" data-cols-tablet=\"2\" data-cols-mobile=\"1\" data-margin=\"30\">\t\t\t\n\t\t<div class=\"item post post-holder\">\n\n\t\t\t<div class=\"blog-item-inner\">\n\t\t\t\t\n\t\t\t\t\t\t\t\t\t\t\n\t\t\t\t\t\t<div class=\"post-medias\">\n\t\t\t\t\t\t\t<a href=\"http:\/\/www.laligue85.org\/fra\/blog\/2022\/10\/22\/lutte-contre-le-harcelement-et-le-cyberharcelement\/\">\n\t\t\t\t\t\t\t\t<img decoding=\"async\" src=\"http:\/\/www.laligue85.org\/fra\/wp-content\/uploads\/2022\/10\/06.10.2022_Formation-lutte-contre-harcelement-1-600x420.jpg\" alt=\"Lutte contre le harc\u00e8lement et le cyberharc\u00e8lement\">\n\t\t\t\t\t\t\t<\/a>\n\t\t\t\t\t\t<\/div>\n\t\t\t\t\t\t\n\t\t\t\t\t\t\n\t\t\t\t<div class=\"post-info\">\n\t\t\t\t\n\t\t\t\t\t<h5 class=\"post-title\">\n\t\t\t\t\t\t<a href=\"http:\/\/www.laligue85.org\/fra\/blog\/2022\/10\/22\/lutte-contre-le-harcelement-et-le-cyberharcelement\/\">\n\t\t\t\t\t\t\tLutte contre le harc\u00e8lement et le cyberharc\u00e8lement\t\t\t\t\t\t<\/a>\n\t\t\t\t\t<\/h5>\n\t\t\t\t\t\n\t\t\t\t\t\t\t\n\t\t<ul class=\"post-meta\">\n\t\t\t<li>\n\t\t\t\tBy \n\t\t\t\t<a class=\"meta-value\" href=\"http:\/\/www.laligue85.org\/fra\/blog\/author\/webreporter\/\">webreporter<\/a>\n\t\t\t<\/li>\n\t\t\t<li>\n\t\t\t\ton \n\t\t\t\t<span class=\"meta-value\">22 octobre 2022<\/span>\n\t\t\t<\/li>\n\t\t<\/ul>\n\t\t\n\t\t\t\t\t\n\t\t\t\t\t<div class=\"post-content post-excerpt\">\n\t\t\t\t\t\t<p><p>[vc_row][vc_column][vc_column_text]<\/p>\n<p style=\"text-align: left;\" align=\"justify\"><span style=\"font-size: 12pt;\"><em><span style=\"font-family: helvetica, arial, sans-serif;\"><span style=\"color: #000000;\">Pendant <\/span><span style=\"color:...<\/p><a href=\"http:\/\/www.laligue85.org\/fra\/blog\/2022\/10\/22\/lutte-contre-le-harcelement-et-le-cyberharcelement\/\" class=\"post-more\">Lire la suite<\/a>\t\t\n\t\t\t\t\t<\/div>\n\t\t\t\t\t\t\n\t\t\t\t<\/div>\n\t\t\t<\/div>\n\t\t<\/div>\t\n\t\t\t\t\t\t\t\n\t\t\t\t\t\n\t\t<div class=\"item post post-holder\">\n\n\t\t\t<div class=\"blog-item-inner\">\n\t\t\t\t\n\t\t\t\t\n\t\t\t\t<div class=\"post-info\">\n\t\t\t\t\n\t\t\t\t\t<h5 class=\"post-title\">\n\t\t\t\t\t\t<a href=\"http:\/\/www.laligue85.org\/fra\/blog\/2021\/11\/29\/la-langue-des-signes-francaise\/\">\n\t\t\t\t\t\t\tLa langue des signes fran\u00e7aise\t\t\t\t\t\t<\/a>\n\t\t\t\t\t<\/h5>\n\t\t\t\t\t\n\t\t\t\t\t\t\t\n\t\t<ul class=\"post-meta\">\n\t\t\t<li>\n\t\t\t\tBy \n\t\t\t\t<a class=\"meta-value\" href=\"http:\/\/www.laligue85.org\/fra\/blog\/author\/webreporter\/\">webreporter<\/a>\n\t\t\t<\/li>\n\t\t\t<li>\n\t\t\t\ton \n\t\t\t\t<span class=\"meta-value\">29 novembre 2021<\/span>\n\t\t\t<\/li>\n\t\t<\/ul>\n\t\t\n\t\t\t\t\t\n\t\t\t\t\t<div class=\"post-content post-excerpt\">\n\t\t\t\t\t\t<p><p>Camille AGOUNKE, charg\u00e9e de mission au sein de la Ligue de l\u2019Enseignement de la...<\/p><a href=\"http:\/\/www.laligue85.org\/fra\/blog\/2021\/11\/29\/la-langue-des-signes-francaise\/\" class=\"post-more\">Lire la suite<\/a>\t\t\n\t\t\t\t\t<\/div>\n\t\t\t\t\t\t\n\t\t\t\t<\/div>\n\t\t\t<\/div>\n\t\t<\/div>\t\n\t\t\t\t\t\t\t\n\t\t\t\t\t\n\t\t<div class=\"item post post-holder\">\n\n\t\t\t<div class=\"blog-item-inner\">\n\t\t\t\t\n\t\t\t\t\t\t\t\t\t\t\n\t\t\t\t\t\t<div class=\"post-medias\">\n\t\t\t\t\t\t\t<a href=\"http:\/\/www.laligue85.org\/fra\/blog\/2021\/03\/01\/archeocapsule-transmettre-la-memoire-de-lesclavage-aux-enfants\/\">\n\t\t\t\t\t\t\t\t<img decoding=\"async\" src=\"http:\/\/www.laligue85.org\/fra\/wp-content\/uploads\/2021\/03\/Archeocapsule-groupe-2-600x420.jpg\" alt=\"Arch\u00e9ocapsule : transmettre la m\u00e9moire de l\u2019esclavage aux enfants\">\n\t\t\t\t\t\t\t<\/a>\n\t\t\t\t\t\t<\/div>\n\t\t\t\t\t\t\n\t\t\t\t\t\t\n\t\t\t\t<div class=\"post-info\">\n\t\t\t\t\n\t\t\t\t\t<h5 class=\"post-title\">\n\t\t\t\t\t\t<a href=\"http:\/\/www.laligue85.org\/fra\/blog\/2021\/03\/01\/archeocapsule-transmettre-la-memoire-de-lesclavage-aux-enfants\/\">\n\t\t\t\t\t\t\tArch\u00e9ocapsule : transmettre la m\u00e9moire de l\u2019esclavage aux enfants\t\t\t\t\t\t<\/a>\n\t\t\t\t\t<\/h5>\n\t\t\t\t\t\n\t\t\t\t\t\t\t\n\t\t<ul class=\"post-meta\">\n\t\t\t<li>\n\t\t\t\tBy \n\t\t\t\t<a class=\"meta-value\" href=\"http:\/\/www.laligue85.org\/fra\/blog\/author\/webreporter\/\">webreporter<\/a>\n\t\t\t<\/li>\n\t\t\t<li>\n\t\t\t\ton \n\t\t\t\t<span class=\"meta-value\">1 mars 2021<\/span>\n\t\t\t<\/li>\n\t\t<\/ul>\n\t\t\n\t\t\t\t\t\n\t\t\t\t\t<div class=\"post-content post-excerpt\">\n\t\t\t\t\t\t<p><p>[vc_row][vc_column][vc_column_text]Dans le cadre du partenariat entre l&rsquo;Inrap, la Fondation pour la m\u00e9moire de l&rsquo;esclavage...<\/p><a href=\"http:\/\/www.laligue85.org\/fra\/blog\/2021\/03\/01\/archeocapsule-transmettre-la-memoire-de-lesclavage-aux-enfants\/\" class=\"post-more\">Lire la suite<\/a>\t\t\n\t\t\t\t\t<\/div>\n\t\t\t\t\t\t\n\t\t\t\t<\/div>\n\t\t\t<\/div>\n\t\t<\/div>\t\n\t\t\t\t\t\t\t\n\t\t\t\t\t\n\t\t<div class=\"item post post-holder\">\n\n\t\t\t<div class=\"blog-item-inner\">\n\t\t\t\t\n\t\t\t\t\t\t\t\t\t\t\n\t\t\t\t\t\t<div class=\"post-medias\">\n\t\t\t\t\t\t\t<a href=\"http:\/\/www.laligue85.org\/fra\/blog\/2018\/11\/28\/prejuges-harcelement-reseaux-sociaux\/\">\n\t\t\t\t\t\t\t\t<img decoding=\"async\" src=\"http:\/\/www.laligue85.org\/fra\/wp-content\/uploads\/2018\/11\/jeu-post-r\u00e9seaux-sociaux-bis--600x420.jpeg\" alt=\"Pr\u00e9jug\u00e9s, harc\u00e8lement et r\u00e9seaux sociaux &#8211; Animation dans un lyc\u00e9e\">\n\t\t\t\t\t\t\t<\/a>\n\t\t\t\t\t\t<\/div>\n\t\t\t\t\t\t\n\t\t\t\t\t\t\n\t\t\t\t<div class=\"post-info\">\n\t\t\t\t\n\t\t\t\t\t<h5 class=\"post-title\">\n\t\t\t\t\t\t<a href=\"http:\/\/www.laligue85.org\/fra\/blog\/2018\/11\/28\/prejuges-harcelement-reseaux-sociaux\/\">\n\t\t\t\t\t\t\tPr\u00e9jug\u00e9s, harc\u00e8lement et r\u00e9seaux sociaux &#8211; Animation dans un lyc\u00e9e\t\t\t\t\t\t<\/a>\n\t\t\t\t\t<\/h5>\n\t\t\t\t\t\n\t\t\t\t\t\t\t\n\t\t<ul class=\"post-meta\">\n\t\t\t<li>\n\t\t\t\tBy \n\t\t\t\t<a class=\"meta-value\" href=\"http:\/\/www.laligue85.org\/fra\/blog\/author\/webreporter\/\">webreporter<\/a>\n\t\t\t<\/li>\n\t\t\t<li>\n\t\t\t\ton \n\t\t\t\t<span class=\"meta-value\">28 novembre 2018<\/span>\n\t\t\t<\/li>\n\t\t<\/ul>\n\t\t\n\t\t\t\t\t\n\t\t\t\t\t<div class=\"post-content post-excerpt\">\n\t\t\t\t\t\t<p><p>Pendant plusieurs jours, Guillaume Allard, notre responsable mission jeunesse, \u00e9tait en intervention au lyc\u00e9e...<\/p><a href=\"http:\/\/www.laligue85.org\/fra\/blog\/2018\/11\/28\/prejuges-harcelement-reseaux-sociaux\/\" class=\"post-more\">Lire la suite<\/a>\t\t\n\t\t\t\t\t<\/div>\n\t\t\t\t\t\t\n\t\t\t\t<\/div>\n\t\t\t<\/div>\n\t\t<\/div>\t\n\t\t\t\t\t\t\t\n\t\t\t\t\t\n\t\t<div class=\"item post post-holder\">\n\n\t\t\t<div class=\"blog-item-inner\">\n\t\t\t\t\n\t\t\t\t\t\t\t\t\t\t\n\t\t\t\t\t\t<div class=\"post-medias\">\n\t\t\t\t\t\t\t<a href=\"http:\/\/www.laligue85.org\/fra\/blog\/2013\/08\/12\/jouons-la-carte-de-la-fraternite-vendee\/\">\n\t\t\t\t\t\t\t\t<img decoding=\"async\" src=\"http:\/\/www.laligue85.org\/fra\/wp-content\/uploads\/2013\/08\/jlc-600x420.jpg\" alt=\"Jouons la carte de la fraternit\u00e9 pour mieux faire soci\u00e9t\u00e9 demain\">\n\t\t\t\t\t\t\t<\/a>\n\t\t\t\t\t\t<\/div>\n\t\t\t\t\t\t\n\t\t\t\t\t\t\n\t\t\t\t<div class=\"post-info\">\n\t\t\t\t\n\t\t\t\t\t<h5 class=\"post-title\">\n\t\t\t\t\t\t<a href=\"http:\/\/www.laligue85.org\/fra\/blog\/2013\/08\/12\/jouons-la-carte-de-la-fraternite-vendee\/\">\n\t\t\t\t\t\t\tJouons la carte de la fraternit\u00e9 pour mieux faire soci\u00e9t\u00e9 demain\t\t\t\t\t\t<\/a>\n\t\t\t\t\t<\/h5>\n\t\t\t\t\t\n\t\t\t\t\t\t\t\n\t\t<ul class=\"post-meta\">\n\t\t\t<li>\n\t\t\t\tBy \n\t\t\t\t<a class=\"meta-value\" href=\"http:\/\/www.laligue85.org\/fra\/blog\/author\/epiveteau\/\">epiveteau<\/a>\n\t\t\t<\/li>\n\t\t\t<li>\n\t\t\t\ton \n\t\t\t\t<span class=\"meta-value\">12 ao\u00fbt 2013<\/span>\n\t\t\t<\/li>\n\t\t<\/ul>\n\t\t\n\t\t\t\t\t\n\t\t\t\t\t<div class=\"post-content post-excerpt\">\n\t\t\t\t\t\t<p><p style=\"text-align: justify;\"><img loading=\"lazy\" decoding=\"async\" class=\" wp-image-14990 alignleft\" src=\"http:\/\/www.laligue85.org\/fra\/wp-content\/uploads\/2013\/08\/affiche_jlc_2026-214x300.png\" alt=\"\" width=\"126\" height=\"177\" srcset=\"http:\/\/www.laligue85.org\/fra\/wp-content\/uploads\/2013\/08\/affiche_jlc_2026-214x300.png 214w,...<\/p><a href=\"http:\/\/www.laligue85.org\/fra\/blog\/2013\/08\/12\/jouons-la-carte-de-la-fraternite-vendee\/\" class=\"post-more\">Lire la suite<\/a>\t\t\n\t\t\t\t\t<\/div>\n\t\t\t\t\t\t\n\t\t\t\t<\/div>\n\t\t\t<\/div>\n\t\t<\/div>\t\n\t\t\t\t\t\t\t\n\t\t<\/div><\/div>[\/vc_column][\/vc_row][vc_row][vc_column][vc_text_separator title=\u00a0\u00bbUne journ\u00e9e nationale pour l&rsquo;\u00e9limination de la discrimination\u00a0\u00bb title_align=\u00a0\u00bbseparator_align_left\u00a0\u00bb color=\u00a0\u00bbcustom\u00a0\u00bb border_width=\u00a0\u00bb4&Prime; accent_color=\u00a0\u00bb#ef3737&Prime;][vc_column_text font_size=\u00a0\u00bbsmall\u00a0\u00bb]<span style=\"font-size: 10pt; font-family: helvetica, arial, sans-serif;\">En 1966 par l\u2019Assembl\u00e9e g\u00e9n\u00e9rale des Nations Unies a proclam\u00e9 le 21 mars\u00a0comme \u00ab\u00a0Journ\u00e9e internationale pour l\u2019\u00e9limination de la discrimination raciale\u00a0\u00bb .\u00a0Alors que la loi du 8 juillet 2013 a r\u00e9affirm\u00e9 avec force la mission de l\u2019\u00e9cole de<span style=\"color: #ff0000;\"><strong>\u00a0faire acqu\u00e9rir \u00e0 tous les \u00e9l\u00e8ves le respect de l\u2019\u00e9gale dignit\u00e9 des \u00eatres humains, de la libert\u00e9 de conscience et de la la\u00efcit\u00e9<\/strong><\/span>, il appara\u00eet n\u00e9cessaire de redonner une impulsion nationale forte aux actions \u00e9ducatives men\u00e9es dans le champ de la pr\u00e9vention du racisme et de l\u2019antis\u00e9mitisme, de la d\u00e9fense et de la promotion des Droits de l\u2019Homme et des principes fondamentaux de la R\u00e9publique.<\/span><\/p>\n<p><span style=\"font-size: 10pt; font-family: helvetica, arial, sans-serif;\">La\u00a0Semaine d\u2019\u00e9ducation contre le racisme et l\u2019antis\u00e9mitisme\u00a0se d\u00e9roule chaque ann\u00e9e en mars. Elle associe l\u2019ensemble de la communaut\u00e9 \u00e9ducative et p\u00e9dagogique. Tout ceux qui concourent \u00e0 la lutte contre les discriminations, la x\u00e9nophobie, le racisme et l\u2019antis\u00e9mitisme. Parce que l\u2019\u00e9ducation et surtout le d\u00e9bat restent les meilleurs remparts contre le racisme et les discriminations, nous vous invitons \u00e0 vous saisir de ces semaines pour sensibiliser les enfants et les jeunes aux probl\u00e8mes du racisme, de l\u2019intol\u00e9rance et de l\u2019exclusion.<\/span>[\/vc_column_text][\/vc_column][\/vc_row][vc_row][vc_column][vc_column_text]<a href=\"https:\/\/www.laligue85.org\/fra\/pdf\/Vie-Scolaire\/Parcours-citoyen\/Parcours%20citoyens%202023%20Cycle%201%20au%20cycle%203%20(2).pdf\" class=\"mtli_attachment mtli_pdf\" target=\"_blank\" rel=\"noopener\"><img loading=\"lazy\" decoding=\"async\" class=\"alignnone size-medium wp-image-13538\" src=\"http:\/\/www.laligue85.org\/fra\/wp-content\/uploads\/2020\/04\/parcours-citoyens-cycle-1-a-31-210x300.png\" alt=\"\" width=\"210\" height=\"300\" srcset=\"http:\/\/www.laligue85.org\/fra\/wp-content\/uploads\/2020\/04\/parcours-citoyens-cycle-1-a-31-210x300.png 210w, http:\/\/www.laligue85.org\/fra\/wp-content\/uploads\/2020\/04\/parcours-citoyens-cycle-1-a-31.png 599w\" sizes=\"auto, (max-width: 210px) 100vw, 210px\" \/><\/a> \u00a0\u00a0\u00a0\u00a0\u00a0\u00a0\u00a0\u00a0\u00a0\u00a0\u00a0\u00a0\u00a0\u00a0\u00a0\u00a0\u00a0\u00a0 <a href=\"https:\/\/www.laligue85.org\/fra\/pdf\/Vie-Scolaire\/Parcours-citoyen\/Les%20parcours%20%C3%A9ducatifs%202025%20coll%C3%A8ge%20lyc%C3%A9e_compressed.pdf\" class=\"mtli_attachment mtli_pdf\"><img loading=\"lazy\" decoding=\"async\" class=\"alignnone wp-image-14872 size-medium\" src=\"http:\/\/www.laligue85.org\/fra\/wp-content\/uploads\/2020\/04\/parcours-educatifs-214x300.png\" alt=\"\" width=\"214\" height=\"300\" srcset=\"http:\/\/www.laligue85.org\/fra\/wp-content\/uploads\/2020\/04\/parcours-educatifs-214x300.png 214w, http:\/\/www.laligue85.org\/fra\/wp-content\/uploads\/2020\/04\/parcours-educatifs.png 555w\" sizes=\"auto, (max-width: 214px) 100vw, 214px\" \/><\/a>[\/vc_column_text][\/vc_column][\/vc_row][vc_row css=\u00a0\u00bb.vc_custom_1493725837900{padding-top: 85px !important;padding-bottom: 45px !important;}\u00a0\u00bb][vc_column width=\u00a0\u00bb1\/4&Prime;]<div class=\"vntd-icon-box vntd-content-element box-centered-boxed icon-size-medium box-centered\"><div class=\"icon-box-icon color-gray\"><i class=\"vc_li vc_li-user\"><\/i><\/div><div class=\"icon-box-content\"><h5 class=\"icon-box-title\">Publics<\/h5><p class=\"icon-description\">Cycles 1, 2 et 3, Coll\u00e8ge, Lyc\u00e9e<\/p><\/div><\/div>[\/vc_column][vc_column width=\u00a0\u00bb1\/4&Prime;]<div class=\"vntd-icon-box vntd-content-element box-centered-boxed icon-size-medium box-centered\"><div class=\"icon-box-icon color-gray\"><i class=\"vc_li vc_li-pen\"><\/i><\/div><div class=\"icon-box-content\"><h5 class=\"icon-box-title\">Enseignements<\/h5><p class=\"icon-description\">Socle commun de Connaissances,de Comp\u00e9tences et de Culture : Domaine 1, 3 et 5, enseignement moral et civique<\/p><\/div><\/div>[\/vc_column][vc_column width=\u00a0\u00bb1\/4&Prime;]<div class=\"vntd-icon-box vntd-content-element box-centered-boxed icon-size-medium box-centered\"><div class=\"icon-box-icon color-gray\"><i class=\"vc_li vc_li-paperplane\"><\/i><\/div><div class=\"icon-box-content\"><h5 class=\"icon-box-title\">En action<\/h5><p class=\"icon-description\">Outils cl\u00e9s en main - Interventions possibles<\/p><\/div><\/div>[\/vc_column][vc_column width=\u00a0\u00bb1\/4&Prime;]<div class=\"vntd-icon-box vntd-content-element box-centered-boxed icon-size-medium box-centered\"><div class=\"icon-box-icon color-gray\"><i class=\"vc_li vc_li-user\"><\/i><\/div><div class=\"icon-box-content\"><h5 class=\"icon-box-title\">Contacts<\/h5><p class=\"icon-description\">Guillaume Allard - Charg\u00e9 de mission jeunesse jeunesse`{`at`}`laligue85.org 02 51 36 45 90<\/p><\/div><\/div>[\/vc_column][\/vc_row]<\/p>\n","protected":false},"excerpt":{"rendered":"<p style=\"text-align: justify;\"><img loading=\"lazy\" decoding=\"async\" class=\" wp-image-14990 alignleft\" src=\"http:\/\/www.laligue85.org\/fra\/wp-content\/uploads\/2013\/08\/affiche_jlc_2026-214x300.png\" alt=\"\" width=\"126\" height=\"177\" srcset=\"http:\/\/www.laligue85.org\/fra\/wp-content\/uploads\/2013\/08\/affiche_jlc_2026-214x300.png 214w, http:\/\/www.laligue85.org\/fra\/wp-content\/uploads\/2013\/08\/affiche_jlc_2026-600x841.png 600w, http:\/\/www.laligue85.org\/fra\/wp-content\/uploads\/2013\/08\/affiche_jlc_2026.png 683w\" sizes=\"auto, (max-width: 126px) 100vw, 126px\" \/>Chaque ann\u00e9e la Ligue de l&rsquo;enseignement &#8211; F.O.L. Vend\u00e9e lance l\u2019op\u00e9ration nationale \u00ab Jouons la carte de la fraternit\u00e9 \u00bb sur le d\u00e9partement. Ecoles, coll\u00e8ges, lyc\u00e9es, associations, accueils de loisirs, particuliers\u2026 peuvent s\u2019approprier l\u2019op\u00e9ration en demandant des cartes \u00e0 la f\u00e9d\u00e9ration. Les cartes postales sont illustr\u00e9es de six photographies diff\u00e9rentes r\u00e9alis\u00e9es par des artistes qui portent un regard r\u00e9solument contemporain sur <strong>la diversit\u00e9<\/strong> de notre soci\u00e9t\u00e9.<\/p>\n<p style=\"text-align: justify;\">De nombreux th\u00e8mes sont soulev\u00e9s par ces photos : diversit\u00e9 des origines, interculturalit\u00e9, mixit\u00e9, tol\u00e9rance, respect des autres&#8230; L&rsquo;objectif est de <strong>r\u00e9fl\u00e9chir<\/strong> et d\u2019<strong>\u00e9changer<\/strong> sur ces sujets pour cr\u00e9er un message de <strong>fraternit\u00e9<\/strong> et de <strong>solidarit\u00e9.<\/strong>&hellip;<\/p>","protected":false},"author":2,"featured_media":0,"comment_status":"closed","ping_status":"open","sticky":false,"template":"","format":"standard","meta":{"jetpack_post_was_ever_published":false,"footnotes":"","jetpack_publicize_message":"","jetpack_is_tweetstorm":false,"jetpack_publicize_feature_enabled":true,"jetpack_social_post_already_shared":true,"jetpack_social_options":[]},"categories":[1],"tags":[269,279,270,277,272,273],"class_list":["post-10303","post","type-post","status-publish","format-standard","hentry","category-non-classe","tag-citoyennete","tag-engagement","tag-etablissements-scolaires","tag-jeunesse","tag-lutte-contre-les-discriminations","tag-outils-pedagogiques"],"jetpack_publicize_connections":[],"yoast_head":"<!-- This site is optimized with the Yoast SEO plugin v20.0 - https:\/\/yoast.com\/wordpress\/plugins\/seo\/ -->\n<title>Racisme et lutte contre les discriminations - La Ligue de l&#039;Enseignement de Vend\u00e9e<\/title>\n<meta name=\"description\" content=\"La Ligue de l&#039;enseignement intervient tout au long de l&#039;ann\u00e9e dans les \u00e9tablissements scolaires sur le th\u00e8me de la lutte contre les discriminations.\" \/>\n<meta name=\"robots\" content=\"index, follow, max-snippet:-1, max-image-preview:large, max-video-preview:-1\" \/>\n<link rel=\"canonical\" href=\"http:\/\/www.laligue85.org\/fra\/blog\/2020\/04\/06\/racisme-et-lutte-contre-les-discriminations\/\" \/>\n<meta property=\"og:locale\" content=\"fr_FR\" \/>\n<meta property=\"og:type\" content=\"article\" \/>\n<meta property=\"og:title\" content=\"Racisme et lutte contre les discriminations - La Ligue de l&#039;Enseignement de Vend\u00e9e\" \/>\n<meta property=\"og:description\" content=\"La Ligue de l&#039;enseignement intervient tout au long de l&#039;ann\u00e9e dans les \u00e9tablissements scolaires sur le th\u00e8me de la lutte contre les discriminations.\" \/>\n<meta property=\"og:url\" content=\"http:\/\/www.laligue85.org\/fra\/blog\/2020\/04\/06\/racisme-et-lutte-contre-les-discriminations\/\" \/>\n<meta property=\"og:site_name\" content=\"La Ligue de l&#039;Enseignement de Vend\u00e9e\" \/>\n<meta property=\"article:published_time\" content=\"2020-04-06T13:27:30+00:00\" \/>\n<meta property=\"article:modified_time\" content=\"2025-07-11T14:41:54+00:00\" \/>\n<meta property=\"og:image\" content=\"http:\/\/www.laligue85.org\/fra\/wp-content\/uploads\/2020\/04\/parcours-citoyens-cycle-1-a-31-210x300.png\" \/>\n<meta name=\"author\" content=\"epiveteau\" \/>\n<meta name=\"twitter:card\" content=\"summary_large_image\" \/>\n<meta name=\"twitter:label1\" content=\"\u00c9crit par\" \/>\n\t<meta name=\"twitter:data1\" content=\"epiveteau\" \/>\n\t<meta name=\"twitter:label2\" content=\"Dur\u00e9e de lecture estim\u00e9e\" \/>\n\t<meta name=\"twitter:data2\" content=\"3 minutes\" \/>\n<script type=\"application\/ld+json\" class=\"yoast-schema-graph\">{\"@context\":\"https:\/\/schema.org\",\"@graph\":[{\"@type\":\"WebPage\",\"@id\":\"http:\/\/www.laligue85.org\/fra\/blog\/2020\/04\/06\/racisme-et-lutte-contre-les-discriminations\/\",\"url\":\"http:\/\/www.laligue85.org\/fra\/blog\/2020\/04\/06\/racisme-et-lutte-contre-les-discriminations\/\",\"name\":\"Racisme et lutte contre les discriminations - La Ligue de l&#039;Enseignement de Vend\u00e9e\",\"isPartOf\":{\"@id\":\"http:\/\/www.laligue85.org\/fra\/#website\"},\"datePublished\":\"2020-04-06T13:27:30+00:00\",\"dateModified\":\"2025-07-11T14:41:54+00:00\",\"author\":{\"@id\":\"http:\/\/www.laligue85.org\/fra\/#\/schema\/person\/45271b6e75b5943f21d354872a5c1a2e\"},\"description\":\"La Ligue de l'enseignement intervient tout au long de l'ann\u00e9e dans les \u00e9tablissements scolaires sur le th\u00e8me de la lutte contre les discriminations.\",\"breadcrumb\":{\"@id\":\"http:\/\/www.laligue85.org\/fra\/blog\/2020\/04\/06\/racisme-et-lutte-contre-les-discriminations\/#breadcrumb\"},\"inLanguage\":\"fr-FR\",\"potentialAction\":[{\"@type\":\"ReadAction\",\"target\":[\"http:\/\/www.laligue85.org\/fra\/blog\/2020\/04\/06\/racisme-et-lutte-contre-les-discriminations\/\"]}]},{\"@type\":\"BreadcrumbList\",\"@id\":\"http:\/\/www.laligue85.org\/fra\/blog\/2020\/04\/06\/racisme-et-lutte-contre-les-discriminations\/#breadcrumb\",\"itemListElement\":[{\"@type\":\"ListItem\",\"position\":1,\"name\":\"Accueil\",\"item\":\"http:\/\/www.laligue85.org\/fra\/\"},{\"@type\":\"ListItem\",\"position\":2,\"name\":\"Racisme et lutte contre les discriminations\"}]},{\"@type\":\"WebSite\",\"@id\":\"http:\/\/www.laligue85.org\/fra\/#website\",\"url\":\"http:\/\/www.laligue85.org\/fra\/\",\"name\":\"La Ligue de l&#039;Enseignement de Vend\u00e9e\",\"description\":\"F\u00e9d\u00e9ration d&#039;\u00e9ducation populaire\",\"potentialAction\":[{\"@type\":\"SearchAction\",\"target\":{\"@type\":\"EntryPoint\",\"urlTemplate\":\"http:\/\/www.laligue85.org\/fra\/?s={search_term_string}\"},\"query-input\":\"required name=search_term_string\"}],\"inLanguage\":\"fr-FR\"},{\"@type\":\"Person\",\"@id\":\"http:\/\/www.laligue85.org\/fra\/#\/schema\/person\/45271b6e75b5943f21d354872a5c1a2e\",\"name\":\"epiveteau\",\"image\":{\"@type\":\"ImageObject\",\"inLanguage\":\"fr-FR\",\"@id\":\"http:\/\/www.laligue85.org\/fra\/#\/schema\/person\/image\/\",\"url\":\"https:\/\/secure.gravatar.com\/avatar\/7fedac7ddc713994f9815c37f877ecb7?s=96&d=mm&r=g\",\"contentUrl\":\"https:\/\/secure.gravatar.com\/avatar\/7fedac7ddc713994f9815c37f877ecb7?s=96&d=mm&r=g\",\"caption\":\"epiveteau\"},\"url\":\"http:\/\/www.laligue85.org\/fra\/blog\/author\/epiveteau\/\"}]}<\/script>\n<!-- \/ Yoast SEO plugin. -->","yoast_head_json":{"title":"Racisme et lutte contre les discriminations - La Ligue de l&#039;Enseignement de Vend\u00e9e","description":"La Ligue de l'enseignement intervient tout au long de l'ann\u00e9e dans les \u00e9tablissements scolaires sur le th\u00e8me de la lutte contre les discriminations.","robots":{"index":"index","follow":"follow","max-snippet":"max-snippet:-1","max-image-preview":"max-image-preview:large","max-video-preview":"max-video-preview:-1"},"canonical":"http:\/\/www.laligue85.org\/fra\/blog\/2020\/04\/06\/racisme-et-lutte-contre-les-discriminations\/","og_locale":"fr_FR","og_type":"article","og_title":"Racisme et lutte contre les discriminations - La Ligue de l&#039;Enseignement de Vend\u00e9e","og_description":"La Ligue de l'enseignement intervient tout au long de l'ann\u00e9e dans les \u00e9tablissements scolaires sur le th\u00e8me de la lutte contre les discriminations.","og_url":"http:\/\/www.laligue85.org\/fra\/blog\/2020\/04\/06\/racisme-et-lutte-contre-les-discriminations\/","og_site_name":"La Ligue de l&#039;Enseignement de Vend\u00e9e","article_published_time":"2020-04-06T13:27:30+00:00","article_modified_time":"2025-07-11T14:41:54+00:00","og_image":[{"url":"http:\/\/www.laligue85.org\/fra\/wp-content\/uploads\/2020\/04\/parcours-citoyens-cycle-1-a-31-210x300.png"}],"author":"epiveteau","twitter_card":"summary_large_image","twitter_misc":{"\u00c9crit par":"epiveteau","Dur\u00e9e de lecture estim\u00e9e":"3 minutes"},"schema":{"@context":"https:\/\/schema.org","@graph":[{"@type":"WebPage","@id":"http:\/\/www.laligue85.org\/fra\/blog\/2020\/04\/06\/racisme-et-lutte-contre-les-discriminations\/","url":"http:\/\/www.laligue85.org\/fra\/blog\/2020\/04\/06\/racisme-et-lutte-contre-les-discriminations\/","name":"Racisme et lutte contre les discriminations - La Ligue de l&#039;Enseignement de Vend\u00e9e","isPartOf":{"@id":"http:\/\/www.laligue85.org\/fra\/#website"},"datePublished":"2020-04-06T13:27:30+00:00","dateModified":"2025-07-11T14:41:54+00:00","author":{"@id":"http:\/\/www.laligue85.org\/fra\/#\/schema\/person\/45271b6e75b5943f21d354872a5c1a2e"},"description":"La Ligue de l'enseignement intervient tout au long de l'ann\u00e9e dans les \u00e9tablissements scolaires sur le th\u00e8me de la lutte contre les discriminations.","breadcrumb":{"@id":"http:\/\/www.laligue85.org\/fra\/blog\/2020\/04\/06\/racisme-et-lutte-contre-les-discriminations\/#breadcrumb"},"inLanguage":"fr-FR","potentialAction":[{"@type":"ReadAction","target":["http:\/\/www.laligue85.org\/fra\/blog\/2020\/04\/06\/racisme-et-lutte-contre-les-discriminations\/"]}]},{"@type":"BreadcrumbList","@id":"http:\/\/www.laligue85.org\/fra\/blog\/2020\/04\/06\/racisme-et-lutte-contre-les-discriminations\/#breadcrumb","itemListElement":[{"@type":"ListItem","position":1,"name":"Accueil","item":"http:\/\/www.laligue85.org\/fra\/"},{"@type":"ListItem","position":2,"name":"Racisme et lutte contre les discriminations"}]},{"@type":"WebSite","@id":"http:\/\/www.laligue85.org\/fra\/#website","url":"http:\/\/www.laligue85.org\/fra\/","name":"La Ligue de l&#039;Enseignement de Vend\u00e9e","description":"F\u00e9d\u00e9ration d&#039;\u00e9ducation populaire","potentialAction":[{"@type":"SearchAction","target":{"@type":"EntryPoint","urlTemplate":"http:\/\/www.laligue85.org\/fra\/?s={search_term_string}"},"query-input":"required name=search_term_string"}],"inLanguage":"fr-FR"},{"@type":"Person","@id":"http:\/\/www.laligue85.org\/fra\/#\/schema\/person\/45271b6e75b5943f21d354872a5c1a2e","name":"epiveteau","image":{"@type":"ImageObject","inLanguage":"fr-FR","@id":"http:\/\/www.laligue85.org\/fra\/#\/schema\/person\/image\/","url":"https:\/\/secure.gravatar.com\/avatar\/7fedac7ddc713994f9815c37f877ecb7?s=96&d=mm&r=g","contentUrl":"https:\/\/secure.gravatar.com\/avatar\/7fedac7ddc713994f9815c37f877ecb7?s=96&d=mm&r=g","caption":"epiveteau"},"url":"http:\/\/www.laligue85.org\/fra\/blog\/author\/epiveteau\/"}]}},"jetpack_featured_media_url":"","jetpack_shortlink":"https:\/\/wp.me\/p9Chnq-2Gb","_links":{"self":[{"href":"http:\/\/www.laligue85.org\/fra\/wp-json\/wp\/v2\/posts\/10303","targetHints":{"allow":["GET"]}}],"collection":[{"href":"http:\/\/www.laligue85.org\/fra\/wp-json\/wp\/v2\/posts"}],"about":[{"href":"http:\/\/www.laligue85.org\/fra\/wp-json\/wp\/v2\/types\/post"}],"author":[{"embeddable":true,"href":"http:\/\/www.laligue85.org\/fra\/wp-json\/wp\/v2\/users\/2"}],"replies":[{"embeddable":true,"href":"http:\/\/www.laligue85.org\/fra\/wp-json\/wp\/v2\/comments?post=10303"}],"version-history":[{"count":41,"href":"http:\/\/www.laligue85.org\/fra\/wp-json\/wp\/v2\/posts\/10303\/revisions"}],"predecessor-version":[{"id":14874,"href":"http:\/\/www.laligue85.org\/fra\/wp-json\/wp\/v2\/posts\/10303\/revisions\/14874"}],"wp:attachment":[{"href":"http:\/\/www.laligue85.org\/fra\/wp-json\/wp\/v2\/media?parent=10303"}],"wp:term":[{"taxonomy":"category","embeddable":true,"href":"http:\/\/www.laligue85.org\/fra\/wp-json\/wp\/v2\/categories?post=10303"},{"taxonomy":"post_tag","embeddable":true,"href":"http:\/\/www.laligue85.org\/fra\/wp-json\/wp\/v2\/tags?post=10303"}],"curies":[{"name":"wp","href":"https:\/\/api.w.org\/{rel}","templated":true}]}}