{"id":10337,"date":"2020-04-08T14:56:16","date_gmt":"2020-04-08T12:56:16","guid":{"rendered":"http:\/\/www.laligue85.org\/fra\/?p=10337"},"modified":"2020-04-08T15:16:35","modified_gmt":"2020-04-08T13:16:35","slug":"andree-lire-la-selection-des-incos-en-classe-de-6eme-en-lien-avec-les-professeurs","status":"publish","type":"post","link":"http:\/\/www.laligue85.org\/fra\/blog\/2020\/04\/08\/andree-lire-la-selection-des-incos-en-classe-de-6eme-en-lien-avec-les-professeurs\/","title":{"rendered":"Andr\u00e9e &#8211; Lire la s\u00e9lection des Incos en classe de 6\u00e8me en lien avec les professeurs"},"content":{"rendered":"<p>[vc_row][vc_column][vc_column_text]<\/p>\n<p align=\"JUSTIFY\"><span style=\"color: #ffffff;\">hjhj<\/span><\/p>\n<p align=\"JUSTIFY\"><span style=\"color: #ffffff;\">ghj<\/span><\/p>\n<p align=\"JUSTIFY\"><span style=\"font-size: 10pt;\"><strong>Aupr\u00e8s de quel public intervenez-vous, quel \u00e2ge ont-ils ? Dans quel cadre et \u00e0 quelle fr\u00e9quence ?<\/strong><\/span><\/p>\n<p><span style=\"font-size: 10pt;\">Je lis a une classe de 6 \u00e8me une fois par semaine \u00e0 Challans. Ils ont environ 12 ans.<\/span><\/p>\n<div>\n<div><strong><span style=\"font-size: 10pt;\">Pourquoi ce public ? Ce choix ? Vos motivations ?<\/span><\/strong><\/div>\n<div><span style=\"font-size: 10pt;\">Je ne l&rsquo;ai pas vraiment choisi. C&rsquo;\u00e9tait une n<\/span><span style=\"font-size: 10pt;\">ouvelle tranche d&rsquo;ages pour moi mais j&rsquo;ai \u00e9t\u00e9 motiv\u00e9e par l<\/span><span style=\"font-size: 10pt;\">e partage des livres, des mots, de la lecture.<\/span><\/div>\n<div><\/div>\n<div>\n<div>\n<div><strong><span style=\"font-size: 10pt;\">Quel(s) \u00ab\u00a0type(s)\u00a0\u00bb, \u00ab\u00a0genre(s)\u00a0\u00bb de livre lisez-vous\u00a0?<\/span><\/strong><\/div>\n<div><span style=\"font-size: 10pt;\">Nous lisons, en lien avec les professeurs, des passages de la s\u00e9lection <a href=\"https:\/\/www.lesincos.com\/\">du prix des incos<\/a>. Ce prix permet aux enfants d&rsquo;acc\u00e9der \u00e0 des livres de qualit\u00e9 et \u00e0 voter pour leur ouvrage pr\u00e9f\u00e9r\u00e9.\u00a0<\/span><\/div>\n<div><\/div>\n<div><strong><span style=\"font-size: 10pt;\">Quel(s) sujet(s) abordez-vous, g\u00e9n\u00e9ralement, avec eux ?<\/span><\/strong><\/div>\n<div><span style=\"font-size: 10pt;\">Les sujets sont en lien avec le livre et le roman sur des th\u00e8mes souvent<\/span><span style=\"font-size: 10pt;\"> sociales et\/ou soci\u00e9tales.<\/span><\/div>\n<div><\/div>\n<div><strong><span style=\"font-size: 10pt;\">Y a-t-il, parfois, des \u00e9changes suite \u00e0 vos lectures ?<\/span><\/strong><\/div>\n<div><span style=\"font-size: 10pt;\">Peu. Mais essentiellement par manque de temps.<\/span><\/div>\n<div><\/div>\n<div><strong><span style=\"font-size: 10pt;\">Quelle(s) difficult\u00e9(s) avez-vous rencontr\u00e9 ?<\/span><\/strong><\/div>\n<div><span style=\"font-size: 10pt;\">Les principales difficult\u00e9s sont inh\u00e9rentes \u00e0 la logistique de l&rsquo;\u00e9tablissement. Il y a p<\/span><span style=\"font-size: 10pt;\">arfois \u00e9galement une r\u00e9ticence des jeunes pour la lecture \u00e0 haute voix.<\/span><\/div>\n<\/div>\n<div>\n<div><\/div>\n<div><strong><span style=\"font-size: 10pt;\">Quel(s) bienfait(s), enrichissement(s) cela vous apporte ?<\/span><\/strong><\/div>\n<div><span style=\"font-size: 10pt;\">La d\u00e9couverte d&rsquo;une litt\u00e9rature jeunesse de qualit\u00e9 et le partage, l&rsquo;\u00e9change avec les jeunes.<\/span><\/div>\n<\/div>\n<div>\n<div><\/div>\n<div><strong><span style=\"font-size: 10pt;\">Que pouvez-vous dire, conseiller \u00e0 une personne qui h\u00e9siterait \u00e0 intervenir aupr\u00e8s de ce public ?<\/span><\/strong><\/div>\n<div><span style=\"font-size: 10pt;\">Ne pas h\u00e9siter ! Le public est<\/span><span style=\"font-size: 10pt;\"> attentif et curieux.<\/span><\/div>\n<div><\/div>\n<div><strong><span style=\"font-size: 10pt;\">Quels sont vos outils ? (Pour aller \u00e0 la rencontre de ce public, pour \u00e9changer avec eux, outils de m\u00e9diation,&#8230;)<\/span><\/strong><\/div>\n<div><span style=\"font-size: 10pt;\">Je me pr\u00e9sente. Je p<\/span><span style=\"font-size: 10pt;\">r\u00e9cise le cadre de mon intervention et m<\/span><span style=\"font-size: 10pt;\">a non appartenance \u00e0 leur cadre habituel (coll\u00e8ge, enseignant, famille). Je s<\/span><span style=\"font-size: 10pt;\">uscite leur curiosit\u00e9.<\/span><\/div>\n<\/div>\n<\/div>\n<div><\/div>\n<div><strong><span style=\"font-size: 10pt;\">Un livre qui n&rsquo;a pas fonctionn\u00e9 ?<\/span><\/strong><\/div>\n<div>\n<div><span style=\"font-size: 10pt;\">\u00ab\u00a0Les compagnons de la cigogne\u00a0\u00bb<\/span><\/div>\n<div><\/div>\n<div><strong><span style=\"font-size: 10pt;\">On dit que les ados ne s&rsquo;int\u00e9ressent pas aux livres et aux histoires, qu&rsquo;en pensez-vous ?<\/span><\/strong><\/div>\n<div><span style=\"font-size: 10pt;\">Certes les ados se tournent plus vers le num\u00e9rique sans en approcher,du reste, le versant lecture. En 6<sup>\u00e8me<\/sup> 50% des \u00e9l\u00e8ves disposent d&rsquo;un t\u00e9l\u00e9phone portable. Beaucoup d&rsquo;entre eux ne semblent pas \u00e9voluer dans un milieu familial ou il y a une biblioth\u00e8que. Le livre est un \u00e9tranger pour ceux l\u00e0. N\u00e9anmoins il \u00e9merge toujours des individualit\u00e9s qui s&rsquo;adonnent \u00e0 la lecture, et souvent, \u00e0 l&rsquo;inverse des pr\u00e9c\u00e9dant, sont des grands consommateurs le livres. Au-del\u00e0 de la 6<sup>\u00e8me<\/sup> , la lecture romanesque est ringardis\u00e9e. Il me semble n\u00e9anmoins que ces ados s&rsquo;int\u00e9ressent tout de m\u00eame \u00e0 la bande dessin\u00e9e, et peut \u00eatre qu&rsquo;aujourd&rsquo;hui le roman graphique pourrait les int\u00e9resser.<\/span><\/div>\n<div><\/div>\n<div><strong><span style=\"font-size: 10pt;\">Un livre qui a bien march\u00e9 avec eux ?<\/span><\/strong><\/div>\n<\/div>\n<\/div>\n<p>[\/vc_column_text][\/vc_column][\/vc_row][vc_row full_width=\u00a0\u00bbstretch_row_content_no_spaces\u00a0\u00bb equal_height=\u00a0\u00bbyes\u00a0\u00bb content_placement=\u00a0\u00bbmiddle\u00a0\u00bb css=\u00a0\u00bb.vc_custom_1493830181567{padding-top: 0px !important;padding-bottom: 0px !important;}\u00a0\u00bb][vc_column width=\u00a0\u00bb1\/2&Prime; col_padding=\u00a0\u00bb7&Prime; css=\u00a0\u00bb.vc_custom_1493831472285{padding-top: 20px !important;padding-bottom: 20px !important;}\u00a0\u00bb][vc_column_text]<\/p>\n<h3>M\u00e9gumi et le fant\u00f4me<\/h3>\n<p>[\/vc_column_text][vc_column_text font_size=\u00a0\u00bbsmall\u00a0\u00bb]<span style=\"font-size: 10pt;\">Megumi n\u2019a peur de rien. Surtout pas d\u2019un fant\u00f4me irlandais qui hante la maison de ses anc\u00eatres ! Saura-t-elle lever la mal\u00e9diction qui p\u00e8se sur lui ? Une histoire pleine de rebondissements o\u00f9 l\u2019on croise Yoka\u00ef et robots dans le Japon des ann\u00e9es 80.<\/span><\/p>\n<p><span style=\"font-size: 10pt;\">Megumi et le fant\u00f4me n\u2019est pas une simple histoire de fant\u00f4mes : c\u2019est un roman plein de rebondissements qui traite de l\u2019h\u00e9ritage familial, d\u2019identit\u00e9, d\u2019injustice et d\u2019amiti\u00e9.<\/span><\/p>\n<div class=\"field field-name-hw-natinterv field-type-list-text field-label-hidden\">\n<div class=\"field-items\">\n<ul>\n<li class=\"field-item even\"><span style=\"font-size: 10pt;\">AUTEUR : Eric Senabre<\/span><\/li>\n<li class=\"field-item even\"><span style=\"font-size: 10pt;\">Editions : Didier Jeunesse<\/span><\/li>\n<\/ul>\n<\/div>\n<\/div>\n<p>[\/vc_column_text][\/vc_column][vc_column width=\u00a0\u00bb1\/2&Prime; col_padding_side=\u00a0\u00bbleft\u00a0\u00bb css=\u00a0\u00bb.vc_custom_1586348303699{background-image: url(http:\/\/www.laligue85.org\/fra\/wp-content\/uploads\/2020\/04\/couv-ni-lire-ni-ecrire.jpg?id=10330) !important;background-position: center !important;background-repeat: no-repeat !important;background-size: cover !important;}\u00a0\u00bb][vc_single_image source=\u00a0\u00bbexternal_link\u00a0\u00bb alignment=\u00a0\u00bbcenter\u00a0\u00bb custom_src=\u00a0\u00bbhttps:\/\/didier-jeunesse.com\/sites\/default\/files\/images\/livres\/couv\/9782278085613-001-T.jpeg\u00a0\u00bb][\/vc_column][\/vc_row][vc_row full_width=\u00a0\u00bbstretch_row_content_no_spaces\u00a0\u00bb equal_height=\u00a0\u00bbyes\u00a0\u00bb content_placement=\u00a0\u00bbmiddle\u00a0\u00bb css=\u00a0\u00bb.vc_custom_1493830181567{padding-top: 0px !important;padding-bottom: 0px !important;}\u00a0\u00bb][vc_column width=\u00a0\u00bb1\/2&Prime; css=\u00a0\u00bb.vc_custom_1586348452231{background-image: url(http:\/\/www.laligue85.org\/fra\/wp-content\/uploads\/2020\/04\/9782211205122.jpg?id=10331) !important;}\u00a0\u00bb][vc_single_image source=\u00a0\u00bbexternal_link\u00a0\u00bb alignment=\u00a0\u00bbcenter\u00a0\u00bb custom_src=\u00a0\u00bbhttps:\/\/www.editions-thierry-magnier.com\/files_etm\/couvs\/500\/9782364749559.jpg\u00a0\u00bb][\/vc_column][vc_column width=\u00a0\u00bb1\/2&Prime; col_padding=\u00a0\u00bb7&Prime; css=\u00a0\u00bb.vc_custom_1493831479492{padding-top: 20px !important;padding-bottom: 20px !important;background-position: center !important;background-repeat: no-repeat !important;background-size: cover !important;}\u00a0\u00bb][vc_column_text]<\/p>\n<h3>Baby sittor<\/h3>\n<p>[\/vc_column_text][vc_column_text font_size=\u00a0\u00bbsmall\u00a0\u00bb]<span style=\"font-size: 10pt;\">Nine comprend tout, et tr\u00e8s vite. Logique, donc, que du haut de ses dix ans et demi, ses camarades de classes, ces Gmols comme elle les appelle (ce qui donne, en version longue, Gros MOrveux Limit\u00e9s), ne pr\u00e9sentent pas le moindre int\u00e9r\u00eat. Logique aussi qu\u2019elle ait bien cern\u00e9 l\u2019attitude terriblement protectrice de ses parents : sortir jouer dans la rue, passer la nuit chez une copine, participer \u00e0 un go\u00fbter d\u2019anniversaire\u2026 Tout cela lui est interdit. Trop dangereux. Il risquerait d\u2019y avoir des gar\u00e7ons (\u00e7a bouscule), des animaux (\u00e7a mord, \u00e7a griffe), une piscine (\u00e7a noie) et d\u2019autres choses plus terrifiantes encore. Alors quand Nine apprend que sa m\u00e8re vient de trouver un nouveau travail, elle jubile. Enfin un peu d\u2019air. D\u2019autant que dans la pr\u00e9cipitation, ses parents ont embauch\u00e9 un baby-sitter pas tout \u00e0 fait comme les autres. Jeune \u00e9tudiant, motard, sans aucune exp\u00e9rience avec les enfants, Anil va sans le vouloir remuer les habitudes de la famille.<\/span><\/p>\n<ul>\n<li><span style=\"font-size: 10pt;\">Autrice : Isabelle RENAUD<\/span><\/li>\n<li><span style=\"font-size: 10pt;\">Editions : Thierry Magnier<\/span><\/li>\n<\/ul>\n<p>[\/vc_column_text][\/vc_column][\/vc_row]<\/p>\n","protected":false},"excerpt":{"rendered":"<p>[vc_row][vc_column][vc_column_text] hjhj ghj Aupr\u00e8s de quel public intervenez-vous, quel \u00e2ge ont-ils ? Dans quel cadre et \u00e0 quelle fr\u00e9quence ? Je lis a une classe de 6 \u00e8me une fois par semaine \u00e0 Challans. Ils ont environ 12 ans. Pourquoi ce public ? Ce choix ? Vos motivations ? Je [&hellip;]<\/p>\n","protected":false},"author":2,"featured_media":0,"comment_status":"closed","ping_status":"open","sticky":false,"template":"","format":"standard","meta":{"jetpack_post_was_ever_published":false,"footnotes":"","jetpack_publicize_message":"","jetpack_is_tweetstorm":false,"jetpack_publicize_feature_enabled":true,"jetpack_social_post_already_shared":true,"jetpack_social_options":[]},"categories":[338],"tags":[292,276,270,277,275],"class_list":["post-10337","post","type-post","status-publish","format-standard","hentry","category-lire-aux-preados","tag-association","tag-benevole","tag-etablissements-scolaires","tag-jeunesse","tag-lire-et-faire-lire"],"jetpack_publicize_connections":[],"yoast_head":"<!-- This site is optimized with the Yoast SEO plugin v20.0 - https:\/\/yoast.com\/wordpress\/plugins\/seo\/ -->\n<title>Andr\u00e9e - Lire la s\u00e9lection des Incos en classe de 6\u00e8me en lien avec les professeurs - La Ligue de l&#039;Enseignement de Vend\u00e9e<\/title>\n<meta name=\"robots\" content=\"index, follow, max-snippet:-1, max-image-preview:large, max-video-preview:-1\" \/>\n<link rel=\"canonical\" href=\"http:\/\/www.laligue85.org\/fra\/blog\/2020\/04\/08\/andree-lire-la-selection-des-incos-en-classe-de-6eme-en-lien-avec-les-professeurs\/\" \/>\n<meta property=\"og:locale\" content=\"fr_FR\" \/>\n<meta property=\"og:type\" content=\"article\" \/>\n<meta property=\"og:title\" content=\"Andr\u00e9e - Lire la s\u00e9lection des Incos en classe de 6\u00e8me en lien avec les professeurs - La Ligue de l&#039;Enseignement de Vend\u00e9e\" \/>\n<meta property=\"og:description\" content=\"[vc_row][vc_column][vc_column_text] hjhj ghj Aupr\u00e8s de quel public intervenez-vous, quel \u00e2ge ont-ils ? Dans quel cadre et \u00e0 quelle fr\u00e9quence ? Je lis a une classe de 6 \u00e8me une fois par semaine \u00e0 Challans. Ils ont environ 12 ans. Pourquoi ce public ? Ce choix ? Vos motivations ? Je [&hellip;]\" \/>\n<meta property=\"og:url\" content=\"http:\/\/www.laligue85.org\/fra\/blog\/2020\/04\/08\/andree-lire-la-selection-des-incos-en-classe-de-6eme-en-lien-avec-les-professeurs\/\" \/>\n<meta property=\"og:site_name\" content=\"La Ligue de l&#039;Enseignement de Vend\u00e9e\" \/>\n<meta property=\"article:published_time\" content=\"2020-04-08T12:56:16+00:00\" \/>\n<meta property=\"article:modified_time\" content=\"2020-04-08T13:16:35+00:00\" \/>\n<meta name=\"author\" content=\"epiveteau\" \/>\n<meta name=\"twitter:card\" content=\"summary_large_image\" \/>\n<meta name=\"twitter:label1\" content=\"\u00c9crit par\" \/>\n\t<meta name=\"twitter:data1\" content=\"epiveteau\" \/>\n\t<meta name=\"twitter:label2\" content=\"Dur\u00e9e de lecture estim\u00e9e\" \/>\n\t<meta name=\"twitter:data2\" content=\"5 minutes\" \/>\n<script type=\"application\/ld+json\" class=\"yoast-schema-graph\">{\"@context\":\"https:\/\/schema.org\",\"@graph\":[{\"@type\":\"WebPage\",\"@id\":\"http:\/\/www.laligue85.org\/fra\/blog\/2020\/04\/08\/andree-lire-la-selection-des-incos-en-classe-de-6eme-en-lien-avec-les-professeurs\/\",\"url\":\"http:\/\/www.laligue85.org\/fra\/blog\/2020\/04\/08\/andree-lire-la-selection-des-incos-en-classe-de-6eme-en-lien-avec-les-professeurs\/\",\"name\":\"Andr\u00e9e - Lire la s\u00e9lection des Incos en classe de 6\u00e8me en lien avec les professeurs - La Ligue de l&#039;Enseignement de Vend\u00e9e\",\"isPartOf\":{\"@id\":\"https:\/\/www.laligue85.org\/fra\/#website\"},\"datePublished\":\"2020-04-08T12:56:16+00:00\",\"dateModified\":\"2020-04-08T13:16:35+00:00\",\"author\":{\"@id\":\"https:\/\/www.laligue85.org\/fra\/#\/schema\/person\/45271b6e75b5943f21d354872a5c1a2e\"},\"breadcrumb\":{\"@id\":\"http:\/\/www.laligue85.org\/fra\/blog\/2020\/04\/08\/andree-lire-la-selection-des-incos-en-classe-de-6eme-en-lien-avec-les-professeurs\/#breadcrumb\"},\"inLanguage\":\"fr-FR\",\"potentialAction\":[{\"@type\":\"ReadAction\",\"target\":[\"http:\/\/www.laligue85.org\/fra\/blog\/2020\/04\/08\/andree-lire-la-selection-des-incos-en-classe-de-6eme-en-lien-avec-les-professeurs\/\"]}]},{\"@type\":\"BreadcrumbList\",\"@id\":\"http:\/\/www.laligue85.org\/fra\/blog\/2020\/04\/08\/andree-lire-la-selection-des-incos-en-classe-de-6eme-en-lien-avec-les-professeurs\/#breadcrumb\",\"itemListElement\":[{\"@type\":\"ListItem\",\"position\":1,\"name\":\"Accueil\",\"item\":\"https:\/\/www.laligue85.org\/fra\/\"},{\"@type\":\"ListItem\",\"position\":2,\"name\":\"Andr\u00e9e &#8211; Lire la s\u00e9lection des Incos en classe de 6\u00e8me en lien avec les professeurs\"}]},{\"@type\":\"WebSite\",\"@id\":\"https:\/\/www.laligue85.org\/fra\/#website\",\"url\":\"https:\/\/www.laligue85.org\/fra\/\",\"name\":\"La Ligue de l&#039;Enseignement de Vend\u00e9e\",\"description\":\"F\u00e9d\u00e9ration d&#039;\u00e9ducation populaire\",\"potentialAction\":[{\"@type\":\"SearchAction\",\"target\":{\"@type\":\"EntryPoint\",\"urlTemplate\":\"https:\/\/www.laligue85.org\/fra\/?s={search_term_string}\"},\"query-input\":\"required name=search_term_string\"}],\"inLanguage\":\"fr-FR\"},{\"@type\":\"Person\",\"@id\":\"https:\/\/www.laligue85.org\/fra\/#\/schema\/person\/45271b6e75b5943f21d354872a5c1a2e\",\"name\":\"epiveteau\",\"image\":{\"@type\":\"ImageObject\",\"inLanguage\":\"fr-FR\",\"@id\":\"https:\/\/www.laligue85.org\/fra\/#\/schema\/person\/image\/\",\"url\":\"https:\/\/secure.gravatar.com\/avatar\/7fedac7ddc713994f9815c37f877ecb7?s=96&d=mm&r=g\",\"contentUrl\":\"https:\/\/secure.gravatar.com\/avatar\/7fedac7ddc713994f9815c37f877ecb7?s=96&d=mm&r=g\",\"caption\":\"epiveteau\"},\"url\":\"http:\/\/www.laligue85.org\/fra\/blog\/author\/epiveteau\/\"}]}<\/script>\n<!-- \/ Yoast SEO plugin. -->","yoast_head_json":{"title":"Andr\u00e9e - Lire la s\u00e9lection des Incos en classe de 6\u00e8me en lien avec les professeurs - La Ligue de l&#039;Enseignement de Vend\u00e9e","robots":{"index":"index","follow":"follow","max-snippet":"max-snippet:-1","max-image-preview":"max-image-preview:large","max-video-preview":"max-video-preview:-1"},"canonical":"http:\/\/www.laligue85.org\/fra\/blog\/2020\/04\/08\/andree-lire-la-selection-des-incos-en-classe-de-6eme-en-lien-avec-les-professeurs\/","og_locale":"fr_FR","og_type":"article","og_title":"Andr\u00e9e - Lire la s\u00e9lection des Incos en classe de 6\u00e8me en lien avec les professeurs - La Ligue de l&#039;Enseignement de Vend\u00e9e","og_description":"[vc_row][vc_column][vc_column_text] hjhj ghj Aupr\u00e8s de quel public intervenez-vous, quel \u00e2ge ont-ils ? Dans quel cadre et \u00e0 quelle fr\u00e9quence ? Je lis a une classe de 6 \u00e8me une fois par semaine \u00e0 Challans. Ils ont environ 12 ans. Pourquoi ce public ? Ce choix ? Vos motivations ? Je [&hellip;]","og_url":"http:\/\/www.laligue85.org\/fra\/blog\/2020\/04\/08\/andree-lire-la-selection-des-incos-en-classe-de-6eme-en-lien-avec-les-professeurs\/","og_site_name":"La Ligue de l&#039;Enseignement de Vend\u00e9e","article_published_time":"2020-04-08T12:56:16+00:00","article_modified_time":"2020-04-08T13:16:35+00:00","author":"epiveteau","twitter_card":"summary_large_image","twitter_misc":{"\u00c9crit par":"epiveteau","Dur\u00e9e de lecture estim\u00e9e":"5 minutes"},"schema":{"@context":"https:\/\/schema.org","@graph":[{"@type":"WebPage","@id":"http:\/\/www.laligue85.org\/fra\/blog\/2020\/04\/08\/andree-lire-la-selection-des-incos-en-classe-de-6eme-en-lien-avec-les-professeurs\/","url":"http:\/\/www.laligue85.org\/fra\/blog\/2020\/04\/08\/andree-lire-la-selection-des-incos-en-classe-de-6eme-en-lien-avec-les-professeurs\/","name":"Andr\u00e9e - Lire la s\u00e9lection des Incos en classe de 6\u00e8me en lien avec les professeurs - La Ligue de l&#039;Enseignement de Vend\u00e9e","isPartOf":{"@id":"https:\/\/www.laligue85.org\/fra\/#website"},"datePublished":"2020-04-08T12:56:16+00:00","dateModified":"2020-04-08T13:16:35+00:00","author":{"@id":"https:\/\/www.laligue85.org\/fra\/#\/schema\/person\/45271b6e75b5943f21d354872a5c1a2e"},"breadcrumb":{"@id":"http:\/\/www.laligue85.org\/fra\/blog\/2020\/04\/08\/andree-lire-la-selection-des-incos-en-classe-de-6eme-en-lien-avec-les-professeurs\/#breadcrumb"},"inLanguage":"fr-FR","potentialAction":[{"@type":"ReadAction","target":["http:\/\/www.laligue85.org\/fra\/blog\/2020\/04\/08\/andree-lire-la-selection-des-incos-en-classe-de-6eme-en-lien-avec-les-professeurs\/"]}]},{"@type":"BreadcrumbList","@id":"http:\/\/www.laligue85.org\/fra\/blog\/2020\/04\/08\/andree-lire-la-selection-des-incos-en-classe-de-6eme-en-lien-avec-les-professeurs\/#breadcrumb","itemListElement":[{"@type":"ListItem","position":1,"name":"Accueil","item":"https:\/\/www.laligue85.org\/fra\/"},{"@type":"ListItem","position":2,"name":"Andr\u00e9e &#8211; Lire la s\u00e9lection des Incos en classe de 6\u00e8me en lien avec les professeurs"}]},{"@type":"WebSite","@id":"https:\/\/www.laligue85.org\/fra\/#website","url":"https:\/\/www.laligue85.org\/fra\/","name":"La Ligue de l&#039;Enseignement de Vend\u00e9e","description":"F\u00e9d\u00e9ration d&#039;\u00e9ducation populaire","potentialAction":[{"@type":"SearchAction","target":{"@type":"EntryPoint","urlTemplate":"https:\/\/www.laligue85.org\/fra\/?s={search_term_string}"},"query-input":"required name=search_term_string"}],"inLanguage":"fr-FR"},{"@type":"Person","@id":"https:\/\/www.laligue85.org\/fra\/#\/schema\/person\/45271b6e75b5943f21d354872a5c1a2e","name":"epiveteau","image":{"@type":"ImageObject","inLanguage":"fr-FR","@id":"https:\/\/www.laligue85.org\/fra\/#\/schema\/person\/image\/","url":"https:\/\/secure.gravatar.com\/avatar\/7fedac7ddc713994f9815c37f877ecb7?s=96&d=mm&r=g","contentUrl":"https:\/\/secure.gravatar.com\/avatar\/7fedac7ddc713994f9815c37f877ecb7?s=96&d=mm&r=g","caption":"epiveteau"},"url":"http:\/\/www.laligue85.org\/fra\/blog\/author\/epiveteau\/"}]}},"jetpack_featured_media_url":"","jetpack_shortlink":"https:\/\/wp.me\/p9Chnq-2GJ","_links":{"self":[{"href":"http:\/\/www.laligue85.org\/fra\/wp-json\/wp\/v2\/posts\/10337","targetHints":{"allow":["GET"]}}],"collection":[{"href":"http:\/\/www.laligue85.org\/fra\/wp-json\/wp\/v2\/posts"}],"about":[{"href":"http:\/\/www.laligue85.org\/fra\/wp-json\/wp\/v2\/types\/post"}],"author":[{"embeddable":true,"href":"http:\/\/www.laligue85.org\/fra\/wp-json\/wp\/v2\/users\/2"}],"replies":[{"embeddable":true,"href":"http:\/\/www.laligue85.org\/fra\/wp-json\/wp\/v2\/comments?post=10337"}],"version-history":[{"count":3,"href":"http:\/\/www.laligue85.org\/fra\/wp-json\/wp\/v2\/posts\/10337\/revisions"}],"predecessor-version":[{"id":10343,"href":"http:\/\/www.laligue85.org\/fra\/wp-json\/wp\/v2\/posts\/10337\/revisions\/10343"}],"wp:attachment":[{"href":"http:\/\/www.laligue85.org\/fra\/wp-json\/wp\/v2\/media?parent=10337"}],"wp:term":[{"taxonomy":"category","embeddable":true,"href":"http:\/\/www.laligue85.org\/fra\/wp-json\/wp\/v2\/categories?post=10337"},{"taxonomy":"post_tag","embeddable":true,"href":"http:\/\/www.laligue85.org\/fra\/wp-json\/wp\/v2\/tags?post=10337"}],"curies":[{"name":"wp","href":"https:\/\/api.w.org\/{rel}","templated":true}]}}