{"id":10594,"date":"2020-11-30T11:24:58","date_gmt":"2020-11-30T10:24:58","guid":{"rendered":"http:\/\/www.laligue85.org\/fra\/?p=10594"},"modified":"2020-12-07T09:39:44","modified_gmt":"2020-12-07T08:39:44","slug":"vendee-liberte-laicite","status":"publish","type":"post","link":"http:\/\/www.laligue85.org\/fra\/blog\/2020\/11\/30\/vendee-liberte-laicite\/","title":{"rendered":"Vend\u00e9e &#8211; Libert\u00e9 &#8211; La\u00efcit\u00e9"},"content":{"rendered":"<h4>Soir\u00e9e discussion \u00e9change<\/h4>\n<p><img loading=\"lazy\" decoding=\"async\" class=\" wp-image-10611 alignleft\" src=\"http:\/\/www.laligue85.org\/fra\/wp-content\/uploads\/2020\/12\/9122021-echange-212x300.jpg\" alt=\"\" width=\"170\" height=\"241\" \/>Dans le cadre de la journ\u00e9e nationale de la la\u00efcit\u00e9 du 9 d\u00e9cembre, la Ligue de l&rsquo;enseignement de Vend\u00e9e et ses partenaires vous invitent <strong>\u00e0 une soir\u00e9e discussion sur le th\u00e8me \u00ab\u00a0Vend\u00e9e-Libert\u00e9-La\u00efcit\u00e9\u00a0\u00bb<\/strong> le mercredi 9 d\u00e9cembre 2020 \u00e0 partir de 18h30.<\/p>\n<p>Au vu du contexte sanitaire cette rencontre aura lieu en visioconf\u00e9rence. Vous pouvez d&rsquo;ores et d\u00e9j\u00e0 vous y inscrire <a href=\"https:\/\/www.helloasso.com\/associations\/ligue-de-l-enseignement-federation-de-vendee\/evenements\/vendee-liberte-laicite\">en cliquant ici.<\/a><\/p>\n<h4>Formation \u00ab\u00a0Valeurs de la R\u00e9publique et la\u00efcit\u00e9\u00a0\u00bb<\/h4>\n<p>En amont de cet \u00e9change vous pouvez participer \u00e0 la formation \u00ab\u00a0Valeurs de la R\u00e9publique et la\u00efcit\u00e9\u00a0\u00bb <strong>les 7 et 8 d\u00e9cembre<\/strong>.<br \/>\nAssur\u00e9e par un formateur habilit\u00e9 la formation Valeurs de la R\u00e9publique et La\u00efcit\u00e9 permet aux professionnels et aux b\u00e9n\u00e9voles d&rsquo;\u00eatre au clair avec le principe de la\u00efcit\u00e9, de mieux comprendre comment l&rsquo;appliquer et l&rsquo;expliquer, et ainsi contribuer \u00e0 promouvoir le vivre-ensemble et partager les valeurs de la R\u00e9publique au quotidien.<\/p>\n<p>Gratuit &#8211; Sur inscription. <a href=\"https:\/\/www.helloasso.com\/associations\/ligue-de-l-enseignement-federation-de-vendee\/evenements\/vendee-liberte-laicite-2\">Cliquez ici<\/a><\/p>\n<h4 style=\"text-align: center;\">C\u00c9L\u00c9BRER LA LOI DE S\u00c9PARATION DES \u00c9GLISES ET DE L\u2019\u00c9TAT<\/h4>\n<p style=\"text-align: center;\">Communiqu\u00e9<\/p>\n<p style=\"text-align: left;\">Le 9 d\u00e9cembre 1905, la loi de S\u00e9paration des Eglises et de l&rsquo;Etat est promulgu\u00e9e. Pourquoi ?<br \/>\nLa question de la relation entre les cultes et l\u2019\u00c9tat est tr\u00e8s ancienne, et la n\u00e9cessaire ind\u00e9pendance de l\u2019\u00c9tat affirm\u00e9e \u00e0 plusieurs moments importants dans l\u2019histoire de la France ; la libert\u00e9 de culte est \u00e9galement pos\u00e9e.<br \/>\nLa d\u00e9claration des Droits de l\u2019Homme et du Citoyen de 1789 est profond\u00e9ment inscrite dans la m\u00e9moire collective, notamment l\u2019article 10 : \u00ab Nul ne peut \u00eatre inqui\u00e9t\u00e9 pour ses opinions m\u00eame religieuses \u00bb.<br \/>\nPeu \u00e0 peu, les r\u00e9publicains avancent cette revendication de la S\u00e9paration des \u00c9glises et de l\u2019\u00c9tat. Il leur revient, une fois install\u00e9e la R\u00e9publique, de procurer aux citoyens les libert\u00e9s fondamentales : la Libert\u00e9 de la presse de 1881, l\u2019\u00c9cole gratuite, obligatoire et la\u00efque (1881 \u00e0 1886), la libert\u00e9 syndicale en 1884, la libert\u00e9 d\u2019association en 1901, et donc en 1905, la loi de S\u00e9paration.<br \/>\nLa loi de 1905 pr\u00e9cise : \u00ab la R\u00e9publique ne reconna\u00eet, ne subventionne ni ne salarie aucun culte \u00bb. Les religions rel\u00e8vent de la sph\u00e8re priv\u00e9e et non plus de la sph\u00e8re publique. Les cultes n\u2019ont plus \u00e0 intervenir dans les affaires publiques, c\u2019est le cl\u00e9ricalisme, et r\u00e9ciproquement l\u2019\u00c9tat ne doit pas intervenir dans les cultes qui jouissent ainsi d\u2019une totale libert\u00e9. La libert\u00e9 de conscience des citoyens est assur\u00e9e.<br \/>\nCependant, trois d\u00e9partements restent sous le r\u00e9gime concordataire : en Alsace-Moselle, les quatre cultes reconnus sont financ\u00e9s par l\u2019argent public.<br \/>\nCes lois fondamentales r\u00e9publicaines sont toujours en vigueur malgr\u00e9 des attaques, des remises en cause, notamment par le r\u00e9gime p\u00e9tainiste de Vichy. Elles constituent ce socle juridique qui organise notre soci\u00e9t\u00e9, la R\u00e9publique fran\u00e7aise.<br \/>\n<strong>NE TOUCHEZ PAS A LA LOI DE S\u00c9PARATION DES \u00c9GLISES ET DE L\u2019\u00c9TAT<\/strong><\/p>\n<p style=\"text-align: left;\"><strong><img loading=\"lazy\" decoding=\"async\" class=\" wp-image-10612 alignleft\" src=\"http:\/\/www.laligue85.org\/fra\/wp-content\/uploads\/2020\/12\/9102020-communique-212x300.jpg\" alt=\"\" width=\"199\" height=\"282\" \/>OUVRIR DES \u00c9COLES PUBLIQUES, LA\u00cfQUES, DE PROXIMIT\u00c9<\/strong><br \/>\nLa question de l\u2019\u00c9cole r\u00e9publicaine la\u00efque est un enjeu permanent pour l\u2019\u00c9glise qui a perdu l\u2019influence qu\u2019elle avait, sous l\u2019Ancien r\u00e9gime, sur la vie quotidienne des sujets. La loi Debr\u00e9 qui a instaur\u00e9 le financement de l\u2019enseignement priv\u00e9 essentiellement confessionnel, non seulement perdure, mais a \u00e9t\u00e9 compl\u00e9t\u00e9e par un grand nombre de suivantes.<br \/>\nLa responsabilit\u00e9 de l\u2019organisation des transports scolaires permettant l\u2019acc\u00e8s aux \u00e9coles publiques devient cruciale. L\u2019\u00c9tat se retire de certaines de ses obligations, d\u00e9l\u00e8gue ses responsabilit\u00e9s \u00e0 des organismes priv\u00e9s.<br \/>\nEn Vend\u00e9e, l\u2019exigence des la\u00efques est toujours pr\u00e9sente, s\u2019appuyant notamment sur le \u00ab Serment de Vincennes \u00bb du 19 juin 1960 pour \u00ab [\u2026] que l\u2019effort scolaire de la R\u00e9publique soit uniquement r\u00e9serv\u00e9 \u00e0 l\u2019\u00c9cole de la Nation, espoir de notre jeunesse. \u00bb<br \/>\nL\u00e9gitim\u00e9es par le D\u00e9fenseur des droits, des actions sont en cours afin d\u2019obtenir l\u2019ouverture d\u2019\u00e9tablissements scolaires publics, la\u00efques, de proximit\u00e9. Mach\u00e9, La Boissi\u00e8re-de-Montaigu, Martinet, Givrand, La Rabateli\u00e8re, La Chaize-Giraud, Les Essarts-en- Bocage&#8230;<\/p>\n<p><em>Signataires : La Ligue de l&rsquo;enseignement de Vend\u00e9e &#8211; La Libre Pens\u00e9e &#8211; Familles La\u00efques de Vend\u00e9e &#8211; Les DDEN &#8211; Le CDHMOT &#8211; La FSU &#8211; Les amicales la\u00efques de Fontenay-le-Comte, du Ch\u00e2teau d&rsquo;Olonne, de La Roche-sur-Yon, du Bourg sous la Roche<\/em><\/p>\n","protected":false},"excerpt":{"rendered":"<p>Soir\u00e9e discussion \u00e9change Dans le cadre de la journ\u00e9e nationale de la la\u00efcit\u00e9 du 9 d\u00e9cembre, la Ligue de l&rsquo;enseignement de Vend\u00e9e et ses partenaires vous invitent \u00e0 une soir\u00e9e discussion sur le th\u00e8me \u00ab\u00a0Vend\u00e9e-Libert\u00e9-La\u00efcit\u00e9\u00a0\u00bb le mercredi 9 d\u00e9cembre 2020 \u00e0 partir de 18h30. Au vu du contexte sanitaire cette [&hellip;]<\/p>\n","protected":false},"author":2,"featured_media":0,"comment_status":"closed","ping_status":"open","sticky":false,"template":"","format":"standard","meta":{"jetpack_post_was_ever_published":false,"footnotes":"","jetpack_publicize_message":"","jetpack_is_tweetstorm":false,"jetpack_publicize_feature_enabled":true,"jetpack_social_post_already_shared":true,"jetpack_social_options":[]},"categories":[261],"tags":[],"class_list":["post-10594","post","type-post","status-publish","format-standard","hentry","category-communiques"],"jetpack_publicize_connections":[],"yoast_head":"<!-- This site is optimized with the Yoast SEO plugin v20.0 - https:\/\/yoast.com\/wordpress\/plugins\/seo\/ -->\n<title>Vend\u00e9e - Libert\u00e9 - La\u00efcit\u00e9 - La Ligue de l&#039;Enseignement de Vend\u00e9e<\/title>\n<meta name=\"robots\" content=\"index, follow, max-snippet:-1, max-image-preview:large, max-video-preview:-1\" \/>\n<link rel=\"canonical\" href=\"https:\/\/www.laligue85.org\/fra\/blog\/2020\/11\/30\/vendee-liberte-laicite\/\" \/>\n<meta property=\"og:locale\" content=\"fr_FR\" \/>\n<meta property=\"og:type\" content=\"article\" \/>\n<meta property=\"og:title\" content=\"Vend\u00e9e - Libert\u00e9 - La\u00efcit\u00e9 - La Ligue de l&#039;Enseignement de Vend\u00e9e\" \/>\n<meta property=\"og:description\" content=\"Soir\u00e9e discussion \u00e9change Dans le cadre de la journ\u00e9e nationale de la la\u00efcit\u00e9 du 9 d\u00e9cembre, la Ligue de l&rsquo;enseignement de Vend\u00e9e et ses partenaires vous invitent \u00e0 une soir\u00e9e discussion sur le th\u00e8me \u00ab\u00a0Vend\u00e9e-Libert\u00e9-La\u00efcit\u00e9\u00a0\u00bb le mercredi 9 d\u00e9cembre 2020 \u00e0 partir de 18h30. Au vu du contexte sanitaire cette [&hellip;]\" \/>\n<meta property=\"og:url\" content=\"https:\/\/www.laligue85.org\/fra\/blog\/2020\/11\/30\/vendee-liberte-laicite\/\" \/>\n<meta property=\"og:site_name\" content=\"La Ligue de l&#039;Enseignement de Vend\u00e9e\" \/>\n<meta property=\"article:published_time\" content=\"2020-11-30T10:24:58+00:00\" \/>\n<meta property=\"article:modified_time\" content=\"2020-12-07T08:39:44+00:00\" \/>\n<meta property=\"og:image\" content=\"http:\/\/www.laligue85.org\/fra\/wp-content\/uploads\/2020\/12\/9122021-echange-212x300.jpg\" \/>\n<meta name=\"author\" content=\"epiveteau\" \/>\n<meta name=\"twitter:card\" content=\"summary_large_image\" \/>\n<meta name=\"twitter:label1\" content=\"\u00c9crit par\" \/>\n\t<meta name=\"twitter:data1\" content=\"epiveteau\" \/>\n\t<meta name=\"twitter:label2\" content=\"Dur\u00e9e de lecture estim\u00e9e\" \/>\n\t<meta name=\"twitter:data2\" content=\"4 minutes\" \/>\n<script type=\"application\/ld+json\" class=\"yoast-schema-graph\">{\"@context\":\"https:\/\/schema.org\",\"@graph\":[{\"@type\":\"WebPage\",\"@id\":\"https:\/\/www.laligue85.org\/fra\/blog\/2020\/11\/30\/vendee-liberte-laicite\/\",\"url\":\"https:\/\/www.laligue85.org\/fra\/blog\/2020\/11\/30\/vendee-liberte-laicite\/\",\"name\":\"Vend\u00e9e - Libert\u00e9 - La\u00efcit\u00e9 - La Ligue de l&#039;Enseignement de Vend\u00e9e\",\"isPartOf\":{\"@id\":\"https:\/\/www.laligue85.org\/fra\/#website\"},\"datePublished\":\"2020-11-30T10:24:58+00:00\",\"dateModified\":\"2020-12-07T08:39:44+00:00\",\"author\":{\"@id\":\"https:\/\/www.laligue85.org\/fra\/#\/schema\/person\/45271b6e75b5943f21d354872a5c1a2e\"},\"breadcrumb\":{\"@id\":\"https:\/\/www.laligue85.org\/fra\/blog\/2020\/11\/30\/vendee-liberte-laicite\/#breadcrumb\"},\"inLanguage\":\"fr-FR\",\"potentialAction\":[{\"@type\":\"ReadAction\",\"target\":[\"https:\/\/www.laligue85.org\/fra\/blog\/2020\/11\/30\/vendee-liberte-laicite\/\"]}]},{\"@type\":\"BreadcrumbList\",\"@id\":\"https:\/\/www.laligue85.org\/fra\/blog\/2020\/11\/30\/vendee-liberte-laicite\/#breadcrumb\",\"itemListElement\":[{\"@type\":\"ListItem\",\"position\":1,\"name\":\"Accueil\",\"item\":\"https:\/\/www.laligue85.org\/fra\/\"},{\"@type\":\"ListItem\",\"position\":2,\"name\":\"Vend\u00e9e &#8211; Libert\u00e9 &#8211; La\u00efcit\u00e9\"}]},{\"@type\":\"WebSite\",\"@id\":\"https:\/\/www.laligue85.org\/fra\/#website\",\"url\":\"https:\/\/www.laligue85.org\/fra\/\",\"name\":\"La Ligue de l&#039;Enseignement de Vend\u00e9e\",\"description\":\"F\u00e9d\u00e9ration d&#039;\u00e9ducation populaire\",\"potentialAction\":[{\"@type\":\"SearchAction\",\"target\":{\"@type\":\"EntryPoint\",\"urlTemplate\":\"https:\/\/www.laligue85.org\/fra\/?s={search_term_string}\"},\"query-input\":\"required name=search_term_string\"}],\"inLanguage\":\"fr-FR\"},{\"@type\":\"Person\",\"@id\":\"https:\/\/www.laligue85.org\/fra\/#\/schema\/person\/45271b6e75b5943f21d354872a5c1a2e\",\"name\":\"epiveteau\",\"image\":{\"@type\":\"ImageObject\",\"inLanguage\":\"fr-FR\",\"@id\":\"https:\/\/www.laligue85.org\/fra\/#\/schema\/person\/image\/\",\"url\":\"https:\/\/secure.gravatar.com\/avatar\/7fedac7ddc713994f9815c37f877ecb7?s=96&d=mm&r=g\",\"contentUrl\":\"https:\/\/secure.gravatar.com\/avatar\/7fedac7ddc713994f9815c37f877ecb7?s=96&d=mm&r=g\",\"caption\":\"epiveteau\"},\"url\":\"http:\/\/www.laligue85.org\/fra\/blog\/author\/epiveteau\/\"}]}<\/script>\n<!-- \/ Yoast SEO plugin. -->","yoast_head_json":{"title":"Vend\u00e9e - Libert\u00e9 - La\u00efcit\u00e9 - La Ligue de l&#039;Enseignement de Vend\u00e9e","robots":{"index":"index","follow":"follow","max-snippet":"max-snippet:-1","max-image-preview":"max-image-preview:large","max-video-preview":"max-video-preview:-1"},"canonical":"https:\/\/www.laligue85.org\/fra\/blog\/2020\/11\/30\/vendee-liberte-laicite\/","og_locale":"fr_FR","og_type":"article","og_title":"Vend\u00e9e - Libert\u00e9 - La\u00efcit\u00e9 - La Ligue de l&#039;Enseignement de Vend\u00e9e","og_description":"Soir\u00e9e discussion \u00e9change Dans le cadre de la journ\u00e9e nationale de la la\u00efcit\u00e9 du 9 d\u00e9cembre, la Ligue de l&rsquo;enseignement de Vend\u00e9e et ses partenaires vous invitent \u00e0 une soir\u00e9e discussion sur le th\u00e8me \u00ab\u00a0Vend\u00e9e-Libert\u00e9-La\u00efcit\u00e9\u00a0\u00bb le mercredi 9 d\u00e9cembre 2020 \u00e0 partir de 18h30. Au vu du contexte sanitaire cette [&hellip;]","og_url":"https:\/\/www.laligue85.org\/fra\/blog\/2020\/11\/30\/vendee-liberte-laicite\/","og_site_name":"La Ligue de l&#039;Enseignement de Vend\u00e9e","article_published_time":"2020-11-30T10:24:58+00:00","article_modified_time":"2020-12-07T08:39:44+00:00","og_image":[{"url":"http:\/\/www.laligue85.org\/fra\/wp-content\/uploads\/2020\/12\/9122021-echange-212x300.jpg"}],"author":"epiveteau","twitter_card":"summary_large_image","twitter_misc":{"\u00c9crit par":"epiveteau","Dur\u00e9e de lecture estim\u00e9e":"4 minutes"},"schema":{"@context":"https:\/\/schema.org","@graph":[{"@type":"WebPage","@id":"https:\/\/www.laligue85.org\/fra\/blog\/2020\/11\/30\/vendee-liberte-laicite\/","url":"https:\/\/www.laligue85.org\/fra\/blog\/2020\/11\/30\/vendee-liberte-laicite\/","name":"Vend\u00e9e - Libert\u00e9 - La\u00efcit\u00e9 - La Ligue de l&#039;Enseignement de Vend\u00e9e","isPartOf":{"@id":"https:\/\/www.laligue85.org\/fra\/#website"},"datePublished":"2020-11-30T10:24:58+00:00","dateModified":"2020-12-07T08:39:44+00:00","author":{"@id":"https:\/\/www.laligue85.org\/fra\/#\/schema\/person\/45271b6e75b5943f21d354872a5c1a2e"},"breadcrumb":{"@id":"https:\/\/www.laligue85.org\/fra\/blog\/2020\/11\/30\/vendee-liberte-laicite\/#breadcrumb"},"inLanguage":"fr-FR","potentialAction":[{"@type":"ReadAction","target":["https:\/\/www.laligue85.org\/fra\/blog\/2020\/11\/30\/vendee-liberte-laicite\/"]}]},{"@type":"BreadcrumbList","@id":"https:\/\/www.laligue85.org\/fra\/blog\/2020\/11\/30\/vendee-liberte-laicite\/#breadcrumb","itemListElement":[{"@type":"ListItem","position":1,"name":"Accueil","item":"https:\/\/www.laligue85.org\/fra\/"},{"@type":"ListItem","position":2,"name":"Vend\u00e9e &#8211; Libert\u00e9 &#8211; La\u00efcit\u00e9"}]},{"@type":"WebSite","@id":"https:\/\/www.laligue85.org\/fra\/#website","url":"https:\/\/www.laligue85.org\/fra\/","name":"La Ligue de l&#039;Enseignement de Vend\u00e9e","description":"F\u00e9d\u00e9ration d&#039;\u00e9ducation populaire","potentialAction":[{"@type":"SearchAction","target":{"@type":"EntryPoint","urlTemplate":"https:\/\/www.laligue85.org\/fra\/?s={search_term_string}"},"query-input":"required name=search_term_string"}],"inLanguage":"fr-FR"},{"@type":"Person","@id":"https:\/\/www.laligue85.org\/fra\/#\/schema\/person\/45271b6e75b5943f21d354872a5c1a2e","name":"epiveteau","image":{"@type":"ImageObject","inLanguage":"fr-FR","@id":"https:\/\/www.laligue85.org\/fra\/#\/schema\/person\/image\/","url":"https:\/\/secure.gravatar.com\/avatar\/7fedac7ddc713994f9815c37f877ecb7?s=96&d=mm&r=g","contentUrl":"https:\/\/secure.gravatar.com\/avatar\/7fedac7ddc713994f9815c37f877ecb7?s=96&d=mm&r=g","caption":"epiveteau"},"url":"http:\/\/www.laligue85.org\/fra\/blog\/author\/epiveteau\/"}]}},"jetpack_featured_media_url":"","jetpack_shortlink":"https:\/\/wp.me\/p9Chnq-2KS","_links":{"self":[{"href":"http:\/\/www.laligue85.org\/fra\/wp-json\/wp\/v2\/posts\/10594","targetHints":{"allow":["GET"]}}],"collection":[{"href":"http:\/\/www.laligue85.org\/fra\/wp-json\/wp\/v2\/posts"}],"about":[{"href":"http:\/\/www.laligue85.org\/fra\/wp-json\/wp\/v2\/types\/post"}],"author":[{"embeddable":true,"href":"http:\/\/www.laligue85.org\/fra\/wp-json\/wp\/v2\/users\/2"}],"replies":[{"embeddable":true,"href":"http:\/\/www.laligue85.org\/fra\/wp-json\/wp\/v2\/comments?post=10594"}],"version-history":[{"count":8,"href":"http:\/\/www.laligue85.org\/fra\/wp-json\/wp\/v2\/posts\/10594\/revisions"}],"predecessor-version":[{"id":10632,"href":"http:\/\/www.laligue85.org\/fra\/wp-json\/wp\/v2\/posts\/10594\/revisions\/10632"}],"wp:attachment":[{"href":"http:\/\/www.laligue85.org\/fra\/wp-json\/wp\/v2\/media?parent=10594"}],"wp:term":[{"taxonomy":"category","embeddable":true,"href":"http:\/\/www.laligue85.org\/fra\/wp-json\/wp\/v2\/categories?post=10594"},{"taxonomy":"post_tag","embeddable":true,"href":"http:\/\/www.laligue85.org\/fra\/wp-json\/wp\/v2\/tags?post=10594"}],"curies":[{"name":"wp","href":"https:\/\/api.w.org\/{rel}","templated":true}]}}