{"id":11012,"date":"2021-06-03T16:35:26","date_gmt":"2021-06-03T14:35:26","guid":{"rendered":"http:\/\/www.laligue85.org\/fra\/?p=11012"},"modified":"2021-06-04T13:42:24","modified_gmt":"2021-06-04T11:42:24","slug":"la-colline-des-frettis-creation-dun-four-de-potier-gallo-romain","status":"publish","type":"post","link":"http:\/\/www.laligue85.org\/fra\/blog\/2021\/06\/03\/la-colline-des-frettis-creation-dun-four-de-potier-gallo-romain\/","title":{"rendered":"La Colline des frettis : Cr\u00e9ation d&rsquo;un four de potier gallo-romain"},"content":{"rendered":"<p>[vc_row][vc_column][vc_column_text]Cette ann\u00e9e, l&rsquo;association La Colline des frettis accompagne la classe de CE2-CM1-CM2 de l&rsquo;\u00e9cole de Bouill\u00e9-Courdault dans la cr\u00e9ation d&rsquo;un four de potier gallo-romain. Cette association est affili\u00e9e au r\u00e9seau de la ligue depuis plusieurs ann\u00e9es.<\/p>\n<h5>La Colline des frettis, qu&rsquo;est-ce que c&rsquo;est ?<\/h5>\n<p>La <a href=\"https:\/\/lacollinedesfretti.wixsite.com\/lacollinedesfrettis\">Colline des frettis<\/a> est un centre \u00e9questre associatif situ\u00e9 \u00e0 Bouill\u00e9-Courdault. Cette association loi 1901 porte des projets sociaux et sportifs. Le centre \u00e9questre est aussi un centre de formation. Au-del\u00e0 des cours d&rsquo;\u00e9quitation, les b\u00e9n\u00e9voles s&rsquo;investissent dans la vie du centre et peuvent participer \u00e0 de nombreux projets et actions. Un p\u00f4le jeune a d&rsquo;ailleurs \u00e9t\u00e9 cr\u00e9\u00e9 pour leur donner la possibilit\u00e9 de s&rsquo;investir dans des \u00e9v\u00e9nements et de prendre plus d&rsquo;initiatives.\u00a0 L&rsquo;objectif est de diffuser l&rsquo;esprit d&rsquo;entraide et de partage qui permet \u00e0 l&rsquo;association de fonctionner. C&rsquo;est dans cette id\u00e9e de transmission que l&rsquo;association accueille tous les ans des stagiaires et des volontaires en service civique.[\/vc_column_text][\/vc_column][\/vc_row][vc_row equal_height=\u00a0\u00bbyes\u00a0\u00bb content_placement=\u00a0\u00bbmiddle\u00a0\u00bb css=\u00a0\u00bb.vc_custom_1493822260304{padding-top: 90px !important;padding-bottom: 90px !important;}\u00a0\u00bb][vc_column width=\u00a0\u00bb1\/2&Prime; col_padding=\u00a0\u00bb2&Prime; col_padding_side=\u00a0\u00bbright\u00a0\u00bb][vc_single_image image=\u00a0\u00bb11043&Prime; img_size=\u00a0\u00bb700&#215;600&Prime; css_animation=\u00a0\u00bbnone\u00a0\u00bb css=\u00a0\u00bb.vc_custom_1622556423002{margin-bottom: 0px !important;}\u00a0\u00bb][\/vc_column][vc_column width=\u00a0\u00bb1\/2&Prime; col_padding=\u00a0\u00bb2&Prime; col_padding_side=\u00a0\u00bbleft\u00a0\u00bb][vc_column_text font_size=\u00a0\u00bbmedium\u00a0\u00bb]<\/p>\n<h5>L&rsquo;origine du projet<\/h5>\n<p>A la base du projet, il y a l&rsquo;institutrice investie et sa classe de CE2-CM1-CM2. Tout est n\u00e9e d&rsquo;un travail scolaire sur l&rsquo;ann\u00e9e autour de la p\u00e9riode gallo-romaine. Les \u00e9l\u00e8ves ont ainsi pu rencontrer des arch\u00e9ologues de l&rsquo;INRP (Institut National de Recherche P\u00e9dagogique), pr\u00e9parer des poteries et d\u00e9couvrir la cr\u00e9ation d&rsquo;un four gallo-romain grandeur nature. La cr\u00e9ation du four est aussi utilis\u00e9e par l&rsquo;enseignante pour r\u00e9aliser des liens entre les diff\u00e9rents domaines \u00e9tudi\u00e9s en classe.[\/vc_column_text][\/vc_column][\/vc_row][vc_row][vc_column][vc_column_text]La Colline des Frettis s&rsquo;est port\u00e9 volontaire pour accueillir ce projet exp\u00e9rimental. Plusieurs stagiaires et services civiques se sont investis pour relever le d\u00e9fi de construire ce four de potier \u00e0 \u00ab\u00a0la mani\u00e8re des gallo-romains\u00a0\u00bb. Pour les aider, ils peuvent compter sur l&rsquo;aide de G\u00e9rard Doucet un b\u00e9n\u00e9vole de l&rsquo;association ayant pris le r\u00f4le de chef de chantier. Pour r\u00e9aliser au mieux ce four, ils sont en contact avec des arch\u00e9ologues et c\u00e9ramologues.<\/p>\n<p>Les premi\u00e8res poteries r\u00e9alis\u00e9es par les enfants devraient pouvoir \u00eatre cuites dans ce four fin juin.[\/vc_column_text][\/vc_column][\/vc_row][vc_row][vc_column][vc_empty_space height=\u00a0\u00bb15px\u00a0\u00bb][\/vc_column][\/vc_row][vc_row][vc_column][vc_column_text]<\/p>\n<h5>Qu&rsquo;est-ce qu&rsquo;un four de potier gallo-romain ?<\/h5>\n<p>Le four de potier gallo-romain est un four dont le foyer est creus\u00e9 dans le sol. Il est recouvert d&rsquo;un d\u00f4me fait en argile et en bois souple. Entre le foyer et le d\u00f4me se trouve une sole perfor\u00e9e o\u00f9 l&rsquo;on pose les poteries pour qu&rsquo;elles puissent cuire.[\/vc_column_text][\/vc_column][\/vc_row][vc_row][vc_column][vc_empty_space height=\u00a0\u00bb15px\u00a0\u00bb][\/vc_column][\/vc_row][vc_row][vc_column][vc_column_text]<\/p>\n<h5>Journ\u00e9e d\u00e9couverte de la cr\u00e9ation du four avec les \u00e9l\u00e8ves<\/h5>\n<p>Le 11 mai 2021, la classe de CE2-CM1-CM2 a \u00e9t\u00e9 accueilli \u00e0 la Colline. L&rsquo;objectif de la journ\u00e9e \u00e9tait de permettre aux enfants de mieux comprendre comment le four se construit mais aussi de voir l&rsquo;avanc\u00e9e du projet. Elle visait aussi \u00e0 faire conna\u00eetre aux \u00e9l\u00e8ves la notion d&rsquo;arch\u00e9ologie exp\u00e9rimentale. C&rsquo;est une m\u00e9thode bien utile aux arch\u00e9ologues afin de mieux comprendre les techniques et les mat\u00e9riaux utilis\u00e9s \u00e0 l&rsquo;\u00e9poque. Les enfants ont \u00e9t\u00e9 accueillis par G\u00e9rard Doucet, des stagiaires et des services civiques de la Colline des Frettis. Les enfants ont ainsi pu faire diff\u00e9rentes activit\u00e9s dans l&rsquo;objectif de cr\u00e9er deux maquettes.<\/p>\n<h6>La pr\u00e9paration des structures des maquettes.<\/h6>\n<p>Avec l&rsquo;aide de G\u00e9rard Doucet, les enfants ont r\u00e9alis\u00e9 la structure en bois souple des maquettes. Sur une planche de bois pr\u00e9par\u00e9e en amont (repr\u00e9sentant la sole perfor\u00e9e), les enfants ont plac\u00e9 des morceaux de bambou pour qu&rsquo;ils se croisent en r\u00e9alisant la forme du d\u00f4me. Ils ont ainsi crois\u00e9 les bambou pour r\u00e9aliser un quadrillage sur lequel le torchis a \u00e9t\u00e9 pos\u00e9. Il ne fallait pas oublier de laisser une porte et une chemin\u00e9e. Pour finir, \u00e0 chaque intersection, les enfants ont fait des n\u0153uds plats pour s&rsquo;assurer que la structure tienne bien.[\/vc_column_text][\/vc_column][\/vc_row][vc_row][vc_column]<div class=\"vntd-image-gallery vntd-content-element \"><div id=\"vntd-gallery-7628\" class=\"vntd-grid grid-items vntd-gallery-grid grid-cols-3 hover-effect-scale hover-icon\" data-cols=\"3\" data-data-cols-tablet=\"3\" data-data-cols-mobile=\"1\" data-item-gap=\"5\"><div class=\"item grid-item cbp-item vntd-gallery-item mp-gallery\"><a href=\"http:\/\/www.laligue85.org\/fra\/wp-content\/uploads\/2021\/06\/Creation-structure.jpg\"><div class=\"gallery-item-overlay\"><i class=\"vntd-gallery-zoom-icon engage-icon-icon engage-icon-zoom-2\"><\/i><\/div><img loading=\"lazy\" decoding=\"async\" width=\"600\" height=\"600\" src=\"http:\/\/www.laligue85.org\/fra\/wp-content\/uploads\/2021\/06\/Creation-structure-600x600.jpg\" class=\"attachment-engage-masonry-square\" alt=\"\" srcset=\"http:\/\/www.laligue85.org\/fra\/wp-content\/uploads\/2021\/06\/Creation-structure-600x600.jpg 600w, http:\/\/www.laligue85.org\/fra\/wp-content\/uploads\/2021\/06\/Creation-structure-150x150.jpg 150w\" sizes=\"auto, (max-width: 600px) 100vw, 600px\" \/><\/a><\/div><div class=\"item grid-item cbp-item vntd-gallery-item mp-gallery\"><a href=\"http:\/\/www.laligue85.org\/fra\/wp-content\/uploads\/2021\/06\/Noeud-sur-la-structure.jpg\"><div class=\"gallery-item-overlay\"><i class=\"vntd-gallery-zoom-icon engage-icon-icon engage-icon-zoom-2\"><\/i><\/div><img loading=\"lazy\" decoding=\"async\" width=\"600\" height=\"600\" src=\"http:\/\/www.laligue85.org\/fra\/wp-content\/uploads\/2021\/06\/Noeud-sur-la-structure-600x600.jpg\" class=\"attachment-engage-masonry-square\" alt=\"\" srcset=\"http:\/\/www.laligue85.org\/fra\/wp-content\/uploads\/2021\/06\/Noeud-sur-la-structure-600x600.jpg 600w, http:\/\/www.laligue85.org\/fra\/wp-content\/uploads\/2021\/06\/Noeud-sur-la-structure-150x150.jpg 150w\" sizes=\"auto, (max-width: 600px) 100vw, 600px\" \/><\/a><\/div><div class=\"item grid-item cbp-item vntd-gallery-item mp-gallery\"><a href=\"http:\/\/www.laligue85.org\/fra\/wp-content\/uploads\/2021\/06\/Structure-maquette.jpg\"><div class=\"gallery-item-overlay\"><i class=\"vntd-gallery-zoom-icon engage-icon-icon engage-icon-zoom-2\"><\/i><\/div><img loading=\"lazy\" decoding=\"async\" width=\"600\" height=\"600\" src=\"http:\/\/www.laligue85.org\/fra\/wp-content\/uploads\/2021\/06\/Structure-maquette-600x600.jpg\" class=\"attachment-engage-masonry-square\" alt=\"\" srcset=\"http:\/\/www.laligue85.org\/fra\/wp-content\/uploads\/2021\/06\/Structure-maquette-600x600.jpg 600w, http:\/\/www.laligue85.org\/fra\/wp-content\/uploads\/2021\/06\/Structure-maquette-150x150.jpg 150w\" sizes=\"auto, (max-width: 600px) 100vw, 600px\" \/><\/a><\/div><\/div><\/div>[\/vc_column][\/vc_row][vc_row][vc_column][vc_empty_space height=\u00a0\u00bb15px\u00a0\u00bb][\/vc_column][\/vc_row][vc_row][vc_column][vc_column_text]<\/p>\n<h6>La pr\u00e9paration du torchis.<\/h6>\n<p>Le torchis est un m\u00e9lange d&rsquo;argile, de paille et d&rsquo;un peu d&rsquo;eau. Ce m\u00e9lange sert \u00e0 recouvrir le d\u00f4me du four autour de la structure en bois souple. Pour le r\u00e9aliser, les enfants ont mouill\u00e9 de l&rsquo;argile pour le rendre plus mou. Puis dans une brouette, ils ont m\u00e9lang\u00e9 cette argile humide avec de la paille.[\/vc_column_text][\/vc_column][\/vc_row][vc_row][vc_column]<div class=\"vntd-image-gallery vntd-content-element \"><div id=\"vntd-gallery-11\" class=\"vntd-grid grid-items vntd-gallery-grid grid-cols-3 hover-effect-scale hover-icon\" data-cols=\"3\" data-data-cols-tablet=\"3\" data-data-cols-mobile=\"1\" data-item-gap=\"5\"><div class=\"item grid-item cbp-item vntd-gallery-item mp-gallery\"><a href=\"http:\/\/www.laligue85.org\/fra\/wp-content\/uploads\/2021\/06\/Creation-torchis.jpg\"><div class=\"gallery-item-overlay\"><i class=\"vntd-gallery-zoom-icon engage-icon-icon engage-icon-zoom-2\"><\/i><\/div><img loading=\"lazy\" decoding=\"async\" width=\"600\" height=\"600\" src=\"http:\/\/www.laligue85.org\/fra\/wp-content\/uploads\/2021\/06\/Creation-torchis-600x600.jpg\" class=\"attachment-engage-masonry-square\" alt=\"\" srcset=\"http:\/\/www.laligue85.org\/fra\/wp-content\/uploads\/2021\/06\/Creation-torchis-600x600.jpg 600w, http:\/\/www.laligue85.org\/fra\/wp-content\/uploads\/2021\/06\/Creation-torchis-150x150.jpg 150w\" sizes=\"auto, (max-width: 600px) 100vw, 600px\" \/><\/a><\/div><div class=\"item grid-item cbp-item vntd-gallery-item mp-gallery\"><a href=\"http:\/\/www.laligue85.org\/fra\/wp-content\/uploads\/2021\/06\/Debut-Torchis.jpg\"><div class=\"gallery-item-overlay\"><i class=\"vntd-gallery-zoom-icon engage-icon-icon engage-icon-zoom-2\"><\/i><\/div><img loading=\"lazy\" decoding=\"async\" width=\"600\" height=\"600\" src=\"http:\/\/www.laligue85.org\/fra\/wp-content\/uploads\/2021\/06\/Debut-Torchis-600x600.jpg\" class=\"attachment-engage-masonry-square\" alt=\"\" srcset=\"http:\/\/www.laligue85.org\/fra\/wp-content\/uploads\/2021\/06\/Debut-Torchis-600x600.jpg 600w, http:\/\/www.laligue85.org\/fra\/wp-content\/uploads\/2021\/06\/Debut-Torchis-150x150.jpg 150w\" sizes=\"auto, (max-width: 600px) 100vw, 600px\" \/><\/a><\/div><div class=\"item grid-item cbp-item vntd-gallery-item mp-gallery\"><a href=\"http:\/\/www.laligue85.org\/fra\/wp-content\/uploads\/2021\/06\/Torchis.jpg\"><div class=\"gallery-item-overlay\"><i class=\"vntd-gallery-zoom-icon engage-icon-icon engage-icon-zoom-2\"><\/i><\/div><img loading=\"lazy\" decoding=\"async\" width=\"600\" height=\"600\" src=\"http:\/\/www.laligue85.org\/fra\/wp-content\/uploads\/2021\/06\/Torchis-600x600.jpg\" class=\"attachment-engage-masonry-square\" alt=\"\" srcset=\"http:\/\/www.laligue85.org\/fra\/wp-content\/uploads\/2021\/06\/Torchis-600x600.jpg 600w, http:\/\/www.laligue85.org\/fra\/wp-content\/uploads\/2021\/06\/Torchis-150x150.jpg 150w\" sizes=\"auto, (max-width: 600px) 100vw, 600px\" \/><\/a><\/div><\/div><\/div>[\/vc_column][\/vc_row][vc_row][vc_column][vc_empty_space height=\u00a0\u00bb15px\u00a0\u00bb][\/vc_column][\/vc_row][vc_row][vc_column][vc_column_text]<\/p>\n<h6>R\u00e9alisation de la maquette avec le torchis.<\/h6>\n<p>Une fois la structure et le torchis pr\u00eats, les enfants ont pu finir les maquettes. Pour cela, ils ont doucement plac\u00e9 le torchis \u00e0 l&rsquo;int\u00e9rieur et \u00e0 l&rsquo;ext\u00e9rieur du d\u00f4me. Le torchis doit \u00eatre pos\u00e9 de fa\u00e7on homog\u00e8ne et liss\u00e9 pour s&rsquo;assurer qu&rsquo;il ne fissure pas.\u00a0 La classe a fait le choix de ne pas enti\u00e8rement finir les maquettes. Ainsi, les personnes verront l&rsquo;int\u00e9rieur du four. Dans le four en taille r\u00e9el le d\u00f4me devra \u00eatre cuit en plus du temps de s\u00e9chage.[\/vc_column_text][\/vc_column][\/vc_row][vc_row][vc_column]<div class=\"vntd-image-gallery vntd-content-element \"><div id=\"vntd-gallery-711\" class=\"vntd-grid grid-items vntd-gallery-grid grid-cols-3 hover-effect-scale hover-icon\" data-cols=\"3\" data-data-cols-tablet=\"3\" data-data-cols-mobile=\"1\" data-item-gap=\"5\"><div class=\"item grid-item cbp-item vntd-gallery-item mp-gallery\"><a href=\"http:\/\/www.laligue85.org\/fra\/wp-content\/uploads\/2021\/06\/Torchis-sur-la-structure.jpg\"><div class=\"gallery-item-overlay\"><i class=\"vntd-gallery-zoom-icon engage-icon-icon engage-icon-zoom-2\"><\/i><\/div><img loading=\"lazy\" decoding=\"async\" width=\"600\" height=\"600\" src=\"http:\/\/www.laligue85.org\/fra\/wp-content\/uploads\/2021\/06\/Torchis-sur-la-structure-600x600.jpg\" class=\"attachment-engage-masonry-square\" alt=\"\" srcset=\"http:\/\/www.laligue85.org\/fra\/wp-content\/uploads\/2021\/06\/Torchis-sur-la-structure-600x600.jpg 600w, http:\/\/www.laligue85.org\/fra\/wp-content\/uploads\/2021\/06\/Torchis-sur-la-structure-150x150.jpg 150w\" sizes=\"auto, (max-width: 600px) 100vw, 600px\" \/><\/a><\/div><div class=\"item grid-item cbp-item vntd-gallery-item mp-gallery\"><a href=\"http:\/\/www.laligue85.org\/fra\/wp-content\/uploads\/2021\/06\/Creation-maquette-torchis.jpg\"><div class=\"gallery-item-overlay\"><i class=\"vntd-gallery-zoom-icon engage-icon-icon engage-icon-zoom-2\"><\/i><\/div><img loading=\"lazy\" decoding=\"async\" width=\"600\" height=\"600\" src=\"http:\/\/www.laligue85.org\/fra\/wp-content\/uploads\/2021\/06\/Creation-maquette-torchis-600x600.jpg\" class=\"attachment-engage-masonry-square\" alt=\"\" srcset=\"http:\/\/www.laligue85.org\/fra\/wp-content\/uploads\/2021\/06\/Creation-maquette-torchis-600x600.jpg 600w, http:\/\/www.laligue85.org\/fra\/wp-content\/uploads\/2021\/06\/Creation-maquette-torchis-150x150.jpg 150w\" sizes=\"auto, (max-width: 600px) 100vw, 600px\" \/><\/a><\/div><div class=\"item grid-item cbp-item vntd-gallery-item mp-gallery\"><a href=\"http:\/\/www.laligue85.org\/fra\/wp-content\/uploads\/2021\/06\/Creation-maquette.jpg\"><div class=\"gallery-item-overlay\"><i class=\"vntd-gallery-zoom-icon engage-icon-icon engage-icon-zoom-2\"><\/i><\/div><img loading=\"lazy\" decoding=\"async\" width=\"600\" height=\"600\" src=\"http:\/\/www.laligue85.org\/fra\/wp-content\/uploads\/2021\/06\/Creation-maquette-600x600.jpg\" class=\"attachment-engage-masonry-square\" alt=\"\" srcset=\"http:\/\/www.laligue85.org\/fra\/wp-content\/uploads\/2021\/06\/Creation-maquette-600x600.jpg 600w, http:\/\/www.laligue85.org\/fra\/wp-content\/uploads\/2021\/06\/Creation-maquette-150x150.jpg 150w\" sizes=\"auto, (max-width: 600px) 100vw, 600px\" \/><\/a><\/div><\/div><\/div>[\/vc_column][\/vc_row][vc_row][vc_column][vc_empty_space height=\u00a0\u00bb15px\u00a0\u00bb][\/vc_column][\/vc_row][vc_row][vc_column][vc_column_text]<\/p>\n<h6>La r\u00e9alisation de mini-poterie pour mettre dans les maquettes.<\/h6>\n<p>Les enfants ont aussi r\u00e9alis\u00e9 des poteries en argile. Ces poteries serviront \u00e0 illustrer le fonctionnement du four avec les maquettes. Pour les r\u00e9aliser, ils ont utilis\u00e9 la m\u00e9thode de poterie en colombins qu&rsquo;ils avaient vu en classe. Sur un fond, on superpose des boudins. Pour solidariser ses boudins, les enfants grattent l&rsquo;argile, utilisent de la barbotine et lissent la poterie. Ensuite, pour d\u00e9corer leurs cr\u00e9ations, ils ont utilis\u00e9 des feuilles et des tampons pour les imprimer sur les objets.[\/vc_column_text][\/vc_column][\/vc_row][vc_row][vc_column]<div class=\"vntd-image-gallery vntd-content-element \"><div id=\"vntd-gallery-5656\" class=\"vntd-grid grid-items vntd-gallery-grid grid-cols-3 hover-effect-scale hover-icon\" data-cols=\"3\" data-data-cols-tablet=\"3\" data-data-cols-mobile=\"1\" data-item-gap=\"5\"><div class=\"item grid-item cbp-item vntd-gallery-item mp-gallery\"><a href=\"http:\/\/www.laligue85.org\/fra\/wp-content\/uploads\/2021\/06\/Creation-pot.jpg\"><div class=\"gallery-item-overlay\"><i class=\"vntd-gallery-zoom-icon engage-icon-icon engage-icon-zoom-2\"><\/i><\/div><img loading=\"lazy\" decoding=\"async\" width=\"600\" height=\"600\" src=\"http:\/\/www.laligue85.org\/fra\/wp-content\/uploads\/2021\/06\/Creation-pot-600x600.jpg\" class=\"attachment-engage-masonry-square\" alt=\"\" srcset=\"http:\/\/www.laligue85.org\/fra\/wp-content\/uploads\/2021\/06\/Creation-pot-600x600.jpg 600w, http:\/\/www.laligue85.org\/fra\/wp-content\/uploads\/2021\/06\/Creation-pot-150x150.jpg 150w\" sizes=\"auto, (max-width: 600px) 100vw, 600px\" \/><\/a><\/div><div class=\"item grid-item cbp-item vntd-gallery-item mp-gallery\"><a href=\"http:\/\/www.laligue85.org\/fra\/wp-content\/uploads\/2021\/06\/Creation-poterie.jpg\"><div class=\"gallery-item-overlay\"><i class=\"vntd-gallery-zoom-icon engage-icon-icon engage-icon-zoom-2\"><\/i><\/div><img loading=\"lazy\" decoding=\"async\" width=\"600\" height=\"600\" src=\"http:\/\/www.laligue85.org\/fra\/wp-content\/uploads\/2021\/06\/Creation-poterie-600x600.jpg\" class=\"attachment-engage-masonry-square\" alt=\"\" srcset=\"http:\/\/www.laligue85.org\/fra\/wp-content\/uploads\/2021\/06\/Creation-poterie-600x600.jpg 600w, http:\/\/www.laligue85.org\/fra\/wp-content\/uploads\/2021\/06\/Creation-poterie-150x150.jpg 150w\" sizes=\"auto, (max-width: 600px) 100vw, 600px\" \/><\/a><\/div><div class=\"item grid-item cbp-item vntd-gallery-item mp-gallery\"><a href=\"http:\/\/www.laligue85.org\/fra\/wp-content\/uploads\/2021\/06\/Poteries.jpg\"><div class=\"gallery-item-overlay\"><i class=\"vntd-gallery-zoom-icon engage-icon-icon engage-icon-zoom-2\"><\/i><\/div><img loading=\"lazy\" decoding=\"async\" width=\"600\" height=\"600\" src=\"http:\/\/www.laligue85.org\/fra\/wp-content\/uploads\/2021\/06\/Poteries-600x600.jpg\" class=\"attachment-engage-masonry-square\" alt=\"\" srcset=\"http:\/\/www.laligue85.org\/fra\/wp-content\/uploads\/2021\/06\/Poteries-600x600.jpg 600w, http:\/\/www.laligue85.org\/fra\/wp-content\/uploads\/2021\/06\/Poteries-150x150.jpg 150w\" sizes=\"auto, (max-width: 600px) 100vw, 600px\" \/><\/a><\/div><\/div><\/div>[\/vc_column][\/vc_row]<\/p>\n","protected":false},"excerpt":{"rendered":"<p>[vc_row][vc_column][vc_column_text]Cette ann\u00e9e, l&rsquo;association La Colline des frettis accompagne la classe de CE2-CM1-CM2 de l&rsquo;\u00e9cole de Bouill\u00e9-Courdault dans la cr\u00e9ation d&rsquo;un four de potier gallo-romain. Cette association est affili\u00e9e au r\u00e9seau de la ligue depuis plusieurs ann\u00e9es. La Colline des frettis, qu&rsquo;est-ce que c&rsquo;est ? La Colline des frettis est un [&hellip;]<\/p>\n","protected":false},"author":10,"featured_media":11024,"comment_status":"closed","ping_status":"open","sticky":false,"template":"","format":"standard","meta":{"jetpack_post_was_ever_published":false,"footnotes":"","jetpack_publicize_message":"","jetpack_is_tweetstorm":false,"jetpack_publicize_feature_enabled":true,"jetpack_social_post_already_shared":true,"jetpack_social_options":[]},"categories":[189],"tags":[],"class_list":["post-11012","post","type-post","status-publish","format-standard","has-post-thumbnail","hentry","category-pourquoi-nous-rejoindre"],"jetpack_publicize_connections":[],"yoast_head":"<!-- This site is optimized with the Yoast SEO plugin v20.0 - https:\/\/yoast.com\/wordpress\/plugins\/seo\/ -->\n<title>La Colline des frettis : Cr\u00e9ation d&#039;un four de potier gallo-romain - La Ligue de l&#039;Enseignement de Vend\u00e9e<\/title>\n<meta name=\"description\" content=\"L&#039;association La Colline des frettis accompagne une classe de l&#039;\u00e9cole de Bouill\u00e9-Courdault dans la cr\u00e9ation d&#039;un four de potier gallo-romain.\" \/>\n<meta name=\"robots\" content=\"index, follow, max-snippet:-1, max-image-preview:large, max-video-preview:-1\" \/>\n<link rel=\"canonical\" href=\"https:\/\/www.laligue85.org\/fra\/blog\/2021\/06\/03\/la-colline-des-frettis-creation-dun-four-de-potier-gallo-romain\/\" \/>\n<meta property=\"og:locale\" content=\"fr_FR\" \/>\n<meta property=\"og:type\" content=\"article\" \/>\n<meta property=\"og:title\" content=\"La Colline des frettis : Cr\u00e9ation d&#039;un four de potier gallo-romain - La Ligue de l&#039;Enseignement de Vend\u00e9e\" \/>\n<meta property=\"og:description\" content=\"L&#039;association La Colline des frettis accompagne une classe de l&#039;\u00e9cole de Bouill\u00e9-Courdault dans la cr\u00e9ation d&#039;un four de potier gallo-romain.\" \/>\n<meta property=\"og:url\" content=\"https:\/\/www.laligue85.org\/fra\/blog\/2021\/06\/03\/la-colline-des-frettis-creation-dun-four-de-potier-gallo-romain\/\" \/>\n<meta property=\"og:site_name\" content=\"La Ligue de l&#039;Enseignement de Vend\u00e9e\" \/>\n<meta property=\"article:published_time\" content=\"2021-06-03T14:35:26+00:00\" \/>\n<meta property=\"article:modified_time\" content=\"2021-06-04T11:42:24+00:00\" \/>\n<meta property=\"og:image\" content=\"https:\/\/www.laligue85.org\/fra\/wp-content\/uploads\/2021\/06\/Maquettes-four-gallo-romain.jpg\" \/>\n\t<meta property=\"og:image:width\" content=\"2304\" \/>\n\t<meta property=\"og:image:height\" content=\"1536\" \/>\n\t<meta property=\"og:image:type\" content=\"image\/jpeg\" \/>\n<meta name=\"author\" content=\"webreporter\" \/>\n<meta name=\"twitter:card\" content=\"summary_large_image\" \/>\n<meta name=\"twitter:label1\" content=\"\u00c9crit par\" \/>\n\t<meta name=\"twitter:data1\" content=\"webreporter\" \/>\n\t<meta name=\"twitter:label2\" content=\"Dur\u00e9e de lecture estim\u00e9e\" \/>\n\t<meta name=\"twitter:data2\" content=\"6 minutes\" \/>\n<script type=\"application\/ld+json\" class=\"yoast-schema-graph\">{\"@context\":\"https:\/\/schema.org\",\"@graph\":[{\"@type\":\"WebPage\",\"@id\":\"https:\/\/www.laligue85.org\/fra\/blog\/2021\/06\/03\/la-colline-des-frettis-creation-dun-four-de-potier-gallo-romain\/\",\"url\":\"https:\/\/www.laligue85.org\/fra\/blog\/2021\/06\/03\/la-colline-des-frettis-creation-dun-four-de-potier-gallo-romain\/\",\"name\":\"La Colline des frettis : Cr\u00e9ation d'un four de potier gallo-romain - La Ligue de l&#039;Enseignement de Vend\u00e9e\",\"isPartOf\":{\"@id\":\"http:\/\/www.laligue85.org\/fra\/#website\"},\"datePublished\":\"2021-06-03T14:35:26+00:00\",\"dateModified\":\"2021-06-04T11:42:24+00:00\",\"author\":{\"@id\":\"http:\/\/www.laligue85.org\/fra\/#\/schema\/person\/1e7451bdc7326a9d6998c4e6143ef302\"},\"description\":\"L'association La Colline des frettis accompagne une classe de l'\u00e9cole de Bouill\u00e9-Courdault dans la cr\u00e9ation d'un four de potier gallo-romain.\",\"breadcrumb\":{\"@id\":\"https:\/\/www.laligue85.org\/fra\/blog\/2021\/06\/03\/la-colline-des-frettis-creation-dun-four-de-potier-gallo-romain\/#breadcrumb\"},\"inLanguage\":\"fr-FR\",\"potentialAction\":[{\"@type\":\"ReadAction\",\"target\":[\"https:\/\/www.laligue85.org\/fra\/blog\/2021\/06\/03\/la-colline-des-frettis-creation-dun-four-de-potier-gallo-romain\/\"]}]},{\"@type\":\"BreadcrumbList\",\"@id\":\"https:\/\/www.laligue85.org\/fra\/blog\/2021\/06\/03\/la-colline-des-frettis-creation-dun-four-de-potier-gallo-romain\/#breadcrumb\",\"itemListElement\":[{\"@type\":\"ListItem\",\"position\":1,\"name\":\"Accueil\",\"item\":\"http:\/\/www.laligue85.org\/fra\/\"},{\"@type\":\"ListItem\",\"position\":2,\"name\":\"La Colline des frettis : Cr\u00e9ation d&rsquo;un four de potier gallo-romain\"}]},{\"@type\":\"WebSite\",\"@id\":\"http:\/\/www.laligue85.org\/fra\/#website\",\"url\":\"http:\/\/www.laligue85.org\/fra\/\",\"name\":\"La Ligue de l&#039;Enseignement de Vend\u00e9e\",\"description\":\"F\u00e9d\u00e9ration d&#039;\u00e9ducation populaire\",\"potentialAction\":[{\"@type\":\"SearchAction\",\"target\":{\"@type\":\"EntryPoint\",\"urlTemplate\":\"http:\/\/www.laligue85.org\/fra\/?s={search_term_string}\"},\"query-input\":\"required name=search_term_string\"}],\"inLanguage\":\"fr-FR\"},{\"@type\":\"Person\",\"@id\":\"http:\/\/www.laligue85.org\/fra\/#\/schema\/person\/1e7451bdc7326a9d6998c4e6143ef302\",\"name\":\"webreporter\",\"image\":{\"@type\":\"ImageObject\",\"inLanguage\":\"fr-FR\",\"@id\":\"http:\/\/www.laligue85.org\/fra\/#\/schema\/person\/image\/\",\"url\":\"https:\/\/secure.gravatar.com\/avatar\/bb1e730a8d65ed9caef9b25f341b72a8?s=96&d=mm&r=g\",\"contentUrl\":\"https:\/\/secure.gravatar.com\/avatar\/bb1e730a8d65ed9caef9b25f341b72a8?s=96&d=mm&r=g\",\"caption\":\"webreporter\"},\"url\":\"http:\/\/www.laligue85.org\/fra\/blog\/author\/webreporter\/\"}]}<\/script>\n<!-- \/ Yoast SEO plugin. -->","yoast_head_json":{"title":"La Colline des frettis : Cr\u00e9ation d'un four de potier gallo-romain - La Ligue de l&#039;Enseignement de Vend\u00e9e","description":"L'association La Colline des frettis accompagne une classe de l'\u00e9cole de Bouill\u00e9-Courdault dans la cr\u00e9ation d'un four de potier gallo-romain.","robots":{"index":"index","follow":"follow","max-snippet":"max-snippet:-1","max-image-preview":"max-image-preview:large","max-video-preview":"max-video-preview:-1"},"canonical":"https:\/\/www.laligue85.org\/fra\/blog\/2021\/06\/03\/la-colline-des-frettis-creation-dun-four-de-potier-gallo-romain\/","og_locale":"fr_FR","og_type":"article","og_title":"La Colline des frettis : Cr\u00e9ation d'un four de potier gallo-romain - La Ligue de l&#039;Enseignement de Vend\u00e9e","og_description":"L'association La Colline des frettis accompagne une classe de l'\u00e9cole de Bouill\u00e9-Courdault dans la cr\u00e9ation d'un four de potier gallo-romain.","og_url":"https:\/\/www.laligue85.org\/fra\/blog\/2021\/06\/03\/la-colline-des-frettis-creation-dun-four-de-potier-gallo-romain\/","og_site_name":"La Ligue de l&#039;Enseignement de Vend\u00e9e","article_published_time":"2021-06-03T14:35:26+00:00","article_modified_time":"2021-06-04T11:42:24+00:00","og_image":[{"width":2304,"height":1536,"url":"https:\/\/www.laligue85.org\/fra\/wp-content\/uploads\/2021\/06\/Maquettes-four-gallo-romain.jpg","type":"image\/jpeg"}],"author":"webreporter","twitter_card":"summary_large_image","twitter_misc":{"\u00c9crit par":"webreporter","Dur\u00e9e de lecture estim\u00e9e":"6 minutes"},"schema":{"@context":"https:\/\/schema.org","@graph":[{"@type":"WebPage","@id":"https:\/\/www.laligue85.org\/fra\/blog\/2021\/06\/03\/la-colline-des-frettis-creation-dun-four-de-potier-gallo-romain\/","url":"https:\/\/www.laligue85.org\/fra\/blog\/2021\/06\/03\/la-colline-des-frettis-creation-dun-four-de-potier-gallo-romain\/","name":"La Colline des frettis : Cr\u00e9ation d'un four de potier gallo-romain - La Ligue de l&#039;Enseignement de Vend\u00e9e","isPartOf":{"@id":"http:\/\/www.laligue85.org\/fra\/#website"},"datePublished":"2021-06-03T14:35:26+00:00","dateModified":"2021-06-04T11:42:24+00:00","author":{"@id":"http:\/\/www.laligue85.org\/fra\/#\/schema\/person\/1e7451bdc7326a9d6998c4e6143ef302"},"description":"L'association La Colline des frettis accompagne une classe de l'\u00e9cole de Bouill\u00e9-Courdault dans la cr\u00e9ation d'un four de potier gallo-romain.","breadcrumb":{"@id":"https:\/\/www.laligue85.org\/fra\/blog\/2021\/06\/03\/la-colline-des-frettis-creation-dun-four-de-potier-gallo-romain\/#breadcrumb"},"inLanguage":"fr-FR","potentialAction":[{"@type":"ReadAction","target":["https:\/\/www.laligue85.org\/fra\/blog\/2021\/06\/03\/la-colline-des-frettis-creation-dun-four-de-potier-gallo-romain\/"]}]},{"@type":"BreadcrumbList","@id":"https:\/\/www.laligue85.org\/fra\/blog\/2021\/06\/03\/la-colline-des-frettis-creation-dun-four-de-potier-gallo-romain\/#breadcrumb","itemListElement":[{"@type":"ListItem","position":1,"name":"Accueil","item":"http:\/\/www.laligue85.org\/fra\/"},{"@type":"ListItem","position":2,"name":"La Colline des frettis : Cr\u00e9ation d&rsquo;un four de potier gallo-romain"}]},{"@type":"WebSite","@id":"http:\/\/www.laligue85.org\/fra\/#website","url":"http:\/\/www.laligue85.org\/fra\/","name":"La Ligue de l&#039;Enseignement de Vend\u00e9e","description":"F\u00e9d\u00e9ration d&#039;\u00e9ducation populaire","potentialAction":[{"@type":"SearchAction","target":{"@type":"EntryPoint","urlTemplate":"http:\/\/www.laligue85.org\/fra\/?s={search_term_string}"},"query-input":"required name=search_term_string"}],"inLanguage":"fr-FR"},{"@type":"Person","@id":"http:\/\/www.laligue85.org\/fra\/#\/schema\/person\/1e7451bdc7326a9d6998c4e6143ef302","name":"webreporter","image":{"@type":"ImageObject","inLanguage":"fr-FR","@id":"http:\/\/www.laligue85.org\/fra\/#\/schema\/person\/image\/","url":"https:\/\/secure.gravatar.com\/avatar\/bb1e730a8d65ed9caef9b25f341b72a8?s=96&d=mm&r=g","contentUrl":"https:\/\/secure.gravatar.com\/avatar\/bb1e730a8d65ed9caef9b25f341b72a8?s=96&d=mm&r=g","caption":"webreporter"},"url":"http:\/\/www.laligue85.org\/fra\/blog\/author\/webreporter\/"}]}},"jetpack_featured_media_url":"http:\/\/www.laligue85.org\/fra\/wp-content\/uploads\/2021\/06\/Maquettes-four-gallo-romain.jpg","jetpack_shortlink":"https:\/\/wp.me\/p9Chnq-2RC","_links":{"self":[{"href":"http:\/\/www.laligue85.org\/fra\/wp-json\/wp\/v2\/posts\/11012","targetHints":{"allow":["GET"]}}],"collection":[{"href":"http:\/\/www.laligue85.org\/fra\/wp-json\/wp\/v2\/posts"}],"about":[{"href":"http:\/\/www.laligue85.org\/fra\/wp-json\/wp\/v2\/types\/post"}],"author":[{"embeddable":true,"href":"http:\/\/www.laligue85.org\/fra\/wp-json\/wp\/v2\/users\/10"}],"replies":[{"embeddable":true,"href":"http:\/\/www.laligue85.org\/fra\/wp-json\/wp\/v2\/comments?post=11012"}],"version-history":[{"count":33,"href":"http:\/\/www.laligue85.org\/fra\/wp-json\/wp\/v2\/posts\/11012\/revisions"}],"predecessor-version":[{"id":11075,"href":"http:\/\/www.laligue85.org\/fra\/wp-json\/wp\/v2\/posts\/11012\/revisions\/11075"}],"wp:featuredmedia":[{"embeddable":true,"href":"http:\/\/www.laligue85.org\/fra\/wp-json\/wp\/v2\/media\/11024"}],"wp:attachment":[{"href":"http:\/\/www.laligue85.org\/fra\/wp-json\/wp\/v2\/media?parent=11012"}],"wp:term":[{"taxonomy":"category","embeddable":true,"href":"http:\/\/www.laligue85.org\/fra\/wp-json\/wp\/v2\/categories?post=11012"},{"taxonomy":"post_tag","embeddable":true,"href":"http:\/\/www.laligue85.org\/fra\/wp-json\/wp\/v2\/tags?post=11012"}],"curies":[{"name":"wp","href":"https:\/\/api.w.org\/{rel}","templated":true}]}}