{"id":11107,"date":"2021-06-08T16:21:44","date_gmt":"2021-06-08T14:21:44","guid":{"rendered":"http:\/\/www.laligue85.org\/fra\/?p=11107"},"modified":"2021-06-08T16:26:32","modified_gmt":"2021-06-08T14:26:32","slug":"communiques","status":"publish","type":"post","link":"http:\/\/www.laligue85.org\/fra\/blog\/2021\/06\/08\/communiques\/","title":{"rendered":"Communiqu\u00e9s"},"content":{"rendered":"<p>[vc_row css=\u00a0\u00bb.vc_custom_1494328488142{padding-top: 65px !important;padding-bottom: 70px !important;}\u00a0\u00bb][vc_column]<div class=\"special-heading vntd-heading heading-no-border heading-align-center\"style=\"margin-bottom:60px;\"><h3 class=\"special-heading-title\">Prises de positions<\/h3><\/div><div class=\"vntd-carousel-holder vntd-content-element\"><div class=\"vntd-carousel vntd-blog-carousel vntd-blog posts owl-carousel blog-style-boxed blog-boxed_border blog-meta-minimal\" data-dots=\"true\" data-nav=\"false\" data-autoplay=\"true\" data-autoplay-timeout=\"7000\" data-cols=\"3\" data-cols-tablet=\"2\" data-cols-mobile=\"1\" data-margin=\"30\">\t\t\t\n\t\t<div class=\"item post post-holder\">\n\n\t\t\t<div class=\"blog-item-inner\">\n\t\t\t\t\n\t\t\t\t\n\t\t\t\t<div class=\"post-info\">\n\t\t\t\t\n\t\t\t\t\t<h5 class=\"post-title\">\n\t\t\t\t\t\t<a href=\"http:\/\/www.laligue85.org\/fra\/blog\/2024\/06\/25\/communique-commun-de-lobservatoire-vendeen-de-la-laicite-georges-clemenceau-les-familles-laiques-de-vendee-le-carrefour-departemental-de-la-laicite-et-la-ligue-de-lenseignement-de-vendee\/\">\n\t\t\t\t\t\t\tCommuniqu\u00e9 commun de l&rsquo;Observatoire Vend\u00e9en de la La\u00efcit\u00e9 Georges Cl\u00e9menceau, les Familles La\u00efques de Vend\u00e9e, le Carrefour d\u00e9partemental de la la\u00efcit\u00e9 et la Ligue de l&rsquo;enseignement de Vend\u00e9e\t\t\t\t\t\t<\/a>\n\t\t\t\t\t<\/h5>\n\t\t\t\t\t\n\t\t\t\t\t\t\t\n\t\t<ul class=\"post-meta\">\n\t\t\t<li>\n\t\t\t\tBy \n\t\t\t\t<a class=\"meta-value\" href=\"http:\/\/www.laligue85.org\/fra\/blog\/author\/epiveteau\/\">epiveteau<\/a>\n\t\t\t<\/li>\n\t\t\t<li>\n\t\t\t\ton \n\t\t\t\t<span class=\"meta-value\">25 juin 2024<\/span>\n\t\t\t<\/li>\n\t\t<\/ul>\n\t\t\n\t\t\t\t\t\n\t\t\t\t\t<div class=\"post-content post-excerpt\">\n\t\t\t\t\t\t<p><p>Les organisations d\u00e9partementales signataires appellent les \u00e9lectrices et les \u00e9lecteurs vend\u00e9ens \u00e0 apporter massivement...<\/p><a href=\"http:\/\/www.laligue85.org\/fra\/blog\/2024\/06\/25\/communique-commun-de-lobservatoire-vendeen-de-la-laicite-georges-clemenceau-les-familles-laiques-de-vendee-le-carrefour-departemental-de-la-laicite-et-la-ligue-de-lenseignement-de-vendee\/\" class=\"post-more\">Lire la suite<\/a>\t\t\n\t\t\t\t\t<\/div>\n\t\t\t\t\t\t\n\t\t\t\t<\/div>\n\t\t\t<\/div>\n\t\t<\/div>\t\n\t\t\t\t\t\t\t\n\t\t\t\t\t\n\t\t<div class=\"item post post-holder\">\n\n\t\t\t<div class=\"blog-item-inner\">\n\t\t\t\t\n\t\t\t\t\n\t\t\t\t<div class=\"post-info\">\n\t\t\t\t\n\t\t\t\t\t<h5 class=\"post-title\">\n\t\t\t\t\t\t<a href=\"http:\/\/www.laligue85.org\/fra\/blog\/2022\/03\/23\/la-ligue-de-lenseignement-a-lheure-des-elections-presidentielles\/\">\n\t\t\t\t\t\t\tLa Ligue de l\u2019enseignement \u00e0 l\u2019heure des \u00e9lections Pr\u00e9sidentielles\t\t\t\t\t\t<\/a>\n\t\t\t\t\t<\/h5>\n\t\t\t\t\t\n\t\t\t\t\t\t\t\n\t\t<ul class=\"post-meta\">\n\t\t\t<li>\n\t\t\t\tBy \n\t\t\t\t<a class=\"meta-value\" href=\"http:\/\/www.laligue85.org\/fra\/blog\/author\/epiveteau\/\">epiveteau<\/a>\n\t\t\t<\/li>\n\t\t\t<li>\n\t\t\t\ton \n\t\t\t\t<span class=\"meta-value\">23 mars 2022<\/span>\n\t\t\t<\/li>\n\t\t<\/ul>\n\t\t\n\t\t\t\t\t\n\t\t\t\t\t<div class=\"post-content post-excerpt\">\n\t\t\t\t\t\t<p><p>Si en France le vote n\u2019est pas obligatoire, il est consid\u00e9r\u00e9\u00a0 comme un devoir...<\/p><a href=\"http:\/\/www.laligue85.org\/fra\/blog\/2022\/03\/23\/la-ligue-de-lenseignement-a-lheure-des-elections-presidentielles\/\" class=\"post-more\">Lire la suite<\/a>\t\t\n\t\t\t\t\t<\/div>\n\t\t\t\t\t\t\n\t\t\t\t<\/div>\n\t\t\t<\/div>\n\t\t<\/div>\t\n\t\t\t\t\t\t\t\n\t\t\t\t\t\n\t\t<div class=\"item post post-holder\">\n\n\t\t\t<div class=\"blog-item-inner\">\n\t\t\t\t\n\t\t\t\t\n\t\t\t\t<div class=\"post-info\">\n\t\t\t\t\n\t\t\t\t\t<h5 class=\"post-title\">\n\t\t\t\t\t\t<a href=\"http:\/\/www.laligue85.org\/fra\/blog\/2021\/06\/08\/la-ligue-de-lenseignement-des-pays-de-la-loire-fait-28-propositions\/\">\n\t\t\t\t\t\t\tLa Ligue de l\u2019enseignement des Pays de la Loire fait 28 propositions\t\t\t\t\t\t<\/a>\n\t\t\t\t\t<\/h5>\n\t\t\t\t\t\n\t\t\t\t\t\t\t\n\t\t<ul class=\"post-meta\">\n\t\t\t<li>\n\t\t\t\tBy \n\t\t\t\t<a class=\"meta-value\" href=\"http:\/\/www.laligue85.org\/fra\/blog\/author\/epiveteau\/\">epiveteau<\/a>\n\t\t\t<\/li>\n\t\t\t<li>\n\t\t\t\ton \n\t\t\t\t<span class=\"meta-value\">8 juin 2021<\/span>\n\t\t\t<\/li>\n\t\t<\/ul>\n\t\t\n\t\t\t\t\t\n\t\t\t\t\t<div class=\"post-content post-excerpt\">\n\t\t\t\t\t\t<p><p>Dans le cadre des \u00e9lections r\u00e9gionales, la Ligue de l\u2019enseignement des Pays de la...<\/p><a href=\"http:\/\/www.laligue85.org\/fra\/blog\/2021\/06\/08\/la-ligue-de-lenseignement-des-pays-de-la-loire-fait-28-propositions\/\" class=\"post-more\">Lire la suite<\/a>\t\t\n\t\t\t\t\t<\/div>\n\t\t\t\t\t\t\n\t\t\t\t<\/div>\n\t\t\t<\/div>\n\t\t<\/div>\t\n\t\t\t\t\t\t\t\n\t\t\t\t\t\n\t\t<div class=\"item post post-holder\">\n\n\t\t\t<div class=\"blog-item-inner\">\n\t\t\t\t\n\t\t\t\t\n\t\t\t\t<div class=\"post-info\">\n\t\t\t\t\n\t\t\t\t\t<h5 class=\"post-title\">\n\t\t\t\t\t\t<a href=\"http:\/\/www.laligue85.org\/fra\/blog\/2020\/11\/30\/vendee-liberte-laicite\/\">\n\t\t\t\t\t\t\tVend\u00e9e &#8211; Libert\u00e9 &#8211; La\u00efcit\u00e9\t\t\t\t\t\t<\/a>\n\t\t\t\t\t<\/h5>\n\t\t\t\t\t\n\t\t\t\t\t\t\t\n\t\t<ul class=\"post-meta\">\n\t\t\t<li>\n\t\t\t\tBy \n\t\t\t\t<a class=\"meta-value\" href=\"http:\/\/www.laligue85.org\/fra\/blog\/author\/epiveteau\/\">epiveteau<\/a>\n\t\t\t<\/li>\n\t\t\t<li>\n\t\t\t\ton \n\t\t\t\t<span class=\"meta-value\">30 novembre 2020<\/span>\n\t\t\t<\/li>\n\t\t<\/ul>\n\t\t\n\t\t\t\t\t\n\t\t\t\t\t<div class=\"post-content post-excerpt\">\n\t\t\t\t\t\t<p><h4>Soir\u00e9e discussion \u00e9change<\/h4>\n<p><img loading=\"lazy\" decoding=\"async\" class=\" wp-image-10611 alignleft\" src=\"http:\/\/www.laligue85.org\/fra\/wp-content\/uploads\/2020\/12\/9122021-echange-212x300.jpg\" alt=\"\" width=\"170\" height=\"241\" \/>Dans le...<\/p><a href=\"http:\/\/www.laligue85.org\/fra\/blog\/2020\/11\/30\/vendee-liberte-laicite\/\" class=\"post-more\">Lire la suite<\/a>\t\t\n\t\t\t\t\t<\/div>\n\t\t\t\t\t\t\n\t\t\t\t<\/div>\n\t\t\t<\/div>\n\t\t<\/div>\t\n\t\t\t\t\t\t\t\n\t\t\t\t\t\n\t\t<div class=\"item post post-holder\">\n\n\t\t\t<div class=\"blog-item-inner\">\n\t\t\t\t\n\t\t\t\t\n\t\t\t\t<div class=\"post-info\">\n\t\t\t\t\n\t\t\t\t\t<h5 class=\"post-title\">\n\t\t\t\t\t\t<a href=\"http:\/\/www.laligue85.org\/fra\/blog\/2020\/11\/03\/en-finir-avec-les-idees-fausses-sur-la-laicite\/\">\n\t\t\t\t\t\t\t\u00ab\u00a0En finir avec les id\u00e9es fausses sur la la\u00efcit\u00e9\u00a0\u00bb\t\t\t\t\t\t<\/a>\n\t\t\t\t\t<\/h5>\n\t\t\t\t\t\n\t\t\t\t\t\t\t\n\t\t<ul class=\"post-meta\">\n\t\t\t<li>\n\t\t\t\tBy \n\t\t\t\t<a class=\"meta-value\" href=\"http:\/\/www.laligue85.org\/fra\/blog\/author\/epiveteau\/\">epiveteau<\/a>\n\t\t\t<\/li>\n\t\t\t<li>\n\t\t\t\ton \n\t\t\t\t<span class=\"meta-value\">3 novembre 2020<\/span>\n\t\t\t<\/li>\n\t\t<\/ul>\n\t\t\n\t\t\t\t\t\n\t\t\t\t\t<div class=\"post-content post-excerpt\">\n\t\t\t\t\t\t<p><p><em>La la\u00efcit\u00e9, qu\u2019est-ce que c\u2019est ? Comment s\u2019applique-t-elle ? Qu\u2019est-ce qui est autoris\u00e9 et...<\/p><a href=\"http:\/\/www.laligue85.org\/fra\/blog\/2020\/11\/03\/en-finir-avec-les-idees-fausses-sur-la-laicite\/\" class=\"post-more\">Lire la suite<\/a>\t\t\n\t\t\t\t\t<\/div>\n\t\t\t\t\t\t\n\t\t\t\t<\/div>\n\t\t\t<\/div>\n\t\t<\/div>\t\n\t\t\t\t\t\t\t\n\t\t\t\t\t\n\t\t<div class=\"item post post-holder\">\n\n\t\t\t<div class=\"blog-item-inner\">\n\t\t\t\t\n\t\t\t\t\n\t\t\t\t<div class=\"post-info\">\n\t\t\t\t\n\t\t\t\t\t<h5 class=\"post-title\">\n\t\t\t\t\t\t<a href=\"http:\/\/www.laligue85.org\/fra\/blog\/2020\/10\/19\/communique-attentat-samuel-paty\/\">\n\t\t\t\t\t\t\tCommuniqu\u00e9 attentat Samuel Paty\t\t\t\t\t\t<\/a>\n\t\t\t\t\t<\/h5>\n\t\t\t\t\t\n\t\t\t\t\t\t\t\n\t\t<ul class=\"post-meta\">\n\t\t\t<li>\n\t\t\t\tBy \n\t\t\t\t<a class=\"meta-value\" href=\"http:\/\/www.laligue85.org\/fra\/blog\/author\/epiveteau\/\">epiveteau<\/a>\n\t\t\t<\/li>\n\t\t\t<li>\n\t\t\t\ton \n\t\t\t\t<span class=\"meta-value\">19 octobre 2020<\/span>\n\t\t\t<\/li>\n\t\t<\/ul>\n\t\t\n\t\t\t\t\t\n\t\t\t\t\t<div class=\"post-content post-excerpt\">\n\t\t\t\t\t\t<p><p><em>Dans chaque commune de Vend\u00e9e l&rsquo;Ecole publique et la\u00efque est une obligation de la...<\/p><a href=\"http:\/\/www.laligue85.org\/fra\/blog\/2020\/10\/19\/communique-attentat-samuel-paty\/\" class=\"post-more\">Lire la suite<\/a>\t\t\n\t\t\t\t\t<\/div>\n\t\t\t\t\t\t\n\t\t\t\t<\/div>\n\t\t\t<\/div>\n\t\t<\/div>\t\n\t\t\t\t\t\t\t\n\t\t\t\t\t\n\t\t<div class=\"item post post-holder\">\n\n\t\t\t<div class=\"blog-item-inner\">\n\t\t\t\t\n\t\t\t\t\n\t\t\t\t<div class=\"post-info\">\n\t\t\t\t\n\t\t\t\t\t<h5 class=\"post-title\">\n\t\t\t\t\t\t<a href=\"http:\/\/www.laligue85.org\/fra\/blog\/2020\/01\/15\/pacte-du-pouvoir-de-vivre\/\">\n\t\t\t\t\t\t\tPacte du pouvoir de vivre\t\t\t\t\t\t<\/a>\n\t\t\t\t\t<\/h5>\n\t\t\t\t\t\n\t\t\t\t\t\t\t\n\t\t<ul class=\"post-meta\">\n\t\t\t<li>\n\t\t\t\tBy \n\t\t\t\t<a class=\"meta-value\" href=\"http:\/\/www.laligue85.org\/fra\/blog\/author\/epiveteau\/\">epiveteau<\/a>\n\t\t\t<\/li>\n\t\t\t<li>\n\t\t\t\ton \n\t\t\t\t<span class=\"meta-value\">15 janvier 2020<\/span>\n\t\t\t<\/li>\n\t\t<\/ul>\n\t\t\n\t\t\t\t\t\n\t\t\t\t\t<div class=\"post-content post-excerpt\">\n\t\t\t\t\t\t<p><p>[vc_row][vc_column][vc_column_text]<\/p>\n<p>&nbsp;<\/p>\n<p><strong>Alors que la soci\u00e9t\u00e9 civile organis\u00e9e peine \u00e0 se faire entendre par le gouvernement...<\/p><a href=\"http:\/\/www.laligue85.org\/fra\/blog\/2020\/01\/15\/pacte-du-pouvoir-de-vivre\/\" class=\"post-more\">Lire la suite<\/a>\t\t\n\t\t\t\t\t<\/div>\n\t\t\t\t\t\t\n\t\t\t\t<\/div>\n\t\t\t<\/div>\n\t\t<\/div>\t\n\t\t\t\t\t\t\t\n\t\t\t\t\t\n\t\t<div class=\"item post post-holder\">\n\n\t\t\t<div class=\"blog-item-inner\">\n\t\t\t\t\n\t\t\t\t\n\t\t\t\t<div class=\"post-info\">\n\t\t\t\t\n\t\t\t\t\t<h5 class=\"post-title\">\n\t\t\t\t\t\t<a href=\"http:\/\/www.laligue85.org\/fra\/blog\/2019\/12\/11\/laicite-appel-du-9-decembre-2019\/\">\n\t\t\t\t\t\t\tLa\u00efcit\u00e9. Appel du 9 d\u00e9cembre 2019\t\t\t\t\t\t<\/a>\n\t\t\t\t\t<\/h5>\n\t\t\t\t\t\n\t\t\t\t\t\t\t\n\t\t<ul class=\"post-meta\">\n\t\t\t<li>\n\t\t\t\tBy \n\t\t\t\t<a class=\"meta-value\" href=\"http:\/\/www.laligue85.org\/fra\/blog\/author\/epiveteau\/\">epiveteau<\/a>\n\t\t\t<\/li>\n\t\t\t<li>\n\t\t\t\ton \n\t\t\t\t<span class=\"meta-value\">11 d\u00e9cembre 2019<\/span>\n\t\t\t<\/li>\n\t\t<\/ul>\n\t\t\n\t\t\t\t\t\n\t\t\t\t\t<div class=\"post-content post-excerpt\">\n\t\t\t\t\t\t<p><p><strong><em>Texte de la Ligue des droits de l\u2019Homme, de la Ligue de l\u2019enseignement et...<\/p><a href=\"http:\/\/www.laligue85.org\/fra\/blog\/2019\/12\/11\/laicite-appel-du-9-decembre-2019\/\" class=\"post-more\">Lire la suite<\/a>\t\t\n\t\t\t\t\t<\/div>\n\t\t\t\t\t\t\n\t\t\t\t<\/div>\n\t\t\t<\/div>\n\t\t<\/div>\t\n\t\t\t\t\t\t\t\n\t\t<\/div><\/div>[\/vc_column][\/vc_row]<\/p>\n","protected":false},"excerpt":{"rendered":"<p><strong><em>Texte de la Ligue des droits de l\u2019Homme, de la Ligue de l\u2019enseignement et de la Libre pens\u00e9e &#8211; diffus\u00e9 le 9 d\u00e9cembre 2019 en Vend\u00e9e lors des semaines de la la\u00efcit\u00e9 et de la soir\u00e9e d\u00e9di\u00e9e \u00e0 La Roche-sur-Yon en pr\u00e9sence de La Ligue de l&rsquo;enseignement de Vend\u00e9e, La Ligue des droits de l&rsquo;Homme de La Roche-sur-Yon, La Libre Pens\u00e9e 85, Familles La\u00efques du pays des Achards, les DDEN, l&rsquo;Observatoire Vend\u00e9en de la la\u00efcit\u00e9 Georges Cl\u00e9menceau.<br \/>\n<\/em><\/strong><\/p>\n<p>Notre inqui\u00e9tude est grande. Depuis maintenant de trop nombreuses ann\u00e9es, la la\u00efcit\u00e9 est l\u2019objet de remises en cause qui en faussent le sens et la port\u00e9e.&hellip;<\/p>","protected":false},"author":2,"featured_media":0,"comment_status":"closed","ping_status":"open","sticky":false,"template":"","format":"standard","meta":{"jetpack_post_was_ever_published":false,"footnotes":"","jetpack_publicize_message":"","jetpack_is_tweetstorm":false,"jetpack_publicize_feature_enabled":true,"jetpack_social_post_already_shared":true,"jetpack_social_options":[]},"categories":[1],"tags":[],"class_list":["post-11107","post","type-post","status-publish","format-standard","hentry","category-non-classe"],"jetpack_publicize_connections":[],"yoast_head":"<!-- This site is optimized with the Yoast SEO plugin v20.0 - https:\/\/yoast.com\/wordpress\/plugins\/seo\/ -->\n<title>Communiqu\u00e9s - La Ligue de l&#039;Enseignement de Vend\u00e9e<\/title>\n<meta name=\"robots\" content=\"index, follow, max-snippet:-1, max-image-preview:large, max-video-preview:-1\" \/>\n<link rel=\"canonical\" href=\"http:\/\/www.laligue85.org\/fra\/blog\/2021\/06\/08\/communiques\/\" \/>\n<meta property=\"og:locale\" content=\"fr_FR\" \/>\n<meta property=\"og:type\" content=\"article\" \/>\n<meta property=\"og:title\" content=\"Communiqu\u00e9s - La Ligue de l&#039;Enseignement de Vend\u00e9e\" \/>\n<meta property=\"og:description\" content=\"Texte de la Ligue des droits de l\u2019Homme, de la Ligue de l\u2019enseignement et de la Libre pens\u00e9e &#8211; diffus\u00e9 le 9 d\u00e9cembre 2019 en Vend\u00e9e lors des semaines de la la\u00efcit\u00e9 et de la soir\u00e9e d\u00e9di\u00e9e \u00e0 La Roche-sur-Yon en pr\u00e9sence de La Ligue de l&rsquo;enseignement de Vend\u00e9e, La Ligue des droits de l&rsquo;Homme de La Roche-sur-Yon, La Libre Pens\u00e9e 85, Familles La\u00efques du pays des Achards, les DDEN, l&rsquo;Observatoire Vend\u00e9en de la la\u00efcit\u00e9 Georges Cl\u00e9menceau. Notre inqui\u00e9tude est grande. Depuis maintenant de trop nombreuses ann\u00e9es, la la\u00efcit\u00e9 est l\u2019objet de remises en cause qui en faussent le sens et la port\u00e9e.&hellip;\" \/>\n<meta property=\"og:url\" content=\"http:\/\/www.laligue85.org\/fra\/blog\/2021\/06\/08\/communiques\/\" \/>\n<meta property=\"og:site_name\" content=\"La Ligue de l&#039;Enseignement de Vend\u00e9e\" \/>\n<meta property=\"article:published_time\" content=\"2021-06-08T14:21:44+00:00\" \/>\n<meta property=\"article:modified_time\" content=\"2021-06-08T14:26:32+00:00\" \/>\n<meta name=\"author\" content=\"epiveteau\" \/>\n<meta name=\"twitter:card\" content=\"summary_large_image\" \/>\n<meta name=\"twitter:label1\" content=\"\u00c9crit par\" \/>\n\t<meta name=\"twitter:data1\" content=\"epiveteau\" \/>\n<script type=\"application\/ld+json\" class=\"yoast-schema-graph\">{\"@context\":\"https:\/\/schema.org\",\"@graph\":[{\"@type\":\"WebPage\",\"@id\":\"http:\/\/www.laligue85.org\/fra\/blog\/2021\/06\/08\/communiques\/\",\"url\":\"http:\/\/www.laligue85.org\/fra\/blog\/2021\/06\/08\/communiques\/\",\"name\":\"Communiqu\u00e9s - La Ligue de l&#039;Enseignement de Vend\u00e9e\",\"isPartOf\":{\"@id\":\"http:\/\/www.laligue85.org\/fra\/#website\"},\"datePublished\":\"2021-06-08T14:21:44+00:00\",\"dateModified\":\"2021-06-08T14:26:32+00:00\",\"author\":{\"@id\":\"http:\/\/www.laligue85.org\/fra\/#\/schema\/person\/45271b6e75b5943f21d354872a5c1a2e\"},\"breadcrumb\":{\"@id\":\"http:\/\/www.laligue85.org\/fra\/blog\/2021\/06\/08\/communiques\/#breadcrumb\"},\"inLanguage\":\"fr-FR\",\"potentialAction\":[{\"@type\":\"ReadAction\",\"target\":[\"http:\/\/www.laligue85.org\/fra\/blog\/2021\/06\/08\/communiques\/\"]}]},{\"@type\":\"BreadcrumbList\",\"@id\":\"http:\/\/www.laligue85.org\/fra\/blog\/2021\/06\/08\/communiques\/#breadcrumb\",\"itemListElement\":[{\"@type\":\"ListItem\",\"position\":1,\"name\":\"Accueil\",\"item\":\"http:\/\/www.laligue85.org\/fra\/\"},{\"@type\":\"ListItem\",\"position\":2,\"name\":\"Communiqu\u00e9s\"}]},{\"@type\":\"WebSite\",\"@id\":\"http:\/\/www.laligue85.org\/fra\/#website\",\"url\":\"http:\/\/www.laligue85.org\/fra\/\",\"name\":\"La Ligue de l&#039;Enseignement de Vend\u00e9e\",\"description\":\"F\u00e9d\u00e9ration d&#039;\u00e9ducation populaire\",\"potentialAction\":[{\"@type\":\"SearchAction\",\"target\":{\"@type\":\"EntryPoint\",\"urlTemplate\":\"http:\/\/www.laligue85.org\/fra\/?s={search_term_string}\"},\"query-input\":\"required name=search_term_string\"}],\"inLanguage\":\"fr-FR\"},{\"@type\":\"Person\",\"@id\":\"http:\/\/www.laligue85.org\/fra\/#\/schema\/person\/45271b6e75b5943f21d354872a5c1a2e\",\"name\":\"epiveteau\",\"image\":{\"@type\":\"ImageObject\",\"inLanguage\":\"fr-FR\",\"@id\":\"http:\/\/www.laligue85.org\/fra\/#\/schema\/person\/image\/\",\"url\":\"https:\/\/secure.gravatar.com\/avatar\/7fedac7ddc713994f9815c37f877ecb7?s=96&d=mm&r=g\",\"contentUrl\":\"https:\/\/secure.gravatar.com\/avatar\/7fedac7ddc713994f9815c37f877ecb7?s=96&d=mm&r=g\",\"caption\":\"epiveteau\"},\"url\":\"http:\/\/www.laligue85.org\/fra\/blog\/author\/epiveteau\/\"}]}<\/script>\n<!-- \/ Yoast SEO plugin. -->","yoast_head_json":{"title":"Communiqu\u00e9s - La Ligue de l&#039;Enseignement de Vend\u00e9e","robots":{"index":"index","follow":"follow","max-snippet":"max-snippet:-1","max-image-preview":"max-image-preview:large","max-video-preview":"max-video-preview:-1"},"canonical":"http:\/\/www.laligue85.org\/fra\/blog\/2021\/06\/08\/communiques\/","og_locale":"fr_FR","og_type":"article","og_title":"Communiqu\u00e9s - La Ligue de l&#039;Enseignement de Vend\u00e9e","og_description":"Texte de la Ligue des droits de l\u2019Homme, de la Ligue de l\u2019enseignement et de la Libre pens\u00e9e &#8211; diffus\u00e9 le 9 d\u00e9cembre 2019 en Vend\u00e9e lors des semaines de la la\u00efcit\u00e9 et de la soir\u00e9e d\u00e9di\u00e9e \u00e0 La Roche-sur-Yon en pr\u00e9sence de La Ligue de l&rsquo;enseignement de Vend\u00e9e, La Ligue des droits de l&rsquo;Homme de La Roche-sur-Yon, La Libre Pens\u00e9e 85, Familles La\u00efques du pays des Achards, les DDEN, l&rsquo;Observatoire Vend\u00e9en de la la\u00efcit\u00e9 Georges Cl\u00e9menceau. Notre inqui\u00e9tude est grande. Depuis maintenant de trop nombreuses ann\u00e9es, la la\u00efcit\u00e9 est l\u2019objet de remises en cause qui en faussent le sens et la port\u00e9e.&hellip;","og_url":"http:\/\/www.laligue85.org\/fra\/blog\/2021\/06\/08\/communiques\/","og_site_name":"La Ligue de l&#039;Enseignement de Vend\u00e9e","article_published_time":"2021-06-08T14:21:44+00:00","article_modified_time":"2021-06-08T14:26:32+00:00","author":"epiveteau","twitter_card":"summary_large_image","twitter_misc":{"\u00c9crit par":"epiveteau"},"schema":{"@context":"https:\/\/schema.org","@graph":[{"@type":"WebPage","@id":"http:\/\/www.laligue85.org\/fra\/blog\/2021\/06\/08\/communiques\/","url":"http:\/\/www.laligue85.org\/fra\/blog\/2021\/06\/08\/communiques\/","name":"Communiqu\u00e9s - La Ligue de l&#039;Enseignement de Vend\u00e9e","isPartOf":{"@id":"http:\/\/www.laligue85.org\/fra\/#website"},"datePublished":"2021-06-08T14:21:44+00:00","dateModified":"2021-06-08T14:26:32+00:00","author":{"@id":"http:\/\/www.laligue85.org\/fra\/#\/schema\/person\/45271b6e75b5943f21d354872a5c1a2e"},"breadcrumb":{"@id":"http:\/\/www.laligue85.org\/fra\/blog\/2021\/06\/08\/communiques\/#breadcrumb"},"inLanguage":"fr-FR","potentialAction":[{"@type":"ReadAction","target":["http:\/\/www.laligue85.org\/fra\/blog\/2021\/06\/08\/communiques\/"]}]},{"@type":"BreadcrumbList","@id":"http:\/\/www.laligue85.org\/fra\/blog\/2021\/06\/08\/communiques\/#breadcrumb","itemListElement":[{"@type":"ListItem","position":1,"name":"Accueil","item":"http:\/\/www.laligue85.org\/fra\/"},{"@type":"ListItem","position":2,"name":"Communiqu\u00e9s"}]},{"@type":"WebSite","@id":"http:\/\/www.laligue85.org\/fra\/#website","url":"http:\/\/www.laligue85.org\/fra\/","name":"La Ligue de l&#039;Enseignement de Vend\u00e9e","description":"F\u00e9d\u00e9ration d&#039;\u00e9ducation populaire","potentialAction":[{"@type":"SearchAction","target":{"@type":"EntryPoint","urlTemplate":"http:\/\/www.laligue85.org\/fra\/?s={search_term_string}"},"query-input":"required name=search_term_string"}],"inLanguage":"fr-FR"},{"@type":"Person","@id":"http:\/\/www.laligue85.org\/fra\/#\/schema\/person\/45271b6e75b5943f21d354872a5c1a2e","name":"epiveteau","image":{"@type":"ImageObject","inLanguage":"fr-FR","@id":"http:\/\/www.laligue85.org\/fra\/#\/schema\/person\/image\/","url":"https:\/\/secure.gravatar.com\/avatar\/7fedac7ddc713994f9815c37f877ecb7?s=96&d=mm&r=g","contentUrl":"https:\/\/secure.gravatar.com\/avatar\/7fedac7ddc713994f9815c37f877ecb7?s=96&d=mm&r=g","caption":"epiveteau"},"url":"http:\/\/www.laligue85.org\/fra\/blog\/author\/epiveteau\/"}]}},"jetpack_featured_media_url":"","jetpack_shortlink":"https:\/\/wp.me\/p9Chnq-2T9","_links":{"self":[{"href":"http:\/\/www.laligue85.org\/fra\/wp-json\/wp\/v2\/posts\/11107","targetHints":{"allow":["GET"]}}],"collection":[{"href":"http:\/\/www.laligue85.org\/fra\/wp-json\/wp\/v2\/posts"}],"about":[{"href":"http:\/\/www.laligue85.org\/fra\/wp-json\/wp\/v2\/types\/post"}],"author":[{"embeddable":true,"href":"http:\/\/www.laligue85.org\/fra\/wp-json\/wp\/v2\/users\/2"}],"replies":[{"embeddable":true,"href":"http:\/\/www.laligue85.org\/fra\/wp-json\/wp\/v2\/comments?post=11107"}],"version-history":[{"count":1,"href":"http:\/\/www.laligue85.org\/fra\/wp-json\/wp\/v2\/posts\/11107\/revisions"}],"predecessor-version":[{"id":11108,"href":"http:\/\/www.laligue85.org\/fra\/wp-json\/wp\/v2\/posts\/11107\/revisions\/11108"}],"wp:attachment":[{"href":"http:\/\/www.laligue85.org\/fra\/wp-json\/wp\/v2\/media?parent=11107"}],"wp:term":[{"taxonomy":"category","embeddable":true,"href":"http:\/\/www.laligue85.org\/fra\/wp-json\/wp\/v2\/categories?post=11107"},{"taxonomy":"post_tag","embeddable":true,"href":"http:\/\/www.laligue85.org\/fra\/wp-json\/wp\/v2\/tags?post=11107"}],"curies":[{"name":"wp","href":"https:\/\/api.w.org\/{rel}","templated":true}]}}