{"id":11685,"date":"2022-02-14T17:45:22","date_gmt":"2022-02-14T16:45:22","guid":{"rendered":"https:\/\/www.laligue85.org\/fra\/?p=11685"},"modified":"2022-02-17T16:19:03","modified_gmt":"2022-02-17T15:19:03","slug":"formation-civique-et-citoyenne","status":"publish","type":"post","link":"http:\/\/www.laligue85.org\/fra\/blog\/2022\/02\/14\/formation-civique-et-citoyenne\/","title":{"rendered":"Formation civique et citoyenne"},"content":{"rendered":"<p>[vc_row][vc_column][vc_column_text]Au cours de sa mission de service civique, chaque volontaire doit suivre obligatoirement une formation civique et citoyenne. Celle-ci est recommand\u00e9e durant les 3 premiers mois. Chaque structure d\u2019accueil est inform\u00e9e des dates afin d\u2019y inscrire son ou ses volontaires.<\/p>\n<p>La Ligue de l\u2019Enseignement \u2013 F.O.L Vend\u00e9e ouvre ses sessions \u00e0 son si\u00e8ge de La Roche-sur-Yon pour l\u2019ensemble des jeunes volontaires du d\u00e9partement.<\/p>\n<p>La formation dure 2 jours. Elle permet de sensibiliser les jeunes aux enjeux de la citoyennet\u00e9. Durant ses journ\u00e9es, ils se rencontrent, \u00e9changent, discutent entre eux sur de nombreux sujets.<\/p>\n<p>La formation pratique comprend une formation PSC1 pr\u00e9vention et secours civiques. C\u2019est une formation de base aux gestes de premiers secours en France. Durant une journ\u00e9e, les jeunes apprennent \u00e0 bien agir face aux situations de la vie quotidienne.[\/vc_column_text][\/vc_column][\/vc_row][vc_row equal_height=\u00a0\u00bbyes\u00a0\u00bb content_placement=\u00a0\u00bbmiddle\u00a0\u00bb css=\u00a0\u00bb.vc_custom_1493822310034{padding-top: 90px !important;padding-bottom: 90px !important;}\u00a0\u00bb][vc_column width=\u00a0\u00bb1\/2&Prime; col_padding=\u00a0\u00bb2&Prime; col_padding_side=\u00a0\u00bbright\u00a0\u00bb][vc_column_text font_size=\u00a0\u00bbmedium\u00a0\u00bb]<\/p>\n<h3>Accueillir et former les jeunes<\/h3>\n<p class=\"western\" align=\"justify\">Les volontaires accueillis doivent b\u00e9n\u00e9ficier d\u2019un cadre structurant facilitant la mise en \u0153uvre de leur mission et d\u2019une formation civique et citoyenne obligatoire.<\/p>\n<p>La Ligue de l\u2019Enseignement met en place un dispositif de formation inscrit dans une d\u00e9marche d\u2019\u00e9ducation populaire. Respectueux de la place des acteurs et en coh\u00e9rence avec les obligations d\u2019accueil des volontaires. Ces formations s\u2019appuient tant sur les \u00e9changes d\u2019exp\u00e9riences que sur l\u2019apport de connaissances.[\/vc_column_text][vc_column_text font_size=\u00a0\u00bbmedium\u00a0\u00bb]<\/p>\n<h3>Les objectifs de la formation<\/h3>\n<ul>\n<li>Rencontrer d\u2019autres volontaires, pouvoir \u00e9changer sur ses missions, son parcours, son projet professionnel<\/li>\n<li>Informer sur le service civique et le statut particulier du volontaire pour pouvoir effectuer sa mission dans les meilleures conditions<\/li>\n<li>Engager une r\u00e9flexion sur les enjeux de la citoyennet\u00e9 en abordant diverses th\u00e9matiques pour devenir des citoyens.nes actifs.ves et responsables<\/li>\n<li>Donner les cl\u00e9s et les outils essentiels pour s\u2019engager pleinement dans la mission<\/li>\n<li>Pr\u00e9parer \u00e0 l\u2019apr\u00e8s service civique (reprise d\u2019\u00e9tudes, postes vis\u00e9s\u2026)<\/li>\n<\/ul>\n<p>[\/vc_column_text]<div class=\"wpb_content_element\"><div class=\"wpb_wrapper\"><div class=\"vntd-separator separator-color-default\"><\/div><\/div><\/div>[vc_column_text][\/vc_column_text][\/vc_column][vc_column width=\u00a0\u00bb1\/2&Prime; col_padding=\u00a0\u00bb2&Prime; col_padding_side=\u00a0\u00bbleft\u00a0\u00bb][vc_single_image image=\u00a0\u00bb11689&Prime; img_size=\u00a0\u00bb1000&#215;600&Prime; css_animation=\u00a0\u00bbnone\u00a0\u00bb css=\u00a0\u00bb.vc_custom_1645110136813{margin-bottom: 0px !important;}\u00a0\u00bb][\/vc_column][\/vc_row][vc_row][vc_column][vc_column_text]<\/p>\n<h5>Au programme<\/h5>\n<p>Les programmes sont diff\u00e9rents selon les sessions et les intervenants. Les th\u00e9matiques suivantes sont abord\u00e9es :<\/p>\n<ul>\n<li>Le statut du service civique, les droits et devoirs, comment valoriser son engagement apr\u00e8s le service civique<\/li>\n<li>Des r\u00e9flexions autour de la lutte contre les discriminations, st\u00e9r\u00e9otypes et pr\u00e9jug\u00e9s<\/li>\n<li>Des d\u00e9bats mouvants en lien avec les nouvelles technologies et les \u00e9lections pr\u00e9sidentielles par exemple<\/li>\n<li>Une \u00e9ducation aux m\u00e9dias<\/li>\n<li>L\u2019explication du principe de la\u00efcit\u00e9<\/li>\n<\/ul>\n<p>Les contenus des formations civiques et citoyennes sont accessibles \u00e0 tous les volontaires, quelque soit leurs profils et parcours. La formation civique et citoyenne constitue avant tout une opportunit\u00e9 pour les jeunes volontaires, de se rassembler, dans toute leur diversit\u00e9, pour \u00e9changer, d\u00e9battre, d\u00e9velopper ou exprimer leur citoyennet\u00e9, autour des grands enjeux de soci\u00e9t\u00e9 et des questions d\u2019actualit\u00e9.[\/vc_column_text][\/vc_column][\/vc_row][vc_row equal_height=\u00a0\u00bbyes\u00a0\u00bb content_placement=\u00a0\u00bbmiddle\u00a0\u00bb css=\u00a0\u00bb.vc_custom_1493822310034{padding-top: 90px !important;padding-bottom: 90px !important;}\u00a0\u00bb][vc_column width=\u00a0\u00bb1\/2&Prime; col_padding=\u00a0\u00bb2&Prime; col_padding_side=\u00a0\u00bbright\u00a0\u00bb][vc_column_text font_size=\u00a0\u00bbmedium\u00a0\u00bb]<\/p>\n<h3>La formation premiers secours (PSC1)<\/h3>\n<p>Les volontaires engag\u00e9s dans une mission de service civique participent \u00e0 la formation PSC1. Prise en charge par l\u2019Agence nationale du service civique. Le PSC1 permet aux volontaires d\u2019\u00eatre inform\u00e9s sur les diff\u00e9rents gestes \u00e0 effectuer face \u00e0 une personne victime d\u2019un accident. Mais \u00e9galement, sur la mani\u00e8re d\u2019examiner la victime et les gestes \u00e0 effectuer jusqu\u2019\u00e0 l\u2019arriv\u00e9e des secours. Cette formation est assur\u00e9e par l\u2019<a href=\"http:\/\/www.cd.ufolep.org\/vendee\/vendee_a\/cms\/index_public.php?us_action=show_note_site&amp;login_off=1&amp;ui_id_site=1\">UFOLEP<\/a> en tant qu\u2019organisme agr\u00e9\u00e9.<\/p>\n<h3>La formation num\u00e9rique<\/h3>\n<p>Pour accompagner les volontaires dans leurs pratiques au sein des structures, la Ligue de l\u2019Enseignement propose des modules d\u00e9di\u00e9s aux volontaires engag\u00e9s sur des missions alliant communication, num\u00e9rique et accompagnement des b\u00e9n\u00e9voles. Les modules vont de l\u2019utilisation des r\u00e9seaux sociaux en passant par la PAO, la vid\u00e9o et la cr\u00e9ation d\u2019un site internet. Conscients des enjeux et des moyens, les logiciels libres et gratuits sont mis en avant par les formateurs.[\/vc_column_text]<div class=\"wpb_content_element\"><div class=\"wpb_wrapper\"><div class=\"vntd-separator separator-color-default\"><\/div><\/div><\/div>[vc_column_text][\/vc_column_text][\/vc_column][vc_column width=\u00a0\u00bb1\/2&Prime; col_padding=\u00a0\u00bb2&Prime; col_padding_side=\u00a0\u00bbleft\u00a0\u00bb][vc_single_image image=\u00a0\u00bb11690&Prime; img_size=\u00a0\u00bb700&#215;600&Prime; css_animation=\u00a0\u00bbnone\u00a0\u00bb css=\u00a0\u00bb.vc_custom_1644857638419{margin-bottom: 0px !important;}\u00a0\u00bb][\/vc_column][\/vc_row][vc_row][vc_column][vc_column_text]<\/p>\n<blockquote><p>J\u2019ai trouv\u00e9 la formation civique et citoyenne tr\u00e8s int\u00e9ressante, notamment les informations donn\u00e9es sur les droits du volontaire. La formation permet de rencontrer d\u2019autres jeunes \u00e9galement en service civique mais avec des missions bien diff\u00e9rentes. <strong> \u2013 Donovan<\/strong><\/p><\/blockquote>\n<blockquote><p>Ce que j\u2019ai le plus appr\u00e9ci\u00e9, ce sont les travaux de groupes qui ont permis la communications entre les volontaires. J\u2019ai pass\u00e9 un tr\u00e8s bon moment, la formation \u00e9tait int\u00e9ressante. Elle nous a permis de partager et d\u2019\u00e9changer autour de th\u00e8mes divers et vari\u00e9s. \u2013 <strong>Alph\u00e9na <\/strong><\/p><\/blockquote>\n<blockquote><p>C\u2019est une formation indispensable qui nous permet d\u2019apprendre de nouvelles choses, de se questionner sur son projet et d\u2019\u00e9changer avec les autres services civiques du d\u00e9partement. Ces deux journ\u00e9es ont \u00e9t\u00e9 tr\u00e8s enrichissantes pour moi. \u2013 <b>Flavie<\/b><\/p><\/blockquote>\n<p>[\/vc_column_text][\/vc_column][\/vc_row]<\/p>\n","protected":false},"excerpt":{"rendered":"<p>[vc_row][vc_column][vc_column_text]Au cours de sa mission de service civique, chaque volontaire doit suivre obligatoirement une formation civique et citoyenne. Celle-ci est recommand\u00e9e durant les 3 premiers mois. Chaque structure d\u2019accueil est inform\u00e9e des dates afin d\u2019y inscrire son ou ses volontaires. La Ligue de l\u2019Enseignement \u2013 F.O.L Vend\u00e9e ouvre ses sessions [&hellip;]<\/p>\n","protected":false},"author":10,"featured_media":11688,"comment_status":"closed","ping_status":"open","sticky":false,"template":"","format":"standard","meta":{"jetpack_post_was_ever_published":false,"footnotes":"","jetpack_publicize_message":"","jetpack_is_tweetstorm":false,"jetpack_publicize_feature_enabled":true,"jetpack_social_post_already_shared":true,"jetpack_social_options":[]},"categories":[290],"tags":[],"class_list":["post-11685","post","type-post","status-publish","format-standard","has-post-thumbnail","hentry","category-formations-service-civique"],"jetpack_publicize_connections":[],"yoast_head":"<!-- This site is optimized with the Yoast SEO plugin v20.0 - https:\/\/yoast.com\/wordpress\/plugins\/seo\/ -->\n<title>Formation civique et citoyenne - La Ligue de l&#039;Enseignement de Vend\u00e9e<\/title>\n<meta name=\"description\" content=\"Chaque service civique participent \u00e0 deux jours de formation civique et citoyenne. La Ligue de l&#039;Enseignement de Vend\u00e9e anime ces journ\u00e9es.\" \/>\n<meta name=\"robots\" content=\"index, follow, max-snippet:-1, max-image-preview:large, max-video-preview:-1\" \/>\n<link rel=\"canonical\" href=\"http:\/\/www.laligue85.org\/fra\/blog\/2022\/02\/14\/formation-civique-et-citoyenne\/\" \/>\n<meta property=\"og:locale\" content=\"fr_FR\" \/>\n<meta property=\"og:type\" content=\"article\" \/>\n<meta property=\"og:title\" content=\"Formation civique et citoyenne - La Ligue de l&#039;Enseignement de Vend\u00e9e\" \/>\n<meta property=\"og:description\" content=\"Chaque service civique participent \u00e0 deux jours de formation civique et citoyenne. La Ligue de l&#039;Enseignement de Vend\u00e9e anime ces journ\u00e9es.\" \/>\n<meta property=\"og:url\" content=\"http:\/\/www.laligue85.org\/fra\/blog\/2022\/02\/14\/formation-civique-et-citoyenne\/\" \/>\n<meta property=\"og:site_name\" content=\"La Ligue de l&#039;Enseignement de Vend\u00e9e\" \/>\n<meta property=\"article:published_time\" content=\"2022-02-14T16:45:22+00:00\" \/>\n<meta property=\"article:modified_time\" content=\"2022-02-17T15:19:03+00:00\" \/>\n<meta property=\"og:image\" content=\"http:\/\/www.laligue85.org\/fra\/wp-content\/uploads\/2022\/02\/image00005.jpeg\" \/>\n\t<meta property=\"og:image:width\" content=\"1210\" \/>\n\t<meta property=\"og:image:height\" content=\"908\" \/>\n\t<meta property=\"og:image:type\" content=\"image\/jpeg\" \/>\n<meta name=\"author\" content=\"webreporter\" \/>\n<meta name=\"twitter:card\" content=\"summary_large_image\" \/>\n<meta name=\"twitter:label1\" content=\"\u00c9crit par\" \/>\n\t<meta name=\"twitter:data1\" content=\"webreporter\" \/>\n\t<meta name=\"twitter:label2\" content=\"Dur\u00e9e de lecture estim\u00e9e\" \/>\n\t<meta name=\"twitter:data2\" content=\"5 minutes\" \/>\n<script type=\"application\/ld+json\" class=\"yoast-schema-graph\">{\"@context\":\"https:\/\/schema.org\",\"@graph\":[{\"@type\":\"WebPage\",\"@id\":\"http:\/\/www.laligue85.org\/fra\/blog\/2022\/02\/14\/formation-civique-et-citoyenne\/\",\"url\":\"http:\/\/www.laligue85.org\/fra\/blog\/2022\/02\/14\/formation-civique-et-citoyenne\/\",\"name\":\"Formation civique et citoyenne - La Ligue de l&#039;Enseignement de Vend\u00e9e\",\"isPartOf\":{\"@id\":\"https:\/\/www.laligue85.org\/fra\/#website\"},\"datePublished\":\"2022-02-14T16:45:22+00:00\",\"dateModified\":\"2022-02-17T15:19:03+00:00\",\"author\":{\"@id\":\"https:\/\/www.laligue85.org\/fra\/#\/schema\/person\/1e7451bdc7326a9d6998c4e6143ef302\"},\"description\":\"Chaque service civique participent \u00e0 deux jours de formation civique et citoyenne. La Ligue de l'Enseignement de Vend\u00e9e anime ces journ\u00e9es.\",\"breadcrumb\":{\"@id\":\"http:\/\/www.laligue85.org\/fra\/blog\/2022\/02\/14\/formation-civique-et-citoyenne\/#breadcrumb\"},\"inLanguage\":\"fr-FR\",\"potentialAction\":[{\"@type\":\"ReadAction\",\"target\":[\"http:\/\/www.laligue85.org\/fra\/blog\/2022\/02\/14\/formation-civique-et-citoyenne\/\"]}]},{\"@type\":\"BreadcrumbList\",\"@id\":\"http:\/\/www.laligue85.org\/fra\/blog\/2022\/02\/14\/formation-civique-et-citoyenne\/#breadcrumb\",\"itemListElement\":[{\"@type\":\"ListItem\",\"position\":1,\"name\":\"Accueil\",\"item\":\"https:\/\/www.laligue85.org\/fra\/\"},{\"@type\":\"ListItem\",\"position\":2,\"name\":\"Formation civique et citoyenne\"}]},{\"@type\":\"WebSite\",\"@id\":\"https:\/\/www.laligue85.org\/fra\/#website\",\"url\":\"https:\/\/www.laligue85.org\/fra\/\",\"name\":\"La Ligue de l&#039;Enseignement de Vend\u00e9e\",\"description\":\"F\u00e9d\u00e9ration d&#039;\u00e9ducation populaire\",\"potentialAction\":[{\"@type\":\"SearchAction\",\"target\":{\"@type\":\"EntryPoint\",\"urlTemplate\":\"https:\/\/www.laligue85.org\/fra\/?s={search_term_string}\"},\"query-input\":\"required name=search_term_string\"}],\"inLanguage\":\"fr-FR\"},{\"@type\":\"Person\",\"@id\":\"https:\/\/www.laligue85.org\/fra\/#\/schema\/person\/1e7451bdc7326a9d6998c4e6143ef302\",\"name\":\"webreporter\",\"image\":{\"@type\":\"ImageObject\",\"inLanguage\":\"fr-FR\",\"@id\":\"https:\/\/www.laligue85.org\/fra\/#\/schema\/person\/image\/\",\"url\":\"https:\/\/secure.gravatar.com\/avatar\/bb1e730a8d65ed9caef9b25f341b72a8?s=96&d=mm&r=g\",\"contentUrl\":\"https:\/\/secure.gravatar.com\/avatar\/bb1e730a8d65ed9caef9b25f341b72a8?s=96&d=mm&r=g\",\"caption\":\"webreporter\"},\"url\":\"http:\/\/www.laligue85.org\/fra\/blog\/author\/webreporter\/\"}]}<\/script>\n<!-- \/ Yoast SEO plugin. -->","yoast_head_json":{"title":"Formation civique et citoyenne - La Ligue de l&#039;Enseignement de Vend\u00e9e","description":"Chaque service civique participent \u00e0 deux jours de formation civique et citoyenne. La Ligue de l'Enseignement de Vend\u00e9e anime ces journ\u00e9es.","robots":{"index":"index","follow":"follow","max-snippet":"max-snippet:-1","max-image-preview":"max-image-preview:large","max-video-preview":"max-video-preview:-1"},"canonical":"http:\/\/www.laligue85.org\/fra\/blog\/2022\/02\/14\/formation-civique-et-citoyenne\/","og_locale":"fr_FR","og_type":"article","og_title":"Formation civique et citoyenne - La Ligue de l&#039;Enseignement de Vend\u00e9e","og_description":"Chaque service civique participent \u00e0 deux jours de formation civique et citoyenne. La Ligue de l'Enseignement de Vend\u00e9e anime ces journ\u00e9es.","og_url":"http:\/\/www.laligue85.org\/fra\/blog\/2022\/02\/14\/formation-civique-et-citoyenne\/","og_site_name":"La Ligue de l&#039;Enseignement de Vend\u00e9e","article_published_time":"2022-02-14T16:45:22+00:00","article_modified_time":"2022-02-17T15:19:03+00:00","og_image":[{"width":1210,"height":908,"url":"http:\/\/www.laligue85.org\/fra\/wp-content\/uploads\/2022\/02\/image00005.jpeg","type":"image\/jpeg"}],"author":"webreporter","twitter_card":"summary_large_image","twitter_misc":{"\u00c9crit par":"webreporter","Dur\u00e9e de lecture estim\u00e9e":"5 minutes"},"schema":{"@context":"https:\/\/schema.org","@graph":[{"@type":"WebPage","@id":"http:\/\/www.laligue85.org\/fra\/blog\/2022\/02\/14\/formation-civique-et-citoyenne\/","url":"http:\/\/www.laligue85.org\/fra\/blog\/2022\/02\/14\/formation-civique-et-citoyenne\/","name":"Formation civique et citoyenne - La Ligue de l&#039;Enseignement de Vend\u00e9e","isPartOf":{"@id":"https:\/\/www.laligue85.org\/fra\/#website"},"datePublished":"2022-02-14T16:45:22+00:00","dateModified":"2022-02-17T15:19:03+00:00","author":{"@id":"https:\/\/www.laligue85.org\/fra\/#\/schema\/person\/1e7451bdc7326a9d6998c4e6143ef302"},"description":"Chaque service civique participent \u00e0 deux jours de formation civique et citoyenne. La Ligue de l'Enseignement de Vend\u00e9e anime ces journ\u00e9es.","breadcrumb":{"@id":"http:\/\/www.laligue85.org\/fra\/blog\/2022\/02\/14\/formation-civique-et-citoyenne\/#breadcrumb"},"inLanguage":"fr-FR","potentialAction":[{"@type":"ReadAction","target":["http:\/\/www.laligue85.org\/fra\/blog\/2022\/02\/14\/formation-civique-et-citoyenne\/"]}]},{"@type":"BreadcrumbList","@id":"http:\/\/www.laligue85.org\/fra\/blog\/2022\/02\/14\/formation-civique-et-citoyenne\/#breadcrumb","itemListElement":[{"@type":"ListItem","position":1,"name":"Accueil","item":"https:\/\/www.laligue85.org\/fra\/"},{"@type":"ListItem","position":2,"name":"Formation civique et citoyenne"}]},{"@type":"WebSite","@id":"https:\/\/www.laligue85.org\/fra\/#website","url":"https:\/\/www.laligue85.org\/fra\/","name":"La Ligue de l&#039;Enseignement de Vend\u00e9e","description":"F\u00e9d\u00e9ration d&#039;\u00e9ducation populaire","potentialAction":[{"@type":"SearchAction","target":{"@type":"EntryPoint","urlTemplate":"https:\/\/www.laligue85.org\/fra\/?s={search_term_string}"},"query-input":"required name=search_term_string"}],"inLanguage":"fr-FR"},{"@type":"Person","@id":"https:\/\/www.laligue85.org\/fra\/#\/schema\/person\/1e7451bdc7326a9d6998c4e6143ef302","name":"webreporter","image":{"@type":"ImageObject","inLanguage":"fr-FR","@id":"https:\/\/www.laligue85.org\/fra\/#\/schema\/person\/image\/","url":"https:\/\/secure.gravatar.com\/avatar\/bb1e730a8d65ed9caef9b25f341b72a8?s=96&d=mm&r=g","contentUrl":"https:\/\/secure.gravatar.com\/avatar\/bb1e730a8d65ed9caef9b25f341b72a8?s=96&d=mm&r=g","caption":"webreporter"},"url":"http:\/\/www.laligue85.org\/fra\/blog\/author\/webreporter\/"}]}},"jetpack_featured_media_url":"http:\/\/www.laligue85.org\/fra\/wp-content\/uploads\/2022\/02\/image00005.jpeg","jetpack_shortlink":"https:\/\/wp.me\/p9Chnq-32t","_links":{"self":[{"href":"http:\/\/www.laligue85.org\/fra\/wp-json\/wp\/v2\/posts\/11685","targetHints":{"allow":["GET"]}}],"collection":[{"href":"http:\/\/www.laligue85.org\/fra\/wp-json\/wp\/v2\/posts"}],"about":[{"href":"http:\/\/www.laligue85.org\/fra\/wp-json\/wp\/v2\/types\/post"}],"author":[{"embeddable":true,"href":"http:\/\/www.laligue85.org\/fra\/wp-json\/wp\/v2\/users\/10"}],"replies":[{"embeddable":true,"href":"http:\/\/www.laligue85.org\/fra\/wp-json\/wp\/v2\/comments?post=11685"}],"version-history":[{"count":17,"href":"http:\/\/www.laligue85.org\/fra\/wp-json\/wp\/v2\/posts\/11685\/revisions"}],"predecessor-version":[{"id":11712,"href":"http:\/\/www.laligue85.org\/fra\/wp-json\/wp\/v2\/posts\/11685\/revisions\/11712"}],"wp:featuredmedia":[{"embeddable":true,"href":"http:\/\/www.laligue85.org\/fra\/wp-json\/wp\/v2\/media\/11688"}],"wp:attachment":[{"href":"http:\/\/www.laligue85.org\/fra\/wp-json\/wp\/v2\/media?parent=11685"}],"wp:term":[{"taxonomy":"category","embeddable":true,"href":"http:\/\/www.laligue85.org\/fra\/wp-json\/wp\/v2\/categories?post=11685"},{"taxonomy":"post_tag","embeddable":true,"href":"http:\/\/www.laligue85.org\/fra\/wp-json\/wp\/v2\/tags?post=11685"}],"curies":[{"name":"wp","href":"https:\/\/api.w.org\/{rel}","templated":true}]}}