{"id":11849,"date":"2022-03-16T10:59:11","date_gmt":"2022-03-16T09:59:11","guid":{"rendered":"http:\/\/www.laligue85.org\/fra\/?p=11849"},"modified":"2022-03-16T10:59:11","modified_gmt":"2022-03-16T09:59:11","slug":"espace-enseignant-e-s-usep","status":"publish","type":"post","link":"http:\/\/www.laligue85.org\/fra\/blog\/2022\/03\/16\/espace-enseignant-e-s-usep\/","title":{"rendered":"Espace enseignant-e-s USEP"},"content":{"rendered":"<p>[vc_row][vc_column][vc_empty_space][vc_empty_space][\/vc_column][\/vc_row][vc_row][vc_column][vc_column_text]<\/p>\n<h1 class=\"et_pb_module_header\"><a href=\"https:\/\/usep.org\/index.php\/espace-enseignants\/\">Espace enseignant-e-s<\/a><\/h1>\n<p><span class=\"et_pb_fullwidth_header_subhead\">Un r\u00e9seau d\u2019\u00e9changes et de mutualisation pour la pratique d&rsquo;activit\u00e9s sportives et associatives des enfants, ouvert \u00e0 tous les enseignants, acteurs et auteurs de l\u2019USEP<\/span>[\/vc_column_text][vc_column_text]L\u2019USEP, une occasion pour chaque enseignant de faire partie d\u2019un\u00a0<strong>r\u00e9seau professionnel<\/strong>\u00a0permettant d\u2019\u00e9changer, de se former, de se ressourcer, d\u2019innover\u00a0:<\/p>\n<ul>\n<li>en mettant en place des rencontres sportives inclusives et \u00e9quitables,<\/li>\n<li>en permettant aux enfants de s\u2019\u00e9panouir et de se construire une culture sportive citoyenne,<\/li>\n<li>en favorisant l\u2019ouverture de l\u2019\u00e9cole aux parents par des actions partag\u00e9es.<\/li>\n<\/ul>\n<p>L\u2019USEP accompagne les enseignants par l\u2019interm\u00e9diaire\u00a0<strong>d\u2019une documentation p\u00e9dagogique<\/strong>, de\u00a0<strong>formations professionnelles<\/strong>\u00a0qui contribuent \u00e0 la mise en \u0153uvre des activit\u00e9s USEP en lien avec les programmes d\u2019EPS et d\u2019enseignement moral et civique. La vie d\u2019une association USEP dans une \u00e9cole renforce les parcours sant\u00e9 et citoyen des \u00e9l\u00e8ves et favorise un climat scolaire serein.<\/p>\n<p><strong>L\u2019association USEP peut \u00eatre cr\u00e9\u00e9e dans chaque \u00e9cole<\/strong>, maternelle, \u00e9l\u00e9mentaire ou primaire \u00e0 l\u2019initiative d\u2019un ou plusieurs adultes de la communaut\u00e9 \u00e9ducative. Le directeur est membre de droit de cette association. Le comit\u00e9 d\u00e9partemental USEP de chaque d\u00e9partement accompagne tous les adultes qui souhaitent cr\u00e9er une association au sein d\u2019une \u00e9cole.<\/p>\n<p><strong>Avec l\u2019Usep, d\u00e9veloppez la pratique sportive et associative des enfants de votre \u00e9cole<\/strong>\u00a0:\u00a0<a href=\"https:\/\/usep.org\/wp-content\/uploads\/2019\/07\/Livret-animateur-USEP.pdf\" class=\"mtli_attachment mtli_pdf\" target=\"_blank\" rel=\"noopener noreferrer\">t\u00e9l\u00e9charger le livret enseignant-e-s animateurs et animatrices Usep<\/a>[\/vc_column_text][\/vc_column][\/vc_row]<\/p>\n","protected":false},"excerpt":{"rendered":"<p>[vc_row][vc_column][vc_empty_space][vc_empty_space][\/vc_column][\/vc_row][vc_row][vc_column][vc_column_text] Espace enseignant-e-s Un r\u00e9seau d\u2019\u00e9changes et de mutualisation pour la pratique d&rsquo;activit\u00e9s sportives et associatives des enfants, ouvert \u00e0 tous les enseignants, acteurs et auteurs de l\u2019USEP[\/vc_column_text][vc_column_text]L\u2019USEP, une occasion pour chaque enseignant de faire partie d\u2019un\u00a0r\u00e9seau professionnel\u00a0permettant d\u2019\u00e9changer, de se former, de se ressourcer, d\u2019innover\u00a0: en mettant en place [&hellip;]<\/p>\n","protected":false},"author":10,"featured_media":0,"comment_status":"closed","ping_status":"open","sticky":false,"template":"","format":"standard","meta":{"jetpack_post_was_ever_published":false,"footnotes":"","jetpack_publicize_message":"","jetpack_is_tweetstorm":false,"jetpack_publicize_feature_enabled":true,"jetpack_social_post_already_shared":true,"jetpack_social_options":[]},"categories":[328],"tags":[],"class_list":["post-11849","post","type-post","status-publish","format-standard","hentry","category-ressources-usep"],"jetpack_publicize_connections":[],"yoast_head":"<!-- This site is optimized with the Yoast SEO plugin v20.0 - https:\/\/yoast.com\/wordpress\/plugins\/seo\/ -->\n<title>Espace enseignant-e-s USEP - La Ligue de l&#039;Enseignement de Vend\u00e9e<\/title>\n<meta name=\"robots\" content=\"index, follow, max-snippet:-1, max-image-preview:large, max-video-preview:-1\" \/>\n<link rel=\"canonical\" href=\"http:\/\/www.laligue85.org\/fra\/blog\/2022\/03\/16\/espace-enseignant-e-s-usep\/\" \/>\n<meta property=\"og:locale\" content=\"fr_FR\" \/>\n<meta property=\"og:type\" content=\"article\" \/>\n<meta property=\"og:title\" content=\"Espace enseignant-e-s USEP - La Ligue de l&#039;Enseignement de Vend\u00e9e\" \/>\n<meta property=\"og:description\" content=\"[vc_row][vc_column][vc_empty_space][vc_empty_space][\/vc_column][\/vc_row][vc_row][vc_column][vc_column_text] Espace enseignant-e-s Un r\u00e9seau d\u2019\u00e9changes et de mutualisation pour la pratique d&rsquo;activit\u00e9s sportives et associatives des enfants, ouvert \u00e0 tous les enseignants, acteurs et auteurs de l\u2019USEP[\/vc_column_text][vc_column_text]L\u2019USEP, une occasion pour chaque enseignant de faire partie d\u2019un\u00a0r\u00e9seau professionnel\u00a0permettant d\u2019\u00e9changer, de se former, de se ressourcer, d\u2019innover\u00a0: en mettant en place [&hellip;]\" \/>\n<meta property=\"og:url\" content=\"http:\/\/www.laligue85.org\/fra\/blog\/2022\/03\/16\/espace-enseignant-e-s-usep\/\" \/>\n<meta property=\"og:site_name\" content=\"La Ligue de l&#039;Enseignement de Vend\u00e9e\" \/>\n<meta property=\"article:published_time\" content=\"2022-03-16T09:59:11+00:00\" \/>\n<meta name=\"author\" content=\"webreporter\" \/>\n<meta name=\"twitter:card\" content=\"summary_large_image\" \/>\n<meta name=\"twitter:label1\" content=\"\u00c9crit par\" \/>\n\t<meta name=\"twitter:data1\" content=\"webreporter\" \/>\n\t<meta name=\"twitter:label2\" content=\"Dur\u00e9e de lecture estim\u00e9e\" \/>\n\t<meta name=\"twitter:data2\" content=\"1 minute\" \/>\n<script type=\"application\/ld+json\" class=\"yoast-schema-graph\">{\"@context\":\"https:\/\/schema.org\",\"@graph\":[{\"@type\":\"WebPage\",\"@id\":\"http:\/\/www.laligue85.org\/fra\/blog\/2022\/03\/16\/espace-enseignant-e-s-usep\/\",\"url\":\"http:\/\/www.laligue85.org\/fra\/blog\/2022\/03\/16\/espace-enseignant-e-s-usep\/\",\"name\":\"Espace enseignant-e-s USEP - La Ligue de l&#039;Enseignement de Vend\u00e9e\",\"isPartOf\":{\"@id\":\"http:\/\/www.laligue85.org\/fra\/#website\"},\"datePublished\":\"2022-03-16T09:59:11+00:00\",\"dateModified\":\"2022-03-16T09:59:11+00:00\",\"author\":{\"@id\":\"http:\/\/www.laligue85.org\/fra\/#\/schema\/person\/1e7451bdc7326a9d6998c4e6143ef302\"},\"breadcrumb\":{\"@id\":\"http:\/\/www.laligue85.org\/fra\/blog\/2022\/03\/16\/espace-enseignant-e-s-usep\/#breadcrumb\"},\"inLanguage\":\"fr-FR\",\"potentialAction\":[{\"@type\":\"ReadAction\",\"target\":[\"http:\/\/www.laligue85.org\/fra\/blog\/2022\/03\/16\/espace-enseignant-e-s-usep\/\"]}]},{\"@type\":\"BreadcrumbList\",\"@id\":\"http:\/\/www.laligue85.org\/fra\/blog\/2022\/03\/16\/espace-enseignant-e-s-usep\/#breadcrumb\",\"itemListElement\":[{\"@type\":\"ListItem\",\"position\":1,\"name\":\"Accueil\",\"item\":\"http:\/\/www.laligue85.org\/fra\/\"},{\"@type\":\"ListItem\",\"position\":2,\"name\":\"Espace enseignant-e-s USEP\"}]},{\"@type\":\"WebSite\",\"@id\":\"http:\/\/www.laligue85.org\/fra\/#website\",\"url\":\"http:\/\/www.laligue85.org\/fra\/\",\"name\":\"La Ligue de l&#039;Enseignement de Vend\u00e9e\",\"description\":\"F\u00e9d\u00e9ration d&#039;\u00e9ducation populaire\",\"potentialAction\":[{\"@type\":\"SearchAction\",\"target\":{\"@type\":\"EntryPoint\",\"urlTemplate\":\"http:\/\/www.laligue85.org\/fra\/?s={search_term_string}\"},\"query-input\":\"required name=search_term_string\"}],\"inLanguage\":\"fr-FR\"},{\"@type\":\"Person\",\"@id\":\"http:\/\/www.laligue85.org\/fra\/#\/schema\/person\/1e7451bdc7326a9d6998c4e6143ef302\",\"name\":\"webreporter\",\"image\":{\"@type\":\"ImageObject\",\"inLanguage\":\"fr-FR\",\"@id\":\"http:\/\/www.laligue85.org\/fra\/#\/schema\/person\/image\/\",\"url\":\"https:\/\/secure.gravatar.com\/avatar\/bb1e730a8d65ed9caef9b25f341b72a8?s=96&d=mm&r=g\",\"contentUrl\":\"https:\/\/secure.gravatar.com\/avatar\/bb1e730a8d65ed9caef9b25f341b72a8?s=96&d=mm&r=g\",\"caption\":\"webreporter\"},\"url\":\"http:\/\/www.laligue85.org\/fra\/blog\/author\/webreporter\/\"}]}<\/script>\n<!-- \/ Yoast SEO plugin. -->","yoast_head_json":{"title":"Espace enseignant-e-s USEP - La Ligue de l&#039;Enseignement de Vend\u00e9e","robots":{"index":"index","follow":"follow","max-snippet":"max-snippet:-1","max-image-preview":"max-image-preview:large","max-video-preview":"max-video-preview:-1"},"canonical":"http:\/\/www.laligue85.org\/fra\/blog\/2022\/03\/16\/espace-enseignant-e-s-usep\/","og_locale":"fr_FR","og_type":"article","og_title":"Espace enseignant-e-s USEP - La Ligue de l&#039;Enseignement de Vend\u00e9e","og_description":"[vc_row][vc_column][vc_empty_space][vc_empty_space][\/vc_column][\/vc_row][vc_row][vc_column][vc_column_text] Espace enseignant-e-s Un r\u00e9seau d\u2019\u00e9changes et de mutualisation pour la pratique d&rsquo;activit\u00e9s sportives et associatives des enfants, ouvert \u00e0 tous les enseignants, acteurs et auteurs de l\u2019USEP[\/vc_column_text][vc_column_text]L\u2019USEP, une occasion pour chaque enseignant de faire partie d\u2019un\u00a0r\u00e9seau professionnel\u00a0permettant d\u2019\u00e9changer, de se former, de se ressourcer, d\u2019innover\u00a0: en mettant en place [&hellip;]","og_url":"http:\/\/www.laligue85.org\/fra\/blog\/2022\/03\/16\/espace-enseignant-e-s-usep\/","og_site_name":"La Ligue de l&#039;Enseignement de Vend\u00e9e","article_published_time":"2022-03-16T09:59:11+00:00","author":"webreporter","twitter_card":"summary_large_image","twitter_misc":{"\u00c9crit par":"webreporter","Dur\u00e9e de lecture estim\u00e9e":"1 minute"},"schema":{"@context":"https:\/\/schema.org","@graph":[{"@type":"WebPage","@id":"http:\/\/www.laligue85.org\/fra\/blog\/2022\/03\/16\/espace-enseignant-e-s-usep\/","url":"http:\/\/www.laligue85.org\/fra\/blog\/2022\/03\/16\/espace-enseignant-e-s-usep\/","name":"Espace enseignant-e-s USEP - La Ligue de l&#039;Enseignement de Vend\u00e9e","isPartOf":{"@id":"http:\/\/www.laligue85.org\/fra\/#website"},"datePublished":"2022-03-16T09:59:11+00:00","dateModified":"2022-03-16T09:59:11+00:00","author":{"@id":"http:\/\/www.laligue85.org\/fra\/#\/schema\/person\/1e7451bdc7326a9d6998c4e6143ef302"},"breadcrumb":{"@id":"http:\/\/www.laligue85.org\/fra\/blog\/2022\/03\/16\/espace-enseignant-e-s-usep\/#breadcrumb"},"inLanguage":"fr-FR","potentialAction":[{"@type":"ReadAction","target":["http:\/\/www.laligue85.org\/fra\/blog\/2022\/03\/16\/espace-enseignant-e-s-usep\/"]}]},{"@type":"BreadcrumbList","@id":"http:\/\/www.laligue85.org\/fra\/blog\/2022\/03\/16\/espace-enseignant-e-s-usep\/#breadcrumb","itemListElement":[{"@type":"ListItem","position":1,"name":"Accueil","item":"http:\/\/www.laligue85.org\/fra\/"},{"@type":"ListItem","position":2,"name":"Espace enseignant-e-s USEP"}]},{"@type":"WebSite","@id":"http:\/\/www.laligue85.org\/fra\/#website","url":"http:\/\/www.laligue85.org\/fra\/","name":"La Ligue de l&#039;Enseignement de Vend\u00e9e","description":"F\u00e9d\u00e9ration d&#039;\u00e9ducation populaire","potentialAction":[{"@type":"SearchAction","target":{"@type":"EntryPoint","urlTemplate":"http:\/\/www.laligue85.org\/fra\/?s={search_term_string}"},"query-input":"required name=search_term_string"}],"inLanguage":"fr-FR"},{"@type":"Person","@id":"http:\/\/www.laligue85.org\/fra\/#\/schema\/person\/1e7451bdc7326a9d6998c4e6143ef302","name":"webreporter","image":{"@type":"ImageObject","inLanguage":"fr-FR","@id":"http:\/\/www.laligue85.org\/fra\/#\/schema\/person\/image\/","url":"https:\/\/secure.gravatar.com\/avatar\/bb1e730a8d65ed9caef9b25f341b72a8?s=96&d=mm&r=g","contentUrl":"https:\/\/secure.gravatar.com\/avatar\/bb1e730a8d65ed9caef9b25f341b72a8?s=96&d=mm&r=g","caption":"webreporter"},"url":"http:\/\/www.laligue85.org\/fra\/blog\/author\/webreporter\/"}]}},"jetpack_featured_media_url":"","jetpack_shortlink":"https:\/\/wp.me\/p9Chnq-357","_links":{"self":[{"href":"http:\/\/www.laligue85.org\/fra\/wp-json\/wp\/v2\/posts\/11849","targetHints":{"allow":["GET"]}}],"collection":[{"href":"http:\/\/www.laligue85.org\/fra\/wp-json\/wp\/v2\/posts"}],"about":[{"href":"http:\/\/www.laligue85.org\/fra\/wp-json\/wp\/v2\/types\/post"}],"author":[{"embeddable":true,"href":"http:\/\/www.laligue85.org\/fra\/wp-json\/wp\/v2\/users\/10"}],"replies":[{"embeddable":true,"href":"http:\/\/www.laligue85.org\/fra\/wp-json\/wp\/v2\/comments?post=11849"}],"version-history":[{"count":2,"href":"http:\/\/www.laligue85.org\/fra\/wp-json\/wp\/v2\/posts\/11849\/revisions"}],"predecessor-version":[{"id":11851,"href":"http:\/\/www.laligue85.org\/fra\/wp-json\/wp\/v2\/posts\/11849\/revisions\/11851"}],"wp:attachment":[{"href":"http:\/\/www.laligue85.org\/fra\/wp-json\/wp\/v2\/media?parent=11849"}],"wp:term":[{"taxonomy":"category","embeddable":true,"href":"http:\/\/www.laligue85.org\/fra\/wp-json\/wp\/v2\/categories?post=11849"},{"taxonomy":"post_tag","embeddable":true,"href":"http:\/\/www.laligue85.org\/fra\/wp-json\/wp\/v2\/tags?post=11849"}],"curies":[{"name":"wp","href":"https:\/\/api.w.org\/{rel}","templated":true}]}}