{"id":11861,"date":"2022-03-16T13:06:14","date_gmt":"2022-03-16T12:06:14","guid":{"rendered":"http:\/\/www.laligue85.org\/fra\/?p=11861"},"modified":"2024-07-05T16:53:49","modified_gmt":"2024-07-05T14:53:49","slug":"presentation","status":"publish","type":"post","link":"http:\/\/www.laligue85.org\/fra\/blog\/2022\/03\/16\/presentation\/","title":{"rendered":"Pr\u00e9sentation"},"content":{"rendered":"<h2>Bilan de l&rsquo;\u00e9dition \u00ab\u00a0Flammes des \u00e9coles en Vend\u00e9e\u00a0\u00bb<\/h2>\n<h2><a href=\"https:\/\/www.calameo.com\/books\/007713733cf61f36e8ed9?authid=zVRW474hCjwS\"><img loading=\"lazy\" decoding=\"async\" class=\"alignnone wp-image-14154 size-medium\" src=\"http:\/\/www.laligue85.org\/fra\/wp-content\/uploads\/2022\/03\/flamme-des-ecoles-bilan-217x300.png\" alt=\"\" width=\"217\" height=\"300\" srcset=\"http:\/\/www.laligue85.org\/fra\/wp-content\/uploads\/2022\/03\/flamme-des-ecoles-bilan-217x300.png 217w, http:\/\/www.laligue85.org\/fra\/wp-content\/uploads\/2022\/03\/flamme-des-ecoles-bilan.png 515w\" sizes=\"auto, (max-width: 217px) 100vw, 217px\" \/><\/a><\/h2>\n<h2>G\u00e9n\u00e9ration 2024<\/h2>\n<p><strong>Toutes les g\u00e9n\u00e9rations sont convi\u00e9es \u00e0 faire les Jeux de Paris 2024. Pour celle qui les vivra pleinement, de toute sa jeunesse et de son enthousiasme, Paris 2024 a pens\u00e9 un accompagnement sp\u00e9cifique avec son programme d\u2019\u00e9ducation, appel\u00e9 naturellement \u00ab\u00a0G\u00e9n\u00e9ration 2024\u00a0\u00bb. D\u00e8s maintenant, notre programme mobilise la communaut\u00e9 \u00e9ducative et les \u00e9l\u00e8ves autour de l\u2019\u00e9lan des Jeux pour mettre plus de sport dans le quotidien des jeunes. Le sport en pratique, mais pas que\u00a0: le sport en culture car son histoire est riche et universelle, mais aussi le sport \u00e0 travers ses valeurs telles que le respect ou l\u2019inclusion. Pour valoriser cet engagement, la G\u00e9n\u00e9ration 2024 a \u00e9galement son label.<\/strong><\/p>\n<p>Le programme \u00ab\u00a0G\u00e9n\u00e9ration 2024\u00a0\u00bb est le fruit d\u2019un travail men\u00e9 en collaboration avec le minist\u00e8re de l\u2019Education nationale, de la Jeunesse et des Sports, le mouvement sportif, les f\u00e9d\u00e9rations du sport scolaire et universitaire et la communaut\u00e9 \u00e9ducative.<\/p>\n<h3>Un programme pour mettre plus de sport dans la vie de la G\u00e9n\u00e9ration 2024<\/h3>\n<p>Participer au programme G\u00e9n\u00e9ration 2024, c\u2019est\u00a0:<\/p>\n<ul>\n<li>Promouvoir l\u2019activit\u00e9 physique et sportive et l\u2019\u00e9ducation physique et sportive, de la maternelle \u00e0 l\u2019universit\u00e9, avec une attention particuli\u00e8re pour les plus jeunes ;<\/li>\n<li>Utiliser le sport \u00e0 des fins p\u00e9dagogiques, dans diff\u00e9rents champs disciplinaires, pour le plaisir d\u2019apprendre ;<\/li>\n<li>Faire d\u00e9couvrir les sports olympiques et paralympiques et promouvoir les valeurs du sport, de l\u2019Olympisme et du Paralympisme;<\/li>\n<li>Utiliser le sport comme moteur d\u2019engagement et de citoyennet\u00e9.<\/li>\n<\/ul>\n<p><a href=\"https:\/\/generation.paris2024.org\/participer\">D\u00e9couvrir l\u2019ensemble des dispositifs du programme G\u00e9n\u00e9ration 2024.<\/a><\/p>\n<h3>Une plateforme d\u00e9di\u00e9e \u00e0 la communaut\u00e9 \u00e9ducative<\/h3>\n<p>Pour trouver des ressources p\u00e9dagogiques en lien avec les Jeux, des \u00e9l\u00e9ments d\u2019\u00e9ducation par le sport et des outils pour favoriser la pratique d\u2019une activit\u00e9 physique quotidienne, mais aussi \u00e9changer et informer la communaut\u00e9 \u00e9ducative, G\u00e9n\u00e9ration 2024 a sa plateforme en ligne.<\/p>\n<p>Les enseignants, \u00e9ducateurs, \u00e9l\u00e8ves et \u00e9tudiants peuvent y trouver des outils pour d\u00e9velopper le sport au-del\u00e0 de la pratique, mais aussi trouver des informations sur la\u00a0<a href=\"https:\/\/generation.paris2024.org\/informations\">Semaine Olympique et Paralympique<\/a>\u00a0qui se tient chaque ann\u00e9e dans toutes les \u00e9coles et \u00e9tablissements, de la maternelle \u00e0 l\u2019universit\u00e9.<\/p>\n<p>La plateforme G\u00e9n\u00e9ration 2024 est un site \u00e9volutif, de partage et de mise en valeur des actions les plus parlantes pour accompagner une g\u00e9n\u00e9ration plus sportive vers les Jeux de Paris 2024.<\/p>\n<h3>Un label G\u00e9n\u00e9ration 2024<\/h3>\n<p>D\u00e9livr\u00e9 par le minist\u00e8re de l\u2019Education nationale, de la Jeunesse et des Sports, et le minist\u00e8re de l\u2019Enseignement sup\u00e9rieur, de la Recherche et de l\u2019Innovation, le label G\u00e9n\u00e9ration 2024 vise \u00e0 d\u00e9velopper les passerelles entre le monde scolaire et le mouvement sportif pour encourager la pratique physique et sportive des jeunes et permettre au plus grand nombre de vivre l\u2019aventure olympique et paralympique d\u00e8s maintenant. Toutes les \u00e9coles, \u00e9tablissements scolaires et \u00e9tablissements de l\u2019enseignement sup\u00e9rieur peuvent \u00eatre lab\u00e9lis\u00e9s G\u00e9n\u00e9ration 2024. De m\u00eame, les \u00e9tablissements du r\u00e9seau AEFE, du minist\u00e8re de l\u2019Agriculture et de l\u2019Alimentation ainsi que certains \u00e9tablissements sp\u00e9cialis\u00e9s (ESMS) relevant du minist\u00e8re des Solidarit\u00e9s et de la Sant\u00e9 sont \u00e9galement \u00e9ligibles au label.<br \/>\n<a href=\"https:\/\/generation.paris2024.org\/label-generation-2024\">En savoir plus sur le label<\/a>.<\/p>\n<p>Pour obtenir le label, les \u00e9coles, \u00e9tablissements scolaires et universitaires doivent respecter les 4 crit\u00e8res suivants :<\/p>\n<ul>\n<li>D\u00e9velopper des projets structurants avec les clubs sportifs du territoire;<\/li>\n<li>Participer aux \u00e9v\u00e9nements olympiques et paralympiques ;<\/li>\n<li>Accompagner ou accueillir des sportifs de haut niveau ;<\/li>\n<li>Ouvrir les \u00e9quipements sportifs des \u00e9tablissements aux associations sportives locales pour favoriser la pratique sportive.<\/li>\n<\/ul>\n<p>La premi\u00e8re labellisation a eu lieu en 2018. \u00c0 la rentr\u00e9e 2021, plus de 5\u00a0000 \u00e9tablissements sont d\u00e9j\u00e0 lab\u00e9lis\u00e9s.<\/p>\n","protected":false},"excerpt":{"rendered":"<p>Bilan de l&rsquo;\u00e9dition \u00ab\u00a0Flammes des \u00e9coles en Vend\u00e9e\u00a0\u00bb G\u00e9n\u00e9ration 2024 Toutes les g\u00e9n\u00e9rations sont convi\u00e9es \u00e0 faire les Jeux de Paris 2024. Pour celle qui les vivra pleinement, de toute sa jeunesse et de son enthousiasme, Paris 2024 a pens\u00e9 un accompagnement sp\u00e9cifique avec son programme d\u2019\u00e9ducation, appel\u00e9 naturellement \u00ab\u00a0G\u00e9n\u00e9ration [&hellip;]<\/p>\n","protected":false},"author":10,"featured_media":0,"comment_status":"closed","ping_status":"open","sticky":false,"template":"","format":"standard","meta":{"jetpack_post_was_ever_published":false,"footnotes":"","jetpack_publicize_message":"","jetpack_is_tweetstorm":false,"jetpack_publicize_feature_enabled":true,"jetpack_social_post_already_shared":true,"jetpack_social_options":[]},"categories":[34],"tags":[],"class_list":["post-11861","post","type-post","status-publish","format-standard","hentry","category-usep-sport-a-lecole"],"jetpack_publicize_connections":[],"yoast_head":"<!-- This site is optimized with the Yoast SEO plugin v20.0 - https:\/\/yoast.com\/wordpress\/plugins\/seo\/ -->\n<title>Pr\u00e9sentation - La Ligue de l&#039;Enseignement de Vend\u00e9e<\/title>\n<meta name=\"robots\" content=\"index, follow, max-snippet:-1, max-image-preview:large, max-video-preview:-1\" \/>\n<link rel=\"canonical\" href=\"https:\/\/www.laligue85.org\/fra\/blog\/2022\/03\/16\/presentation\/\" \/>\n<meta property=\"og:locale\" content=\"fr_FR\" \/>\n<meta property=\"og:type\" content=\"article\" \/>\n<meta property=\"og:title\" content=\"Pr\u00e9sentation - La Ligue de l&#039;Enseignement de Vend\u00e9e\" \/>\n<meta property=\"og:description\" content=\"Bilan de l&rsquo;\u00e9dition \u00ab\u00a0Flammes des \u00e9coles en Vend\u00e9e\u00a0\u00bb G\u00e9n\u00e9ration 2024 Toutes les g\u00e9n\u00e9rations sont convi\u00e9es \u00e0 faire les Jeux de Paris 2024. Pour celle qui les vivra pleinement, de toute sa jeunesse et de son enthousiasme, Paris 2024 a pens\u00e9 un accompagnement sp\u00e9cifique avec son programme d\u2019\u00e9ducation, appel\u00e9 naturellement \u00ab\u00a0G\u00e9n\u00e9ration [&hellip;]\" \/>\n<meta property=\"og:url\" content=\"https:\/\/www.laligue85.org\/fra\/blog\/2022\/03\/16\/presentation\/\" \/>\n<meta property=\"og:site_name\" content=\"La Ligue de l&#039;Enseignement de Vend\u00e9e\" \/>\n<meta property=\"article:published_time\" content=\"2022-03-16T12:06:14+00:00\" \/>\n<meta property=\"article:modified_time\" content=\"2024-07-05T14:53:49+00:00\" \/>\n<meta property=\"og:image\" content=\"http:\/\/www.laligue85.org\/fra\/wp-content\/uploads\/2022\/03\/flamme-des-ecoles-bilan-217x300.png\" \/>\n<meta name=\"author\" content=\"webreporter\" \/>\n<meta name=\"twitter:card\" content=\"summary_large_image\" \/>\n<meta name=\"twitter:label1\" content=\"\u00c9crit par\" \/>\n\t<meta name=\"twitter:data1\" content=\"webreporter\" \/>\n\t<meta name=\"twitter:label2\" content=\"Dur\u00e9e de lecture estim\u00e9e\" \/>\n\t<meta name=\"twitter:data2\" content=\"3 minutes\" \/>\n<script type=\"application\/ld+json\" class=\"yoast-schema-graph\">{\"@context\":\"https:\/\/schema.org\",\"@graph\":[{\"@type\":\"WebPage\",\"@id\":\"https:\/\/www.laligue85.org\/fra\/blog\/2022\/03\/16\/presentation\/\",\"url\":\"https:\/\/www.laligue85.org\/fra\/blog\/2022\/03\/16\/presentation\/\",\"name\":\"Pr\u00e9sentation - La Ligue de l&#039;Enseignement de Vend\u00e9e\",\"isPartOf\":{\"@id\":\"https:\/\/www.laligue85.org\/fra\/#website\"},\"datePublished\":\"2022-03-16T12:06:14+00:00\",\"dateModified\":\"2024-07-05T14:53:49+00:00\",\"author\":{\"@id\":\"https:\/\/www.laligue85.org\/fra\/#\/schema\/person\/1e7451bdc7326a9d6998c4e6143ef302\"},\"breadcrumb\":{\"@id\":\"https:\/\/www.laligue85.org\/fra\/blog\/2022\/03\/16\/presentation\/#breadcrumb\"},\"inLanguage\":\"fr-FR\",\"potentialAction\":[{\"@type\":\"ReadAction\",\"target\":[\"https:\/\/www.laligue85.org\/fra\/blog\/2022\/03\/16\/presentation\/\"]}]},{\"@type\":\"BreadcrumbList\",\"@id\":\"https:\/\/www.laligue85.org\/fra\/blog\/2022\/03\/16\/presentation\/#breadcrumb\",\"itemListElement\":[{\"@type\":\"ListItem\",\"position\":1,\"name\":\"Accueil\",\"item\":\"https:\/\/www.laligue85.org\/fra\/\"},{\"@type\":\"ListItem\",\"position\":2,\"name\":\"Pr\u00e9sentation\"}]},{\"@type\":\"WebSite\",\"@id\":\"https:\/\/www.laligue85.org\/fra\/#website\",\"url\":\"https:\/\/www.laligue85.org\/fra\/\",\"name\":\"La Ligue de l&#039;Enseignement de Vend\u00e9e\",\"description\":\"F\u00e9d\u00e9ration d&#039;\u00e9ducation populaire\",\"potentialAction\":[{\"@type\":\"SearchAction\",\"target\":{\"@type\":\"EntryPoint\",\"urlTemplate\":\"https:\/\/www.laligue85.org\/fra\/?s={search_term_string}\"},\"query-input\":\"required name=search_term_string\"}],\"inLanguage\":\"fr-FR\"},{\"@type\":\"Person\",\"@id\":\"https:\/\/www.laligue85.org\/fra\/#\/schema\/person\/1e7451bdc7326a9d6998c4e6143ef302\",\"name\":\"webreporter\",\"image\":{\"@type\":\"ImageObject\",\"inLanguage\":\"fr-FR\",\"@id\":\"https:\/\/www.laligue85.org\/fra\/#\/schema\/person\/image\/\",\"url\":\"https:\/\/secure.gravatar.com\/avatar\/bb1e730a8d65ed9caef9b25f341b72a8?s=96&d=mm&r=g\",\"contentUrl\":\"https:\/\/secure.gravatar.com\/avatar\/bb1e730a8d65ed9caef9b25f341b72a8?s=96&d=mm&r=g\",\"caption\":\"webreporter\"},\"url\":\"http:\/\/www.laligue85.org\/fra\/blog\/author\/webreporter\/\"}]}<\/script>\n<!-- \/ Yoast SEO plugin. -->","yoast_head_json":{"title":"Pr\u00e9sentation - La Ligue de l&#039;Enseignement de Vend\u00e9e","robots":{"index":"index","follow":"follow","max-snippet":"max-snippet:-1","max-image-preview":"max-image-preview:large","max-video-preview":"max-video-preview:-1"},"canonical":"https:\/\/www.laligue85.org\/fra\/blog\/2022\/03\/16\/presentation\/","og_locale":"fr_FR","og_type":"article","og_title":"Pr\u00e9sentation - La Ligue de l&#039;Enseignement de Vend\u00e9e","og_description":"Bilan de l&rsquo;\u00e9dition \u00ab\u00a0Flammes des \u00e9coles en Vend\u00e9e\u00a0\u00bb G\u00e9n\u00e9ration 2024 Toutes les g\u00e9n\u00e9rations sont convi\u00e9es \u00e0 faire les Jeux de Paris 2024. Pour celle qui les vivra pleinement, de toute sa jeunesse et de son enthousiasme, Paris 2024 a pens\u00e9 un accompagnement sp\u00e9cifique avec son programme d\u2019\u00e9ducation, appel\u00e9 naturellement \u00ab\u00a0G\u00e9n\u00e9ration [&hellip;]","og_url":"https:\/\/www.laligue85.org\/fra\/blog\/2022\/03\/16\/presentation\/","og_site_name":"La Ligue de l&#039;Enseignement de Vend\u00e9e","article_published_time":"2022-03-16T12:06:14+00:00","article_modified_time":"2024-07-05T14:53:49+00:00","og_image":[{"url":"http:\/\/www.laligue85.org\/fra\/wp-content\/uploads\/2022\/03\/flamme-des-ecoles-bilan-217x300.png"}],"author":"webreporter","twitter_card":"summary_large_image","twitter_misc":{"\u00c9crit par":"webreporter","Dur\u00e9e de lecture estim\u00e9e":"3 minutes"},"schema":{"@context":"https:\/\/schema.org","@graph":[{"@type":"WebPage","@id":"https:\/\/www.laligue85.org\/fra\/blog\/2022\/03\/16\/presentation\/","url":"https:\/\/www.laligue85.org\/fra\/blog\/2022\/03\/16\/presentation\/","name":"Pr\u00e9sentation - La Ligue de l&#039;Enseignement de Vend\u00e9e","isPartOf":{"@id":"https:\/\/www.laligue85.org\/fra\/#website"},"datePublished":"2022-03-16T12:06:14+00:00","dateModified":"2024-07-05T14:53:49+00:00","author":{"@id":"https:\/\/www.laligue85.org\/fra\/#\/schema\/person\/1e7451bdc7326a9d6998c4e6143ef302"},"breadcrumb":{"@id":"https:\/\/www.laligue85.org\/fra\/blog\/2022\/03\/16\/presentation\/#breadcrumb"},"inLanguage":"fr-FR","potentialAction":[{"@type":"ReadAction","target":["https:\/\/www.laligue85.org\/fra\/blog\/2022\/03\/16\/presentation\/"]}]},{"@type":"BreadcrumbList","@id":"https:\/\/www.laligue85.org\/fra\/blog\/2022\/03\/16\/presentation\/#breadcrumb","itemListElement":[{"@type":"ListItem","position":1,"name":"Accueil","item":"https:\/\/www.laligue85.org\/fra\/"},{"@type":"ListItem","position":2,"name":"Pr\u00e9sentation"}]},{"@type":"WebSite","@id":"https:\/\/www.laligue85.org\/fra\/#website","url":"https:\/\/www.laligue85.org\/fra\/","name":"La Ligue de l&#039;Enseignement de Vend\u00e9e","description":"F\u00e9d\u00e9ration d&#039;\u00e9ducation populaire","potentialAction":[{"@type":"SearchAction","target":{"@type":"EntryPoint","urlTemplate":"https:\/\/www.laligue85.org\/fra\/?s={search_term_string}"},"query-input":"required name=search_term_string"}],"inLanguage":"fr-FR"},{"@type":"Person","@id":"https:\/\/www.laligue85.org\/fra\/#\/schema\/person\/1e7451bdc7326a9d6998c4e6143ef302","name":"webreporter","image":{"@type":"ImageObject","inLanguage":"fr-FR","@id":"https:\/\/www.laligue85.org\/fra\/#\/schema\/person\/image\/","url":"https:\/\/secure.gravatar.com\/avatar\/bb1e730a8d65ed9caef9b25f341b72a8?s=96&d=mm&r=g","contentUrl":"https:\/\/secure.gravatar.com\/avatar\/bb1e730a8d65ed9caef9b25f341b72a8?s=96&d=mm&r=g","caption":"webreporter"},"url":"http:\/\/www.laligue85.org\/fra\/blog\/author\/webreporter\/"}]}},"jetpack_featured_media_url":"","jetpack_shortlink":"https:\/\/wp.me\/p9Chnq-35j","_links":{"self":[{"href":"http:\/\/www.laligue85.org\/fra\/wp-json\/wp\/v2\/posts\/11861","targetHints":{"allow":["GET"]}}],"collection":[{"href":"http:\/\/www.laligue85.org\/fra\/wp-json\/wp\/v2\/posts"}],"about":[{"href":"http:\/\/www.laligue85.org\/fra\/wp-json\/wp\/v2\/types\/post"}],"author":[{"embeddable":true,"href":"http:\/\/www.laligue85.org\/fra\/wp-json\/wp\/v2\/users\/10"}],"replies":[{"embeddable":true,"href":"http:\/\/www.laligue85.org\/fra\/wp-json\/wp\/v2\/comments?post=11861"}],"version-history":[{"count":6,"href":"http:\/\/www.laligue85.org\/fra\/wp-json\/wp\/v2\/posts\/11861\/revisions"}],"predecessor-version":[{"id":14157,"href":"http:\/\/www.laligue85.org\/fra\/wp-json\/wp\/v2\/posts\/11861\/revisions\/14157"}],"wp:attachment":[{"href":"http:\/\/www.laligue85.org\/fra\/wp-json\/wp\/v2\/media?parent=11861"}],"wp:term":[{"taxonomy":"category","embeddable":true,"href":"http:\/\/www.laligue85.org\/fra\/wp-json\/wp\/v2\/categories?post=11861"},{"taxonomy":"post_tag","embeddable":true,"href":"http:\/\/www.laligue85.org\/fra\/wp-json\/wp\/v2\/tags?post=11861"}],"curies":[{"name":"wp","href":"https:\/\/api.w.org\/{rel}","templated":true}]}}