{"id":11904,"date":"2022-03-23T14:34:26","date_gmt":"2022-03-23T13:34:26","guid":{"rendered":"http:\/\/www.laligue85.org\/fra\/?p=11904"},"modified":"2022-03-23T14:34:26","modified_gmt":"2022-03-23T13:34:26","slug":"nos-partenaires-institutionnels","status":"publish","type":"post","link":"http:\/\/www.laligue85.org\/fra\/blog\/2022\/03\/23\/nos-partenaires-institutionnels\/","title":{"rendered":"Nos partenaires institutionnels"},"content":{"rendered":"<div class=\"et_pb_module et_pb_text et_pb_text_0  et_pb_text_align_left et_pb_bg_layout_dark\">\n<div class=\"et_pb_text_inner\">\n<div id=\"TheTexte\" class=\"Texte\" lang=\"zxx\">L\u2019Usep compte de nombreux partenaires institutionnels, au premier rang desquels le minist\u00e8re de l\u2019\u00c9ducation nationale, tutelle des f\u00e9d\u00e9rations sportives scolaires.<\/div>\n<\/div>\n<div lang=\"zxx\"><\/div>\n<\/div>\n<div class=\"et_pb_module et_pb_text et_pb_text_1  et_pb_text_align_left et_pb_bg_layout_light\">\n<div class=\"et_pb_text_inner\">\n<div id=\"TheTexte\" class=\"Texte\" lang=\"zxx\"><img loading=\"lazy\" decoding=\"async\" class=\"wp-image-3458 alignnone\" src=\"https:\/\/usep.org\/wp-content\/uploads\/2017\/11\/logo-MEN-230x300.png\" sizes=\"auto, (max-width: 121px) 100vw, 121px\" srcset=\"https:\/\/usep.org\/wp-content\/uploads\/2017\/11\/logo-MEN-230x300.png 230w, https:\/\/usep.org\/wp-content\/uploads\/2017\/11\/logo-MEN-768x1002.png 768w, https:\/\/usep.org\/wp-content\/uploads\/2017\/11\/logo-MEN-785x1024.png 785w, https:\/\/usep.org\/wp-content\/uploads\/2017\/11\/logo-MEN-600x783.png 600w, https:\/\/usep.org\/wp-content\/uploads\/2017\/11\/logo-MEN-1080x1409.png 1080w, https:\/\/usep.org\/wp-content\/uploads\/2017\/11\/logo-MEN.png 1200w\" alt=\"\" width=\"121\" height=\"158\" \/><strong><br \/>\nMinist\u00e8re de l\u2019\u00c9ducation nationale<\/strong><\/div>\n<div class=\"Texte\" lang=\"zxx\">Minist\u00e8re de tutelle des f\u00e9d\u00e9rations sportives scolaires.<\/div>\n<div lang=\"zxx\"><\/div>\n<\/div>\n<\/div>\n<div class=\"et_pb_module et_pb_text et_pb_text_2  et_pb_text_align_left et_pb_bg_layout_light\">\n<div class=\"et_pb_text_inner\">\n<div class=\"Texte\" lang=\"zxx\"><img loading=\"lazy\" decoding=\"async\" class=\"alignnone wp-image-3463\" src=\"https:\/\/usep.org\/wp-content\/uploads\/2017\/11\/MS_LOGO_HZ-300x101.jpg\" sizes=\"auto, (max-width: 238px) 100vw, 238px\" srcset=\"https:\/\/usep.org\/wp-content\/uploads\/2017\/11\/MS_LOGO_HZ-300x101.jpg 300w, https:\/\/usep.org\/wp-content\/uploads\/2017\/11\/MS_LOGO_HZ-768x258.jpg 768w, https:\/\/usep.org\/wp-content\/uploads\/2017\/11\/MS_LOGO_HZ-600x202.jpg 600w, https:\/\/usep.org\/wp-content\/uploads\/2017\/11\/MS_LOGO_HZ.jpg 996w\" alt=\"\" width=\"238\" height=\"80\" \/><strong><br \/>\nMinist\u00e8re des Sports<br \/>\n<\/strong>L\u2019Usep est li\u00e9e au minist\u00e8re des Sports par une convention pluriannuelle d\u2019objectifs.<\/div>\n<div lang=\"zxx\"><\/div>\n<\/div>\n<\/div>\n<div class=\"et_pb_module et_pb_text et_pb_text_3  et_pb_text_align_left et_pb_bg_layout_light\">\n<div class=\"et_pb_text_inner\">\n<div class=\"Texte\" lang=\"zxx\">\n<p><img loading=\"lazy\" decoding=\"async\" class=\"alignnone wp-image-4902 \" src=\"https:\/\/usep.org\/wp-content\/uploads\/2018\/06\/S%C3%A9curit%C3%A9-routi%C3%A8re-TousResp_hd-300x119.jpg\" sizes=\"auto, (max-width: 229px) 100vw, 229px\" srcset=\"https:\/\/usep.org\/wp-content\/uploads\/2018\/06\/S\u00e9curit\u00e9-routi\u00e8re-TousResp_hd-300x119.jpg 300w, https:\/\/usep.org\/wp-content\/uploads\/2018\/06\/S\u00e9curit\u00e9-routi\u00e8re-TousResp_hd-768x306.jpg 768w, https:\/\/usep.org\/wp-content\/uploads\/2018\/06\/S\u00e9curit\u00e9-routi\u00e8re-TousResp_hd-600x239.jpg 600w, https:\/\/usep.org\/wp-content\/uploads\/2018\/06\/S\u00e9curit\u00e9-routi\u00e8re-TousResp_hd.jpg 1008w\" alt=\"\" width=\"229\" height=\"91\" \/><strong><br \/>\nS\u00e9curit\u00e9 routi\u00e8re<br \/>\n<\/strong><\/p>\n<p>Rattach\u00e9e au minist\u00e8re de l\u2019Int\u00e9rieur, la d\u00e9l\u00e9gation \u00e0 la s\u00e9curit\u00e9 routi\u00e8re (DSR) est partenaire du P\u2019tit Tour Usep.<\/p>\n<p>&nbsp;<\/p>\n<\/div>\n<\/div>\n<\/div>\n<div class=\"et_pb_module et_pb_text et_pb_text_4  et_pb_text_align_left et_pb_bg_layout_light\">\n<div class=\"et_pb_text_inner\">\n<div class=\"Texte\" lang=\"zxx\"><img loading=\"lazy\" decoding=\"async\" class=\"alignnone wp-image-3483\" src=\"https:\/\/usep.org\/wp-content\/uploads\/2017\/11\/I-gendarmerie-300x287.jpeg\" sizes=\"auto, (max-width: 111px) 100vw, 111px\" srcset=\"https:\/\/usep.org\/wp-content\/uploads\/2017\/11\/I-gendarmerie-300x287.jpeg 300w, https:\/\/usep.org\/wp-content\/uploads\/2017\/11\/I-gendarmerie-768x735.jpeg 768w, https:\/\/usep.org\/wp-content\/uploads\/2017\/11\/I-gendarmerie-600x575.jpeg 600w, https:\/\/usep.org\/wp-content\/uploads\/2017\/11\/I-gendarmerie.jpeg 800w\" alt=\"\" width=\"111\" height=\"107\" \/><br \/>\n<strong>Gendarmerie nationale<br \/>\n<\/strong>Assistance au P\u2019tit Tour Usep \u00e0 v\u00e9lo.<\/div>\n<\/div>\n<\/div>\n<div lang=\"zxx\"><\/div>\n<div lang=\"zxx\"><\/div>\n<div class=\"et_pb_module et_pb_text et_pb_text_5  et_pb_text_align_left et_pb_bg_layout_light\">\n<div class=\"et_pb_text_inner\">\n<div class=\"Texte\" lang=\"zxx\"><img loading=\"lazy\" decoding=\"async\" class=\"alignnone wp-image-14253 \" src=\"https:\/\/usep.org\/wp-content\/uploads\/2017\/11\/logo_JVA_gouv_horizontal_light.png\" alt=\"\" width=\"373\" height=\"60\" \/><br \/>\n<strong>R\u00e9serve civique<br \/>\n<\/strong><a title=\"https:\/\/www.jeveuxaider.gouv.fr\/\" href=\"https:\/\/www.jeveuxaider.gouv.fr\/\" target=\"_blank\" rel=\"noopener\"><b>JeVeuxAider.gouv.fr<\/b><\/a><b>\u00a0<\/b>est la\u00a0<a href=\"https:\/\/www.jeveuxaider.gouv.fr\/\" target=\"_blank\" rel=\"noopener\">plateforme publique du b\u00e9n\u00e9volat<\/a>, propos\u00e9e par la R\u00e9serve Civique. Elle met en relation celles et ceux qui veulent agir pour l\u2019int\u00e9r\u00eat g\u00e9n\u00e9ral avec les associations, \u00e9tablissements publics et communes qui ont besoin de b\u00e9n\u00e9voles. Ensemble, faisons vivre l\u2019engagement de #ChacunPourTous.<\/div>\n<div lang=\"zxx\"><\/div>\n<\/div>\n<\/div>\n<div class=\"et_pb_module et_pb_text et_pb_text_6  et_pb_text_align_left et_pb_bg_layout_light\">\n<div class=\"et_pb_text_inner\">\n<div class=\"Texte\" lang=\"zxx\"><strong><img loading=\"lazy\" decoding=\"async\" class=\"alignnone wp-image-3481\" src=\"https:\/\/usep.org\/wp-content\/uploads\/2017\/11\/I-AP-MAIF.png\" sizes=\"auto, (max-width: 112px) 100vw, 112px\" srcset=\"https:\/\/usep.org\/wp-content\/uploads\/2017\/11\/I-AP-MAIF.png 295w, https:\/\/usep.org\/wp-content\/uploads\/2017\/11\/I-AP-MAIF-150x150.png 150w\" alt=\"\" width=\"112\" height=\"112\" \/><\/strong><strong><br \/>\nPr\u00e9vention Ma\u00eff<br \/>\n<\/strong>Partenaire du P\u2019tit Tour Usep \u00e0 v\u00e9lo.<\/div>\n<div lang=\"zxx\"><\/div>\n<\/div>\n<\/div>\n<div class=\"et_pb_module et_pb_text et_pb_text_7  et_pb_text_align_left et_pb_bg_layout_light\">\n<div class=\"et_pb_text_inner\">\n<div class=\"Texte\" lang=\"zxx\"><strong><img loading=\"lazy\" decoding=\"async\" class=\"alignnone wp-image-3486\" src=\"https:\/\/usep.org\/wp-content\/uploads\/2017\/11\/I-logo-MGEN.jpg\" sizes=\"auto, (max-width: 114px) 100vw, 114px\" srcset=\"https:\/\/usep.org\/wp-content\/uploads\/2017\/11\/I-logo-MGEN.jpg 164w, https:\/\/usep.org\/wp-content\/uploads\/2017\/11\/I-logo-MGEN-150x150.jpg 150w\" alt=\"\" width=\"114\" height=\"113\" \/><br \/>\nMGEN<br \/>\n<\/strong>Partenaire de l\u2019op\u00e9ration \u00c0 l\u2019Usep le sport \u00e7a se VIE<\/div>\n<div lang=\"zxx\"><\/div>\n<\/div>\n<\/div>\n<div class=\"et_pb_module et_pb_text et_pb_text_8  et_pb_text_align_left et_pb_bg_layout_light\">\n<div class=\"et_pb_text_inner\">\n<div class=\"Texte\" lang=\"zxx\"><strong><img loading=\"lazy\" decoding=\"async\" class=\"alignnone wp-image-3484\" src=\"https:\/\/usep.org\/wp-content\/uploads\/2017\/11\/I-logo_AEFE_EC-300x154.png\" sizes=\"auto, (max-width: 190px) 100vw, 190px\" srcset=\"https:\/\/usep.org\/wp-content\/uploads\/2017\/11\/I-logo_AEFE_EC-300x154.png 300w, https:\/\/usep.org\/wp-content\/uploads\/2017\/11\/I-logo_AEFE_EC.png 309w\" alt=\"\" width=\"190\" height=\"98\" \/><br \/>\nAEFE (Agence pour l\u2019enseignement du fran\u00e7ais \u00e0 l\u2019\u00e9tranger)<br \/>\n<\/strong>Partenariat visant \u00e0 d\u00e9velopper le sport scolaire selon l\u2019approche p\u00e9dagogique et associative de l\u2019Usep dans les \u00e9tablissements de son r\u00e9seau.<\/div>\n<div lang=\"zxx\"><\/div>\n<\/div>\n<\/div>\n<div class=\"et_pb_module et_pb_text et_pb_text_9  et_pb_text_align_left et_pb_bg_layout_light\">\n<div class=\"et_pb_text_inner\">\n<div class=\"Texte\" lang=\"zxx\"><strong><img loading=\"lazy\" decoding=\"async\" class=\"alignnone wp-image-3477\" src=\"https:\/\/usep.org\/wp-content\/uploads\/2017\/11\/1-AGEEM-300x94.jpg\" sizes=\"auto, (max-width: 169px) 100vw, 169px\" srcset=\"https:\/\/usep.org\/wp-content\/uploads\/2017\/11\/1-AGEEM-300x94.jpg 300w, https:\/\/usep.org\/wp-content\/uploads\/2017\/11\/1-AGEEM.jpg 595w\" alt=\"\" width=\"169\" height=\"53\" \/><br \/>\nAgeem (Association g\u00e9n\u00e9rale des enseignants des \u00e9coles et classes maternelles publiques)<br \/>\n<\/strong>Partenaire des actions en direction des enfants de maternelle<\/div>\n<div lang=\"zxx\"><\/div>\n<\/div>\n<\/div>\n<div class=\"et_pb_module et_pb_text et_pb_text_10  et_pb_text_align_left et_pb_bg_layout_light\">\n<div class=\"et_pb_text_inner\">\n<div class=\"Texte\" lang=\"zxx\"><strong><img loading=\"lazy\" decoding=\"async\" class=\"alignnone wp-image-3473 \" src=\"https:\/\/usep.org\/wp-content\/uploads\/2017\/11\/I-logo-r-espe-couleur-300x124.png\" sizes=\"auto, (max-width: 222px) 100vw, 222px\" srcset=\"https:\/\/usep.org\/wp-content\/uploads\/2017\/11\/I-logo-r-espe-couleur-300x124.png 300w, https:\/\/usep.org\/wp-content\/uploads\/2017\/11\/I-logo-r-espe-couleur.png 390w\" alt=\"\" width=\"222\" height=\"92\" \/><\/strong><strong><br \/>\nR-\u00c9SP\u00c9 (R\u00e9seau des \u00c9coles sup\u00e9rieures du professorat et de l\u2019\u00e9ducation)<br \/>\n<\/strong>Convention sign\u00e9e en d\u00e9cembre 2015 pour favoriser les synergies dans le cadre de la formation des enseignants.<\/div>\n<div lang=\"zxx\"><\/div>\n<\/div>\n<\/div>\n<div class=\"et_pb_module et_pb_text et_pb_text_11  et_pb_text_align_left et_pb_bg_layout_light\">\n<div class=\"et_pb_text_inner\">\n<div class=\"Texte\" lang=\"zxx\"><strong><img loading=\"lazy\" decoding=\"async\" class=\"alignnone wp-image-3479 \" src=\"https:\/\/usep.org\/wp-content\/uploads\/2017\/11\/I-aeeps-300x108.jpeg\" sizes=\"auto, (max-width: 256px) 100vw, 256px\" srcset=\"https:\/\/usep.org\/wp-content\/uploads\/2017\/11\/I-aeeps-300x108.jpeg 300w, https:\/\/usep.org\/wp-content\/uploads\/2017\/11\/I-aeeps-510x184.jpeg 510w, https:\/\/usep.org\/wp-content\/uploads\/2017\/11\/I-aeeps.jpeg 511w\" alt=\"\" width=\"256\" height=\"92\" \/><\/strong><strong><br \/>\n<\/strong><strong>AEEPS (Association des enseignants d\u2019EPS)<br \/>\n<\/strong>Participe \u00e0 la formation professionnelle des enseignants.<\/div>\n<div lang=\"zxx\"><\/div>\n<\/div>\n<\/div>\n<div class=\"et_pb_module et_pb_text et_pb_text_12  et_pb_text_align_left et_pb_bg_layout_light\">\n<div class=\"et_pb_text_inner\">\n<div class=\"Texte\" lang=\"zxx\"><strong><img loading=\"lazy\" decoding=\"async\" class=\"alignnone wp-image-3485 \" src=\"https:\/\/usep.org\/wp-content\/uploads\/2017\/11\/I-logo-inshea-100.png\" alt=\"\" width=\"174\" height=\"117\" \/><\/strong><strong><br \/>\n<\/strong><strong>INSHEA (Institut National Sup\u00e9rieur de formation et de recherche pour l\u2019\u00e9ducation des jeunes Handicap\u00e9s et les Enseignements Adapt\u00e9s)<br \/>\n<\/strong>Partenaire de la mallette \u00ab\u00a0sport scolaire et handicap\u00a0\u00bb.<\/div>\n<div lang=\"zxx\"><\/div>\n<\/div>\n<\/div>\n<div class=\"et_pb_module et_pb_text et_pb_text_13  et_pb_text_align_left et_pb_bg_layout_light\">\n<div class=\"et_pb_text_inner\">\n<div class=\"Texte\" lang=\"zxx\"><strong><img loading=\"lazy\" decoding=\"async\" class=\"alignnone wp-image-2463 \" src=\"https:\/\/usep.org\/wp-content\/uploads\/2017\/03\/ANCP-HB-280x300.png\" sizes=\"auto, (max-width: 173px) 100vw, 173px\" srcset=\"https:\/\/usep.org\/wp-content\/uploads\/2017\/03\/ANCP-HB-280x300.png 280w, https:\/\/usep.org\/wp-content\/uploads\/2017\/03\/ANCP-HB-768x822.png 768w, https:\/\/usep.org\/wp-content\/uploads\/2017\/03\/ANCP-HB-956x1024.png 956w, https:\/\/usep.org\/wp-content\/uploads\/2017\/03\/ANCP-HB-600x643.png 600w, https:\/\/usep.org\/wp-content\/uploads\/2017\/03\/ANCP-HB-1080x1157.png 1080w\" alt=\"\" width=\"173\" height=\"186\" \/><\/strong><strong><br \/>\n<\/strong><strong>ANCP (Association nationale des conseillers p\u00e9dagogiques)<br \/>\n<\/strong>Partenariat visant \u00e0 favoriser les collaborations en temps scolaire autour de l\u2019EPS et du sport scolaire.<\/div>\n<div lang=\"zxx\"><\/div>\n<\/div>\n<\/div>\n<div class=\"et_pb_module et_pb_text et_pb_text_14  et_pb_text_align_left et_pb_bg_layout_light\">\n<div class=\"et_pb_text_inner\">\n<div class=\"Texte\" lang=\"zxx\"><strong><img loading=\"lazy\" decoding=\"async\" class=\"alignnone wp-image-2466 \" src=\"https:\/\/usep.org\/wp-content\/uploads\/2017\/03\/diversite%CC%81.jpg\" alt=\"\" width=\"156\" height=\"160\" \/><\/strong><strong><br \/>\n<\/strong><strong>La diversit\u00e9 est une force<br \/>\n<\/strong>Association dont l\u2019Usep est signataire de la charte \u00e9ponyme.<\/div>\n<div lang=\"zxx\"><\/div>\n<\/div>\n<\/div>\n<div class=\"et_pb_module et_pb_text et_pb_text_15  et_pb_text_align_left et_pb_bg_layout_light\">\n<div class=\"et_pb_text_inner\">\n<div class=\"Texte\" lang=\"zxx\"><strong><img loading=\"lazy\" decoding=\"async\" class=\"alignnone wp-image-3476 \" src=\"https:\/\/usep.org\/wp-content\/uploads\/2017\/11\/I-Revue-EPS-300x136.png\" sizes=\"auto, (max-width: 199px) 100vw, 199px\" srcset=\"https:\/\/usep.org\/wp-content\/uploads\/2017\/11\/I-Revue-EPS-300x136.png 300w, https:\/\/usep.org\/wp-content\/uploads\/2017\/11\/I-Revue-EPS.png 334w\" alt=\"\" width=\"199\" height=\"90\" \/><\/strong><strong><br \/>\n<\/strong><strong>\u00c9ditions Revue EPS<br \/>\n<\/strong>\u00c9diteur associ\u00e9 \u00e0 plusieurs publications de l\u2019Usep.<\/div>\n<\/div>\n<div lang=\"zxx\"><\/div>\n<\/div>\n<div class=\"et_pb_module et_pb_text et_pb_text_16  et_pb_text_align_left et_pb_bg_layout_light\">\n<div class=\"et_pb_text_inner\">\n<div class=\"Texte\" lang=\"zxx\"><strong><img loading=\"lazy\" decoding=\"async\" class=\"alignnone wp-image-3474 \" src=\"https:\/\/usep.org\/wp-content\/uploads\/2017\/11\/I-passerelles.info_-300x57.png\" sizes=\"auto, (max-width: 268px) 100vw, 268px\" srcset=\"https:\/\/usep.org\/wp-content\/uploads\/2017\/11\/I-passerelles.info_-300x57.png 300w, https:\/\/usep.org\/wp-content\/uploads\/2017\/11\/I-passerelles.info_.png 344w\" alt=\"\" width=\"268\" height=\"51\" \/><\/strong><\/div>\n<div class=\"Texte\" lang=\"zxx\"><strong>Passerelles.info<br \/>\n<\/strong>Partenaire de l\u2019op\u00e9ration \u00c0 l\u2019Usep le sport \u00e7a se VIE\u00a0!<\/div>\n<\/div>\n<div lang=\"zxx\"><\/div>\n<\/div>\n<div class=\"et_pb_module et_pb_text et_pb_text_17  et_pb_text_align_left et_pb_bg_layout_light\">\n<div class=\"et_pb_text_inner\">\n<div class=\"Texte\" lang=\"zxx\"><strong><img loading=\"lazy\" decoding=\"async\" class=\"alignnone wp-image-3475 \" src=\"https:\/\/usep.org\/wp-content\/uploads\/2017\/11\/I-preventio-solaire.png\" alt=\"\" width=\"169\" height=\"109\" \/><\/strong><strong><br \/>\n<\/strong><strong>S\u00e9curit\u00e9 scolaire<br \/>\n<\/strong>Partenaire de l\u2019op\u00e9ration \u00c0 l\u2019Usep le sport \u00e7a se VIE\u00a0!<\/div>\n<\/div>\n<\/div>\n","protected":false},"excerpt":{"rendered":"<p>L\u2019Usep compte de nombreux partenaires institutionnels, au premier rang desquels le minist\u00e8re de l\u2019\u00c9ducation nationale, tutelle des f\u00e9d\u00e9rations sportives scolaires. Minist\u00e8re de l\u2019\u00c9ducation nationale Minist\u00e8re de tutelle des f\u00e9d\u00e9rations sportives scolaires. Minist\u00e8re des Sports L\u2019Usep est li\u00e9e au minist\u00e8re des Sports par une convention pluriannuelle d\u2019objectifs. S\u00e9curit\u00e9 routi\u00e8re Rattach\u00e9e au [&hellip;]<\/p>\n","protected":false},"author":10,"featured_media":0,"comment_status":"closed","ping_status":"open","sticky":false,"template":"","format":"standard","meta":{"jetpack_post_was_ever_published":false,"footnotes":"","jetpack_publicize_message":"","jetpack_is_tweetstorm":false,"jetpack_publicize_feature_enabled":true,"jetpack_social_post_already_shared":true,"jetpack_social_options":[]},"categories":[34],"tags":[],"class_list":["post-11904","post","type-post","status-publish","format-standard","hentry","category-usep-sport-a-lecole"],"jetpack_publicize_connections":[],"yoast_head":"<!-- This site is optimized with the Yoast SEO plugin v20.0 - https:\/\/yoast.com\/wordpress\/plugins\/seo\/ -->\n<title>Nos partenaires institutionnels - La Ligue de l&#039;Enseignement de Vend\u00e9e<\/title>\n<meta name=\"robots\" content=\"index, follow, max-snippet:-1, max-image-preview:large, max-video-preview:-1\" \/>\n<link rel=\"canonical\" href=\"http:\/\/www.laligue85.org\/fra\/blog\/2022\/03\/23\/nos-partenaires-institutionnels\/\" \/>\n<meta property=\"og:locale\" content=\"fr_FR\" \/>\n<meta property=\"og:type\" content=\"article\" \/>\n<meta property=\"og:title\" content=\"Nos partenaires institutionnels - La Ligue de l&#039;Enseignement de Vend\u00e9e\" \/>\n<meta property=\"og:description\" content=\"L\u2019Usep compte de nombreux partenaires institutionnels, au premier rang desquels le minist\u00e8re de l\u2019\u00c9ducation nationale, tutelle des f\u00e9d\u00e9rations sportives scolaires. Minist\u00e8re de l\u2019\u00c9ducation nationale Minist\u00e8re de tutelle des f\u00e9d\u00e9rations sportives scolaires. Minist\u00e8re des Sports L\u2019Usep est li\u00e9e au minist\u00e8re des Sports par une convention pluriannuelle d\u2019objectifs. S\u00e9curit\u00e9 routi\u00e8re Rattach\u00e9e au [&hellip;]\" \/>\n<meta property=\"og:url\" content=\"http:\/\/www.laligue85.org\/fra\/blog\/2022\/03\/23\/nos-partenaires-institutionnels\/\" \/>\n<meta property=\"og:site_name\" content=\"La Ligue de l&#039;Enseignement de Vend\u00e9e\" \/>\n<meta property=\"article:published_time\" content=\"2022-03-23T13:34:26+00:00\" \/>\n<meta property=\"og:image\" content=\"https:\/\/usep.org\/wp-content\/uploads\/2017\/11\/logo-MEN-230x300.png\" \/>\n<meta name=\"author\" content=\"webreporter\" \/>\n<meta name=\"twitter:card\" content=\"summary_large_image\" \/>\n<meta name=\"twitter:label1\" content=\"\u00c9crit par\" \/>\n\t<meta name=\"twitter:data1\" content=\"webreporter\" \/>\n\t<meta name=\"twitter:label2\" content=\"Dur\u00e9e de lecture estim\u00e9e\" \/>\n\t<meta name=\"twitter:data2\" content=\"2 minutes\" \/>\n<script type=\"application\/ld+json\" class=\"yoast-schema-graph\">{\"@context\":\"https:\/\/schema.org\",\"@graph\":[{\"@type\":\"WebPage\",\"@id\":\"http:\/\/www.laligue85.org\/fra\/blog\/2022\/03\/23\/nos-partenaires-institutionnels\/\",\"url\":\"http:\/\/www.laligue85.org\/fra\/blog\/2022\/03\/23\/nos-partenaires-institutionnels\/\",\"name\":\"Nos partenaires institutionnels - La Ligue de l&#039;Enseignement de Vend\u00e9e\",\"isPartOf\":{\"@id\":\"http:\/\/www.laligue85.org\/fra\/#website\"},\"datePublished\":\"2022-03-23T13:34:26+00:00\",\"dateModified\":\"2022-03-23T13:34:26+00:00\",\"author\":{\"@id\":\"http:\/\/www.laligue85.org\/fra\/#\/schema\/person\/1e7451bdc7326a9d6998c4e6143ef302\"},\"breadcrumb\":{\"@id\":\"http:\/\/www.laligue85.org\/fra\/blog\/2022\/03\/23\/nos-partenaires-institutionnels\/#breadcrumb\"},\"inLanguage\":\"fr-FR\",\"potentialAction\":[{\"@type\":\"ReadAction\",\"target\":[\"http:\/\/www.laligue85.org\/fra\/blog\/2022\/03\/23\/nos-partenaires-institutionnels\/\"]}]},{\"@type\":\"BreadcrumbList\",\"@id\":\"http:\/\/www.laligue85.org\/fra\/blog\/2022\/03\/23\/nos-partenaires-institutionnels\/#breadcrumb\",\"itemListElement\":[{\"@type\":\"ListItem\",\"position\":1,\"name\":\"Accueil\",\"item\":\"http:\/\/www.laligue85.org\/fra\/\"},{\"@type\":\"ListItem\",\"position\":2,\"name\":\"Nos partenaires institutionnels\"}]},{\"@type\":\"WebSite\",\"@id\":\"http:\/\/www.laligue85.org\/fra\/#website\",\"url\":\"http:\/\/www.laligue85.org\/fra\/\",\"name\":\"La Ligue de l&#039;Enseignement de Vend\u00e9e\",\"description\":\"F\u00e9d\u00e9ration d&#039;\u00e9ducation populaire\",\"potentialAction\":[{\"@type\":\"SearchAction\",\"target\":{\"@type\":\"EntryPoint\",\"urlTemplate\":\"http:\/\/www.laligue85.org\/fra\/?s={search_term_string}\"},\"query-input\":\"required name=search_term_string\"}],\"inLanguage\":\"fr-FR\"},{\"@type\":\"Person\",\"@id\":\"http:\/\/www.laligue85.org\/fra\/#\/schema\/person\/1e7451bdc7326a9d6998c4e6143ef302\",\"name\":\"webreporter\",\"image\":{\"@type\":\"ImageObject\",\"inLanguage\":\"fr-FR\",\"@id\":\"http:\/\/www.laligue85.org\/fra\/#\/schema\/person\/image\/\",\"url\":\"https:\/\/secure.gravatar.com\/avatar\/bb1e730a8d65ed9caef9b25f341b72a8?s=96&d=mm&r=g\",\"contentUrl\":\"https:\/\/secure.gravatar.com\/avatar\/bb1e730a8d65ed9caef9b25f341b72a8?s=96&d=mm&r=g\",\"caption\":\"webreporter\"},\"url\":\"http:\/\/www.laligue85.org\/fra\/blog\/author\/webreporter\/\"}]}<\/script>\n<!-- \/ Yoast SEO plugin. -->","yoast_head_json":{"title":"Nos partenaires institutionnels - La Ligue de l&#039;Enseignement de Vend\u00e9e","robots":{"index":"index","follow":"follow","max-snippet":"max-snippet:-1","max-image-preview":"max-image-preview:large","max-video-preview":"max-video-preview:-1"},"canonical":"http:\/\/www.laligue85.org\/fra\/blog\/2022\/03\/23\/nos-partenaires-institutionnels\/","og_locale":"fr_FR","og_type":"article","og_title":"Nos partenaires institutionnels - La Ligue de l&#039;Enseignement de Vend\u00e9e","og_description":"L\u2019Usep compte de nombreux partenaires institutionnels, au premier rang desquels le minist\u00e8re de l\u2019\u00c9ducation nationale, tutelle des f\u00e9d\u00e9rations sportives scolaires. Minist\u00e8re de l\u2019\u00c9ducation nationale Minist\u00e8re de tutelle des f\u00e9d\u00e9rations sportives scolaires. Minist\u00e8re des Sports L\u2019Usep est li\u00e9e au minist\u00e8re des Sports par une convention pluriannuelle d\u2019objectifs. S\u00e9curit\u00e9 routi\u00e8re Rattach\u00e9e au [&hellip;]","og_url":"http:\/\/www.laligue85.org\/fra\/blog\/2022\/03\/23\/nos-partenaires-institutionnels\/","og_site_name":"La Ligue de l&#039;Enseignement de Vend\u00e9e","article_published_time":"2022-03-23T13:34:26+00:00","og_image":[{"url":"https:\/\/usep.org\/wp-content\/uploads\/2017\/11\/logo-MEN-230x300.png"}],"author":"webreporter","twitter_card":"summary_large_image","twitter_misc":{"\u00c9crit par":"webreporter","Dur\u00e9e de lecture estim\u00e9e":"2 minutes"},"schema":{"@context":"https:\/\/schema.org","@graph":[{"@type":"WebPage","@id":"http:\/\/www.laligue85.org\/fra\/blog\/2022\/03\/23\/nos-partenaires-institutionnels\/","url":"http:\/\/www.laligue85.org\/fra\/blog\/2022\/03\/23\/nos-partenaires-institutionnels\/","name":"Nos partenaires institutionnels - La Ligue de l&#039;Enseignement de Vend\u00e9e","isPartOf":{"@id":"http:\/\/www.laligue85.org\/fra\/#website"},"datePublished":"2022-03-23T13:34:26+00:00","dateModified":"2022-03-23T13:34:26+00:00","author":{"@id":"http:\/\/www.laligue85.org\/fra\/#\/schema\/person\/1e7451bdc7326a9d6998c4e6143ef302"},"breadcrumb":{"@id":"http:\/\/www.laligue85.org\/fra\/blog\/2022\/03\/23\/nos-partenaires-institutionnels\/#breadcrumb"},"inLanguage":"fr-FR","potentialAction":[{"@type":"ReadAction","target":["http:\/\/www.laligue85.org\/fra\/blog\/2022\/03\/23\/nos-partenaires-institutionnels\/"]}]},{"@type":"BreadcrumbList","@id":"http:\/\/www.laligue85.org\/fra\/blog\/2022\/03\/23\/nos-partenaires-institutionnels\/#breadcrumb","itemListElement":[{"@type":"ListItem","position":1,"name":"Accueil","item":"http:\/\/www.laligue85.org\/fra\/"},{"@type":"ListItem","position":2,"name":"Nos partenaires institutionnels"}]},{"@type":"WebSite","@id":"http:\/\/www.laligue85.org\/fra\/#website","url":"http:\/\/www.laligue85.org\/fra\/","name":"La Ligue de l&#039;Enseignement de Vend\u00e9e","description":"F\u00e9d\u00e9ration d&#039;\u00e9ducation populaire","potentialAction":[{"@type":"SearchAction","target":{"@type":"EntryPoint","urlTemplate":"http:\/\/www.laligue85.org\/fra\/?s={search_term_string}"},"query-input":"required name=search_term_string"}],"inLanguage":"fr-FR"},{"@type":"Person","@id":"http:\/\/www.laligue85.org\/fra\/#\/schema\/person\/1e7451bdc7326a9d6998c4e6143ef302","name":"webreporter","image":{"@type":"ImageObject","inLanguage":"fr-FR","@id":"http:\/\/www.laligue85.org\/fra\/#\/schema\/person\/image\/","url":"https:\/\/secure.gravatar.com\/avatar\/bb1e730a8d65ed9caef9b25f341b72a8?s=96&d=mm&r=g","contentUrl":"https:\/\/secure.gravatar.com\/avatar\/bb1e730a8d65ed9caef9b25f341b72a8?s=96&d=mm&r=g","caption":"webreporter"},"url":"http:\/\/www.laligue85.org\/fra\/blog\/author\/webreporter\/"}]}},"jetpack_featured_media_url":"","jetpack_shortlink":"https:\/\/wp.me\/p9Chnq-360","_links":{"self":[{"href":"http:\/\/www.laligue85.org\/fra\/wp-json\/wp\/v2\/posts\/11904","targetHints":{"allow":["GET"]}}],"collection":[{"href":"http:\/\/www.laligue85.org\/fra\/wp-json\/wp\/v2\/posts"}],"about":[{"href":"http:\/\/www.laligue85.org\/fra\/wp-json\/wp\/v2\/types\/post"}],"author":[{"embeddable":true,"href":"http:\/\/www.laligue85.org\/fra\/wp-json\/wp\/v2\/users\/10"}],"replies":[{"embeddable":true,"href":"http:\/\/www.laligue85.org\/fra\/wp-json\/wp\/v2\/comments?post=11904"}],"version-history":[{"count":2,"href":"http:\/\/www.laligue85.org\/fra\/wp-json\/wp\/v2\/posts\/11904\/revisions"}],"predecessor-version":[{"id":11906,"href":"http:\/\/www.laligue85.org\/fra\/wp-json\/wp\/v2\/posts\/11904\/revisions\/11906"}],"wp:attachment":[{"href":"http:\/\/www.laligue85.org\/fra\/wp-json\/wp\/v2\/media?parent=11904"}],"wp:term":[{"taxonomy":"category","embeddable":true,"href":"http:\/\/www.laligue85.org\/fra\/wp-json\/wp\/v2\/categories?post=11904"},{"taxonomy":"post_tag","embeddable":true,"href":"http:\/\/www.laligue85.org\/fra\/wp-json\/wp\/v2\/tags?post=11904"}],"curies":[{"name":"wp","href":"https:\/\/api.w.org\/{rel}","templated":true}]}}