{"id":11914,"date":"2022-03-23T15:36:16","date_gmt":"2022-03-23T14:36:16","guid":{"rendered":"http:\/\/www.laligue85.org\/fra\/?p=11914"},"modified":"2022-03-23T16:05:47","modified_gmt":"2022-03-23T15:05:47","slug":"nos-partenaires-internationaux","status":"publish","type":"post","link":"http:\/\/www.laligue85.org\/fra\/blog\/2022\/03\/23\/nos-partenaires-internationaux\/","title":{"rendered":"Nos partenaires internationaux"},"content":{"rendered":"<p>[vc_row][vc_column][vc_single_image image=\u00a0\u00bb11921&Prime;][vc_column_text]<\/p>\n<div class=\"et_pb_module et_pb_text et_pb_text_0 et_pb_text_align_left et_pb_bg_layout_dark\">\n<div class=\"et_pb_text_inner\">\n<div id=\"TheTexte\" class=\"Texte\" lang=\"zxx\">L\u2019Usep est membre fondateur de l\u2019International Sport and Culture Association (ISCA) et organise des \u00e9changes linguistiques avec l\u2019Office franco-allemand pour la jeunesse (Ofaj) et la Th\u00fcringen Sportjungend. Elle entretient \u00e9galement des rapports \u00e9troits avec l\u2019Usep Maroc, qui f\u00e9d\u00e8re les \u00e9coles fran\u00e7aises de ce pays.<\/div>\n<div lang=\"zxx\"><\/div>\n<\/div>\n<div lang=\"zxx\"><\/div>\n<\/div>\n<div class=\"et_pb_module et_pb_text et_pb_text_1 et_pb_text_align_left et_pb_bg_layout_light\">\n<div class=\"et_pb_text_inner\">\n<p><img loading=\"lazy\" decoding=\"async\" class=\"alignnone wp-image-3459\" src=\"https:\/\/usep.org\/wp-content\/uploads\/2017\/11\/logo-OFAJ-300x194.jpg\" sizes=\"auto, (max-width: 155px) 100vw, 155px\" srcset=\"https:\/\/usep.org\/wp-content\/uploads\/2017\/11\/logo-OFAJ-300x194.jpg 300w, https:\/\/usep.org\/wp-content\/uploads\/2017\/11\/logo-OFAJ-768x496.jpg 768w, https:\/\/usep.org\/wp-content\/uploads\/2017\/11\/logo-OFAJ-600x388.jpg 600w, https:\/\/usep.org\/wp-content\/uploads\/2017\/11\/logo-OFAJ.jpg 992w\" alt=\"\" width=\"155\" height=\"100\" \/><\/p>\n<p><img loading=\"lazy\" decoding=\"async\" class=\"alignnone wp-image-3457\" src=\"https:\/\/usep.org\/wp-content\/uploads\/2017\/11\/isca-300x148.png\" sizes=\"auto, (max-width: 180px) 100vw, 180px\" srcset=\"https:\/\/usep.org\/wp-content\/uploads\/2017\/11\/isca-300x148.png 300w, https:\/\/usep.org\/wp-content\/uploads\/2017\/11\/isca.png 580w\" alt=\"\" width=\"180\" height=\"89\" \/><br \/>\n<img loading=\"lazy\" decoding=\"async\" class=\"alignnone size-full wp-image-3464\" src=\"https:\/\/usep.org\/wp-content\/uploads\/2017\/11\/Neues_Logo_Sportjugend.gif\" alt=\"\" width=\"160\" height=\"126\" \/><br \/>\n<img loading=\"lazy\" decoding=\"async\" class=\"alignnone size-full wp-image-3462\" src=\"https:\/\/usep.org\/wp-content\/uploads\/2017\/11\/logousepmaroc.jpg\" alt=\"\" width=\"180\" height=\"154\" \/><\/p>\n<\/div>\n<\/div>\n<p>[\/vc_column_text][\/vc_column][\/vc_row]<\/p>\n","protected":false},"excerpt":{"rendered":"<p>[vc_row][vc_column][vc_single_image image=\u00a0\u00bb11921&Prime;][vc_column_text] L\u2019Usep est membre fondateur de l\u2019International Sport and Culture Association (ISCA) et organise des \u00e9changes linguistiques avec l\u2019Office franco-allemand pour la jeunesse (Ofaj) et la Th\u00fcringen Sportjungend. Elle entretient \u00e9galement des rapports \u00e9troits avec l\u2019Usep Maroc, qui f\u00e9d\u00e8re les \u00e9coles fran\u00e7aises de ce pays. [\/vc_column_text][\/vc_column][\/vc_row]<\/p>\n","protected":false},"author":10,"featured_media":0,"comment_status":"closed","ping_status":"open","sticky":false,"template":"","format":"standard","meta":{"jetpack_post_was_ever_published":false,"footnotes":"","jetpack_publicize_message":"","jetpack_is_tweetstorm":false,"jetpack_publicize_feature_enabled":true,"jetpack_social_post_already_shared":true,"jetpack_social_options":[]},"categories":[34],"tags":[],"class_list":["post-11914","post","type-post","status-publish","format-standard","hentry","category-usep-sport-a-lecole"],"jetpack_publicize_connections":[],"yoast_head":"<!-- This site is optimized with the Yoast SEO plugin v20.0 - https:\/\/yoast.com\/wordpress\/plugins\/seo\/ -->\n<title>Nos partenaires internationaux - La Ligue de l&#039;Enseignement de Vend\u00e9e<\/title>\n<meta name=\"robots\" content=\"index, follow, max-snippet:-1, max-image-preview:large, max-video-preview:-1\" \/>\n<link rel=\"canonical\" href=\"https:\/\/www.laligue85.org\/fra\/blog\/2022\/03\/23\/nos-partenaires-internationaux\/\" \/>\n<meta property=\"og:locale\" content=\"fr_FR\" \/>\n<meta property=\"og:type\" content=\"article\" \/>\n<meta property=\"og:title\" content=\"Nos partenaires internationaux - La Ligue de l&#039;Enseignement de Vend\u00e9e\" \/>\n<meta property=\"og:description\" content=\"[vc_row][vc_column][vc_single_image image=\u00a0\u00bb11921&Prime;][vc_column_text] L\u2019Usep est membre fondateur de l\u2019International Sport and Culture Association (ISCA) et organise des \u00e9changes linguistiques avec l\u2019Office franco-allemand pour la jeunesse (Ofaj) et la Th\u00fcringen Sportjungend. Elle entretient \u00e9galement des rapports \u00e9troits avec l\u2019Usep Maroc, qui f\u00e9d\u00e8re les \u00e9coles fran\u00e7aises de ce pays. [\/vc_column_text][\/vc_column][\/vc_row]\" \/>\n<meta property=\"og:url\" content=\"https:\/\/www.laligue85.org\/fra\/blog\/2022\/03\/23\/nos-partenaires-internationaux\/\" \/>\n<meta property=\"og:site_name\" content=\"La Ligue de l&#039;Enseignement de Vend\u00e9e\" \/>\n<meta property=\"article:published_time\" content=\"2022-03-23T14:36:16+00:00\" \/>\n<meta property=\"article:modified_time\" content=\"2022-03-23T15:05:47+00:00\" \/>\n<meta property=\"og:image\" content=\"https:\/\/usep.org\/wp-content\/uploads\/2017\/11\/logo-OFAJ-300x194.jpg\" \/>\n<meta name=\"author\" content=\"webreporter\" \/>\n<meta name=\"twitter:card\" content=\"summary_large_image\" \/>\n<meta name=\"twitter:label1\" content=\"\u00c9crit par\" \/>\n\t<meta name=\"twitter:data1\" content=\"webreporter\" \/>\n<script type=\"application\/ld+json\" class=\"yoast-schema-graph\">{\"@context\":\"https:\/\/schema.org\",\"@graph\":[{\"@type\":\"WebPage\",\"@id\":\"https:\/\/www.laligue85.org\/fra\/blog\/2022\/03\/23\/nos-partenaires-internationaux\/\",\"url\":\"https:\/\/www.laligue85.org\/fra\/blog\/2022\/03\/23\/nos-partenaires-internationaux\/\",\"name\":\"Nos partenaires internationaux - La Ligue de l&#039;Enseignement de Vend\u00e9e\",\"isPartOf\":{\"@id\":\"https:\/\/www.laligue85.org\/fra\/#website\"},\"datePublished\":\"2022-03-23T14:36:16+00:00\",\"dateModified\":\"2022-03-23T15:05:47+00:00\",\"author\":{\"@id\":\"https:\/\/www.laligue85.org\/fra\/#\/schema\/person\/1e7451bdc7326a9d6998c4e6143ef302\"},\"breadcrumb\":{\"@id\":\"https:\/\/www.laligue85.org\/fra\/blog\/2022\/03\/23\/nos-partenaires-internationaux\/#breadcrumb\"},\"inLanguage\":\"fr-FR\",\"potentialAction\":[{\"@type\":\"ReadAction\",\"target\":[\"https:\/\/www.laligue85.org\/fra\/blog\/2022\/03\/23\/nos-partenaires-internationaux\/\"]}]},{\"@type\":\"BreadcrumbList\",\"@id\":\"https:\/\/www.laligue85.org\/fra\/blog\/2022\/03\/23\/nos-partenaires-internationaux\/#breadcrumb\",\"itemListElement\":[{\"@type\":\"ListItem\",\"position\":1,\"name\":\"Accueil\",\"item\":\"https:\/\/www.laligue85.org\/fra\/\"},{\"@type\":\"ListItem\",\"position\":2,\"name\":\"Nos partenaires internationaux\"}]},{\"@type\":\"WebSite\",\"@id\":\"https:\/\/www.laligue85.org\/fra\/#website\",\"url\":\"https:\/\/www.laligue85.org\/fra\/\",\"name\":\"La Ligue de l&#039;Enseignement de Vend\u00e9e\",\"description\":\"F\u00e9d\u00e9ration d&#039;\u00e9ducation populaire\",\"potentialAction\":[{\"@type\":\"SearchAction\",\"target\":{\"@type\":\"EntryPoint\",\"urlTemplate\":\"https:\/\/www.laligue85.org\/fra\/?s={search_term_string}\"},\"query-input\":\"required name=search_term_string\"}],\"inLanguage\":\"fr-FR\"},{\"@type\":\"Person\",\"@id\":\"https:\/\/www.laligue85.org\/fra\/#\/schema\/person\/1e7451bdc7326a9d6998c4e6143ef302\",\"name\":\"webreporter\",\"image\":{\"@type\":\"ImageObject\",\"inLanguage\":\"fr-FR\",\"@id\":\"https:\/\/www.laligue85.org\/fra\/#\/schema\/person\/image\/\",\"url\":\"https:\/\/secure.gravatar.com\/avatar\/bb1e730a8d65ed9caef9b25f341b72a8?s=96&d=mm&r=g\",\"contentUrl\":\"https:\/\/secure.gravatar.com\/avatar\/bb1e730a8d65ed9caef9b25f341b72a8?s=96&d=mm&r=g\",\"caption\":\"webreporter\"},\"url\":\"http:\/\/www.laligue85.org\/fra\/blog\/author\/webreporter\/\"}]}<\/script>\n<!-- \/ Yoast SEO plugin. -->","yoast_head_json":{"title":"Nos partenaires internationaux - La Ligue de l&#039;Enseignement de Vend\u00e9e","robots":{"index":"index","follow":"follow","max-snippet":"max-snippet:-1","max-image-preview":"max-image-preview:large","max-video-preview":"max-video-preview:-1"},"canonical":"https:\/\/www.laligue85.org\/fra\/blog\/2022\/03\/23\/nos-partenaires-internationaux\/","og_locale":"fr_FR","og_type":"article","og_title":"Nos partenaires internationaux - La Ligue de l&#039;Enseignement de Vend\u00e9e","og_description":"[vc_row][vc_column][vc_single_image image=\u00a0\u00bb11921&Prime;][vc_column_text] L\u2019Usep est membre fondateur de l\u2019International Sport and Culture Association (ISCA) et organise des \u00e9changes linguistiques avec l\u2019Office franco-allemand pour la jeunesse (Ofaj) et la Th\u00fcringen Sportjungend. Elle entretient \u00e9galement des rapports \u00e9troits avec l\u2019Usep Maroc, qui f\u00e9d\u00e8re les \u00e9coles fran\u00e7aises de ce pays. [\/vc_column_text][\/vc_column][\/vc_row]","og_url":"https:\/\/www.laligue85.org\/fra\/blog\/2022\/03\/23\/nos-partenaires-internationaux\/","og_site_name":"La Ligue de l&#039;Enseignement de Vend\u00e9e","article_published_time":"2022-03-23T14:36:16+00:00","article_modified_time":"2022-03-23T15:05:47+00:00","og_image":[{"url":"https:\/\/usep.org\/wp-content\/uploads\/2017\/11\/logo-OFAJ-300x194.jpg"}],"author":"webreporter","twitter_card":"summary_large_image","twitter_misc":{"\u00c9crit par":"webreporter"},"schema":{"@context":"https:\/\/schema.org","@graph":[{"@type":"WebPage","@id":"https:\/\/www.laligue85.org\/fra\/blog\/2022\/03\/23\/nos-partenaires-internationaux\/","url":"https:\/\/www.laligue85.org\/fra\/blog\/2022\/03\/23\/nos-partenaires-internationaux\/","name":"Nos partenaires internationaux - La Ligue de l&#039;Enseignement de Vend\u00e9e","isPartOf":{"@id":"https:\/\/www.laligue85.org\/fra\/#website"},"datePublished":"2022-03-23T14:36:16+00:00","dateModified":"2022-03-23T15:05:47+00:00","author":{"@id":"https:\/\/www.laligue85.org\/fra\/#\/schema\/person\/1e7451bdc7326a9d6998c4e6143ef302"},"breadcrumb":{"@id":"https:\/\/www.laligue85.org\/fra\/blog\/2022\/03\/23\/nos-partenaires-internationaux\/#breadcrumb"},"inLanguage":"fr-FR","potentialAction":[{"@type":"ReadAction","target":["https:\/\/www.laligue85.org\/fra\/blog\/2022\/03\/23\/nos-partenaires-internationaux\/"]}]},{"@type":"BreadcrumbList","@id":"https:\/\/www.laligue85.org\/fra\/blog\/2022\/03\/23\/nos-partenaires-internationaux\/#breadcrumb","itemListElement":[{"@type":"ListItem","position":1,"name":"Accueil","item":"https:\/\/www.laligue85.org\/fra\/"},{"@type":"ListItem","position":2,"name":"Nos partenaires internationaux"}]},{"@type":"WebSite","@id":"https:\/\/www.laligue85.org\/fra\/#website","url":"https:\/\/www.laligue85.org\/fra\/","name":"La Ligue de l&#039;Enseignement de Vend\u00e9e","description":"F\u00e9d\u00e9ration d&#039;\u00e9ducation populaire","potentialAction":[{"@type":"SearchAction","target":{"@type":"EntryPoint","urlTemplate":"https:\/\/www.laligue85.org\/fra\/?s={search_term_string}"},"query-input":"required name=search_term_string"}],"inLanguage":"fr-FR"},{"@type":"Person","@id":"https:\/\/www.laligue85.org\/fra\/#\/schema\/person\/1e7451bdc7326a9d6998c4e6143ef302","name":"webreporter","image":{"@type":"ImageObject","inLanguage":"fr-FR","@id":"https:\/\/www.laligue85.org\/fra\/#\/schema\/person\/image\/","url":"https:\/\/secure.gravatar.com\/avatar\/bb1e730a8d65ed9caef9b25f341b72a8?s=96&d=mm&r=g","contentUrl":"https:\/\/secure.gravatar.com\/avatar\/bb1e730a8d65ed9caef9b25f341b72a8?s=96&d=mm&r=g","caption":"webreporter"},"url":"http:\/\/www.laligue85.org\/fra\/blog\/author\/webreporter\/"}]}},"jetpack_featured_media_url":"","jetpack_shortlink":"https:\/\/wp.me\/p9Chnq-36a","_links":{"self":[{"href":"http:\/\/www.laligue85.org\/fra\/wp-json\/wp\/v2\/posts\/11914","targetHints":{"allow":["GET"]}}],"collection":[{"href":"http:\/\/www.laligue85.org\/fra\/wp-json\/wp\/v2\/posts"}],"about":[{"href":"http:\/\/www.laligue85.org\/fra\/wp-json\/wp\/v2\/types\/post"}],"author":[{"embeddable":true,"href":"http:\/\/www.laligue85.org\/fra\/wp-json\/wp\/v2\/users\/10"}],"replies":[{"embeddable":true,"href":"http:\/\/www.laligue85.org\/fra\/wp-json\/wp\/v2\/comments?post=11914"}],"version-history":[{"count":3,"href":"http:\/\/www.laligue85.org\/fra\/wp-json\/wp\/v2\/posts\/11914\/revisions"}],"predecessor-version":[{"id":11922,"href":"http:\/\/www.laligue85.org\/fra\/wp-json\/wp\/v2\/posts\/11914\/revisions\/11922"}],"wp:attachment":[{"href":"http:\/\/www.laligue85.org\/fra\/wp-json\/wp\/v2\/media?parent=11914"}],"wp:term":[{"taxonomy":"category","embeddable":true,"href":"http:\/\/www.laligue85.org\/fra\/wp-json\/wp\/v2\/categories?post=11914"},{"taxonomy":"post_tag","embeddable":true,"href":"http:\/\/www.laligue85.org\/fra\/wp-json\/wp\/v2\/tags?post=11914"}],"curies":[{"name":"wp","href":"https:\/\/api.w.org\/{rel}","templated":true}]}}