{"id":11917,"date":"2022-03-23T15:57:55","date_gmt":"2022-03-23T14:57:55","guid":{"rendered":"http:\/\/www.laligue85.org\/fra\/?p=11917"},"modified":"2022-03-23T15:59:02","modified_gmt":"2022-03-23T14:59:02","slug":"nos-partenaires-economiques","status":"publish","type":"post","link":"http:\/\/www.laligue85.org\/fra\/blog\/2022\/03\/23\/nos-partenaires-economiques\/","title":{"rendered":"Nos partenaires \u00e9conomiques"},"content":{"rendered":"<p>[vc_row][vc_column][vc_single_image image=\u00a0\u00bb11871&Prime;][\/vc_column][\/vc_row][vc_row][vc_column][vc_column_text]<\/p>\n<div class=\"et_pb_section et_pb_section_0 et_section_regular\">\n<div class=\"et_pb_row et_pb_row_0\">\n<div class=\"et_pb_column et_pb_column_4_4 et_pb_column_0 et_pb_css_mix_blend_mode_passthrough et-last-child\">\n<div class=\"et_pb_module et_pb_text et_pb_text_0 et_pb_text_align_left et_pb_bg_layout_dark\">\n<div class=\"et_pb_text_inner\">\n<div id=\"TheTexte\" class=\"Texte\" lang=\"zxx\">Parmi ses partenaires \u00e9conomiques, l\u2019Usep compte un assureur (Apac Assurances), deux \u00e9quipementiers (Decathon Pro et Wesco) et une soci\u00e9t\u00e9 sp\u00e9cialis\u00e9e dans la communication par l\u2019objet (Objet-rama).<\/div>\n<\/div>\n<\/div>\n<div class=\"et_pb_module et_pb_text et_pb_text_1 et_pb_text_align_left et_pb_bg_layout_light\">\n<div class=\"et_pb_text_inner\">\n<p><img loading=\"lazy\" decoding=\"async\" class=\"alignnone wp-image-3456\" src=\"https:\/\/usep.org\/wp-content\/uploads\/2017\/11\/apac_logo-300x125.jpg\" sizes=\"auto, (max-width: 240px) 100vw, 240px\" srcset=\"https:\/\/usep.org\/wp-content\/uploads\/2017\/11\/apac_logo-300x125.jpg 300w, https:\/\/usep.org\/wp-content\/uploads\/2017\/11\/apac_logo-600x250.jpg 600w, https:\/\/usep.org\/wp-content\/uploads\/2017\/11\/apac_logo.jpg 709w\" alt=\"\" width=\"240\" height=\"100\" \/><\/p>\n<p><img loading=\"lazy\" decoding=\"async\" class=\"alignnone wp-image-3461\" src=\"https:\/\/usep.org\/wp-content\/uploads\/2017\/11\/logodecathlon-pro.png\" alt=\"\" width=\"229\" height=\"39\" \/><\/p>\n<p><img loading=\"lazy\" decoding=\"async\" class=\"alignnone size-full wp-image-3465\" src=\"https:\/\/usep.org\/wp-content\/uploads\/2017\/11\/wesco-e1507572365512.png\" alt=\"\" width=\"200\" height=\"72\" \/><\/p>\n<p><img loading=\"lazy\" decoding=\"async\" class=\"alignnone wp-image-3460\" src=\"https:\/\/usep.org\/wp-content\/uploads\/2017\/11\/logo_objetrama_hd-300x60.jpg\" sizes=\"auto, (max-width: 280px) 100vw, 280px\" srcset=\"https:\/\/usep.org\/wp-content\/uploads\/2017\/11\/logo_objetrama_hd-300x60.jpg 300w, https:\/\/usep.org\/wp-content\/uploads\/2017\/11\/logo_objetrama_hd-768x154.jpg 768w, https:\/\/usep.org\/wp-content\/uploads\/2017\/11\/logo_objetrama_hd-1024x205.jpg 1024w, https:\/\/usep.org\/wp-content\/uploads\/2017\/11\/logo_objetrama_hd-600x120.jpg 600w, https:\/\/usep.org\/wp-content\/uploads\/2017\/11\/logo_objetrama_hd-1080x216.jpg 1080w\" alt=\"\" width=\"280\" height=\"56\" \/><\/p>\n<\/div>\n<\/div>\n<\/div>\n<\/div>\n<\/div>\n<div class=\"et_pb_section et_pb_section_1 et_pb_with_background et_section_regular\">\n<div class=\"et_pb_row et_pb_row_1\">\n<div class=\"et_pb_column et_pb_column_4_4 et_pb_column_1 et_pb_css_mix_blend_mode_passthrough et-last-child\">\n<div class=\"et_pb_module et_pb_post_nav_0 et_pb_posts_nav nav-single\"><\/div>\n<\/div>\n<\/div>\n<\/div>\n<p>[\/vc_column_text][\/vc_column][\/vc_row]<\/p>\n","protected":false},"excerpt":{"rendered":"<p>[vc_row][vc_column][vc_single_image image=\u00a0\u00bb11871&Prime;][\/vc_column][\/vc_row][vc_row][vc_column][vc_column_text] Parmi ses partenaires \u00e9conomiques, l\u2019Usep compte un assureur (Apac Assurances), deux \u00e9quipementiers (Decathon Pro et Wesco) et une soci\u00e9t\u00e9 sp\u00e9cialis\u00e9e dans la communication par l\u2019objet (Objet-rama). [\/vc_column_text][\/vc_column][\/vc_row]<\/p>\n","protected":false},"author":10,"featured_media":0,"comment_status":"closed","ping_status":"open","sticky":false,"template":"","format":"standard","meta":{"jetpack_post_was_ever_published":false,"footnotes":"","jetpack_publicize_message":"","jetpack_is_tweetstorm":false,"jetpack_publicize_feature_enabled":true,"jetpack_social_post_already_shared":true,"jetpack_social_options":[]},"categories":[34],"tags":[],"class_list":["post-11917","post","type-post","status-publish","format-standard","hentry","category-usep-sport-a-lecole"],"jetpack_publicize_connections":[],"yoast_head":"<!-- This site is optimized with the Yoast SEO plugin v20.0 - https:\/\/yoast.com\/wordpress\/plugins\/seo\/ -->\n<title>Nos partenaires \u00e9conomiques - La Ligue de l&#039;Enseignement de Vend\u00e9e<\/title>\n<meta name=\"robots\" content=\"index, follow, max-snippet:-1, max-image-preview:large, max-video-preview:-1\" \/>\n<link rel=\"canonical\" href=\"http:\/\/www.laligue85.org\/fra\/blog\/2022\/03\/23\/nos-partenaires-economiques\/\" \/>\n<meta property=\"og:locale\" content=\"fr_FR\" \/>\n<meta property=\"og:type\" content=\"article\" \/>\n<meta property=\"og:title\" content=\"Nos partenaires \u00e9conomiques - La Ligue de l&#039;Enseignement de Vend\u00e9e\" \/>\n<meta property=\"og:description\" content=\"[vc_row][vc_column][vc_single_image image=\u00a0\u00bb11871&Prime;][\/vc_column][\/vc_row][vc_row][vc_column][vc_column_text] Parmi ses partenaires \u00e9conomiques, l\u2019Usep compte un assureur (Apac Assurances), deux \u00e9quipementiers (Decathon Pro et Wesco) et une soci\u00e9t\u00e9 sp\u00e9cialis\u00e9e dans la communication par l\u2019objet (Objet-rama). [\/vc_column_text][\/vc_column][\/vc_row]\" \/>\n<meta property=\"og:url\" content=\"http:\/\/www.laligue85.org\/fra\/blog\/2022\/03\/23\/nos-partenaires-economiques\/\" \/>\n<meta property=\"og:site_name\" content=\"La Ligue de l&#039;Enseignement de Vend\u00e9e\" \/>\n<meta property=\"article:published_time\" content=\"2022-03-23T14:57:55+00:00\" \/>\n<meta property=\"article:modified_time\" content=\"2022-03-23T14:59:02+00:00\" \/>\n<meta property=\"og:image\" content=\"https:\/\/usep.org\/wp-content\/uploads\/2017\/11\/apac_logo-300x125.jpg\" \/>\n<meta name=\"author\" content=\"webreporter\" \/>\n<meta name=\"twitter:card\" content=\"summary_large_image\" \/>\n<meta name=\"twitter:label1\" content=\"\u00c9crit par\" \/>\n\t<meta name=\"twitter:data1\" content=\"webreporter\" \/>\n<script type=\"application\/ld+json\" class=\"yoast-schema-graph\">{\"@context\":\"https:\/\/schema.org\",\"@graph\":[{\"@type\":\"WebPage\",\"@id\":\"http:\/\/www.laligue85.org\/fra\/blog\/2022\/03\/23\/nos-partenaires-economiques\/\",\"url\":\"http:\/\/www.laligue85.org\/fra\/blog\/2022\/03\/23\/nos-partenaires-economiques\/\",\"name\":\"Nos partenaires \u00e9conomiques - La Ligue de l&#039;Enseignement de Vend\u00e9e\",\"isPartOf\":{\"@id\":\"https:\/\/www.laligue85.org\/fra\/#website\"},\"datePublished\":\"2022-03-23T14:57:55+00:00\",\"dateModified\":\"2022-03-23T14:59:02+00:00\",\"author\":{\"@id\":\"https:\/\/www.laligue85.org\/fra\/#\/schema\/person\/1e7451bdc7326a9d6998c4e6143ef302\"},\"breadcrumb\":{\"@id\":\"http:\/\/www.laligue85.org\/fra\/blog\/2022\/03\/23\/nos-partenaires-economiques\/#breadcrumb\"},\"inLanguage\":\"fr-FR\",\"potentialAction\":[{\"@type\":\"ReadAction\",\"target\":[\"http:\/\/www.laligue85.org\/fra\/blog\/2022\/03\/23\/nos-partenaires-economiques\/\"]}]},{\"@type\":\"BreadcrumbList\",\"@id\":\"http:\/\/www.laligue85.org\/fra\/blog\/2022\/03\/23\/nos-partenaires-economiques\/#breadcrumb\",\"itemListElement\":[{\"@type\":\"ListItem\",\"position\":1,\"name\":\"Accueil\",\"item\":\"https:\/\/www.laligue85.org\/fra\/\"},{\"@type\":\"ListItem\",\"position\":2,\"name\":\"Nos partenaires \u00e9conomiques\"}]},{\"@type\":\"WebSite\",\"@id\":\"https:\/\/www.laligue85.org\/fra\/#website\",\"url\":\"https:\/\/www.laligue85.org\/fra\/\",\"name\":\"La Ligue de l&#039;Enseignement de Vend\u00e9e\",\"description\":\"F\u00e9d\u00e9ration d&#039;\u00e9ducation populaire\",\"potentialAction\":[{\"@type\":\"SearchAction\",\"target\":{\"@type\":\"EntryPoint\",\"urlTemplate\":\"https:\/\/www.laligue85.org\/fra\/?s={search_term_string}\"},\"query-input\":\"required name=search_term_string\"}],\"inLanguage\":\"fr-FR\"},{\"@type\":\"Person\",\"@id\":\"https:\/\/www.laligue85.org\/fra\/#\/schema\/person\/1e7451bdc7326a9d6998c4e6143ef302\",\"name\":\"webreporter\",\"image\":{\"@type\":\"ImageObject\",\"inLanguage\":\"fr-FR\",\"@id\":\"https:\/\/www.laligue85.org\/fra\/#\/schema\/person\/image\/\",\"url\":\"https:\/\/secure.gravatar.com\/avatar\/bb1e730a8d65ed9caef9b25f341b72a8?s=96&d=mm&r=g\",\"contentUrl\":\"https:\/\/secure.gravatar.com\/avatar\/bb1e730a8d65ed9caef9b25f341b72a8?s=96&d=mm&r=g\",\"caption\":\"webreporter\"},\"url\":\"http:\/\/www.laligue85.org\/fra\/blog\/author\/webreporter\/\"}]}<\/script>\n<!-- \/ Yoast SEO plugin. -->","yoast_head_json":{"title":"Nos partenaires \u00e9conomiques - La Ligue de l&#039;Enseignement de Vend\u00e9e","robots":{"index":"index","follow":"follow","max-snippet":"max-snippet:-1","max-image-preview":"max-image-preview:large","max-video-preview":"max-video-preview:-1"},"canonical":"http:\/\/www.laligue85.org\/fra\/blog\/2022\/03\/23\/nos-partenaires-economiques\/","og_locale":"fr_FR","og_type":"article","og_title":"Nos partenaires \u00e9conomiques - La Ligue de l&#039;Enseignement de Vend\u00e9e","og_description":"[vc_row][vc_column][vc_single_image image=\u00a0\u00bb11871&Prime;][\/vc_column][\/vc_row][vc_row][vc_column][vc_column_text] Parmi ses partenaires \u00e9conomiques, l\u2019Usep compte un assureur (Apac Assurances), deux \u00e9quipementiers (Decathon Pro et Wesco) et une soci\u00e9t\u00e9 sp\u00e9cialis\u00e9e dans la communication par l\u2019objet (Objet-rama). [\/vc_column_text][\/vc_column][\/vc_row]","og_url":"http:\/\/www.laligue85.org\/fra\/blog\/2022\/03\/23\/nos-partenaires-economiques\/","og_site_name":"La Ligue de l&#039;Enseignement de Vend\u00e9e","article_published_time":"2022-03-23T14:57:55+00:00","article_modified_time":"2022-03-23T14:59:02+00:00","og_image":[{"url":"https:\/\/usep.org\/wp-content\/uploads\/2017\/11\/apac_logo-300x125.jpg"}],"author":"webreporter","twitter_card":"summary_large_image","twitter_misc":{"\u00c9crit par":"webreporter"},"schema":{"@context":"https:\/\/schema.org","@graph":[{"@type":"WebPage","@id":"http:\/\/www.laligue85.org\/fra\/blog\/2022\/03\/23\/nos-partenaires-economiques\/","url":"http:\/\/www.laligue85.org\/fra\/blog\/2022\/03\/23\/nos-partenaires-economiques\/","name":"Nos partenaires \u00e9conomiques - La Ligue de l&#039;Enseignement de Vend\u00e9e","isPartOf":{"@id":"https:\/\/www.laligue85.org\/fra\/#website"},"datePublished":"2022-03-23T14:57:55+00:00","dateModified":"2022-03-23T14:59:02+00:00","author":{"@id":"https:\/\/www.laligue85.org\/fra\/#\/schema\/person\/1e7451bdc7326a9d6998c4e6143ef302"},"breadcrumb":{"@id":"http:\/\/www.laligue85.org\/fra\/blog\/2022\/03\/23\/nos-partenaires-economiques\/#breadcrumb"},"inLanguage":"fr-FR","potentialAction":[{"@type":"ReadAction","target":["http:\/\/www.laligue85.org\/fra\/blog\/2022\/03\/23\/nos-partenaires-economiques\/"]}]},{"@type":"BreadcrumbList","@id":"http:\/\/www.laligue85.org\/fra\/blog\/2022\/03\/23\/nos-partenaires-economiques\/#breadcrumb","itemListElement":[{"@type":"ListItem","position":1,"name":"Accueil","item":"https:\/\/www.laligue85.org\/fra\/"},{"@type":"ListItem","position":2,"name":"Nos partenaires \u00e9conomiques"}]},{"@type":"WebSite","@id":"https:\/\/www.laligue85.org\/fra\/#website","url":"https:\/\/www.laligue85.org\/fra\/","name":"La Ligue de l&#039;Enseignement de Vend\u00e9e","description":"F\u00e9d\u00e9ration d&#039;\u00e9ducation populaire","potentialAction":[{"@type":"SearchAction","target":{"@type":"EntryPoint","urlTemplate":"https:\/\/www.laligue85.org\/fra\/?s={search_term_string}"},"query-input":"required name=search_term_string"}],"inLanguage":"fr-FR"},{"@type":"Person","@id":"https:\/\/www.laligue85.org\/fra\/#\/schema\/person\/1e7451bdc7326a9d6998c4e6143ef302","name":"webreporter","image":{"@type":"ImageObject","inLanguage":"fr-FR","@id":"https:\/\/www.laligue85.org\/fra\/#\/schema\/person\/image\/","url":"https:\/\/secure.gravatar.com\/avatar\/bb1e730a8d65ed9caef9b25f341b72a8?s=96&d=mm&r=g","contentUrl":"https:\/\/secure.gravatar.com\/avatar\/bb1e730a8d65ed9caef9b25f341b72a8?s=96&d=mm&r=g","caption":"webreporter"},"url":"http:\/\/www.laligue85.org\/fra\/blog\/author\/webreporter\/"}]}},"jetpack_featured_media_url":"","jetpack_shortlink":"https:\/\/wp.me\/p9Chnq-36d","_links":{"self":[{"href":"http:\/\/www.laligue85.org\/fra\/wp-json\/wp\/v2\/posts\/11917","targetHints":{"allow":["GET"]}}],"collection":[{"href":"http:\/\/www.laligue85.org\/fra\/wp-json\/wp\/v2\/posts"}],"about":[{"href":"http:\/\/www.laligue85.org\/fra\/wp-json\/wp\/v2\/types\/post"}],"author":[{"embeddable":true,"href":"http:\/\/www.laligue85.org\/fra\/wp-json\/wp\/v2\/users\/10"}],"replies":[{"embeddable":true,"href":"http:\/\/www.laligue85.org\/fra\/wp-json\/wp\/v2\/comments?post=11917"}],"version-history":[{"count":1,"href":"http:\/\/www.laligue85.org\/fra\/wp-json\/wp\/v2\/posts\/11917\/revisions"}],"predecessor-version":[{"id":11918,"href":"http:\/\/www.laligue85.org\/fra\/wp-json\/wp\/v2\/posts\/11917\/revisions\/11918"}],"wp:attachment":[{"href":"http:\/\/www.laligue85.org\/fra\/wp-json\/wp\/v2\/media?parent=11917"}],"wp:term":[{"taxonomy":"category","embeddable":true,"href":"http:\/\/www.laligue85.org\/fra\/wp-json\/wp\/v2\/categories?post=11917"},{"taxonomy":"post_tag","embeddable":true,"href":"http:\/\/www.laligue85.org\/fra\/wp-json\/wp\/v2\/tags?post=11917"}],"curies":[{"name":"wp","href":"https:\/\/api.w.org\/{rel}","templated":true}]}}