{"id":12304,"date":"2022-10-22T14:31:57","date_gmt":"2022-10-22T12:31:57","guid":{"rendered":"https:\/\/www.laligue85.org\/fra\/?p=12304"},"modified":"2022-10-25T09:51:15","modified_gmt":"2022-10-25T07:51:15","slug":"lutte-contre-le-harcelement-et-le-cyberharcelement","status":"publish","type":"post","link":"http:\/\/www.laligue85.org\/fra\/blog\/2022\/10\/22\/lutte-contre-le-harcelement-et-le-cyberharcelement\/","title":{"rendered":"Lutte contre le harc\u00e8lement et le cyberharc\u00e8lement"},"content":{"rendered":"<p>[vc_row][vc_column][vc_column_text]<\/p>\n<p style=\"text-align: left;\" align=\"justify\"><span style=\"font-size: 12pt;\"><em><span style=\"font-family: helvetica, arial, sans-serif;\"><span style=\"color: #000000;\">Pendant <\/span><span style=\"color: #000000;\">quatre<\/span><span style=\"color: #000000;\"> jours<\/span><span style=\"color: #000000;\">, Camille <\/span><span style=\"color: #000000;\">Agounke, charg\u00e9e de mission formation et p\u00e9dagogique \u00e0 la Ligue de L\u2019Enseignement de Vend\u00e9e<\/span><span style=\"color: #000000;\">, intervient au lyc\u00e9e professionnel Val\u00e8re Math\u00e9 aux Sables-d\u2019Olonne dans le cadre d\u2019une formation lutte contre le harc\u00e8lement scolaire \u00e0 destination des lyc\u00e9ens.<\/span><\/span><\/em><\/span><\/p>\n<p style=\"text-align: left;\" align=\"justify\"><span style=\"font-size: 12pt;\"><em><span style=\"color: #000000; font-family: helvetica, arial, sans-serif;\">Au cours d\u2019un atelier de sensibilisation de deux heures, un groupe de 15 jeunes \u00e9change leurs opinions sur le sujet du harc\u00e8lement scolaire et du cyberharc\u00e8lement \u00e0 travers l\u2019\u00e9change, le jeu ou l\u2019analyse de vid\u00e9os.<\/span><\/em><\/span><\/p>\n<blockquote>\n<p style=\"text-align: left;\" align=\"justify\"><span style=\"font-size: 12pt;\"><span style=\"color: #000000; font-family: helvetica, arial, sans-serif;\">\u00ab <strong>O<\/strong><b>ui \u00e7a fait mal, oui c\u2019est dur, oui \u00e7a laisse des traces, mais on s\u2019en sort<\/b>\u00a0\u00bb.<\/span><\/span><\/p>\n<\/blockquote>\n<p>[\/vc_column_text][\/vc_column][\/vc_row][vc_row][vc_column width=\u00a0\u00bb1\/2&Prime;][vc_column_text]<\/p>\n<h4><strong><span style=\"font-family: helvetica, arial, sans-serif; color: #000080; font-size: 14pt;\">Qu&rsquo;est-ce que le harc\u00e8lement ? <\/span><\/strong><strong><span style=\"font-family: helvetica, arial, sans-serif; color: #000080; font-size: 14pt;\">Qui sont les principaux acteurs ?<\/span><\/strong><\/h4>\n<p align=\"justify\"><span style=\"color: #000000; font-family: helvetica, arial, sans-serif; font-size: 12pt;\">Pour commencer l\u2019atelier, Camille pose cette question aux lyc\u00e9ens. Ce qui ressort des \u00e9changes avec ces \u00e9l\u00e8ves, c\u2019est que le harc\u00e8lement est une agression physique et\/ou verbale d\u2019une personne pour de multiples raisons que ce soit\u00a0: le physique, la personnalit\u00e9 (ex\u00a0: \u00eatre introverti.e.), la religion, les origines, etc.<\/span><\/p>\n<p align=\"justify\"><span style=\"color: #000000; font-family: helvetica, arial, sans-serif; font-size: 12pt;\">Par la suite, Camille explique \u00e0 travers un sch\u00e9ma les diff\u00e9rents acteurs du harc\u00e8lement\u00a0:<\/span><\/p>\n<h2><\/h2>\n<ul>\n<li><span style=\"color: #000000; font-family: helvetica, arial, sans-serif; font-size: 12pt;\">Tout d\u2019abord, le harceleur. Il est repr\u00e9sent\u00e9 par une ou plusieurs personnes (dans ce deuxi\u00e8me cas, il y a g\u00e9n\u00e9ralement un leader) qui vont stigmatiser une ou plusieurs personnes ;<\/span><\/li>\n<li><span style=\"color: #000000; font-family: helvetica, arial, sans-serif; font-size: 12pt;\">Puis, la victime, celle qui subit les agressions de son ou de ses harceleurs au quotidien ;<\/span><\/li>\n<li><span style=\"color: #000000; font-family: helvetica, arial, sans-serif; font-size: 12pt;\">Et enfin, les t\u00e9moins du cas de harc\u00e8lement, que ce soit les proches de la victime ou non.<\/span><\/li>\n<\/ul>\n<p align=\"justify\"><span style=\"color: #000000; font-family: helvetica, arial, sans-serif; font-size: 12pt;\">Elle ajoute qu\u2019\u00e0 l\u2019heure actuelle\u00a0: \u00ab\u00a0<b>700 000 enfants sont harcel\u00e9s chaque ann\u00e9e soit un enfant sur dix et un enfant sur cinq pour de<\/b><b>s cas<\/b><b> <\/b><b>d<\/b><b>e <\/b><b>harc\u00e8lement s\u00e9v\u00e8re<\/b>\u00a0\u00bb.<\/span><\/p>\n<p>[\/vc_column_text][\/vc_column][vc_column width=\u00a0\u00bb1\/2&Prime;][vc_single_image image=\u00a0\u00bb12344&Prime; css=\u00a0\u00bb.vc_custom_1666683986852{margin-top: 130px !important;margin-left: 50px !important;}\u00a0\u00bb][\/vc_column][\/vc_row][vc_row][vc_column][vc_column_text]<\/p>\n<h2 align=\"justify\"><strong><span style=\"font-family: helvetica, arial, sans-serif; font-size: 14pt; color: #333399;\">Analyse d\u2019une vid\u00e9o du Prix concours \u00ab\u00a0Non au harc\u00e8lement\u00a0\u00bb dans la cat\u00e9gorie \u00ab\u00a0meilleure vid\u00e9o lyc\u00e9e 2018\u00a0\u00bb.<\/span><\/strong><\/h2>\n<p style=\"text-align: left;\" align=\"center\"><span style=\"color: #808080; font-size: 10pt; font-family: helvetica, arial, sans-serif;\"><i>Dans cette vid\u00e9o, on voit une \u00e9l\u00e8ve qui se fait harceler par ses camarades. On y retrouve des situations percutantes de harc\u00e8lement :<\/i><\/span><span style=\"color: #808080; font-size: 10pt; font-family: helvetica, arial, sans-serif;\"><i> lorsque la jeune fille retrouve ses baskets de sport dans les toilettes ou <\/i><\/span><span style=\"color: #808080; font-size: 10pt; font-family: helvetica, arial, sans-serif;\"><i>lorsqu\u2019elle constate qu\u2019un de ses livres a \u00e9t\u00e9 d\u00e9chir\u00e9, coup\u00e9, avec de nombreuses insultes \u00e0 l\u2019int\u00e9rieur, en gros. <\/i><\/span><span style=\"color: #808080; font-size: 10pt; font-family: helvetica, arial, sans-serif;\"><i>Mais malgr\u00e9 tout ce qu\u2019elle vit, des personnes sont l\u00e0 pour l\u2019aider (un camarade qui l\u2019encourage, une \u00e9l\u00e8ve qui est t\u00e9moin de cela qui va le dire \u00e0 un enseignant, &#8230;).<\/i><\/span><\/p>\n<p align=\"justify\"><span style=\"color: #000000; font-size: 12pt; font-family: helvetica, arial, sans-serif;\">Apr\u00e8s lecture de cette vid\u00e9o aux \u00e9l\u00e8ves, Camille demande aux lyc\u00e9ens d\u2019exprimer leur opinion sur ce qu\u2019ils ont vu. Pour certains, pr\u00e9senter cette vid\u00e9o les touchent profond\u00e9ment, car cela leur fait penser \u00e0 du harc\u00e8lement qu\u2019ils ont subi auparavant ou m\u00eame actuellement. Camille leur indique que s\u2019ils le souhaitent, ils peuvent s\u2019exprimer ou pas sur ce qu\u2019ils ont v\u00e9cu afin de sensibiliser leurs camarades en montrant que le harc\u00e8lement, \u00e7a existe. Un des \u00e9l\u00e8ves ajoute m\u00eame qu\u2019aujourd\u2019hui, \u00ab<b>\u00a0les victimes peuvent se suicider \u00e0 cause du harc\u00e8lement<\/b>\u00a0\u00bb. Une autre personne indique aussi que \u00ab\u00a0<b>d\u00e9fendre une victime, l\u2019aider et en parler<\/b>\u00a0\u00bb est souvent la meilleure chose \u00e0 faire lorsque l\u2019on est t\u00e9moin de ce genre de cas afin de venir en aide \u00e0 la personne.<\/span><\/p>\n<p>[\/vc_column_text][\/vc_column][\/vc_row][vc_row][vc_column width=\u00a0\u00bb1\/2&Prime;][vc_column_text]<\/p>\n<h2><strong><span style=\"color: #333399; font-size: 14pt; font-family: helvetica, arial, sans-serif;\">Premier jeu : Les fl\u00e8ches verbales.<\/span><\/strong><\/h2>\n<p><span style=\"color: #000000; font-family: helvetica, arial, sans-serif; font-size: 12pt;\">Ce jeu expos\u00e9 par Camille provient du livre <a style=\"color: #000000;\" href=\"https:\/\/www.babelio.com\/livres\/Piquet-Je-me-defends-du-harcelement\/859017\"><em><u>Je me d\u00e9fends du harc\u00e8lement<\/u><\/em><\/a> d\u2019Emmanuelle Piquet. Le but de ce dernier est d\u2019exposer aux \u00e9l\u00e8ves une situation de harc\u00e8lement et o\u00f9 ces derniers se mettent \u00e0 la place de la victime et doivent proposer des id\u00e9es sur ce que cette derni\u00e8re doit dire ou faire pour que \u00e7a s\u2019arr\u00eate. <\/span><span style=\"color: #333333;\"><span style=\"font-family: helvetica, arial, sans-serif; font-size: 12pt;\">C\u2019est ce qu\u2019<\/span><span style=\"font-family: helvetica, arial, sans-serif; font-size: 12pt;\">Emmanuelle Piquet appelle une <b>fl\u00e8che verbale<\/b>\u00a0: un mode de r\u00e9partie qui utilise l\u2019ironie comme riposte pour d\u00e9stabiliser le harceleur.<\/span><\/span><\/p>\n<p align=\"justify\"><span style=\"color: #000000; font-family: helvetica, arial, sans-serif; font-size: 12pt;\">Camille leur propose deux situations\u00a0:<\/span><\/p>\n<ol>\n<li><span style=\"color: #000000; font-family: helvetica, arial, sans-serif; font-size: 12pt;\">Une victime se fait harceler par un groupe WhatsApp de sa classe. Qu\u2019est-ce que la victime doit dire ou faire pour arr\u00eater cela ?<\/span><\/li>\n<li><span style=\"color: #000000; font-family: helvetica, arial, sans-serif; font-size: 12pt;\">Une victime qui aime beaucoup \u00e0 la r\u00e9cr\u00e9ation lire des livres dans un coin tout seul, se fait harceler par deux de ces camarades \u00e0 chaque r\u00e9cr\u00e9ation pour notamment la traiter de \u00ab kassos \u00bb ou lui dire qu\u2019elle n\u2019a pas d\u2019ami.e.s. Qu\u2019est-ce que la victime doit dire ou faire ?<\/span><\/li>\n<\/ol>\n<p align=\"justify\"><span style=\"color: #000000; font-family: helvetica, arial, sans-serif; font-size: 12pt;\">Les lyc\u00e9ens r\u00e9pondent \u00e0 cette question, soit en proposant des id\u00e9es (bloquer le groupe WhatsApp) ou en jouant la situation avec une personne harcel\u00e9e et un ou deux harceleurs (dans le cas de la deuxi\u00e8me situation). Camille propose des solutions qui certes, demande une grande confiance en soi, mais qui permettra de d\u00e9stabiliser le ou les harceleurs voire m\u00eame, d\u2019arr\u00eater cela.<\/span><\/p>\n<p>[\/vc_column_text][\/vc_column][vc_column width=\u00a0\u00bb1\/2&Prime;][vc_single_image image=\u00a0\u00bb12318&Prime; img_size=\u00a0\u00bblarge\u00a0\u00bb][vc_single_image image=\u00a0\u00bb12320&Prime; img_size=\u00a0\u00bblarge\u00a0\u00bb][\/vc_column][\/vc_row][vc_row][vc_column width=\u00a0\u00bb1\/2&Prime;][vc_column_text]<\/p>\n<h2><strong><span style=\"color: #333399; font-size: 14pt; font-family: helvetica, arial, sans-serif;\">Analyse vid\u00e9o spot contre le cyberharc\u00e8lement.<\/span><\/strong><\/h2>\n<p style=\"text-align: left;\" align=\"center\"><span style=\"color: #808080; font-size: 10pt; font-family: helvetica, arial, sans-serif;\">Dans cette vid\u00e9o, on nous montre un cas de cyberharc\u00e8lement. Une jeune fille se fait \u00e9crire un mot sur le front (probablement stigmatisant) avec deux de ses camarades qui la maintiennent et une autre qui filme la situation. Puis la vid\u00e9o se retrouve partag\u00e9e \u00e0 travers un domino de t\u00e9l\u00e9phones, touchant la victime de tous les c\u00f4t\u00e9s, ne pouvant plus rien faire. Cependant, si une personne se d\u00e9fait de la cha\u00eene de domino, la vid\u00e9o de harc\u00e8lement cessera d\u2019\u00eatre virale.<\/span><\/p>\n<p align=\"justify\"><span style=\"color: #000000; font-family: helvetica, arial, sans-serif; font-size: 12pt;\">Cette vid\u00e9o touchant davantage les lyc\u00e9ens qui sont plus impact\u00e9s par les nouvelles technologies, certains \u00e9voquent m\u00eame des cas qu\u2019ils ont soit v\u00e9cu, vu ou entendu. Un de leurs enseignants qui accompagne les groupes va m\u00eame leur signaler\u00a0: \u00ab\u00a0<b>Vous \u00eates acteurs si vous partagez en ligne un cas de harc\u00e8lement\u00a0<\/b>\u00bb.<\/span><\/p>\n<p align=\"justify\"><span style=\"color: #000000; font-family: helvetica, arial, sans-serif; font-size: 12pt;\">Camille posera \u00e9galement cette question aux jeunes\u00a0: \u00ab\u00a0<b>Comment arr\u00eater le cyberharc\u00e8lement\u00a0?<\/b>\u00a0\u00bb. Un \u00e9l\u00e8ve r\u00e9pondra notamment\u00a0: \u00ab\u00a0<b>En arr\u00eatant de partager<\/b>\u00a0\u00bb.<\/span><\/p>\n<p>[\/vc_column_text][vc_single_image image=\u00a0\u00bb12321&Prime;][\/vc_column][vc_column width=\u00a0\u00bb1\/2&Prime;][vc_column_text]<\/p>\n<h2 align=\"justify\"><strong><span style=\"font-size: 14pt; font-family: helvetica, arial, sans-serif; color: #333399;\">Deuxi\u00e8me jeu\u00a0: Les 4 panneaux.<\/span><\/strong><\/h2>\n<p align=\"justify\"><span style=\"font-family: helvetica, arial, sans-serif; font-size: 12pt; color: #000000;\">Ensuite, Camille expose un autre jeu \u00e0 ces \u00e9l\u00e8ves. Elle va pr\u00e9senter au tableau des photos avec une description, potentiellement publiables et les lyc\u00e9ens devront choisir entre plusieurs options et expliquer pourquoi\u00a0:<\/span><\/p>\n<ul>\n<li><span style=\"font-family: helvetica, arial, sans-serif; font-size: 12pt; color: #000000;\">\u00ab Je ne publie pas, sinon je suis hors la loi ! \u00bb<\/span><\/li>\n<li><span style=\"font-family: helvetica, arial, sans-serif; font-size: 12pt; color: #000000;\">\u00ab Je ne publie pas pour des raisons morales, \u00e9thiques ou autres&#8230; \u00bb<\/span><\/li>\n<li><span style=\"font-family: helvetica, arial, sans-serif; font-size: 12pt; color: #000000;\">\u00ab Je publie&#8230;apr\u00e8s quelques v\u00e9rifications. \u00bb<\/span><\/li>\n<li><span style=\"font-family: helvetica, arial, sans-serif; font-size: 12pt; color: #000000;\">\u00ab Je publie. Pas de soucis ! \u00bb<\/span><\/li>\n<\/ul>\n<p align=\"justify\"><span style=\"font-family: helvetica, arial, sans-serif; font-size: 12pt; color: #000000;\">Camille montre deux photos\u00a0:<\/span><\/p>\n<ul>\n<li><span style=\"font-family: helvetica, arial, sans-serif; font-size: 12pt; color: #000000;\">Une d\u2019une soir\u00e9e bien arros\u00e9e o\u00f9 le fr\u00e8re de la personne qui souhaite publier la photo est en mauvaise posture avec comme titre : \u00ab Mon fr\u00e8re quand on a f\u00eat\u00e9 ses 15 ans. \u00bb<\/span><\/li>\n<li><span style=\"font-family: helvetica, arial, sans-serif; font-size: 12pt; color: #000000;\">Une deuxi\u00e8me o\u00f9 la personne qui prend la photo t\u00e9moigne d\u2019une agression comme est suppos\u00e9 l\u2019homme et la femme en arri\u00e8re-plan ainsi qu\u2019une autre personne qui est, sans doute en train de filmer la sc\u00e8ne. Cette photo a pour titre : \u00ab Pas cool ! \u00bb<\/span><\/li>\n<\/ul>\n<p align=\"justify\"><span style=\"font-family: helvetica, arial, sans-serif; font-size: 12pt; color: #000000;\">Si la premi\u00e8re laisse un peu perplexes les jeunes entre s\u2019ils doivent poster ou pas la photo (certains trouvent cela amusant et d\u2019autres humiliant), le deuxi\u00e8me cas ouvrent un peu plus au d\u00e9bat m\u00eame si une grande majorit\u00e9 se partage entre les deux opinions de non-publications. Un des \u00e9l\u00e8ves ajoute m\u00eame que \u00ab\u00a0<b>Publier une agression, c\u2019est ill\u00e9gal.<\/b>\u00a0\u00bb tandis qu\u2019une autre explique son point de vue en indiquant que \u00ab\u00a0<b>si on publie, \u00e7a va encourager les autres \u00e0 le faire.<\/b>\u00a0\u00bb.<\/span><\/p>\n<p>[\/vc_column_text][\/vc_column][\/vc_row][vc_row][vc_column width=\u00a0\u00bb1\/2&Prime;][vc_column_text]<\/p>\n<h2><strong><span style=\"color: #333399; font-size: 14pt; font-family: helvetica, arial, sans-serif;\">Dernier jeu\u00a0: \u00ab\u00a0Moi c\u2019est Madame\u00a0\u00bb.<\/span><\/strong><\/h2>\n<p><span style=\"font-family: helvetica, arial, sans-serif; font-size: 12pt; color: #000000;\"><a href=\"https:\/\/fr.ulule.com\/moicestmadame\/\">\u00ab Moi c\u2019est Madame \u00bb<\/a> est un jeu dans lequel est expos\u00e9 une situation de harc\u00e8lement de rue, souvent sexiste et dans lequel le joueur devra trouver la r\u00e9partie ad\u00e9quat \u00e0 la situation pour arr\u00eater cela. L\u2019objectif de ce jeu \u00e9tant de sensibiliser les lyc\u00e9ens au harc\u00e8lement de rue. Une majeure partie des groupes se pr\u00eateront au jeu, demandant des fois des conseils \u00e0 Camille pour savoir si la r\u00e9partie propos\u00e9e est bien adapt\u00e9e \u00e0 la situation.<\/span><br \/>\n<span style=\"font-family: helvetica, arial, sans-serif; font-size: 12pt; color: #000000;\">Voici ci-dessous un exemple concret d\u2019une situation et de la r\u00e9partie la plus adapt\u00e9e \u00e0 cette derni\u00e8re.<\/span><\/p>\n<p><span style=\"font-family: helvetica, arial, sans-serif; font-size: 12pt; color: #000000;\">Pour conclure ce jeu, Camille montrera une vid\u00e9o issue des r\u00e9seaux sociaux. On y voit une jeune fille qui a d\u00e9velopp\u00e9 une technique pour faire face au harc\u00e8lement de rue qu\u2019elle subit en&#8230;faisant des cris d\u2019animaux, ce qui d\u00e9stabilise compl\u00e8tement l\u2019agresseur.<\/span>[\/vc_column_text][vc_single_image image=\u00a0\u00bb12326&Prime; img_size=\u00a0\u00bblarge\u00a0\u00bb][\/vc_column][vc_column width=\u00a0\u00bb1\/2&Prime;][vc_single_image image=\u00a0\u00bb12319&Prime; img_size=\u00a0\u00bblarge\u00a0\u00bb][\/vc_column][\/vc_row][vc_row][vc_column width=\u00a0\u00bb2\/3&Prime;][vc_column_text]<\/p>\n<h2><span style=\"font-size: 14pt;\"><strong><span style=\"font-family: helvetica, arial, sans-serif; color: #333399;\">Fin de l\u2019atelier\u00a0: Bilan.<\/span><\/strong><\/span><\/h2>\n<p align=\"justify\"><span style=\"font-family: helvetica, arial, sans-serif; font-size: 12pt; color: #000000;\">Pour conclure l\u2019intervention de deux heures, Camille propose au groupe de lyc\u00e9ens de donner leur avis \u00e0 l\u2019\u00e9crit (de mani\u00e8re anonyme) sur la s\u00e9ance. Elle leur demande\u00a0:<\/span><\/p>\n<ul>\n<li><span style=\"font-family: helvetica, arial, sans-serif; font-size: 12pt; color: #000000;\">leurs ressentis vis-\u00e0-vis de la s\u00e9ance ;<\/span><\/li>\n<li><span style=\"font-family: helvetica, arial, sans-serif; font-size: 12pt; color: #000000;\">ce qu\u2019ils ont pens\u00e9 des contenus abord\u00e9s et des m\u00e9thodes d\u2019animations propos\u00e9es ;<\/span><\/li>\n<li><span style=\"font-family: helvetica, arial, sans-serif; font-size: 12pt; color: #000000;\">s\u2019ils ont eu l\u2019impression de pouvoir \u00eatre libre d\u2019exprimer leur point de vue et de le partager \u00e0 leurs camarades et pourquoi ;<\/span><\/li>\n<li><span style=\"font-family: helvetica, arial, sans-serif; font-size: 12pt; color: #000000;\">si cette intervention les a alert\u00e9s sur des comportements au sein de leur lyc\u00e9e et si, apr\u00e8s la s\u00e9ance, ils seront attentifs \u00e0 cela ;<\/span><\/li>\n<li><span style=\"font-family: helvetica, arial, sans-serif; font-size: 12pt; color: #000000;\">et s\u2019ils souhaiteraient que d\u2019autres sujets soient abord\u00e9s, qui sont importants pour eux (une des r\u00e9ponses que Camille a re\u00e7ue \u00e9tait notamment de savoir comment se d\u00e9fendre en cas de viol).<\/span><\/li>\n<\/ul>\n<p align=\"justify\"><span style=\"font-family: helvetica, arial, sans-serif; font-size: 12pt; color: #000000;\">Camille a expos\u00e9 aux divers groupes de jeunes une s\u00e9lection de livres qui parle du harc\u00e8lement et dont certains peuvent aider les victimes \u00e0 le combattre et s\u2019en sortir\u00a0:<\/span><\/p>\n<ul>\n<li><span style=\"font-family: helvetica, arial, sans-serif; font-size: 12pt; color: #000000;\"><em><a style=\"color: #000000;\" href=\"https:\/\/www.babelio.com\/livres\/Piquet-Je-me-defends-du-harcelement\/859017\"><span lang=\"fr-FR\"><u>Je me d\u00e9fends du harc\u00e8lement<\/u><\/span><\/a><\/em><span lang=\"fr-FR\"> d\u2019Emmanuelle Piquet\u00a0;<\/span><\/span><\/li>\n<li><span style=\"font-family: helvetica, arial, sans-serif; font-size: 12pt; color: #000000;\"><em><a style=\"color: #000000;\" href=\"https:\/\/booknode.com\/juste_une_histoire_de_nudes_03387359\"><span lang=\"fr-FR\"><u>Juste une histoire de nudes<\/u><\/span><\/a><\/em><span lang=\"fr-FR\"> d\u2019Aliya Chartier\u00a0;<\/span><\/span><\/li>\n<li><span style=\"font-family: helvetica, arial, sans-serif; font-size: 12pt; color: #000000;\"><em><a style=\"color: #000000;\" href=\"https:\/\/calmann-levy.fr\/livre\/stop-au-harcelement-9782702158722\"><span lang=\"fr-FR\"><u>Stop au Harc\u00e8lement \u2013 Le guide pour combattre les violences \u00e0 l\u2019\u00e9cole et sur les r\u00e9seaux sociaux<\/u><\/span><\/a><\/em><span lang=\"fr-FR\"> de Nora Fraisse\u00a0;<\/span><\/span><\/li>\n<li><span style=\"font-family: helvetica, arial, sans-serif; font-size: 12pt; color: #000000;\"><em><a style=\"color: #000000;\" href=\"https:\/\/le-campus.org\/blog\/\"><u>Malgr\u00e9 ce qui nous oppose<\/u><\/a><\/em>, un manga<span lang=\"fr-FR\"> publi\u00e9 par Le Campus Espace Jeunes de Lu\u00e7on sur le harc\u00e8lement.<\/span><\/span><\/li>\n<\/ul>\n<p align=\"justify\"><span style=\"font-family: helvetica, arial, sans-serif; font-size: 12pt; color: #000000;\"><span lang=\"fr-FR\">E<\/span><span lang=\"fr-FR\">t pour <\/span><span lang=\"fr-FR\">terminer la s\u00e9ance<\/span><span lang=\"fr-FR\">, <\/span><span lang=\"fr-FR\">Camille <\/span><span lang=\"fr-FR\">leur indique que si jamais ils sont victimes <\/span><span lang=\"fr-FR\">ou t\u00e9moins<\/span><span lang=\"fr-FR\"> d<\/span><span lang=\"fr-FR\">e <\/span><span lang=\"fr-FR\">harc\u00e8lement ou de cyberharc\u00e8lement, il existe des plateformes d\u2019\u00e9coutes \u00e0 travers deux num\u00e9ros gratuits\u00a0: <\/span><\/span><\/p>\n<ul>\n<li><span style=\"font-family: helvetica, arial, sans-serif; font-size: 12pt; color: #000000;\"><span lang=\"fr-FR\">le <\/span><span lang=\"fr-FR\"><b>3020<\/b><\/span><span lang=\"fr-FR\"> pour les cas de harc\u00e8lement scolaire\u00a0;<\/span><\/span><\/li>\n<li><span style=\"font-family: helvetica, arial, sans-serif; font-size: 12pt; color: #000000;\"><span lang=\"fr-FR\">le <\/span><span lang=\"fr-FR\"><b>3018<\/b><\/span><span lang=\"fr-FR\"> pour les cas de cyberharc\u00e8lement.<\/span><\/span><\/li>\n<\/ul>\n<p>[\/vc_column_text][\/vc_column][vc_column width=\u00a0\u00bb1\/3&Prime;][vc_single_image image=\u00a0\u00bb12322&Prime; alignment=\u00a0\u00bbcenter\u00a0\u00bb css=\u00a0\u00bb.vc_custom_1666684227908{margin-top: 420px !important;}\u00a0\u00bb][\/vc_column][\/vc_row]<\/p>\n","protected":false},"excerpt":{"rendered":"<p>[vc_row][vc_column][vc_column_text] Pendant quatre jours, Camille Agounke, charg\u00e9e de mission formation et p\u00e9dagogique \u00e0 la Ligue de L\u2019Enseignement de Vend\u00e9e, intervient au lyc\u00e9e professionnel Val\u00e8re Math\u00e9 aux Sables-d\u2019Olonne dans le cadre d\u2019une formation lutte contre le harc\u00e8lement scolaire \u00e0 destination des lyc\u00e9ens. Au cours d\u2019un atelier de sensibilisation de deux heures, [&hellip;]<\/p>\n","protected":false},"author":10,"featured_media":12317,"comment_status":"closed","ping_status":"open","sticky":false,"template":"","format":"standard","meta":{"jetpack_post_was_ever_published":false,"footnotes":"","jetpack_publicize_message":"","jetpack_is_tweetstorm":false,"jetpack_publicize_feature_enabled":true,"jetpack_social_post_already_shared":true,"jetpack_social_options":[]},"categories":[158],"tags":[],"class_list":["post-12304","post","type-post","status-publish","format-standard","has-post-thumbnail","hentry","category-racisme-et-lutte-contre-les-discriminations"],"jetpack_publicize_connections":[],"yoast_head":"<!-- This site is optimized with the Yoast SEO plugin v20.0 - https:\/\/yoast.com\/wordpress\/plugins\/seo\/ -->\n<title>Lutte contre le harc\u00e8lement et le cyberharc\u00e8lement - La Ligue de l&#039;Enseignement de Vend\u00e9e<\/title>\n<meta name=\"description\" content=\"Camille Agounke intervient au lyc\u00e9e professionnel Val\u00e8re Math\u00e9 aux Sables-d\u2019Olonne dans le cadre d\u2019une formation lutte contre le harc\u00e8lement scolaire.\" \/>\n<meta name=\"robots\" content=\"index, follow, max-snippet:-1, max-image-preview:large, max-video-preview:-1\" \/>\n<link rel=\"canonical\" href=\"http:\/\/www.laligue85.org\/fra\/blog\/2022\/10\/22\/lutte-contre-le-harcelement-et-le-cyberharcelement\/\" \/>\n<meta property=\"og:locale\" content=\"fr_FR\" \/>\n<meta property=\"og:type\" content=\"article\" \/>\n<meta property=\"og:title\" content=\"Lutte contre le harc\u00e8lement et le cyberharc\u00e8lement - La Ligue de l&#039;Enseignement de Vend\u00e9e\" \/>\n<meta property=\"og:description\" content=\"Camille Agounke intervient au lyc\u00e9e professionnel Val\u00e8re Math\u00e9 aux Sables-d\u2019Olonne dans le cadre d\u2019une formation lutte contre le harc\u00e8lement scolaire.\" \/>\n<meta property=\"og:url\" content=\"http:\/\/www.laligue85.org\/fra\/blog\/2022\/10\/22\/lutte-contre-le-harcelement-et-le-cyberharcelement\/\" \/>\n<meta property=\"og:site_name\" content=\"La Ligue de l&#039;Enseignement de Vend\u00e9e\" \/>\n<meta property=\"article:published_time\" content=\"2022-10-22T12:31:57+00:00\" \/>\n<meta property=\"article:modified_time\" content=\"2022-10-25T07:51:15+00:00\" \/>\n<meta property=\"og:image\" content=\"http:\/\/www.laligue85.org\/fra\/wp-content\/uploads\/2022\/10\/06.10.2022_Formation-lutte-contre-harcelement-1.jpg\" \/>\n\t<meta property=\"og:image:width\" content=\"2304\" \/>\n\t<meta property=\"og:image:height\" content=\"1536\" \/>\n\t<meta property=\"og:image:type\" content=\"image\/jpeg\" \/>\n<meta name=\"author\" content=\"webreporter\" \/>\n<meta name=\"twitter:card\" content=\"summary_large_image\" \/>\n<meta name=\"twitter:label1\" content=\"\u00c9crit par\" \/>\n\t<meta name=\"twitter:data1\" content=\"webreporter\" \/>\n\t<meta name=\"twitter:label2\" content=\"Dur\u00e9e de lecture estim\u00e9e\" \/>\n\t<meta name=\"twitter:data2\" content=\"8 minutes\" \/>\n<script type=\"application\/ld+json\" class=\"yoast-schema-graph\">{\"@context\":\"https:\/\/schema.org\",\"@graph\":[{\"@type\":\"WebPage\",\"@id\":\"http:\/\/www.laligue85.org\/fra\/blog\/2022\/10\/22\/lutte-contre-le-harcelement-et-le-cyberharcelement\/\",\"url\":\"http:\/\/www.laligue85.org\/fra\/blog\/2022\/10\/22\/lutte-contre-le-harcelement-et-le-cyberharcelement\/\",\"name\":\"Lutte contre le harc\u00e8lement et le cyberharc\u00e8lement - La Ligue de l&#039;Enseignement de Vend\u00e9e\",\"isPartOf\":{\"@id\":\"https:\/\/www.laligue85.org\/fra\/#website\"},\"datePublished\":\"2022-10-22T12:31:57+00:00\",\"dateModified\":\"2022-10-25T07:51:15+00:00\",\"author\":{\"@id\":\"https:\/\/www.laligue85.org\/fra\/#\/schema\/person\/1e7451bdc7326a9d6998c4e6143ef302\"},\"description\":\"Camille Agounke intervient au lyc\u00e9e professionnel Val\u00e8re Math\u00e9 aux Sables-d\u2019Olonne dans le cadre d\u2019une formation lutte contre le harc\u00e8lement scolaire.\",\"breadcrumb\":{\"@id\":\"http:\/\/www.laligue85.org\/fra\/blog\/2022\/10\/22\/lutte-contre-le-harcelement-et-le-cyberharcelement\/#breadcrumb\"},\"inLanguage\":\"fr-FR\",\"potentialAction\":[{\"@type\":\"ReadAction\",\"target\":[\"http:\/\/www.laligue85.org\/fra\/blog\/2022\/10\/22\/lutte-contre-le-harcelement-et-le-cyberharcelement\/\"]}]},{\"@type\":\"BreadcrumbList\",\"@id\":\"http:\/\/www.laligue85.org\/fra\/blog\/2022\/10\/22\/lutte-contre-le-harcelement-et-le-cyberharcelement\/#breadcrumb\",\"itemListElement\":[{\"@type\":\"ListItem\",\"position\":1,\"name\":\"Accueil\",\"item\":\"https:\/\/www.laligue85.org\/fra\/\"},{\"@type\":\"ListItem\",\"position\":2,\"name\":\"Lutte contre le harc\u00e8lement et le cyberharc\u00e8lement\"}]},{\"@type\":\"WebSite\",\"@id\":\"https:\/\/www.laligue85.org\/fra\/#website\",\"url\":\"https:\/\/www.laligue85.org\/fra\/\",\"name\":\"La Ligue de l&#039;Enseignement de Vend\u00e9e\",\"description\":\"F\u00e9d\u00e9ration d&#039;\u00e9ducation populaire\",\"potentialAction\":[{\"@type\":\"SearchAction\",\"target\":{\"@type\":\"EntryPoint\",\"urlTemplate\":\"https:\/\/www.laligue85.org\/fra\/?s={search_term_string}\"},\"query-input\":\"required name=search_term_string\"}],\"inLanguage\":\"fr-FR\"},{\"@type\":\"Person\",\"@id\":\"https:\/\/www.laligue85.org\/fra\/#\/schema\/person\/1e7451bdc7326a9d6998c4e6143ef302\",\"name\":\"webreporter\",\"image\":{\"@type\":\"ImageObject\",\"inLanguage\":\"fr-FR\",\"@id\":\"https:\/\/www.laligue85.org\/fra\/#\/schema\/person\/image\/\",\"url\":\"https:\/\/secure.gravatar.com\/avatar\/bb1e730a8d65ed9caef9b25f341b72a8?s=96&d=mm&r=g\",\"contentUrl\":\"https:\/\/secure.gravatar.com\/avatar\/bb1e730a8d65ed9caef9b25f341b72a8?s=96&d=mm&r=g\",\"caption\":\"webreporter\"},\"url\":\"http:\/\/www.laligue85.org\/fra\/blog\/author\/webreporter\/\"}]}<\/script>\n<!-- \/ Yoast SEO plugin. -->","yoast_head_json":{"title":"Lutte contre le harc\u00e8lement et le cyberharc\u00e8lement - La Ligue de l&#039;Enseignement de Vend\u00e9e","description":"Camille Agounke intervient au lyc\u00e9e professionnel Val\u00e8re Math\u00e9 aux Sables-d\u2019Olonne dans le cadre d\u2019une formation lutte contre le harc\u00e8lement scolaire.","robots":{"index":"index","follow":"follow","max-snippet":"max-snippet:-1","max-image-preview":"max-image-preview:large","max-video-preview":"max-video-preview:-1"},"canonical":"http:\/\/www.laligue85.org\/fra\/blog\/2022\/10\/22\/lutte-contre-le-harcelement-et-le-cyberharcelement\/","og_locale":"fr_FR","og_type":"article","og_title":"Lutte contre le harc\u00e8lement et le cyberharc\u00e8lement - La Ligue de l&#039;Enseignement de Vend\u00e9e","og_description":"Camille Agounke intervient au lyc\u00e9e professionnel Val\u00e8re Math\u00e9 aux Sables-d\u2019Olonne dans le cadre d\u2019une formation lutte contre le harc\u00e8lement scolaire.","og_url":"http:\/\/www.laligue85.org\/fra\/blog\/2022\/10\/22\/lutte-contre-le-harcelement-et-le-cyberharcelement\/","og_site_name":"La Ligue de l&#039;Enseignement de Vend\u00e9e","article_published_time":"2022-10-22T12:31:57+00:00","article_modified_time":"2022-10-25T07:51:15+00:00","og_image":[{"width":2304,"height":1536,"url":"http:\/\/www.laligue85.org\/fra\/wp-content\/uploads\/2022\/10\/06.10.2022_Formation-lutte-contre-harcelement-1.jpg","type":"image\/jpeg"}],"author":"webreporter","twitter_card":"summary_large_image","twitter_misc":{"\u00c9crit par":"webreporter","Dur\u00e9e de lecture estim\u00e9e":"8 minutes"},"schema":{"@context":"https:\/\/schema.org","@graph":[{"@type":"WebPage","@id":"http:\/\/www.laligue85.org\/fra\/blog\/2022\/10\/22\/lutte-contre-le-harcelement-et-le-cyberharcelement\/","url":"http:\/\/www.laligue85.org\/fra\/blog\/2022\/10\/22\/lutte-contre-le-harcelement-et-le-cyberharcelement\/","name":"Lutte contre le harc\u00e8lement et le cyberharc\u00e8lement - La Ligue de l&#039;Enseignement de Vend\u00e9e","isPartOf":{"@id":"https:\/\/www.laligue85.org\/fra\/#website"},"datePublished":"2022-10-22T12:31:57+00:00","dateModified":"2022-10-25T07:51:15+00:00","author":{"@id":"https:\/\/www.laligue85.org\/fra\/#\/schema\/person\/1e7451bdc7326a9d6998c4e6143ef302"},"description":"Camille Agounke intervient au lyc\u00e9e professionnel Val\u00e8re Math\u00e9 aux Sables-d\u2019Olonne dans le cadre d\u2019une formation lutte contre le harc\u00e8lement scolaire.","breadcrumb":{"@id":"http:\/\/www.laligue85.org\/fra\/blog\/2022\/10\/22\/lutte-contre-le-harcelement-et-le-cyberharcelement\/#breadcrumb"},"inLanguage":"fr-FR","potentialAction":[{"@type":"ReadAction","target":["http:\/\/www.laligue85.org\/fra\/blog\/2022\/10\/22\/lutte-contre-le-harcelement-et-le-cyberharcelement\/"]}]},{"@type":"BreadcrumbList","@id":"http:\/\/www.laligue85.org\/fra\/blog\/2022\/10\/22\/lutte-contre-le-harcelement-et-le-cyberharcelement\/#breadcrumb","itemListElement":[{"@type":"ListItem","position":1,"name":"Accueil","item":"https:\/\/www.laligue85.org\/fra\/"},{"@type":"ListItem","position":2,"name":"Lutte contre le harc\u00e8lement et le cyberharc\u00e8lement"}]},{"@type":"WebSite","@id":"https:\/\/www.laligue85.org\/fra\/#website","url":"https:\/\/www.laligue85.org\/fra\/","name":"La Ligue de l&#039;Enseignement de Vend\u00e9e","description":"F\u00e9d\u00e9ration d&#039;\u00e9ducation populaire","potentialAction":[{"@type":"SearchAction","target":{"@type":"EntryPoint","urlTemplate":"https:\/\/www.laligue85.org\/fra\/?s={search_term_string}"},"query-input":"required name=search_term_string"}],"inLanguage":"fr-FR"},{"@type":"Person","@id":"https:\/\/www.laligue85.org\/fra\/#\/schema\/person\/1e7451bdc7326a9d6998c4e6143ef302","name":"webreporter","image":{"@type":"ImageObject","inLanguage":"fr-FR","@id":"https:\/\/www.laligue85.org\/fra\/#\/schema\/person\/image\/","url":"https:\/\/secure.gravatar.com\/avatar\/bb1e730a8d65ed9caef9b25f341b72a8?s=96&d=mm&r=g","contentUrl":"https:\/\/secure.gravatar.com\/avatar\/bb1e730a8d65ed9caef9b25f341b72a8?s=96&d=mm&r=g","caption":"webreporter"},"url":"http:\/\/www.laligue85.org\/fra\/blog\/author\/webreporter\/"}]}},"jetpack_featured_media_url":"http:\/\/www.laligue85.org\/fra\/wp-content\/uploads\/2022\/10\/06.10.2022_Formation-lutte-contre-harcelement-1.jpg","jetpack_shortlink":"https:\/\/wp.me\/p9Chnq-3cs","_links":{"self":[{"href":"http:\/\/www.laligue85.org\/fra\/wp-json\/wp\/v2\/posts\/12304","targetHints":{"allow":["GET"]}}],"collection":[{"href":"http:\/\/www.laligue85.org\/fra\/wp-json\/wp\/v2\/posts"}],"about":[{"href":"http:\/\/www.laligue85.org\/fra\/wp-json\/wp\/v2\/types\/post"}],"author":[{"embeddable":true,"href":"http:\/\/www.laligue85.org\/fra\/wp-json\/wp\/v2\/users\/10"}],"replies":[{"embeddable":true,"href":"http:\/\/www.laligue85.org\/fra\/wp-json\/wp\/v2\/comments?post=12304"}],"version-history":[{"count":86,"href":"http:\/\/www.laligue85.org\/fra\/wp-json\/wp\/v2\/posts\/12304\/revisions"}],"predecessor-version":[{"id":12419,"href":"http:\/\/www.laligue85.org\/fra\/wp-json\/wp\/v2\/posts\/12304\/revisions\/12419"}],"wp:featuredmedia":[{"embeddable":true,"href":"http:\/\/www.laligue85.org\/fra\/wp-json\/wp\/v2\/media\/12317"}],"wp:attachment":[{"href":"http:\/\/www.laligue85.org\/fra\/wp-json\/wp\/v2\/media?parent=12304"}],"wp:term":[{"taxonomy":"category","embeddable":true,"href":"http:\/\/www.laligue85.org\/fra\/wp-json\/wp\/v2\/categories?post=12304"},{"taxonomy":"post_tag","embeddable":true,"href":"http:\/\/www.laligue85.org\/fra\/wp-json\/wp\/v2\/tags?post=12304"}],"curies":[{"name":"wp","href":"https:\/\/api.w.org\/{rel}","templated":true}]}}