{"id":1406,"date":"2017-05-29T11:17:15","date_gmt":"2017-05-29T09:17:15","guid":{"rendered":"http:\/\/www.laligue85.org\/fra\/blog\/2017\/05\/29\/lire-et-faire-lire-arrive-au-college\/"},"modified":"2020-04-08T15:50:43","modified_gmt":"2020-04-08T13:50:43","slug":"lire-et-faire-lire-au-college","status":"publish","type":"post","link":"http:\/\/www.laligue85.org\/fra\/blog\/2017\/05\/29\/lire-et-faire-lire-au-college\/","title":{"rendered":"Lire et Faire Lire au coll\u00e8ge"},"content":{"rendered":"<p>[vc_row bg_color_pre=\u00a0\u00bbbg-color-1&Prime; css=\u00a0\u00bb.vc_custom_1494328557833{padding-top: 65px !important;padding-bottom: 70px !important;}\u00a0\u00bb][vc_column]<div class=\"special-heading vntd-heading heading-no-border heading-align-center\"style=\"margin-bottom:55px;\"><h3 class=\"special-heading-title\">Paroles de b\u00e9n\u00e9voles<\/h3><\/div><div class=\"vntd-carousel-holder vntd-content-element\"><div class=\"vntd-carousel vntd-blog-carousel vntd-blog posts owl-carousel blog-style-boxed blog-boxed_solid blog-meta-minimal\" data-dots=\"\" data-nav=\"true\" data-autoplay=\"true\" data-autoplay-timeout=\"8000\" data-cols=\"3\" data-cols-tablet=\"2\" data-cols-mobile=\"1\" data-margin=\"30\">\t\t\t\n\t\t<div class=\"item post post-holder\">\n\n\t\t\t<div class=\"blog-item-inner\">\n\t\t\t\t\n\t\t\t\t\n\t\t\t\t<div class=\"post-info\">\n\t\t\t\t\n\t\t\t\t\t<h5 class=\"post-title\">\n\t\t\t\t\t\t<a href=\"http:\/\/www.laligue85.org\/fra\/blog\/2020\/04\/08\/francis-20-000-lieues-sous-les-mers-et-les-cm1\/\">\n\t\t\t\t\t\t\tFrancis &#8211; Lire 20 000 lieues sous les mers aux CM1\t\t\t\t\t\t<\/a>\n\t\t\t\t\t<\/h5>\n\t\t\t\t\t\n\t\t\t\t\t\t\t\n\t\t<ul class=\"post-meta\">\n\t\t\t<li>\n\t\t\t\tBy \n\t\t\t\t<a class=\"meta-value\" href=\"http:\/\/www.laligue85.org\/fra\/blog\/author\/epiveteau\/\">epiveteau<\/a>\n\t\t\t<\/li>\n\t\t\t<li>\n\t\t\t\ton \n\t\t\t\t<span class=\"meta-value\">8 avril 2020<\/span>\n\t\t\t<\/li>\n\t\t<\/ul>\n\t\t\n\t\t\t\t\t\n\t\t\t\t\t<div class=\"post-content post-excerpt\">\n\t\t\t\t\t\t<p><p>[vc_row][vc_column][vc_column_text]<\/p>\n<p align=\"JUSTIFY\"><span style=\"color: #ffffff;\">hjhj<\/span><\/p>\n<p align=\"JUSTIFY\"><span style=\"color: #ffffff;\">ghj<\/span><\/p>\n<p><strong><span style=\"font-size: 10pt;\">Aupr\u00e8s de quel public intervenez-vous, quel...<\/p><a href=\"http:\/\/www.laligue85.org\/fra\/blog\/2020\/04\/08\/francis-20-000-lieues-sous-les-mers-et-les-cm1\/\" class=\"post-more\">Lire la suite<\/a>\t\t\n\t\t\t\t\t<\/div>\n\t\t\t\t\t\t\n\t\t\t\t<\/div>\n\t\t\t<\/div>\n\t\t<\/div>\t\n\t\t\t\t\t\t\t\n\t\t\t\t\t\n\t\t<div class=\"item post post-holder\">\n\n\t\t\t<div class=\"blog-item-inner\">\n\t\t\t\t\n\t\t\t\t\n\t\t\t\t<div class=\"post-info\">\n\t\t\t\t\n\t\t\t\t\t<h5 class=\"post-title\">\n\t\t\t\t\t\t<a href=\"http:\/\/www.laligue85.org\/fra\/blog\/2020\/04\/08\/evelyne-trouver-la-bonne-organisation-en-lien-avec-letablissement\/\">\n\t\t\t\t\t\t\tEvelyne &#8211; Trouver la bonne organisation en lien avec l&rsquo;\u00e9tablissement\t\t\t\t\t\t<\/a>\n\t\t\t\t\t<\/h5>\n\t\t\t\t\t\n\t\t\t\t\t\t\t\n\t\t<ul class=\"post-meta\">\n\t\t\t<li>\n\t\t\t\tBy \n\t\t\t\t<a class=\"meta-value\" href=\"http:\/\/www.laligue85.org\/fra\/blog\/author\/epiveteau\/\">epiveteau<\/a>\n\t\t\t<\/li>\n\t\t\t<li>\n\t\t\t\ton \n\t\t\t\t<span class=\"meta-value\">8 avril 2020<\/span>\n\t\t\t<\/li>\n\t\t<\/ul>\n\t\t\n\t\t\t\t\t\n\t\t\t\t\t<div class=\"post-content post-excerpt\">\n\t\t\t\t\t\t<p><p>[vc_row][vc_column][vc_column_text]<\/p>\n<p align=\"JUSTIFY\"><span style=\"color: #ffffff;\">hjhj<\/span><\/p>\n<p align=\"JUSTIFY\"><span style=\"color: #ffffff;\">ghj<\/span><\/p>\n<p><strong><span style=\"font-size: 10pt;\">Aupr\u00e8s de quel public intervenez-vous, quel...<\/p><a href=\"http:\/\/www.laligue85.org\/fra\/blog\/2020\/04\/08\/evelyne-trouver-la-bonne-organisation-en-lien-avec-letablissement\/\" class=\"post-more\">Lire la suite<\/a>\t\t\n\t\t\t\t\t<\/div>\n\t\t\t\t\t\t\n\t\t\t\t<\/div>\n\t\t\t<\/div>\n\t\t<\/div>\t\n\t\t\t\t\t\t\t\n\t\t\t\t\t\n\t\t<div class=\"item post post-holder\">\n\n\t\t\t<div class=\"blog-item-inner\">\n\t\t\t\t\n\t\t\t\t\n\t\t\t\t<div class=\"post-info\">\n\t\t\t\t\n\t\t\t\t\t<h5 class=\"post-title\">\n\t\t\t\t\t\t<a href=\"http:\/\/www.laligue85.org\/fra\/blog\/2020\/04\/08\/andree-osez-lire-au-college\/\">\n\t\t\t\t\t\t\tAndr\u00e9e &#8211; Osez lire au coll\u00e8ge\t\t\t\t\t\t<\/a>\n\t\t\t\t\t<\/h5>\n\t\t\t\t\t\n\t\t\t\t\t\t\t\n\t\t<ul class=\"post-meta\">\n\t\t\t<li>\n\t\t\t\tBy \n\t\t\t\t<a class=\"meta-value\" href=\"http:\/\/www.laligue85.org\/fra\/blog\/author\/epiveteau\/\">epiveteau<\/a>\n\t\t\t<\/li>\n\t\t\t<li>\n\t\t\t\ton \n\t\t\t\t<span class=\"meta-value\">8 avril 2020<\/span>\n\t\t\t<\/li>\n\t\t<\/ul>\n\t\t\n\t\t\t\t\t\n\t\t\t\t\t<div class=\"post-content post-excerpt\">\n\t\t\t\t\t\t<p><p>[vc_row][vc_column][vc_column_text]<\/p>\n<p align=\"JUSTIFY\"><span style=\"color: #ffffff;\">hjhj<\/span><\/p>\n<p align=\"JUSTIFY\"><span style=\"color: #ffffff;\">ghj<\/span><\/p>\n<p align=\"JUSTIFY\"><span style=\"font-size: 10pt;\"><strong>Aupr\u00e8s de quel public intervenez-vous,...<\/p><a href=\"http:\/\/www.laligue85.org\/fra\/blog\/2020\/04\/08\/andree-osez-lire-au-college\/\" class=\"post-more\">Lire la suite<\/a>\t\t\n\t\t\t\t\t<\/div>\n\t\t\t\t\t\t\n\t\t\t\t<\/div>\n\t\t\t<\/div>\n\t\t<\/div>\t\n\t\t\t\t\t\t\t\n\t\t\t\t\t\n\t\t<div class=\"item post post-holder\">\n\n\t\t\t<div class=\"blog-item-inner\">\n\t\t\t\t\n\t\t\t\t\n\t\t\t\t<div class=\"post-info\">\n\t\t\t\t\n\t\t\t\t\t<h5 class=\"post-title\">\n\t\t\t\t\t\t<a href=\"http:\/\/www.laligue85.org\/fra\/blog\/2020\/04\/08\/andree-lire-la-selection-des-incos-en-classe-de-6eme-en-lien-avec-les-professeurs\/\">\n\t\t\t\t\t\t\tAndr\u00e9e &#8211; Lire la s\u00e9lection des Incos en classe de 6\u00e8me en lien avec les professeurs\t\t\t\t\t\t<\/a>\n\t\t\t\t\t<\/h5>\n\t\t\t\t\t\n\t\t\t\t\t\t\t\n\t\t<ul class=\"post-meta\">\n\t\t\t<li>\n\t\t\t\tBy \n\t\t\t\t<a class=\"meta-value\" href=\"http:\/\/www.laligue85.org\/fra\/blog\/author\/epiveteau\/\">epiveteau<\/a>\n\t\t\t<\/li>\n\t\t\t<li>\n\t\t\t\ton \n\t\t\t\t<span class=\"meta-value\">8 avril 2020<\/span>\n\t\t\t<\/li>\n\t\t<\/ul>\n\t\t\n\t\t\t\t\t\n\t\t\t\t\t<div class=\"post-content post-excerpt\">\n\t\t\t\t\t\t<p><p>[vc_row][vc_column][vc_column_text]<\/p>\n<p align=\"JUSTIFY\"><span style=\"color: #ffffff;\">hjhj<\/span><\/p>\n<p align=\"JUSTIFY\"><span style=\"color: #ffffff;\">ghj<\/span><\/p>\n<p align=\"JUSTIFY\"><span style=\"font-size: 10pt;\"><strong>Aupr\u00e8s de quel public intervenez-vous,...<\/p><a href=\"http:\/\/www.laligue85.org\/fra\/blog\/2020\/04\/08\/andree-lire-la-selection-des-incos-en-classe-de-6eme-en-lien-avec-les-professeurs\/\" class=\"post-more\">Lire la suite<\/a>\t\t\n\t\t\t\t\t<\/div>\n\t\t\t\t\t\t\n\t\t\t\t<\/div>\n\t\t\t<\/div>\n\t\t<\/div>\t\n\t\t\t\t\t\t\t\n\t\t\t\t\t\n\t\t<div class=\"item post post-holder\">\n\n\t\t\t<div class=\"blog-item-inner\">\n\t\t\t\t\n\t\t\t\t\n\t\t\t\t<div class=\"post-info\">\n\t\t\t\t\n\t\t\t\t\t<h5 class=\"post-title\">\n\t\t\t\t\t\t<a href=\"http:\/\/www.laligue85.org\/fra\/blog\/2020\/04\/08\/francis-lire-en-classe-ulis-au-college\/\">\n\t\t\t\t\t\t\tFrancis &#8211; Lire en classe ULIS au coll\u00e8ge\t\t\t\t\t\t<\/a>\n\t\t\t\t\t<\/h5>\n\t\t\t\t\t\n\t\t\t\t\t\t\t\n\t\t<ul class=\"post-meta\">\n\t\t\t<li>\n\t\t\t\tBy \n\t\t\t\t<a class=\"meta-value\" href=\"http:\/\/www.laligue85.org\/fra\/blog\/author\/epiveteau\/\">epiveteau<\/a>\n\t\t\t<\/li>\n\t\t\t<li>\n\t\t\t\ton \n\t\t\t\t<span class=\"meta-value\">8 avril 2020<\/span>\n\t\t\t<\/li>\n\t\t<\/ul>\n\t\t\n\t\t\t\t\t\n\t\t\t\t\t<div class=\"post-content post-excerpt\">\n\t\t\t\t\t\t<p><p>[vc_row][vc_column][vc_column_text]<\/p>\n<p align=\"JUSTIFY\"><span style=\"color: #ffffff;\">hjhj<\/span><\/p>\n<p align=\"JUSTIFY\"><span style=\"color: #ffffff;\">ghj<\/span><\/p>\n<p align=\"JUSTIFY\"><span style=\"font-size: 10pt;\"><strong>Aupr\u00e8s de quel public intervenez-vous,...<\/p><a href=\"http:\/\/www.laligue85.org\/fra\/blog\/2020\/04\/08\/francis-lire-en-classe-ulis-au-college\/\" class=\"post-more\">Lire la suite<\/a>\t\t\n\t\t\t\t\t<\/div>\n\t\t\t\t\t\t\n\t\t\t\t<\/div>\n\t\t\t<\/div>\n\t\t<\/div>\t\n\t\t\t\t\t\t\t\n\t\t<\/div><\/div>[\/vc_column][\/vc_row][vc_row][vc_column][vc_column_text]<em>Depuis 2016, des b\u00e9n\u00e9voles Lire et faire Lire se rendent au coll\u00e8ge pour lire aux classes de 6\u00e8me et de 5\u00e8me. Un d\u00e9veloppement qui fait \u00e9cho \u00e0 la cr\u00e9ation du nouveau cycle 3 et \u00e0 la passerelle avec la classe de CM2 mais aussi aux besoins de ces pr\u00e9-ados d&rsquo;entendre des histoires et de continuer d&rsquo;y prendre plaisir.\u00a0<\/em><\/p>\n<p>Les \u00e9tudes l&rsquo;affirment : l&rsquo;adolescence est fatale \u00e0 la lecture ! Les enfants lecteurs d\u00e9crochent et l\u2019enqu\u00eate de Sylvie Octobre, Christine D\u00e9trez et Nathalie Berthomier \u201cL\u2019enfance des loisirs\u201d publi\u00e9e en 2010 par le Minist\u00e8re de la culture pr\u00e9cise que l\u2019on passe de 33,5% de lecteurs quotidiens de livres chez les 11 ans \u00e0 9% chez les 17 ans, un \u00e9cart beaucoup plus important qu\u2019en 2004 ! Christophe Evans (La lecture en territoire adolescent, in l\u2019\u00e9cole des lettres N\u00b06) fournit des donn\u00e9es compl\u00e9mentaires indiquant qu\u2019en 2008 un adolescent de 17 ans sur deux (46,5%) se d\u00e9clarait non-lecteur de livres (lecture non contrainte) pour 14,5 % des non lecteurs de livres \u00e0 11 ans.<\/p>\n<p>&nbsp;<\/p>\n<p>Du c\u00f4t\u00e9 de l\u2019\u00e9ducation nationale, on s\u2019interroge sur les difficult\u00e9s de lecture des \u00e9l\u00e8ves. \u00ab\u00a0On situe le nombre d&rsquo;\u00e9l\u00e8ves pr\u00e9sentant des difficult\u00e9s importantes \u00e0 l&rsquo;entr\u00e9e en sixi\u00e8me \u00e0 environ 15%. 3 cat\u00e9gories sont \u00e0 distingu\u00e9es :<\/p>\n<blockquote><p>\u00ab\u00a0les \u00e9l\u00e8ves qui ne parviennent pas \u00e0 d\u00e9chiffrer, ceux qui d\u00e9chiffrent sans comprendre et ceux qui d\u00e9chiffrent trop lentement pour acc\u00e9der \u00e0 des proc\u00e9dures de haut niveau efficace\u00a0\u00bb<\/p><\/blockquote>\n<p>indiquait Fabienne Vernet, IEN dans la revue \u00ab\u00a0Lire en coll\u00e8ge\u00a0\u00bb.<\/p>\n<p style=\"text-align: justify;\"><em>Aubigny, Moutiers les Mauxfaits, Fontenay-le-Comte, Challans, Les Sables d&rsquo;Olonne&#8230; ont ouvert les portes des coll\u00e8ges aux b\u00e9n\u00e9voles.<\/em><\/p>\n<p style=\"text-align: justify;\">Le projet de Lire et Faire Lire c\u2019est avant tout du <strong>lien interg\u00e9n\u00e9rationnel<\/strong> et du <strong>partage<\/strong>. C\u2019est aussi offrir un acc\u00e8s \u00e0 la culture de l\u2019objet livre et d\u00e9velopper la notion de <strong>plaisir<\/strong>. Un constat qui n\u2019est pas nouveau est celui du rejet du livre \u00e0 l\u2019arriv\u00e9e du coll\u00e8ge. Les jeunes adolescents perdent le go\u00fbt de la lecture. Le livre est assimil\u00e9 aux lectures obligatoires, il perd donc sa valeur ajout\u00e9e li\u00e9e au plaisir, \u00e0 l\u2019\u00e9vasion. Dans un soucis de lutte contre l\u2019illetrisme et d\u2019acc\u00e8s \u00e0 la culture, Lire et Faire Lire poursuit son combat et fait na\u00eetre des partenariats avec des \u00e9tablissements scolaires pour soutenir l\u2019action \u00e9ducative en la rendant plus ludique. La difficult\u00e9 du projet, c\u2019est principalement de trouver des lectures moins enfantines qu\u2019avec le public habituel de Lire et Faire Lire. Ce ne sont plus des enfants mais de jeunes adolescents \u00e0 qui les b\u00e9n\u00e9voles doivent faire la lecture. Pour \u00e9viter de se heurter \u00e0 un mur, les b\u00e9n\u00e9voles doivent \u00eatre \u00e0 l\u2019\u00e9coute et proposer des lectures vari\u00e9es. Les r\u00e9cits ou romans qui traitent de faits r\u00e9els historiques comme la s\u00e9gr\u00e9gation sont le plus souvent appr\u00e9ci\u00e9s.<\/p>\n<p>Vous d\u00e9sirez mettre en place des lectures au sein de votre coll\u00e8ge ? <a href=\"http:\/\/www.laligue85.org\/fra\/blog\/2018\/04\/09\/lequipe\/\">Contactez-nous !<\/a>[\/vc_column_text][\/vc_column][\/vc_row]<\/p>\n","protected":false},"excerpt":{"rendered":"<p>[vc_row][vc_column][vc_column_text]<\/p>\n<p align=\"JUSTIFY\"><span style=\"color: #ffffff;\">hjhj<\/span><\/p>\n<p align=\"JUSTIFY\"><span style=\"color: #ffffff;\">ghj<\/span><\/p>\n<p align=\"JUSTIFY\"><span style=\"font-size: 10pt;\"><strong>Aupr\u00e8s de quel public intervenez-vous, quel \u00e2ge ont-ils ? Dans quel cadre et \u00e0 quelle fr\u00e9quence ?<\/strong><\/span><\/p>\n<p align=\"JUSTIFY\"><span style=\"font-size: 10pt;\">J\u2019interviens dans une classe ULIS au Coll\u00e8ge Tiraqueau de Fontenay le Comte. Les \u00e2ges vont d&rsquo;environ 11-12 ans \u00e0 15 ans. J&rsquo;y lis 1 heure par semaine.<\/span><\/p>\n<div>\n<div><strong><span style=\"font-size: 10pt;\">Pourquoi ce public ? Ce choix ? Vos motivations ?<\/span><\/strong><\/div>\n<div>\n<div>\n<div>\n<div><span style=\"font-size: 10pt;\">J&rsquo;ai suivi ma \u00ab\u00a0Ma\u00eetresse\u00a0\u00bb au Coll\u00e8ge &#8230; et puis je voulais aussi changer d&rsquo;exp\u00e9rience. Je n&rsquo;aime pas trop la routine !<\/span><\/div>\n<div><\/div>\n<div><strong><span style=\"font-size: 10pt;\">Quel(s) \u00ab\u00a0type(s)\u00a0\u00bb, \u00ab\u00a0genre(s)\u00a0\u00bb de livre lisez-vous\u00a0?<\/span><\/strong><\/div>\n<div><span style=\"font-size: 10pt;\">En fait, pour m&rsquo;adapter aux enfants, je lis des albums que j&rsquo;aurais tr\u00e8s bien pu lire en CM1 ou CM2.<\/span><\/div><\/div><\/div><\/div><\/div>&hellip;","protected":false},"author":2,"featured_media":9911,"comment_status":"closed","ping_status":"open","sticky":false,"template":"","format":"standard","meta":{"jetpack_post_was_ever_published":false,"footnotes":"","jetpack_publicize_message":"","jetpack_is_tweetstorm":false,"jetpack_publicize_feature_enabled":true,"jetpack_social_post_already_shared":true,"jetpack_social_options":[]},"categories":[160],"tags":[270,274,275,273],"class_list":["post-1406","post","type-post","status-publish","format-standard","has-post-thumbnail","hentry","category-lire-et-faire-lire","tag-etablissements-scolaires","tag-lecture","tag-lire-et-faire-lire","tag-outils-pedagogiques"],"jetpack_publicize_connections":[],"yoast_head":"<!-- This site is optimized with the Yoast SEO plugin v20.0 - https:\/\/yoast.com\/wordpress\/plugins\/seo\/ -->\n<title>Lire et Faire Lire au coll\u00e8ge - La Ligue de l&#039;Enseignement de Vend\u00e9e<\/title>\n<meta name=\"description\" content=\"Lire et Faire Lire ce sont aussi des lectures au coll\u00e8ge. Le plus souvent au CDI sur le temps de pause m\u00e9ridienne pour \u00e9couter et \u00e9changer\" \/>\n<meta name=\"robots\" content=\"index, follow, max-snippet:-1, max-image-preview:large, max-video-preview:-1\" \/>\n<link rel=\"canonical\" href=\"http:\/\/www.laligue85.org\/fra\/blog\/2017\/05\/29\/lire-et-faire-lire-au-college\/\" \/>\n<meta property=\"og:locale\" content=\"fr_FR\" \/>\n<meta property=\"og:type\" content=\"article\" \/>\n<meta property=\"og:title\" content=\"Lire et Faire Lire au coll\u00e8ge - La Ligue de l&#039;Enseignement de Vend\u00e9e\" \/>\n<meta property=\"og:description\" content=\"Lire et Faire Lire ce sont aussi des lectures au coll\u00e8ge. Le plus souvent au CDI sur le temps de pause m\u00e9ridienne pour \u00e9couter et \u00e9changer\" \/>\n<meta property=\"og:url\" content=\"http:\/\/www.laligue85.org\/fra\/blog\/2017\/05\/29\/lire-et-faire-lire-au-college\/\" \/>\n<meta property=\"og:site_name\" content=\"La Ligue de l&#039;Enseignement de Vend\u00e9e\" \/>\n<meta property=\"article:published_time\" content=\"2017-05-29T09:17:15+00:00\" \/>\n<meta property=\"article:modified_time\" content=\"2020-04-08T13:50:43+00:00\" \/>\n<meta property=\"og:image\" content=\"http:\/\/www.laligue85.org\/fra\/wp-content\/uploads\/2017\/05\/lfl-college-1.jpg\" \/>\n\t<meta property=\"og:image:width\" content=\"768\" \/>\n\t<meta property=\"og:image:height\" content=\"402\" \/>\n\t<meta property=\"og:image:type\" content=\"image\/jpeg\" \/>\n<meta name=\"author\" content=\"epiveteau\" \/>\n<meta name=\"twitter:card\" content=\"summary_large_image\" \/>\n<meta name=\"twitter:label1\" content=\"\u00c9crit par\" \/>\n\t<meta name=\"twitter:data1\" content=\"epiveteau\" \/>\n\t<meta name=\"twitter:label2\" content=\"Dur\u00e9e de lecture estim\u00e9e\" \/>\n\t<meta name=\"twitter:data2\" content=\"3 minutes\" \/>\n<script type=\"application\/ld+json\" class=\"yoast-schema-graph\">{\"@context\":\"https:\/\/schema.org\",\"@graph\":[{\"@type\":\"WebPage\",\"@id\":\"http:\/\/www.laligue85.org\/fra\/blog\/2017\/05\/29\/lire-et-faire-lire-au-college\/\",\"url\":\"http:\/\/www.laligue85.org\/fra\/blog\/2017\/05\/29\/lire-et-faire-lire-au-college\/\",\"name\":\"Lire et Faire Lire au coll\u00e8ge - La Ligue de l&#039;Enseignement de Vend\u00e9e\",\"isPartOf\":{\"@id\":\"http:\/\/www.laligue85.org\/fra\/#website\"},\"datePublished\":\"2017-05-29T09:17:15+00:00\",\"dateModified\":\"2020-04-08T13:50:43+00:00\",\"author\":{\"@id\":\"http:\/\/www.laligue85.org\/fra\/#\/schema\/person\/45271b6e75b5943f21d354872a5c1a2e\"},\"description\":\"Lire et Faire Lire ce sont aussi des lectures au coll\u00e8ge. Le plus souvent au CDI sur le temps de pause m\u00e9ridienne pour \u00e9couter et \u00e9changer\",\"breadcrumb\":{\"@id\":\"http:\/\/www.laligue85.org\/fra\/blog\/2017\/05\/29\/lire-et-faire-lire-au-college\/#breadcrumb\"},\"inLanguage\":\"fr-FR\",\"potentialAction\":[{\"@type\":\"ReadAction\",\"target\":[\"http:\/\/www.laligue85.org\/fra\/blog\/2017\/05\/29\/lire-et-faire-lire-au-college\/\"]}]},{\"@type\":\"BreadcrumbList\",\"@id\":\"http:\/\/www.laligue85.org\/fra\/blog\/2017\/05\/29\/lire-et-faire-lire-au-college\/#breadcrumb\",\"itemListElement\":[{\"@type\":\"ListItem\",\"position\":1,\"name\":\"Accueil\",\"item\":\"http:\/\/www.laligue85.org\/fra\/\"},{\"@type\":\"ListItem\",\"position\":2,\"name\":\"Lire et Faire Lire au coll\u00e8ge\"}]},{\"@type\":\"WebSite\",\"@id\":\"http:\/\/www.laligue85.org\/fra\/#website\",\"url\":\"http:\/\/www.laligue85.org\/fra\/\",\"name\":\"La Ligue de l&#039;Enseignement de Vend\u00e9e\",\"description\":\"F\u00e9d\u00e9ration d&#039;\u00e9ducation populaire\",\"potentialAction\":[{\"@type\":\"SearchAction\",\"target\":{\"@type\":\"EntryPoint\",\"urlTemplate\":\"http:\/\/www.laligue85.org\/fra\/?s={search_term_string}\"},\"query-input\":\"required name=search_term_string\"}],\"inLanguage\":\"fr-FR\"},{\"@type\":\"Person\",\"@id\":\"http:\/\/www.laligue85.org\/fra\/#\/schema\/person\/45271b6e75b5943f21d354872a5c1a2e\",\"name\":\"epiveteau\",\"image\":{\"@type\":\"ImageObject\",\"inLanguage\":\"fr-FR\",\"@id\":\"http:\/\/www.laligue85.org\/fra\/#\/schema\/person\/image\/\",\"url\":\"https:\/\/secure.gravatar.com\/avatar\/7fedac7ddc713994f9815c37f877ecb7?s=96&d=mm&r=g\",\"contentUrl\":\"https:\/\/secure.gravatar.com\/avatar\/7fedac7ddc713994f9815c37f877ecb7?s=96&d=mm&r=g\",\"caption\":\"epiveteau\"},\"url\":\"http:\/\/www.laligue85.org\/fra\/blog\/author\/epiveteau\/\"}]}<\/script>\n<!-- \/ Yoast SEO plugin. -->","yoast_head_json":{"title":"Lire et Faire Lire au coll\u00e8ge - La Ligue de l&#039;Enseignement de Vend\u00e9e","description":"Lire et Faire Lire ce sont aussi des lectures au coll\u00e8ge. Le plus souvent au CDI sur le temps de pause m\u00e9ridienne pour \u00e9couter et \u00e9changer","robots":{"index":"index","follow":"follow","max-snippet":"max-snippet:-1","max-image-preview":"max-image-preview:large","max-video-preview":"max-video-preview:-1"},"canonical":"http:\/\/www.laligue85.org\/fra\/blog\/2017\/05\/29\/lire-et-faire-lire-au-college\/","og_locale":"fr_FR","og_type":"article","og_title":"Lire et Faire Lire au coll\u00e8ge - La Ligue de l&#039;Enseignement de Vend\u00e9e","og_description":"Lire et Faire Lire ce sont aussi des lectures au coll\u00e8ge. Le plus souvent au CDI sur le temps de pause m\u00e9ridienne pour \u00e9couter et \u00e9changer","og_url":"http:\/\/www.laligue85.org\/fra\/blog\/2017\/05\/29\/lire-et-faire-lire-au-college\/","og_site_name":"La Ligue de l&#039;Enseignement de Vend\u00e9e","article_published_time":"2017-05-29T09:17:15+00:00","article_modified_time":"2020-04-08T13:50:43+00:00","og_image":[{"width":768,"height":402,"url":"http:\/\/www.laligue85.org\/fra\/wp-content\/uploads\/2017\/05\/lfl-college-1.jpg","type":"image\/jpeg"}],"author":"epiveteau","twitter_card":"summary_large_image","twitter_misc":{"\u00c9crit par":"epiveteau","Dur\u00e9e de lecture estim\u00e9e":"3 minutes"},"schema":{"@context":"https:\/\/schema.org","@graph":[{"@type":"WebPage","@id":"http:\/\/www.laligue85.org\/fra\/blog\/2017\/05\/29\/lire-et-faire-lire-au-college\/","url":"http:\/\/www.laligue85.org\/fra\/blog\/2017\/05\/29\/lire-et-faire-lire-au-college\/","name":"Lire et Faire Lire au coll\u00e8ge - La Ligue de l&#039;Enseignement de Vend\u00e9e","isPartOf":{"@id":"http:\/\/www.laligue85.org\/fra\/#website"},"datePublished":"2017-05-29T09:17:15+00:00","dateModified":"2020-04-08T13:50:43+00:00","author":{"@id":"http:\/\/www.laligue85.org\/fra\/#\/schema\/person\/45271b6e75b5943f21d354872a5c1a2e"},"description":"Lire et Faire Lire ce sont aussi des lectures au coll\u00e8ge. Le plus souvent au CDI sur le temps de pause m\u00e9ridienne pour \u00e9couter et \u00e9changer","breadcrumb":{"@id":"http:\/\/www.laligue85.org\/fra\/blog\/2017\/05\/29\/lire-et-faire-lire-au-college\/#breadcrumb"},"inLanguage":"fr-FR","potentialAction":[{"@type":"ReadAction","target":["http:\/\/www.laligue85.org\/fra\/blog\/2017\/05\/29\/lire-et-faire-lire-au-college\/"]}]},{"@type":"BreadcrumbList","@id":"http:\/\/www.laligue85.org\/fra\/blog\/2017\/05\/29\/lire-et-faire-lire-au-college\/#breadcrumb","itemListElement":[{"@type":"ListItem","position":1,"name":"Accueil","item":"http:\/\/www.laligue85.org\/fra\/"},{"@type":"ListItem","position":2,"name":"Lire et Faire Lire au coll\u00e8ge"}]},{"@type":"WebSite","@id":"http:\/\/www.laligue85.org\/fra\/#website","url":"http:\/\/www.laligue85.org\/fra\/","name":"La Ligue de l&#039;Enseignement de Vend\u00e9e","description":"F\u00e9d\u00e9ration d&#039;\u00e9ducation populaire","potentialAction":[{"@type":"SearchAction","target":{"@type":"EntryPoint","urlTemplate":"http:\/\/www.laligue85.org\/fra\/?s={search_term_string}"},"query-input":"required name=search_term_string"}],"inLanguage":"fr-FR"},{"@type":"Person","@id":"http:\/\/www.laligue85.org\/fra\/#\/schema\/person\/45271b6e75b5943f21d354872a5c1a2e","name":"epiveteau","image":{"@type":"ImageObject","inLanguage":"fr-FR","@id":"http:\/\/www.laligue85.org\/fra\/#\/schema\/person\/image\/","url":"https:\/\/secure.gravatar.com\/avatar\/7fedac7ddc713994f9815c37f877ecb7?s=96&d=mm&r=g","contentUrl":"https:\/\/secure.gravatar.com\/avatar\/7fedac7ddc713994f9815c37f877ecb7?s=96&d=mm&r=g","caption":"epiveteau"},"url":"http:\/\/www.laligue85.org\/fra\/blog\/author\/epiveteau\/"}]}},"jetpack_featured_media_url":"http:\/\/www.laligue85.org\/fra\/wp-content\/uploads\/2017\/05\/lfl-college-1.jpg","jetpack_shortlink":"https:\/\/wp.me\/p9Chnq-mG","_links":{"self":[{"href":"http:\/\/www.laligue85.org\/fra\/wp-json\/wp\/v2\/posts\/1406","targetHints":{"allow":["GET"]}}],"collection":[{"href":"http:\/\/www.laligue85.org\/fra\/wp-json\/wp\/v2\/posts"}],"about":[{"href":"http:\/\/www.laligue85.org\/fra\/wp-json\/wp\/v2\/types\/post"}],"author":[{"embeddable":true,"href":"http:\/\/www.laligue85.org\/fra\/wp-json\/wp\/v2\/users\/2"}],"replies":[{"embeddable":true,"href":"http:\/\/www.laligue85.org\/fra\/wp-json\/wp\/v2\/comments?post=1406"}],"version-history":[{"count":7,"href":"http:\/\/www.laligue85.org\/fra\/wp-json\/wp\/v2\/posts\/1406\/revisions"}],"predecessor-version":[{"id":10354,"href":"http:\/\/www.laligue85.org\/fra\/wp-json\/wp\/v2\/posts\/1406\/revisions\/10354"}],"wp:featuredmedia":[{"embeddable":true,"href":"http:\/\/www.laligue85.org\/fra\/wp-json\/wp\/v2\/media\/9911"}],"wp:attachment":[{"href":"http:\/\/www.laligue85.org\/fra\/wp-json\/wp\/v2\/media?parent=1406"}],"wp:term":[{"taxonomy":"category","embeddable":true,"href":"http:\/\/www.laligue85.org\/fra\/wp-json\/wp\/v2\/categories?post=1406"},{"taxonomy":"post_tag","embeddable":true,"href":"http:\/\/www.laligue85.org\/fra\/wp-json\/wp\/v2\/tags?post=1406"}],"curies":[{"name":"wp","href":"https:\/\/api.w.org\/{rel}","templated":true}]}}