{"id":14143,"date":"2024-06-25T10:29:16","date_gmt":"2024-06-25T08:29:16","guid":{"rendered":"https:\/\/www.laligue85.org\/fra\/?p=14143"},"modified":"2024-06-25T10:29:16","modified_gmt":"2024-06-25T08:29:16","slug":"communique-commun-de-lobservatoire-vendeen-de-la-laicite-georges-clemenceau-les-familles-laiques-de-vendee-le-carrefour-departemental-de-la-laicite-et-la-ligue-de-lenseignement-de-vendee","status":"publish","type":"post","link":"http:\/\/www.laligue85.org\/fra\/blog\/2024\/06\/25\/communique-commun-de-lobservatoire-vendeen-de-la-laicite-georges-clemenceau-les-familles-laiques-de-vendee-le-carrefour-departemental-de-la-laicite-et-la-ligue-de-lenseignement-de-vendee\/","title":{"rendered":"Communiqu\u00e9 commun de l&rsquo;Observatoire Vend\u00e9en de la La\u00efcit\u00e9 Georges Cl\u00e9menceau, les Familles La\u00efques de Vend\u00e9e, le Carrefour d\u00e9partemental de la la\u00efcit\u00e9 et la Ligue de l&rsquo;enseignement de Vend\u00e9e"},"content":{"rendered":"<p>Les organisations d\u00e9partementales signataires appellent les \u00e9lectrices et les \u00e9lecteurs vend\u00e9ens \u00e0 apporter massivement leurs suffrages aux candidates et candidats qui s\u2019engagent \u00e0 promouvoir de la maternelle \u00e0 l\u2019universit\u00e9 l\u2019\u00e9ducation la\u00efque gratuite et demandent aux futurs d\u00e9put\u00e9es et d\u00e9put\u00e9s de voter les moyens pour que vive l\u2019\u00e9cole de la R\u00e9publique la\u00efque sociale et d\u00e9mocratique.<\/p>\n<p><em>Signataires : l\u2019Observatoire Vend\u00e9en de la La\u00efcit\u00e9 Georges Cl\u00e9menceau, le comit\u00e9 d\u00e9partemental des Familles La\u00efques Jean Luc Avide, le Carrefour D\u00e9partemental de la la\u00efcit\u00e9, La Ligue de l\u2019enseignement FOL Vend\u00e9e.<\/em><\/p>\n","protected":false},"excerpt":{"rendered":"<p>Les organisations d\u00e9partementales signataires appellent les \u00e9lectrices et les \u00e9lecteurs vend\u00e9ens \u00e0 apporter massivement leurs suffrages aux candidates et candidats qui s\u2019engagent \u00e0 promouvoir de la maternelle \u00e0 l\u2019universit\u00e9 l\u2019\u00e9ducation la\u00efque gratuite et demandent aux futurs d\u00e9put\u00e9es et d\u00e9put\u00e9s de voter les moyens pour que vive l\u2019\u00e9cole de la R\u00e9publique [&hellip;]<\/p>\n","protected":false},"author":2,"featured_media":0,"comment_status":"closed","ping_status":"open","sticky":false,"template":"","format":"standard","meta":{"jetpack_post_was_ever_published":false,"footnotes":"","jetpack_publicize_message":"","jetpack_is_tweetstorm":false,"jetpack_publicize_feature_enabled":true,"jetpack_social_post_already_shared":true,"jetpack_social_options":[]},"categories":[261],"tags":[],"class_list":["post-14143","post","type-post","status-publish","format-standard","hentry","category-communiques"],"jetpack_publicize_connections":[],"yoast_head":"<!-- This site is optimized with the Yoast SEO plugin v20.0 - https:\/\/yoast.com\/wordpress\/plugins\/seo\/ -->\n<title>Communiqu\u00e9 commun de l&#039;Observatoire Vend\u00e9en de la La\u00efcit\u00e9 Georges Cl\u00e9menceau, les Familles La\u00efques de Vend\u00e9e, le Carrefour d\u00e9partemental de la la\u00efcit\u00e9 et la Ligue de l&#039;enseignement de Vend\u00e9e - La Ligue de l&#039;Enseignement de Vend\u00e9e<\/title>\n<meta name=\"robots\" content=\"index, follow, max-snippet:-1, max-image-preview:large, max-video-preview:-1\" \/>\n<link rel=\"canonical\" href=\"http:\/\/www.laligue85.org\/fra\/blog\/2024\/06\/25\/communique-commun-de-lobservatoire-vendeen-de-la-laicite-georges-clemenceau-les-familles-laiques-de-vendee-le-carrefour-departemental-de-la-laicite-et-la-ligue-de-lenseignement-de-vendee\/\" \/>\n<meta property=\"og:locale\" content=\"fr_FR\" \/>\n<meta property=\"og:type\" content=\"article\" \/>\n<meta property=\"og:title\" content=\"Communiqu\u00e9 commun de l&#039;Observatoire Vend\u00e9en de la La\u00efcit\u00e9 Georges Cl\u00e9menceau, les Familles La\u00efques de Vend\u00e9e, le Carrefour d\u00e9partemental de la la\u00efcit\u00e9 et la Ligue de l&#039;enseignement de Vend\u00e9e - La Ligue de l&#039;Enseignement de Vend\u00e9e\" \/>\n<meta property=\"og:description\" content=\"Les organisations d\u00e9partementales signataires appellent les \u00e9lectrices et les \u00e9lecteurs vend\u00e9ens \u00e0 apporter massivement leurs suffrages aux candidates et candidats qui s\u2019engagent \u00e0 promouvoir de la maternelle \u00e0 l\u2019universit\u00e9 l\u2019\u00e9ducation la\u00efque gratuite et demandent aux futurs d\u00e9put\u00e9es et d\u00e9put\u00e9s de voter les moyens pour que vive l\u2019\u00e9cole de la R\u00e9publique [&hellip;]\" \/>\n<meta property=\"og:url\" content=\"http:\/\/www.laligue85.org\/fra\/blog\/2024\/06\/25\/communique-commun-de-lobservatoire-vendeen-de-la-laicite-georges-clemenceau-les-familles-laiques-de-vendee-le-carrefour-departemental-de-la-laicite-et-la-ligue-de-lenseignement-de-vendee\/\" \/>\n<meta property=\"og:site_name\" content=\"La Ligue de l&#039;Enseignement de Vend\u00e9e\" \/>\n<meta property=\"article:published_time\" content=\"2024-06-25T08:29:16+00:00\" \/>\n<meta name=\"author\" content=\"epiveteau\" \/>\n<meta name=\"twitter:card\" content=\"summary_large_image\" \/>\n<meta name=\"twitter:label1\" content=\"\u00c9crit par\" \/>\n\t<meta name=\"twitter:data1\" content=\"epiveteau\" \/>\n\t<meta name=\"twitter:label2\" content=\"Dur\u00e9e de lecture estim\u00e9e\" \/>\n\t<meta name=\"twitter:data2\" content=\"1 minute\" \/>\n<script type=\"application\/ld+json\" class=\"yoast-schema-graph\">{\"@context\":\"https:\/\/schema.org\",\"@graph\":[{\"@type\":\"WebPage\",\"@id\":\"http:\/\/www.laligue85.org\/fra\/blog\/2024\/06\/25\/communique-commun-de-lobservatoire-vendeen-de-la-laicite-georges-clemenceau-les-familles-laiques-de-vendee-le-carrefour-departemental-de-la-laicite-et-la-ligue-de-lenseignement-de-vendee\/\",\"url\":\"http:\/\/www.laligue85.org\/fra\/blog\/2024\/06\/25\/communique-commun-de-lobservatoire-vendeen-de-la-laicite-georges-clemenceau-les-familles-laiques-de-vendee-le-carrefour-departemental-de-la-laicite-et-la-ligue-de-lenseignement-de-vendee\/\",\"name\":\"Communiqu\u00e9 commun de l'Observatoire Vend\u00e9en de la La\u00efcit\u00e9 Georges Cl\u00e9menceau, les Familles La\u00efques de Vend\u00e9e, le Carrefour d\u00e9partemental de la la\u00efcit\u00e9 et la Ligue de l'enseignement de Vend\u00e9e - La Ligue de l&#039;Enseignement de Vend\u00e9e\",\"isPartOf\":{\"@id\":\"http:\/\/www.laligue85.org\/fra\/#website\"},\"datePublished\":\"2024-06-25T08:29:16+00:00\",\"dateModified\":\"2024-06-25T08:29:16+00:00\",\"author\":{\"@id\":\"http:\/\/www.laligue85.org\/fra\/#\/schema\/person\/45271b6e75b5943f21d354872a5c1a2e\"},\"breadcrumb\":{\"@id\":\"http:\/\/www.laligue85.org\/fra\/blog\/2024\/06\/25\/communique-commun-de-lobservatoire-vendeen-de-la-laicite-georges-clemenceau-les-familles-laiques-de-vendee-le-carrefour-departemental-de-la-laicite-et-la-ligue-de-lenseignement-de-vendee\/#breadcrumb\"},\"inLanguage\":\"fr-FR\",\"potentialAction\":[{\"@type\":\"ReadAction\",\"target\":[\"http:\/\/www.laligue85.org\/fra\/blog\/2024\/06\/25\/communique-commun-de-lobservatoire-vendeen-de-la-laicite-georges-clemenceau-les-familles-laiques-de-vendee-le-carrefour-departemental-de-la-laicite-et-la-ligue-de-lenseignement-de-vendee\/\"]}]},{\"@type\":\"BreadcrumbList\",\"@id\":\"http:\/\/www.laligue85.org\/fra\/blog\/2024\/06\/25\/communique-commun-de-lobservatoire-vendeen-de-la-laicite-georges-clemenceau-les-familles-laiques-de-vendee-le-carrefour-departemental-de-la-laicite-et-la-ligue-de-lenseignement-de-vendee\/#breadcrumb\",\"itemListElement\":[{\"@type\":\"ListItem\",\"position\":1,\"name\":\"Accueil\",\"item\":\"http:\/\/www.laligue85.org\/fra\/\"},{\"@type\":\"ListItem\",\"position\":2,\"name\":\"Communiqu\u00e9 commun de l&rsquo;Observatoire Vend\u00e9en de la La\u00efcit\u00e9 Georges Cl\u00e9menceau, les Familles La\u00efques de Vend\u00e9e, le Carrefour d\u00e9partemental de la la\u00efcit\u00e9 et la Ligue de l&rsquo;enseignement de Vend\u00e9e\"}]},{\"@type\":\"WebSite\",\"@id\":\"http:\/\/www.laligue85.org\/fra\/#website\",\"url\":\"http:\/\/www.laligue85.org\/fra\/\",\"name\":\"La Ligue de l&#039;Enseignement de Vend\u00e9e\",\"description\":\"F\u00e9d\u00e9ration d&#039;\u00e9ducation populaire\",\"potentialAction\":[{\"@type\":\"SearchAction\",\"target\":{\"@type\":\"EntryPoint\",\"urlTemplate\":\"http:\/\/www.laligue85.org\/fra\/?s={search_term_string}\"},\"query-input\":\"required name=search_term_string\"}],\"inLanguage\":\"fr-FR\"},{\"@type\":\"Person\",\"@id\":\"http:\/\/www.laligue85.org\/fra\/#\/schema\/person\/45271b6e75b5943f21d354872a5c1a2e\",\"name\":\"epiveteau\",\"image\":{\"@type\":\"ImageObject\",\"inLanguage\":\"fr-FR\",\"@id\":\"http:\/\/www.laligue85.org\/fra\/#\/schema\/person\/image\/\",\"url\":\"https:\/\/secure.gravatar.com\/avatar\/7fedac7ddc713994f9815c37f877ecb7?s=96&d=mm&r=g\",\"contentUrl\":\"https:\/\/secure.gravatar.com\/avatar\/7fedac7ddc713994f9815c37f877ecb7?s=96&d=mm&r=g\",\"caption\":\"epiveteau\"},\"url\":\"http:\/\/www.laligue85.org\/fra\/blog\/author\/epiveteau\/\"}]}<\/script>\n<!-- \/ Yoast SEO plugin. -->","yoast_head_json":{"title":"Communiqu\u00e9 commun de l'Observatoire Vend\u00e9en de la La\u00efcit\u00e9 Georges Cl\u00e9menceau, les Familles La\u00efques de Vend\u00e9e, le Carrefour d\u00e9partemental de la la\u00efcit\u00e9 et la Ligue de l'enseignement de Vend\u00e9e - La Ligue de l&#039;Enseignement de Vend\u00e9e","robots":{"index":"index","follow":"follow","max-snippet":"max-snippet:-1","max-image-preview":"max-image-preview:large","max-video-preview":"max-video-preview:-1"},"canonical":"http:\/\/www.laligue85.org\/fra\/blog\/2024\/06\/25\/communique-commun-de-lobservatoire-vendeen-de-la-laicite-georges-clemenceau-les-familles-laiques-de-vendee-le-carrefour-departemental-de-la-laicite-et-la-ligue-de-lenseignement-de-vendee\/","og_locale":"fr_FR","og_type":"article","og_title":"Communiqu\u00e9 commun de l'Observatoire Vend\u00e9en de la La\u00efcit\u00e9 Georges Cl\u00e9menceau, les Familles La\u00efques de Vend\u00e9e, le Carrefour d\u00e9partemental de la la\u00efcit\u00e9 et la Ligue de l'enseignement de Vend\u00e9e - La Ligue de l&#039;Enseignement de Vend\u00e9e","og_description":"Les organisations d\u00e9partementales signataires appellent les \u00e9lectrices et les \u00e9lecteurs vend\u00e9ens \u00e0 apporter massivement leurs suffrages aux candidates et candidats qui s\u2019engagent \u00e0 promouvoir de la maternelle \u00e0 l\u2019universit\u00e9 l\u2019\u00e9ducation la\u00efque gratuite et demandent aux futurs d\u00e9put\u00e9es et d\u00e9put\u00e9s de voter les moyens pour que vive l\u2019\u00e9cole de la R\u00e9publique [&hellip;]","og_url":"http:\/\/www.laligue85.org\/fra\/blog\/2024\/06\/25\/communique-commun-de-lobservatoire-vendeen-de-la-laicite-georges-clemenceau-les-familles-laiques-de-vendee-le-carrefour-departemental-de-la-laicite-et-la-ligue-de-lenseignement-de-vendee\/","og_site_name":"La Ligue de l&#039;Enseignement de Vend\u00e9e","article_published_time":"2024-06-25T08:29:16+00:00","author":"epiveteau","twitter_card":"summary_large_image","twitter_misc":{"\u00c9crit par":"epiveteau","Dur\u00e9e de lecture estim\u00e9e":"1 minute"},"schema":{"@context":"https:\/\/schema.org","@graph":[{"@type":"WebPage","@id":"http:\/\/www.laligue85.org\/fra\/blog\/2024\/06\/25\/communique-commun-de-lobservatoire-vendeen-de-la-laicite-georges-clemenceau-les-familles-laiques-de-vendee-le-carrefour-departemental-de-la-laicite-et-la-ligue-de-lenseignement-de-vendee\/","url":"http:\/\/www.laligue85.org\/fra\/blog\/2024\/06\/25\/communique-commun-de-lobservatoire-vendeen-de-la-laicite-georges-clemenceau-les-familles-laiques-de-vendee-le-carrefour-departemental-de-la-laicite-et-la-ligue-de-lenseignement-de-vendee\/","name":"Communiqu\u00e9 commun de l'Observatoire Vend\u00e9en de la La\u00efcit\u00e9 Georges Cl\u00e9menceau, les Familles La\u00efques de Vend\u00e9e, le Carrefour d\u00e9partemental de la la\u00efcit\u00e9 et la Ligue de l'enseignement de Vend\u00e9e - La Ligue de l&#039;Enseignement de Vend\u00e9e","isPartOf":{"@id":"http:\/\/www.laligue85.org\/fra\/#website"},"datePublished":"2024-06-25T08:29:16+00:00","dateModified":"2024-06-25T08:29:16+00:00","author":{"@id":"http:\/\/www.laligue85.org\/fra\/#\/schema\/person\/45271b6e75b5943f21d354872a5c1a2e"},"breadcrumb":{"@id":"http:\/\/www.laligue85.org\/fra\/blog\/2024\/06\/25\/communique-commun-de-lobservatoire-vendeen-de-la-laicite-georges-clemenceau-les-familles-laiques-de-vendee-le-carrefour-departemental-de-la-laicite-et-la-ligue-de-lenseignement-de-vendee\/#breadcrumb"},"inLanguage":"fr-FR","potentialAction":[{"@type":"ReadAction","target":["http:\/\/www.laligue85.org\/fra\/blog\/2024\/06\/25\/communique-commun-de-lobservatoire-vendeen-de-la-laicite-georges-clemenceau-les-familles-laiques-de-vendee-le-carrefour-departemental-de-la-laicite-et-la-ligue-de-lenseignement-de-vendee\/"]}]},{"@type":"BreadcrumbList","@id":"http:\/\/www.laligue85.org\/fra\/blog\/2024\/06\/25\/communique-commun-de-lobservatoire-vendeen-de-la-laicite-georges-clemenceau-les-familles-laiques-de-vendee-le-carrefour-departemental-de-la-laicite-et-la-ligue-de-lenseignement-de-vendee\/#breadcrumb","itemListElement":[{"@type":"ListItem","position":1,"name":"Accueil","item":"http:\/\/www.laligue85.org\/fra\/"},{"@type":"ListItem","position":2,"name":"Communiqu\u00e9 commun de l&rsquo;Observatoire Vend\u00e9en de la La\u00efcit\u00e9 Georges Cl\u00e9menceau, les Familles La\u00efques de Vend\u00e9e, le Carrefour d\u00e9partemental de la la\u00efcit\u00e9 et la Ligue de l&rsquo;enseignement de Vend\u00e9e"}]},{"@type":"WebSite","@id":"http:\/\/www.laligue85.org\/fra\/#website","url":"http:\/\/www.laligue85.org\/fra\/","name":"La Ligue de l&#039;Enseignement de Vend\u00e9e","description":"F\u00e9d\u00e9ration d&#039;\u00e9ducation populaire","potentialAction":[{"@type":"SearchAction","target":{"@type":"EntryPoint","urlTemplate":"http:\/\/www.laligue85.org\/fra\/?s={search_term_string}"},"query-input":"required name=search_term_string"}],"inLanguage":"fr-FR"},{"@type":"Person","@id":"http:\/\/www.laligue85.org\/fra\/#\/schema\/person\/45271b6e75b5943f21d354872a5c1a2e","name":"epiveteau","image":{"@type":"ImageObject","inLanguage":"fr-FR","@id":"http:\/\/www.laligue85.org\/fra\/#\/schema\/person\/image\/","url":"https:\/\/secure.gravatar.com\/avatar\/7fedac7ddc713994f9815c37f877ecb7?s=96&d=mm&r=g","contentUrl":"https:\/\/secure.gravatar.com\/avatar\/7fedac7ddc713994f9815c37f877ecb7?s=96&d=mm&r=g","caption":"epiveteau"},"url":"http:\/\/www.laligue85.org\/fra\/blog\/author\/epiveteau\/"}]}},"jetpack_featured_media_url":"","jetpack_shortlink":"https:\/\/wp.me\/p9Chnq-3G7","_links":{"self":[{"href":"http:\/\/www.laligue85.org\/fra\/wp-json\/wp\/v2\/posts\/14143","targetHints":{"allow":["GET"]}}],"collection":[{"href":"http:\/\/www.laligue85.org\/fra\/wp-json\/wp\/v2\/posts"}],"about":[{"href":"http:\/\/www.laligue85.org\/fra\/wp-json\/wp\/v2\/types\/post"}],"author":[{"embeddable":true,"href":"http:\/\/www.laligue85.org\/fra\/wp-json\/wp\/v2\/users\/2"}],"replies":[{"embeddable":true,"href":"http:\/\/www.laligue85.org\/fra\/wp-json\/wp\/v2\/comments?post=14143"}],"version-history":[{"count":1,"href":"http:\/\/www.laligue85.org\/fra\/wp-json\/wp\/v2\/posts\/14143\/revisions"}],"predecessor-version":[{"id":14144,"href":"http:\/\/www.laligue85.org\/fra\/wp-json\/wp\/v2\/posts\/14143\/revisions\/14144"}],"wp:attachment":[{"href":"http:\/\/www.laligue85.org\/fra\/wp-json\/wp\/v2\/media?parent=14143"}],"wp:term":[{"taxonomy":"category","embeddable":true,"href":"http:\/\/www.laligue85.org\/fra\/wp-json\/wp\/v2\/categories?post=14143"},{"taxonomy":"post_tag","embeddable":true,"href":"http:\/\/www.laligue85.org\/fra\/wp-json\/wp\/v2\/tags?post=14143"}],"curies":[{"name":"wp","href":"https:\/\/api.w.org\/{rel}","templated":true}]}}