{"id":14191,"date":"2024-08-16T13:57:07","date_gmt":"2024-08-16T11:57:07","guid":{"rendered":"https:\/\/www.laligue85.org\/fra\/?p=14191"},"modified":"2025-04-16T10:45:07","modified_gmt":"2025-04-16T08:45:07","slug":"le-centre-de-formation","status":"publish","type":"post","link":"http:\/\/www.laligue85.org\/fra\/blog\/2024\/08\/16\/le-centre-de-formation\/","title":{"rendered":"Le centre de formation"},"content":{"rendered":"<p>[vc_row][vc_column parallax=\u00a0\u00bbcontent-moving\u00a0\u00bb][vc_empty_space][vc_empty_space el_id=\u00a0\u00bbhttps:\/\/youtu.be\/v96LqmMEhOI\u00a0\u00bb][vc_video link=\u00a0\u00bbhttps:\/\/youtu.be\/v96LqmMEhOI\u00a0\u00bb el_width=\u00a0\u00bb60&Prime; align=\u00a0\u00bbcenter\u00a0\u00bb css_animation=\u00a0\u00bbnone\u00a0\u00bb][vc_column_text]<span style=\"color: #ffffff;\">&#8230;&#8230;&#8230;..<\/span><\/p>\n<p>Con\u00e7u en 2024, le p\u00f4le formation de la Ligue de l&rsquo;enseignement de Vend\u00e9e a \u00e9t\u00e9 pens\u00e9 pour r\u00e9pondre aux enjeux de transition \u00e9cologique et d&rsquo;accessibilit\u00e9 aux personnes \u00e0 mobilit\u00e9 r\u00e9duite. Enti\u00e8rement \u00e9quip\u00e9, ce p\u00f4le ind\u00e9pendant du si\u00e8ge de la f\u00e9d\u00e9ration, dispose de deux salles de formation, d&rsquo;un bureau de formateur, de sanitaires, d&rsquo;une cuisine et d&rsquo;espaces ext\u00e9rieurs.[\/vc_column_text][\/vc_column][\/vc_row][vc_row equal_height=\u00a0\u00bbyes\u00a0\u00bb content_placement=\u00a0\u00bbmiddle\u00a0\u00bb css=\u00a0\u00bb.vc_custom_1493822260304{padding-top: 90px !important;padding-bottom: 90px !important;}\u00a0\u00bb][vc_column width=\u00a0\u00bb1\/2&Prime; col_padding=\u00a0\u00bb2&Prime; col_padding_side=\u00a0\u00bbright\u00a0\u00bb][vc_single_image image=\u00a0\u00bb14308&Prime; img_size=\u00a0\u00bb700&#215;600&Prime; css_animation=\u00a0\u00bbnone\u00a0\u00bb css=\u00a0\u00bb.vc_custom_1730997980977{margin-bottom: 0px !important;}\u00a0\u00bb][\/vc_column][vc_column width=\u00a0\u00bb1\/2&Prime; col_padding=\u00a0\u00bb2&Prime; col_padding_side=\u00a0\u00bbleft\u00a0\u00bb][vc_column_text]Certifi\u00e9 Qualiopi depuis 2024, la Ligue de l&rsquo;enseignement de Vend\u00e9e propose aux publics et aux partenaires, des prestations de qualit\u00e9.<\/p>\n<p class=\"x_MsoNormal\">\u00ab Qualiopi \u00bb est la norme unique qui encadre la qualit\u00e9 des actions de formation. Par \u00ab qualit\u00e9 \u00bb, il faut entendre la qualit\u00e9 du service rendu aux apprenant.e.s.\u00a0 La qualit\u00e9 d\u2019une action de formation porte sur les axes suivants : l\u2019information et la communication de son offre, la conception p\u00e9dagogique d\u2019une formation, sa r\u00e9alisation, l\u2019\u00e9valuation des acquis et la satisfaction des apprenant.e.s et l\u2019am\u00e9lioration continue de l\u2019organisation de son organisme de formation.<\/p>\n<p class=\"x_MsoNormal\">Cette certification est une obligation l\u00e9gale pour b\u00e9n\u00e9ficier de financements publics ou mutualis\u00e9s via les OPCOs tels l\u2019AFDAS ou UNIFORMATION.<\/p>\n<p>Cette certification est un gage de qualit\u00e9 pour les formations propos\u00e9es par la f\u00e9d\u00e9ration et prouve la l\u00e9galit\u00e9 de l&rsquo;activit\u00e9 de formateur d&rsquo;un.e professionnel.le.[\/vc_column_text]<div class=\"btn-holder btn-align-left\"><a href=\"http:\/\/www.laligue85.org\/fra\/wp-content\/uploads\/2024\/11\/certificate_3155_OF_QUALIANOR.pdf\" class=\"mtli_attachment mtli_pdf\" title=\"\" class=\"btn btn-regular btn-solid  btn-accent btn-hover-dark btn-with-icon btn-icon-right_side_hover\" target=\"\"><span>Certificat Qualiopi<\/span><i class=\"fa fa-long-arrow-right\"><\/i><\/a><\/div>[\/vc_column][\/vc_row][vc_row full_width=\u00a0\u00bbstretch_row_content_no_spaces\u00a0\u00bb equal_height=\u00a0\u00bbyes\u00a0\u00bb content_placement=\u00a0\u00bbmiddle\u00a0\u00bb css=\u00a0\u00bb.vc_custom_1493830181567{padding-top: 0px !important;padding-bottom: 0px !important;}\u00a0\u00bb][vc_column width=\u00a0\u00bb1\/2&Prime;][vc_single_image image=\u00a0\u00bb14651&Prime;][\/vc_column][vc_column width=\u00a0\u00bb1\/2&Prime; col_padding=\u00a0\u00bb7&Prime; css=\u00a0\u00bb.vc_custom_1493831479492{padding-top: 20px !important;padding-bottom: 20px !important;background-position: center !important;background-repeat: no-repeat !important;background-size: cover !important;}\u00a0\u00bb][vc_column_text]<\/p>\n<h3>La petite salle<\/h3>\n<p>[\/vc_column_text][vc_column_text]Une salle pouvant accueillir confortablement 25 personnes.<\/p>\n<p class=\"cvGsUA direction-ltr align-justify para-style-body\"><span class=\"OYPEnA font-feature-liga-off font-feature-clig-off font-feature-calt-off text-decoration-none text-strikethrough-none\">Toutes nos salles sont \u00e9quip\u00e9es de vid\u00e9oprojecteur, d\u2019un tableau et d\u2019un syst\u00e8me de t\u00e9l\u00e9conf\u00e9rence.<\/span><\/p>\n<p class=\"cvGsUA direction-ltr align-justify para-style-body\"><span class=\"OYPEnA font-feature-liga-off font-feature-clig-off font-feature-calt-off text-decoration-none text-strikethrough-none\">Des ordinateurs ou tablettes peuvent \u00eatre mises \u00e0 disposition le temps de la formation.<\/span><\/p>\n<p>[\/vc_column_text][\/vc_column][\/vc_row][vc_row full_width=\u00a0\u00bbstretch_row_content_no_spaces\u00a0\u00bb equal_height=\u00a0\u00bbyes\u00a0\u00bb content_placement=\u00a0\u00bbmiddle\u00a0\u00bb css=\u00a0\u00bb.vc_custom_1493830181567{padding-top: 0px !important;padding-bottom: 0px !important;}\u00a0\u00bb][vc_column width=\u00a0\u00bb1\/2&Prime; col_padding=\u00a0\u00bb7&Prime; css=\u00a0\u00bb.vc_custom_1493831472285{padding-top: 20px !important;padding-bottom: 20px !important;}\u00a0\u00bb][vc_column_text]<\/p>\n<h3>La grande salle<\/h3>\n<p>[\/vc_column_text][vc_column_text]Une salle lumineuse pouvant accueillir 35 personnes.<\/p>\n<p class=\"cvGsUA direction-ltr align-justify para-style-body\"><span class=\"OYPEnA font-feature-liga-off font-feature-clig-off font-feature-calt-off text-decoration-none text-strikethrough-none\">Toutes nos salles sont \u00e9quip\u00e9es de vid\u00e9oprojecteur, d\u2019un tableau et d\u2019un syst\u00e8me de t\u00e9l\u00e9conf\u00e9rence.<\/span><\/p>\n<p class=\"cvGsUA direction-ltr align-justify para-style-body\"><span class=\"OYPEnA font-feature-liga-off font-feature-clig-off font-feature-calt-off text-decoration-none text-strikethrough-none\">Des ordinateurs ou tablettes peuvent \u00eatre mises \u00e0 disposition le temps de la formation.<\/span><\/p>\n<p>[\/vc_column_text][\/vc_column][vc_column width=\u00a0\u00bb1\/2&Prime; col_padding_side=\u00a0\u00bbleft\u00a0\u00bb css=\u00a0\u00bb.vc_custom_1723811080241{background-position: center !important;background-repeat: no-repeat !important;background-size: cover !important;}\u00a0\u00bb][vc_single_image image=\u00a0\u00bb14654&Prime;][\/vc_column][\/vc_row][vc_row full_width=\u00a0\u00bbstretch_row_content_no_spaces\u00a0\u00bb equal_height=\u00a0\u00bbyes\u00a0\u00bb content_placement=\u00a0\u00bbmiddle\u00a0\u00bb css=\u00a0\u00bb.vc_custom_1493830181567{padding-top: 0px !important;padding-bottom: 0px !important;}\u00a0\u00bb][vc_column width=\u00a0\u00bb1\/2&Prime;][vc_single_image image=\u00a0\u00bb14655&Prime;][\/vc_column][vc_column width=\u00a0\u00bb1\/2&Prime; col_padding=\u00a0\u00bb7&Prime; css=\u00a0\u00bb.vc_custom_1493831479492{padding-top: 20px !important;padding-bottom: 20px !important;background-position: center !important;background-repeat: no-repeat !important;background-size: cover !important;}\u00a0\u00bb][vc_column_text]<\/p>\n<h3>Un espace restauration<\/h3>\n<p>[\/vc_column_text][vc_column_text]<span class=\"OYPEnA font-feature-liga-off font-feature-clig-off font-feature-calt-off text-decoration-none text-strikethrough-none\">Une cuisine \u00e9quip\u00e9e d\u2019un frigo, de micro-ondes, d\u2019un \u00e9vier, de vaisselles, d\u2019une cafeti\u00e8re et d\u2019une bouilloire est \u00e0 disposition.<\/span><\/p>\n<p>Cette cuisine dispose de tables et de chaises pour s&rsquo;y installer durant les moments de pause.[\/vc_column_text][\/vc_column][\/vc_row][vc_row full_width=\u00a0\u00bbstretch_row_content_no_spaces\u00a0\u00bb][vc_column][\/vc_column][\/vc_row][vc_row][vc_column width=\u00a0\u00bb1\/2&Prime;][vc_column_text]<\/p>\n<h3><a id=\"Acces\"><\/a>Modalit\u00e9s d\u2019acc\u00e8s<\/h3>\n<p>[\/vc_column_text][vc_gmaps link=\u00a0\u00bb#E-8_JTNDaWZyYW1lJTIwc3JjJTNEJTIyaHR0cHMlM0ElMkYlMkZ3d3cuZ29vZ2xlLmNvbSUyRm1hcHMlMkZlbWJlZCUzRnBiJTNEJTIxMW0xOCUyMTFtMTIlMjExbTMlMjExZDI3MzYuOTUwMjc0NTkzODExNiUyMTJkLTEuNDMyMjU0NyUyMTNkNDYuNjg2OTgyNDAwMDAwMDA1JTIxMm0zJTIxMWYwJTIxMmYwJTIxM2YwJTIxM20yJTIxMWkxMDI0JTIxMmk3NjglMjE0ZjEzLjElMjEzbTMlMjExbTIlMjExczB4NDgwNDJmYzZlN2ZiYTZkMSUyNTNBMHhlZDFjNDNjNTgwNTgyOWE3JTIxMnM0MSUyNTIwUnVlJTI1MjBNb25nZSUyNTJDJTI1MjA4NTAwMCUyNTIwTGElMjUyMFJvY2hlLXN1ci1Zb24lMjE1ZTAlMjEzbTIlMjExc2ZyJTIxMnNmciUyMTR2MTcyMzgxMDAzMDU5MiUyMTVtMiUyMTFzZnIlMjEyc2ZyJTIyJTIwd2lkdGglM0QlMjI2MDAlMjIlMjBoZWlnaHQlM0QlMjI0NTAlMjIlMjBzdHlsZSUzRCUyMmJvcmRlciUzQTAlM0IlMjIlMjBhbGxvd2Z1bGxzY3JlZW4lM0QlMjIlMjIlMjBsb2FkaW5nJTNEJTIybGF6eSUyMiUyMHJlZmVycmVycG9saWN5JTNEJTIybm8tcmVmZXJyZXItd2hlbi1kb3duZ3JhZGUlMjIlM0UlM0MlMkZpZnJhbWUlM0U=\u00a0\u00bb][\/vc_column][vc_column width=\u00a0\u00bb1\/2&Prime;][vc_column_text]<\/p>\n<h3>Lignes de bus<\/h3>\n<p class=\"cvGsUA direction-ltr align-justify para-style-body\"><span class=\"OYPEnA font-feature-liga-off font-feature-clig-off font-feature-calt-off text-decoration-none text-strikethrough-none\">Quartier ouest La Roche-sur-Yon<\/span><\/p>\n<ul>\n<li><span class=\"OYPEnA font-feature-liga-off font-feature-clig-off font-feature-calt-off text-decoration-none text-strikethrough-none\">Ligne 6 et M : arr\u00eat Monge <span style=\"font-size: 10pt;\">(rue Monge)<\/span><br \/>\n<\/span><\/li>\n<li><span class=\"OYPEnA font-feature-liga-off font-feature-clig-off font-feature-calt-off text-decoration-none text-strikethrough-none\">Ligne 1 : arr\u00eat Etabli\u00e8res <span style=\"font-size: 10pt;\">(rue Gutenberg)<\/span><br \/>\n<\/span><\/li>\n<\/ul>\n<p><a href=\"https:\/\/www.impulsyon.fr\/se-deplacer\/plan-interactif\">Plan interactif<\/a><\/p>\n<h3>Parking<\/h3>\n<ul>\n<li><span class=\"OYPEnA font-feature-liga-off font-feature-clig-off font-feature-calt-off text-decoration-none text-strikethrough-none\">Sur place (voiture et v\u00e9lo)<\/span><\/li>\n<li><span class=\"OYPEnA font-feature-liga-off font-feature-clig-off font-feature-calt-off text-decoration-none text-strikethrough-none\">Et \u00e0 2 minutes \u00e0 pied (impasse Monge)<\/span><\/li>\n<\/ul>\n<h3>Gare SNCF<\/h3>\n<ul>\n<li><span class=\"OYPEnA font-feature-liga-off font-feature-clig-off font-feature-calt-off text-decoration-none text-strikethrough-none\">24 minutes \u00e0 pied<\/span><\/li>\n<li><span class=\"OYPEnA font-feature-liga-off font-feature-clig-off font-feature-calt-off text-decoration-none text-strikethrough-none\">1,8km<\/span><\/li>\n<li>Pl. d&rsquo;Estienne d&rsquo;Orves, 85000 La Roche-sur-Yon<\/li>\n<\/ul>\n<p>[\/vc_column_text][\/vc_column][\/vc_row][vc_row][vc_column][\/vc_column][\/vc_row][vc_row][vc_column][vc_widget_sidebar][\/vc_column][\/vc_row][vc_row][vc_column][vc_tta_accordion][vc_tta_section title=\u00a0\u00bbSection 1&Prime; tab_id=\u00a0\u00bb1744791030806-9e900a26-08d4&Prime;][\/vc_tta_section][vc_tta_section title=\u00a0\u00bbSection 2&Prime; tab_id=\u00a0\u00bb1744791030832-a3d13762-6272&Prime;][\/vc_tta_section][\/vc_tta_accordion][\/vc_column][\/vc_row][vc_row][vc_column][\/vc_column][\/vc_row]<\/p>\n","protected":false},"excerpt":{"rendered":"<p>[vc_row][vc_column parallax=\u00a0\u00bbcontent-moving\u00a0\u00bb][vc_empty_space][vc_empty_space el_id=\u00a0\u00bbhttps:\/\/youtu.be\/v96LqmMEhOI\u00a0\u00bb][vc_video link=\u00a0\u00bbhttps:\/\/youtu.be\/v96LqmMEhOI\u00a0\u00bb el_width=\u00a0\u00bb60&Prime; align=\u00a0\u00bbcenter\u00a0\u00bb css_animation=\u00a0\u00bbnone\u00a0\u00bb][vc_column_text]&#8230;&#8230;&#8230;.. Con\u00e7u en 2024, le p\u00f4le formation de la Ligue de l&rsquo;enseignement de Vend\u00e9e a \u00e9t\u00e9 pens\u00e9 pour r\u00e9pondre aux enjeux de transition \u00e9cologique et d&rsquo;accessibilit\u00e9 aux personnes \u00e0 mobilit\u00e9 r\u00e9duite. Enti\u00e8rement \u00e9quip\u00e9, ce p\u00f4le ind\u00e9pendant du si\u00e8ge de la f\u00e9d\u00e9ration, dispose de deux [&hellip;]<\/p>\n","protected":false},"author":2,"featured_media":0,"comment_status":"closed","ping_status":"open","sticky":false,"template":"","format":"standard","meta":{"jetpack_post_was_ever_published":false,"footnotes":"","jetpack_publicize_message":"","jetpack_is_tweetstorm":false,"jetpack_publicize_feature_enabled":true,"jetpack_social_post_already_shared":true,"jetpack_social_options":[]},"categories":[145],"tags":[],"class_list":["post-14191","post","type-post","status-publish","format-standard","hentry","category-formation"],"jetpack_publicize_connections":[],"yoast_head":"<!-- This site is optimized with the Yoast SEO plugin v20.0 - https:\/\/yoast.com\/wordpress\/plugins\/seo\/ -->\n<title>Le centre de formation - La Ligue de l&#039;Enseignement de Vend\u00e9e<\/title>\n<meta name=\"robots\" content=\"index, follow, max-snippet:-1, max-image-preview:large, max-video-preview:-1\" \/>\n<link rel=\"canonical\" href=\"https:\/\/www.laligue85.org\/fra\/blog\/2024\/08\/16\/le-centre-de-formation\/\" \/>\n<meta property=\"og:locale\" content=\"fr_FR\" \/>\n<meta property=\"og:type\" content=\"article\" \/>\n<meta property=\"og:title\" content=\"Le centre de formation - La Ligue de l&#039;Enseignement de Vend\u00e9e\" \/>\n<meta property=\"og:description\" content=\"[vc_row][vc_column parallax=\u00a0\u00bbcontent-moving\u00a0\u00bb][vc_empty_space][vc_empty_space el_id=\u00a0\u00bbhttps:\/\/youtu.be\/v96LqmMEhOI\u00a0\u00bb][vc_video link=\u00a0\u00bbhttps:\/\/youtu.be\/v96LqmMEhOI\u00a0\u00bb el_width=\u00a0\u00bb60&Prime; align=\u00a0\u00bbcenter\u00a0\u00bb css_animation=\u00a0\u00bbnone\u00a0\u00bb][vc_column_text]&#8230;&#8230;&#8230;.. Con\u00e7u en 2024, le p\u00f4le formation de la Ligue de l&rsquo;enseignement de Vend\u00e9e a \u00e9t\u00e9 pens\u00e9 pour r\u00e9pondre aux enjeux de transition \u00e9cologique et d&rsquo;accessibilit\u00e9 aux personnes \u00e0 mobilit\u00e9 r\u00e9duite. Enti\u00e8rement \u00e9quip\u00e9, ce p\u00f4le ind\u00e9pendant du si\u00e8ge de la f\u00e9d\u00e9ration, dispose de deux [&hellip;]\" \/>\n<meta property=\"og:url\" content=\"https:\/\/www.laligue85.org\/fra\/blog\/2024\/08\/16\/le-centre-de-formation\/\" \/>\n<meta property=\"og:site_name\" content=\"La Ligue de l&#039;Enseignement de Vend\u00e9e\" \/>\n<meta property=\"article:published_time\" content=\"2024-08-16T11:57:07+00:00\" \/>\n<meta property=\"article:modified_time\" content=\"2025-04-16T08:45:07+00:00\" \/>\n<meta name=\"author\" content=\"epiveteau\" \/>\n<meta name=\"twitter:card\" content=\"summary_large_image\" \/>\n<meta name=\"twitter:label1\" content=\"\u00c9crit par\" \/>\n\t<meta name=\"twitter:data1\" content=\"epiveteau\" \/>\n\t<meta name=\"twitter:label2\" content=\"Dur\u00e9e de lecture estim\u00e9e\" \/>\n\t<meta name=\"twitter:data2\" content=\"3 minutes\" \/>\n<script type=\"application\/ld+json\" class=\"yoast-schema-graph\">{\"@context\":\"https:\/\/schema.org\",\"@graph\":[{\"@type\":\"WebPage\",\"@id\":\"https:\/\/www.laligue85.org\/fra\/blog\/2024\/08\/16\/le-centre-de-formation\/\",\"url\":\"https:\/\/www.laligue85.org\/fra\/blog\/2024\/08\/16\/le-centre-de-formation\/\",\"name\":\"Le centre de formation - La Ligue de l&#039;Enseignement de Vend\u00e9e\",\"isPartOf\":{\"@id\":\"https:\/\/www.laligue85.org\/fra\/#website\"},\"datePublished\":\"2024-08-16T11:57:07+00:00\",\"dateModified\":\"2025-04-16T08:45:07+00:00\",\"author\":{\"@id\":\"https:\/\/www.laligue85.org\/fra\/#\/schema\/person\/45271b6e75b5943f21d354872a5c1a2e\"},\"breadcrumb\":{\"@id\":\"https:\/\/www.laligue85.org\/fra\/blog\/2024\/08\/16\/le-centre-de-formation\/#breadcrumb\"},\"inLanguage\":\"fr-FR\",\"potentialAction\":[{\"@type\":\"ReadAction\",\"target\":[\"https:\/\/www.laligue85.org\/fra\/blog\/2024\/08\/16\/le-centre-de-formation\/\"]}]},{\"@type\":\"BreadcrumbList\",\"@id\":\"https:\/\/www.laligue85.org\/fra\/blog\/2024\/08\/16\/le-centre-de-formation\/#breadcrumb\",\"itemListElement\":[{\"@type\":\"ListItem\",\"position\":1,\"name\":\"Accueil\",\"item\":\"https:\/\/www.laligue85.org\/fra\/\"},{\"@type\":\"ListItem\",\"position\":2,\"name\":\"Le centre de formation\"}]},{\"@type\":\"WebSite\",\"@id\":\"https:\/\/www.laligue85.org\/fra\/#website\",\"url\":\"https:\/\/www.laligue85.org\/fra\/\",\"name\":\"La Ligue de l&#039;Enseignement de Vend\u00e9e\",\"description\":\"F\u00e9d\u00e9ration d&#039;\u00e9ducation populaire\",\"potentialAction\":[{\"@type\":\"SearchAction\",\"target\":{\"@type\":\"EntryPoint\",\"urlTemplate\":\"https:\/\/www.laligue85.org\/fra\/?s={search_term_string}\"},\"query-input\":\"required name=search_term_string\"}],\"inLanguage\":\"fr-FR\"},{\"@type\":\"Person\",\"@id\":\"https:\/\/www.laligue85.org\/fra\/#\/schema\/person\/45271b6e75b5943f21d354872a5c1a2e\",\"name\":\"epiveteau\",\"image\":{\"@type\":\"ImageObject\",\"inLanguage\":\"fr-FR\",\"@id\":\"https:\/\/www.laligue85.org\/fra\/#\/schema\/person\/image\/\",\"url\":\"https:\/\/secure.gravatar.com\/avatar\/7fedac7ddc713994f9815c37f877ecb7?s=96&d=mm&r=g\",\"contentUrl\":\"https:\/\/secure.gravatar.com\/avatar\/7fedac7ddc713994f9815c37f877ecb7?s=96&d=mm&r=g\",\"caption\":\"epiveteau\"},\"url\":\"http:\/\/www.laligue85.org\/fra\/blog\/author\/epiveteau\/\"}]}<\/script>\n<!-- \/ Yoast SEO plugin. -->","yoast_head_json":{"title":"Le centre de formation - La Ligue de l&#039;Enseignement de Vend\u00e9e","robots":{"index":"index","follow":"follow","max-snippet":"max-snippet:-1","max-image-preview":"max-image-preview:large","max-video-preview":"max-video-preview:-1"},"canonical":"https:\/\/www.laligue85.org\/fra\/blog\/2024\/08\/16\/le-centre-de-formation\/","og_locale":"fr_FR","og_type":"article","og_title":"Le centre de formation - La Ligue de l&#039;Enseignement de Vend\u00e9e","og_description":"[vc_row][vc_column parallax=\u00a0\u00bbcontent-moving\u00a0\u00bb][vc_empty_space][vc_empty_space el_id=\u00a0\u00bbhttps:\/\/youtu.be\/v96LqmMEhOI\u00a0\u00bb][vc_video link=\u00a0\u00bbhttps:\/\/youtu.be\/v96LqmMEhOI\u00a0\u00bb el_width=\u00a0\u00bb60&Prime; align=\u00a0\u00bbcenter\u00a0\u00bb css_animation=\u00a0\u00bbnone\u00a0\u00bb][vc_column_text]&#8230;&#8230;&#8230;.. Con\u00e7u en 2024, le p\u00f4le formation de la Ligue de l&rsquo;enseignement de Vend\u00e9e a \u00e9t\u00e9 pens\u00e9 pour r\u00e9pondre aux enjeux de transition \u00e9cologique et d&rsquo;accessibilit\u00e9 aux personnes \u00e0 mobilit\u00e9 r\u00e9duite. Enti\u00e8rement \u00e9quip\u00e9, ce p\u00f4le ind\u00e9pendant du si\u00e8ge de la f\u00e9d\u00e9ration, dispose de deux [&hellip;]","og_url":"https:\/\/www.laligue85.org\/fra\/blog\/2024\/08\/16\/le-centre-de-formation\/","og_site_name":"La Ligue de l&#039;Enseignement de Vend\u00e9e","article_published_time":"2024-08-16T11:57:07+00:00","article_modified_time":"2025-04-16T08:45:07+00:00","author":"epiveteau","twitter_card":"summary_large_image","twitter_misc":{"\u00c9crit par":"epiveteau","Dur\u00e9e de lecture estim\u00e9e":"3 minutes"},"schema":{"@context":"https:\/\/schema.org","@graph":[{"@type":"WebPage","@id":"https:\/\/www.laligue85.org\/fra\/blog\/2024\/08\/16\/le-centre-de-formation\/","url":"https:\/\/www.laligue85.org\/fra\/blog\/2024\/08\/16\/le-centre-de-formation\/","name":"Le centre de formation - La Ligue de l&#039;Enseignement de Vend\u00e9e","isPartOf":{"@id":"https:\/\/www.laligue85.org\/fra\/#website"},"datePublished":"2024-08-16T11:57:07+00:00","dateModified":"2025-04-16T08:45:07+00:00","author":{"@id":"https:\/\/www.laligue85.org\/fra\/#\/schema\/person\/45271b6e75b5943f21d354872a5c1a2e"},"breadcrumb":{"@id":"https:\/\/www.laligue85.org\/fra\/blog\/2024\/08\/16\/le-centre-de-formation\/#breadcrumb"},"inLanguage":"fr-FR","potentialAction":[{"@type":"ReadAction","target":["https:\/\/www.laligue85.org\/fra\/blog\/2024\/08\/16\/le-centre-de-formation\/"]}]},{"@type":"BreadcrumbList","@id":"https:\/\/www.laligue85.org\/fra\/blog\/2024\/08\/16\/le-centre-de-formation\/#breadcrumb","itemListElement":[{"@type":"ListItem","position":1,"name":"Accueil","item":"https:\/\/www.laligue85.org\/fra\/"},{"@type":"ListItem","position":2,"name":"Le centre de formation"}]},{"@type":"WebSite","@id":"https:\/\/www.laligue85.org\/fra\/#website","url":"https:\/\/www.laligue85.org\/fra\/","name":"La Ligue de l&#039;Enseignement de Vend\u00e9e","description":"F\u00e9d\u00e9ration d&#039;\u00e9ducation populaire","potentialAction":[{"@type":"SearchAction","target":{"@type":"EntryPoint","urlTemplate":"https:\/\/www.laligue85.org\/fra\/?s={search_term_string}"},"query-input":"required name=search_term_string"}],"inLanguage":"fr-FR"},{"@type":"Person","@id":"https:\/\/www.laligue85.org\/fra\/#\/schema\/person\/45271b6e75b5943f21d354872a5c1a2e","name":"epiveteau","image":{"@type":"ImageObject","inLanguage":"fr-FR","@id":"https:\/\/www.laligue85.org\/fra\/#\/schema\/person\/image\/","url":"https:\/\/secure.gravatar.com\/avatar\/7fedac7ddc713994f9815c37f877ecb7?s=96&d=mm&r=g","contentUrl":"https:\/\/secure.gravatar.com\/avatar\/7fedac7ddc713994f9815c37f877ecb7?s=96&d=mm&r=g","caption":"epiveteau"},"url":"http:\/\/www.laligue85.org\/fra\/blog\/author\/epiveteau\/"}]}},"jetpack_featured_media_url":"","jetpack_shortlink":"https:\/\/wp.me\/p9Chnq-3GT","_links":{"self":[{"href":"http:\/\/www.laligue85.org\/fra\/wp-json\/wp\/v2\/posts\/14191","targetHints":{"allow":["GET"]}}],"collection":[{"href":"http:\/\/www.laligue85.org\/fra\/wp-json\/wp\/v2\/posts"}],"about":[{"href":"http:\/\/www.laligue85.org\/fra\/wp-json\/wp\/v2\/types\/post"}],"author":[{"embeddable":true,"href":"http:\/\/www.laligue85.org\/fra\/wp-json\/wp\/v2\/users\/2"}],"replies":[{"embeddable":true,"href":"http:\/\/www.laligue85.org\/fra\/wp-json\/wp\/v2\/comments?post=14191"}],"version-history":[{"count":25,"href":"http:\/\/www.laligue85.org\/fra\/wp-json\/wp\/v2\/posts\/14191\/revisions"}],"predecessor-version":[{"id":14661,"href":"http:\/\/www.laligue85.org\/fra\/wp-json\/wp\/v2\/posts\/14191\/revisions\/14661"}],"wp:attachment":[{"href":"http:\/\/www.laligue85.org\/fra\/wp-json\/wp\/v2\/media?parent=14191"}],"wp:term":[{"taxonomy":"category","embeddable":true,"href":"http:\/\/www.laligue85.org\/fra\/wp-json\/wp\/v2\/categories?post=14191"},{"taxonomy":"post_tag","embeddable":true,"href":"http:\/\/www.laligue85.org\/fra\/wp-json\/wp\/v2\/tags?post=14191"}],"curies":[{"name":"wp","href":"https:\/\/api.w.org\/{rel}","templated":true}]}}