{"id":14351,"date":"2025-02-03T16:42:26","date_gmt":"2025-02-03T15:42:26","guid":{"rendered":"https:\/\/www.laligue85.org\/fra\/?p=14351"},"modified":"2025-02-03T16:42:26","modified_gmt":"2025-02-03T15:42:26","slug":"la-formation-psc1","status":"publish","type":"post","link":"http:\/\/www.laligue85.org\/fra\/blog\/2025\/02\/03\/la-formation-psc1\/","title":{"rendered":"La formation PSC1"},"content":{"rendered":"<p style=\"text-align: left;\"><strong>La formation PSC1<\/strong>, est la formation de Pr\u00e9vention et Secours Civiques de niveau 1, ainsi c&rsquo;est la formation de base aux <strong>premiers secours<\/strong> en France. Cette formation est d&rsquo;une dur\u00e9e de <strong>7h<\/strong> et se r\u00e9partit en une partie th\u00e9orique, suivie d&rsquo;une partie pratique, pour chaque notion abord\u00e9e. Les principaux th\u00e8mes sont : les malaises, les plaies, les br\u00fblures, les traumatismes, les h\u00e9morragies, les \u00e9touffements, la perte de connaissance et l&rsquo;arr\u00eat cardiaque. Aussi, le d\u00e9fibrillateur est initi\u00e9 pour permettre d&rsquo;appr\u00e9hender les situations les plus extr\u00eames.<\/p>\n<p style=\"text-align: left;\">Ci-dessous, voici le t\u00e9moignage de L\u00e9onie, Webreporter \u00e0 La Ligue de l&rsquo;Enseignement, ayant effectu\u00e9 le PSC1, dans le cadre de son Service Civique :<\/p>\n<p style=\"text-align: left;\"><img loading=\"lazy\" decoding=\"async\" class=\"size-medium wp-image-14363 alignleft\" src=\"http:\/\/www.laligue85.org\/fra\/wp-content\/uploads\/2025\/01\/IMG_08890-274x300.jpg\" alt=\"\" width=\"274\" height=\"300\" srcset=\"http:\/\/www.laligue85.org\/fra\/wp-content\/uploads\/2025\/01\/IMG_08890-274x300.jpg 274w, http:\/\/www.laligue85.org\/fra\/wp-content\/uploads\/2025\/01\/IMG_08890-934x1024.jpg 934w, http:\/\/www.laligue85.org\/fra\/wp-content\/uploads\/2025\/01\/IMG_08890-768x842.jpg 768w, http:\/\/www.laligue85.org\/fra\/wp-content\/uploads\/2025\/01\/IMG_08890-1401x1536.jpg 1401w, http:\/\/www.laligue85.org\/fra\/wp-content\/uploads\/2025\/01\/IMG_08890-1868x2048.jpg 1868w, http:\/\/www.laligue85.org\/fra\/wp-content\/uploads\/2025\/01\/IMG_08890-600x658.jpg 600w\" sizes=\"auto, (max-width: 274px) 100vw, 274px\" \/><\/p>\n<p style=\"text-align: left;\"><em>\u00ab\u00a0J&rsquo;ai trouv\u00e9 <\/em><em>cette for<\/em><em>mation tr\u00e8s enrichissante et pr\u00e9ventive sur les premiers gestes \u00e0 effectuer face \u00e0 une personne en difficult\u00e9 physique. C&rsquo;\u00e9tait dynamique, avec la r\u00e9a<\/em><em>lisation de cas concrets en petit groupe. Ces cas ont \u00e9t\u00e9 r\u00e9alis\u00e9s sur des mannequins, ce qui a permis de les rendre plus r\u00e9alistes <\/em><em>et d&rsquo;appr\u00e9hender le cas comme un vrai accident. Cette formation m&rsquo;a permis de voir comment r\u00e9agir \u00e0 la vue d&rsquo;un accident, mais aussi comment le prot\u00e9ger ainsi que les premiers gestes \u00e0 effectuer. Aussi, la formation n&rsquo;\u00e9tait pas uniquement ax\u00e9e sur des profils adultes, mais \u00e9galemen<\/em><em>t de<\/em><em>s enfants et des nourrissons pour r\u00e9agir au mieux face \u00e0 des accidents du quotidien qui peuvent \u00eatre fatals.\u00a0<\/em><\/p>\n<p style=\"text-align: left;\"><em>Je trouve que cett<\/em><em>e formation est n\u00e9cessaire, car un accident ou encore un simple malaise, peuvent arriver \u00e0 n&rsquo;importe qui, donc je pense qu&rsquo;il est important de r\u00e9aliser cette formation, pour pouvoir appr\u00e9hender au mieux les premiers secours.\u00a0\u00bb<\/em><img loading=\"lazy\" decoding=\"async\" class=\"wp-image-14362 alignright\" src=\"http:\/\/www.laligue85.org\/fra\/wp-content\/uploads\/2025\/01\/IMG_0887-1-225x300.jpg\" alt=\"\" width=\"171\" height=\"228\" srcset=\"http:\/\/www.laligue85.org\/fra\/wp-content\/uploads\/2025\/01\/IMG_0887-1-225x300.jpg 225w, http:\/\/www.laligue85.org\/fra\/wp-content\/uploads\/2025\/01\/IMG_0887-1-768x1024.jpg 768w, http:\/\/www.laligue85.org\/fra\/wp-content\/uploads\/2025\/01\/IMG_0887-1-300x400.jpg 300w, http:\/\/www.laligue85.org\/fra\/wp-content\/uploads\/2025\/01\/IMG_0887-1-1152x1536.jpg 1152w, http:\/\/www.laligue85.org\/fra\/wp-content\/uploads\/2025\/01\/IMG_0887-1-1536x2048.jpg 1536w, http:\/\/www.laligue85.org\/fra\/wp-content\/uploads\/2025\/01\/IMG_0887-1-600x800.jpg 600w, http:\/\/www.laligue85.org\/fra\/wp-content\/uploads\/2025\/01\/IMG_0887-1-scaled.jpg 1920w\" sizes=\"auto, (max-width: 171px) 100vw, 171px\" \/><\/p>\n<p style=\"text-align: left;\">La formation du PSC1, assur\u00e9e par <a href=\"https:\/\/cd.ufolep.org\/vendee\/vendee_a\/cms\/index_public.php?us_action=show_note_site&amp;login_off=1&amp;ui_id_site=1\">l&rsquo;UFOLEP<\/a> \u00e0 la Maison des sports de La Roche-sur-Yon, est <strong>obligatoire<\/strong> dans le cadre du <strong>Service Civique<\/strong>, et est enti\u00e8rement <strong>prise en charge<\/strong>. Une fois pass\u00e9, ce dipl\u00f4me n\u2019a pas de dur\u00e9e de validit\u00e9, il est admissible \u00e0 partir du moment o\u00f9 il a \u00e9t\u00e9 obtenu, mais il reste conseill\u00e9 de le recycler tous les deux ans, sur une formation d\u2019une demi-journ\u00e9e, o\u00f9 la partie th\u00e9orique est mise \u00e0 jour.<\/p>\n<p>&nbsp;<\/p>\n","protected":false},"excerpt":{"rendered":"<p>La formation PSC1, est la formation de Pr\u00e9vention et Secours Civiques de niveau 1, ainsi c&rsquo;est la formation de base aux premiers secours en France. Cette formation est d&rsquo;une dur\u00e9e de 7h et se r\u00e9partit en une partie th\u00e9orique, suivie d&rsquo;une partie pratique, pour chaque notion abord\u00e9e. Les principaux th\u00e8mes [&hellip;]<\/p>\n","protected":false},"author":10,"featured_media":14386,"comment_status":"closed","ping_status":"open","sticky":false,"template":"","format":"standard","meta":{"jetpack_post_was_ever_published":false,"footnotes":"","jetpack_publicize_message":"","jetpack_is_tweetstorm":false,"jetpack_publicize_feature_enabled":true,"jetpack_social_post_already_shared":true,"jetpack_social_options":[]},"categories":[73],"tags":[],"class_list":["post-14351","post","type-post","status-publish","format-standard","has-post-thumbnail","hentry","category-service-civique"],"jetpack_publicize_connections":[],"yoast_head":"<!-- This site is optimized with the Yoast SEO plugin v20.0 - https:\/\/yoast.com\/wordpress\/plugins\/seo\/ -->\n<title>La formation PSC1 - La Ligue de l&#039;Enseignement de Vend\u00e9e<\/title>\n<meta name=\"description\" content=\"La formation PSC1 est obligatoire dans le cadre du Service Civique et permet aux jeunes d&#039;\u00eatre initi\u00e9s aux gestes de premiers secours.\" \/>\n<meta name=\"robots\" content=\"index, follow, max-snippet:-1, max-image-preview:large, max-video-preview:-1\" \/>\n<link rel=\"canonical\" href=\"https:\/\/www.laligue85.org\/fra\/blog\/2025\/02\/03\/la-formation-psc1\/\" \/>\n<meta property=\"og:locale\" content=\"fr_FR\" \/>\n<meta property=\"og:type\" content=\"article\" \/>\n<meta property=\"og:title\" content=\"La formation PSC1 - La Ligue de l&#039;Enseignement de Vend\u00e9e\" \/>\n<meta property=\"og:description\" content=\"La formation PSC1 est obligatoire dans le cadre du Service Civique et permet aux jeunes d&#039;\u00eatre initi\u00e9s aux gestes de premiers secours.\" \/>\n<meta property=\"og:url\" content=\"https:\/\/www.laligue85.org\/fra\/blog\/2025\/02\/03\/la-formation-psc1\/\" \/>\n<meta property=\"og:site_name\" content=\"La Ligue de l&#039;Enseignement de Vend\u00e9e\" \/>\n<meta property=\"article:published_time\" content=\"2025-02-03T15:42:26+00:00\" \/>\n<meta property=\"og:image\" content=\"https:\/\/www.laligue85.org\/fra\/wp-content\/uploads\/2025\/01\/IMG_0885000-400.jpg\" \/>\n\t<meta property=\"og:image:width\" content=\"400\" \/>\n\t<meta property=\"og:image:height\" content=\"244\" \/>\n\t<meta property=\"og:image:type\" content=\"image\/jpeg\" \/>\n<meta name=\"author\" content=\"webreporter\" \/>\n<meta name=\"twitter:card\" content=\"summary_large_image\" \/>\n<meta name=\"twitter:label1\" content=\"\u00c9crit par\" \/>\n\t<meta name=\"twitter:data1\" content=\"webreporter\" \/>\n\t<meta name=\"twitter:label2\" content=\"Dur\u00e9e de lecture estim\u00e9e\" \/>\n\t<meta name=\"twitter:data2\" content=\"3 minutes\" \/>\n<script type=\"application\/ld+json\" class=\"yoast-schema-graph\">{\"@context\":\"https:\/\/schema.org\",\"@graph\":[{\"@type\":\"WebPage\",\"@id\":\"https:\/\/www.laligue85.org\/fra\/blog\/2025\/02\/03\/la-formation-psc1\/\",\"url\":\"https:\/\/www.laligue85.org\/fra\/blog\/2025\/02\/03\/la-formation-psc1\/\",\"name\":\"La formation PSC1 - La Ligue de l&#039;Enseignement de Vend\u00e9e\",\"isPartOf\":{\"@id\":\"https:\/\/www.laligue85.org\/fra\/#website\"},\"datePublished\":\"2025-02-03T15:42:26+00:00\",\"dateModified\":\"2025-02-03T15:42:26+00:00\",\"author\":{\"@id\":\"https:\/\/www.laligue85.org\/fra\/#\/schema\/person\/1e7451bdc7326a9d6998c4e6143ef302\"},\"description\":\"La formation PSC1 est obligatoire dans le cadre du Service Civique et permet aux jeunes d'\u00eatre initi\u00e9s aux gestes de premiers secours.\",\"breadcrumb\":{\"@id\":\"https:\/\/www.laligue85.org\/fra\/blog\/2025\/02\/03\/la-formation-psc1\/#breadcrumb\"},\"inLanguage\":\"fr-FR\",\"potentialAction\":[{\"@type\":\"ReadAction\",\"target\":[\"https:\/\/www.laligue85.org\/fra\/blog\/2025\/02\/03\/la-formation-psc1\/\"]}]},{\"@type\":\"BreadcrumbList\",\"@id\":\"https:\/\/www.laligue85.org\/fra\/blog\/2025\/02\/03\/la-formation-psc1\/#breadcrumb\",\"itemListElement\":[{\"@type\":\"ListItem\",\"position\":1,\"name\":\"Accueil\",\"item\":\"https:\/\/www.laligue85.org\/fra\/\"},{\"@type\":\"ListItem\",\"position\":2,\"name\":\"La formation PSC1\"}]},{\"@type\":\"WebSite\",\"@id\":\"https:\/\/www.laligue85.org\/fra\/#website\",\"url\":\"https:\/\/www.laligue85.org\/fra\/\",\"name\":\"La Ligue de l&#039;Enseignement de Vend\u00e9e\",\"description\":\"F\u00e9d\u00e9ration d&#039;\u00e9ducation populaire\",\"potentialAction\":[{\"@type\":\"SearchAction\",\"target\":{\"@type\":\"EntryPoint\",\"urlTemplate\":\"https:\/\/www.laligue85.org\/fra\/?s={search_term_string}\"},\"query-input\":\"required name=search_term_string\"}],\"inLanguage\":\"fr-FR\"},{\"@type\":\"Person\",\"@id\":\"https:\/\/www.laligue85.org\/fra\/#\/schema\/person\/1e7451bdc7326a9d6998c4e6143ef302\",\"name\":\"webreporter\",\"image\":{\"@type\":\"ImageObject\",\"inLanguage\":\"fr-FR\",\"@id\":\"https:\/\/www.laligue85.org\/fra\/#\/schema\/person\/image\/\",\"url\":\"https:\/\/secure.gravatar.com\/avatar\/bb1e730a8d65ed9caef9b25f341b72a8?s=96&d=mm&r=g\",\"contentUrl\":\"https:\/\/secure.gravatar.com\/avatar\/bb1e730a8d65ed9caef9b25f341b72a8?s=96&d=mm&r=g\",\"caption\":\"webreporter\"},\"url\":\"http:\/\/www.laligue85.org\/fra\/blog\/author\/webreporter\/\"}]}<\/script>\n<!-- \/ Yoast SEO plugin. -->","yoast_head_json":{"title":"La formation PSC1 - La Ligue de l&#039;Enseignement de Vend\u00e9e","description":"La formation PSC1 est obligatoire dans le cadre du Service Civique et permet aux jeunes d'\u00eatre initi\u00e9s aux gestes de premiers secours.","robots":{"index":"index","follow":"follow","max-snippet":"max-snippet:-1","max-image-preview":"max-image-preview:large","max-video-preview":"max-video-preview:-1"},"canonical":"https:\/\/www.laligue85.org\/fra\/blog\/2025\/02\/03\/la-formation-psc1\/","og_locale":"fr_FR","og_type":"article","og_title":"La formation PSC1 - La Ligue de l&#039;Enseignement de Vend\u00e9e","og_description":"La formation PSC1 est obligatoire dans le cadre du Service Civique et permet aux jeunes d'\u00eatre initi\u00e9s aux gestes de premiers secours.","og_url":"https:\/\/www.laligue85.org\/fra\/blog\/2025\/02\/03\/la-formation-psc1\/","og_site_name":"La Ligue de l&#039;Enseignement de Vend\u00e9e","article_published_time":"2025-02-03T15:42:26+00:00","og_image":[{"width":400,"height":244,"url":"https:\/\/www.laligue85.org\/fra\/wp-content\/uploads\/2025\/01\/IMG_0885000-400.jpg","type":"image\/jpeg"}],"author":"webreporter","twitter_card":"summary_large_image","twitter_misc":{"\u00c9crit par":"webreporter","Dur\u00e9e de lecture estim\u00e9e":"3 minutes"},"schema":{"@context":"https:\/\/schema.org","@graph":[{"@type":"WebPage","@id":"https:\/\/www.laligue85.org\/fra\/blog\/2025\/02\/03\/la-formation-psc1\/","url":"https:\/\/www.laligue85.org\/fra\/blog\/2025\/02\/03\/la-formation-psc1\/","name":"La formation PSC1 - La Ligue de l&#039;Enseignement de Vend\u00e9e","isPartOf":{"@id":"https:\/\/www.laligue85.org\/fra\/#website"},"datePublished":"2025-02-03T15:42:26+00:00","dateModified":"2025-02-03T15:42:26+00:00","author":{"@id":"https:\/\/www.laligue85.org\/fra\/#\/schema\/person\/1e7451bdc7326a9d6998c4e6143ef302"},"description":"La formation PSC1 est obligatoire dans le cadre du Service Civique et permet aux jeunes d'\u00eatre initi\u00e9s aux gestes de premiers secours.","breadcrumb":{"@id":"https:\/\/www.laligue85.org\/fra\/blog\/2025\/02\/03\/la-formation-psc1\/#breadcrumb"},"inLanguage":"fr-FR","potentialAction":[{"@type":"ReadAction","target":["https:\/\/www.laligue85.org\/fra\/blog\/2025\/02\/03\/la-formation-psc1\/"]}]},{"@type":"BreadcrumbList","@id":"https:\/\/www.laligue85.org\/fra\/blog\/2025\/02\/03\/la-formation-psc1\/#breadcrumb","itemListElement":[{"@type":"ListItem","position":1,"name":"Accueil","item":"https:\/\/www.laligue85.org\/fra\/"},{"@type":"ListItem","position":2,"name":"La formation PSC1"}]},{"@type":"WebSite","@id":"https:\/\/www.laligue85.org\/fra\/#website","url":"https:\/\/www.laligue85.org\/fra\/","name":"La Ligue de l&#039;Enseignement de Vend\u00e9e","description":"F\u00e9d\u00e9ration d&#039;\u00e9ducation populaire","potentialAction":[{"@type":"SearchAction","target":{"@type":"EntryPoint","urlTemplate":"https:\/\/www.laligue85.org\/fra\/?s={search_term_string}"},"query-input":"required name=search_term_string"}],"inLanguage":"fr-FR"},{"@type":"Person","@id":"https:\/\/www.laligue85.org\/fra\/#\/schema\/person\/1e7451bdc7326a9d6998c4e6143ef302","name":"webreporter","image":{"@type":"ImageObject","inLanguage":"fr-FR","@id":"https:\/\/www.laligue85.org\/fra\/#\/schema\/person\/image\/","url":"https:\/\/secure.gravatar.com\/avatar\/bb1e730a8d65ed9caef9b25f341b72a8?s=96&d=mm&r=g","contentUrl":"https:\/\/secure.gravatar.com\/avatar\/bb1e730a8d65ed9caef9b25f341b72a8?s=96&d=mm&r=g","caption":"webreporter"},"url":"http:\/\/www.laligue85.org\/fra\/blog\/author\/webreporter\/"}]}},"jetpack_featured_media_url":"http:\/\/www.laligue85.org\/fra\/wp-content\/uploads\/2025\/01\/IMG_0885000-400.jpg","jetpack_shortlink":"https:\/\/wp.me\/p9Chnq-3Jt","_links":{"self":[{"href":"http:\/\/www.laligue85.org\/fra\/wp-json\/wp\/v2\/posts\/14351","targetHints":{"allow":["GET"]}}],"collection":[{"href":"http:\/\/www.laligue85.org\/fra\/wp-json\/wp\/v2\/posts"}],"about":[{"href":"http:\/\/www.laligue85.org\/fra\/wp-json\/wp\/v2\/types\/post"}],"author":[{"embeddable":true,"href":"http:\/\/www.laligue85.org\/fra\/wp-json\/wp\/v2\/users\/10"}],"replies":[{"embeddable":true,"href":"http:\/\/www.laligue85.org\/fra\/wp-json\/wp\/v2\/comments?post=14351"}],"version-history":[{"count":12,"href":"http:\/\/www.laligue85.org\/fra\/wp-json\/wp\/v2\/posts\/14351\/revisions"}],"predecessor-version":[{"id":14387,"href":"http:\/\/www.laligue85.org\/fra\/wp-json\/wp\/v2\/posts\/14351\/revisions\/14387"}],"wp:featuredmedia":[{"embeddable":true,"href":"http:\/\/www.laligue85.org\/fra\/wp-json\/wp\/v2\/media\/14386"}],"wp:attachment":[{"href":"http:\/\/www.laligue85.org\/fra\/wp-json\/wp\/v2\/media?parent=14351"}],"wp:term":[{"taxonomy":"category","embeddable":true,"href":"http:\/\/www.laligue85.org\/fra\/wp-json\/wp\/v2\/categories?post=14351"},{"taxonomy":"post_tag","embeddable":true,"href":"http:\/\/www.laligue85.org\/fra\/wp-json\/wp\/v2\/tags?post=14351"}],"curies":[{"name":"wp","href":"https:\/\/api.w.org\/{rel}","templated":true}]}}