{"id":1512,"date":"2017-11-14T17:37:50","date_gmt":"2017-11-14T16:37:50","guid":{"rendered":"http:\/\/www.laligue85.org\/fra\/blog\/2017\/11\/14\/sejours-groupes-a-noirmoutier\/"},"modified":"2018-08-10T16:40:23","modified_gmt":"2018-08-10T14:40:23","slug":"sejours-groupes-a-noirmoutier","status":"publish","type":"post","link":"http:\/\/www.laligue85.org\/fra\/blog\/2017\/11\/14\/sejours-groupes-a-noirmoutier\/","title":{"rendered":"S\u00e9jours groupes \u00e0 Noirmoutier"},"content":{"rendered":"<p style=\"text-align: justify;\"><strong>Nouveaut\u00e9 : Envie d\u2019un weekend avec votre association ? En famille ? Entre amis ?\u00a0 Envie d\u2019un weekend \u00e0 Noirmoutier ? Nous organisons votre s\u00e9jour !<\/strong><\/p>\n<p style=\"text-align: justify;\">D\u00e9couvrez vite notre s\u00e9jour Weekend Groupe sur l\u2019\u00eele aux mimosas et profitez de toutes les activit\u00e9s que nous avons concoct\u00e9es sp\u00e9cialement pour vous. Randonn\u00e9e, shopping, d\u00e9gustation de produits locaux, balade \u00e0 v\u00e9lo ou bien sieste en bord de mer, vous pourrez profiter de toutes les facettes de l\u2019\u00cele \u00e0 votre rythme. Durant votre s\u00e9jour, rencontrez les artisans de l\u2019\u00cele qui vous expliqueront tous leurs petits secrets et partez \u00e0 la d\u00e9couverte du site class\u00e9 du Bois de la Chaize et son histoire, gr\u00e2ce \u00e0 notre jeu de piste d\u00e9couverte. Nos 3 centres Noirmoutrins et leur \u00e9quipe accueilleront votre groupe dans une ambiance conviviale et chaleureuse.<br \/>\nVous souhaitez rester plus longtemps ou personnaliser votre programme ? Nous vous accompagnons \u00e9galement dans votre projet !<\/p>\n<p style=\"text-align: justify;\"><strong>A consulter :<\/strong><\/p>\n<ul>\n<li><a href=\"http:\/\/www.laligue85.org\/fra\/pdf\/vacances\/groupes\/noirmoutier-pour-site.pdf\" class=\"mtli_attachment mtli_pdf\">Un exemple de proposition de s\u00e9jour<\/a><\/li>\n<\/ul>\n","protected":false},"excerpt":{"rendered":"<p>Nouveaut\u00e9 : Envie d\u2019un weekend avec votre association ? En famille ? Entre amis ?\u00a0 Envie d\u2019un weekend \u00e0 Noirmoutier ? Nous organisons votre s\u00e9jour ! D\u00e9couvrez vite notre s\u00e9jour Weekend Groupe sur l\u2019\u00eele aux mimosas et profitez de toutes les activit\u00e9s que nous avons concoct\u00e9es sp\u00e9cialement pour vous. Randonn\u00e9e, [&hellip;]<\/p>\n","protected":false},"author":2,"featured_media":0,"comment_status":"closed","ping_status":"open","sticky":false,"template":"","format":"standard","meta":{"jetpack_post_was_ever_published":false,"footnotes":"","jetpack_publicize_message":"","jetpack_is_tweetstorm":false,"jetpack_publicize_feature_enabled":true,"jetpack_social_post_already_shared":true,"jetpack_social_options":[]},"categories":[185],"tags":[292,287,283,294,293],"class_list":["post-1512","post","type-post","status-publish","format-standard","hentry","category-sur-lile-de-noirmoutier","tag-association","tag-collectivites","tag-colonies-de-vacances","tag-hebergement","tag-vacances"],"jetpack_publicize_connections":[],"yoast_head":"<!-- This site is optimized with the Yoast SEO plugin v20.0 - https:\/\/yoast.com\/wordpress\/plugins\/seo\/ -->\n<title>S\u00e9jours groupes \u00e0 Noirmoutier - La Ligue de l&#039;Enseignement de Vend\u00e9e<\/title>\n<meta name=\"robots\" content=\"index, follow, max-snippet:-1, max-image-preview:large, max-video-preview:-1\" \/>\n<link rel=\"canonical\" href=\"http:\/\/www.laligue85.org\/fra\/blog\/2017\/11\/14\/sejours-groupes-a-noirmoutier\/\" \/>\n<meta property=\"og:locale\" content=\"fr_FR\" \/>\n<meta property=\"og:type\" content=\"article\" \/>\n<meta property=\"og:title\" content=\"S\u00e9jours groupes \u00e0 Noirmoutier - La Ligue de l&#039;Enseignement de Vend\u00e9e\" \/>\n<meta property=\"og:description\" content=\"Nouveaut\u00e9 : Envie d\u2019un weekend avec votre association ? En famille ? Entre amis ?\u00a0 Envie d\u2019un weekend \u00e0 Noirmoutier ? Nous organisons votre s\u00e9jour ! D\u00e9couvrez vite notre s\u00e9jour Weekend Groupe sur l\u2019\u00eele aux mimosas et profitez de toutes les activit\u00e9s que nous avons concoct\u00e9es sp\u00e9cialement pour vous. Randonn\u00e9e, [&hellip;]\" \/>\n<meta property=\"og:url\" content=\"http:\/\/www.laligue85.org\/fra\/blog\/2017\/11\/14\/sejours-groupes-a-noirmoutier\/\" \/>\n<meta property=\"og:site_name\" content=\"La Ligue de l&#039;Enseignement de Vend\u00e9e\" \/>\n<meta property=\"article:published_time\" content=\"2017-11-14T16:37:50+00:00\" \/>\n<meta property=\"article:modified_time\" content=\"2018-08-10T14:40:23+00:00\" \/>\n<meta name=\"author\" content=\"epiveteau\" \/>\n<meta name=\"twitter:card\" content=\"summary_large_image\" \/>\n<meta name=\"twitter:label1\" content=\"\u00c9crit par\" \/>\n\t<meta name=\"twitter:data1\" content=\"epiveteau\" \/>\n\t<meta name=\"twitter:label2\" content=\"Dur\u00e9e de lecture estim\u00e9e\" \/>\n\t<meta name=\"twitter:data2\" content=\"1 minute\" \/>\n<script type=\"application\/ld+json\" class=\"yoast-schema-graph\">{\"@context\":\"https:\/\/schema.org\",\"@graph\":[{\"@type\":\"WebPage\",\"@id\":\"http:\/\/www.laligue85.org\/fra\/blog\/2017\/11\/14\/sejours-groupes-a-noirmoutier\/\",\"url\":\"http:\/\/www.laligue85.org\/fra\/blog\/2017\/11\/14\/sejours-groupes-a-noirmoutier\/\",\"name\":\"S\u00e9jours groupes \u00e0 Noirmoutier - La Ligue de l&#039;Enseignement de Vend\u00e9e\",\"isPartOf\":{\"@id\":\"http:\/\/www.laligue85.org\/fra\/#website\"},\"datePublished\":\"2017-11-14T16:37:50+00:00\",\"dateModified\":\"2018-08-10T14:40:23+00:00\",\"author\":{\"@id\":\"http:\/\/www.laligue85.org\/fra\/#\/schema\/person\/45271b6e75b5943f21d354872a5c1a2e\"},\"breadcrumb\":{\"@id\":\"http:\/\/www.laligue85.org\/fra\/blog\/2017\/11\/14\/sejours-groupes-a-noirmoutier\/#breadcrumb\"},\"inLanguage\":\"fr-FR\",\"potentialAction\":[{\"@type\":\"ReadAction\",\"target\":[\"http:\/\/www.laligue85.org\/fra\/blog\/2017\/11\/14\/sejours-groupes-a-noirmoutier\/\"]}]},{\"@type\":\"BreadcrumbList\",\"@id\":\"http:\/\/www.laligue85.org\/fra\/blog\/2017\/11\/14\/sejours-groupes-a-noirmoutier\/#breadcrumb\",\"itemListElement\":[{\"@type\":\"ListItem\",\"position\":1,\"name\":\"Accueil\",\"item\":\"http:\/\/www.laligue85.org\/fra\/\"},{\"@type\":\"ListItem\",\"position\":2,\"name\":\"S\u00e9jours groupes \u00e0 Noirmoutier\"}]},{\"@type\":\"WebSite\",\"@id\":\"http:\/\/www.laligue85.org\/fra\/#website\",\"url\":\"http:\/\/www.laligue85.org\/fra\/\",\"name\":\"La Ligue de l&#039;Enseignement de Vend\u00e9e\",\"description\":\"F\u00e9d\u00e9ration d&#039;\u00e9ducation populaire\",\"potentialAction\":[{\"@type\":\"SearchAction\",\"target\":{\"@type\":\"EntryPoint\",\"urlTemplate\":\"http:\/\/www.laligue85.org\/fra\/?s={search_term_string}\"},\"query-input\":\"required name=search_term_string\"}],\"inLanguage\":\"fr-FR\"},{\"@type\":\"Person\",\"@id\":\"http:\/\/www.laligue85.org\/fra\/#\/schema\/person\/45271b6e75b5943f21d354872a5c1a2e\",\"name\":\"epiveteau\",\"image\":{\"@type\":\"ImageObject\",\"inLanguage\":\"fr-FR\",\"@id\":\"http:\/\/www.laligue85.org\/fra\/#\/schema\/person\/image\/\",\"url\":\"https:\/\/secure.gravatar.com\/avatar\/7fedac7ddc713994f9815c37f877ecb7?s=96&d=mm&r=g\",\"contentUrl\":\"https:\/\/secure.gravatar.com\/avatar\/7fedac7ddc713994f9815c37f877ecb7?s=96&d=mm&r=g\",\"caption\":\"epiveteau\"},\"url\":\"http:\/\/www.laligue85.org\/fra\/blog\/author\/epiveteau\/\"}]}<\/script>\n<!-- \/ Yoast SEO plugin. -->","yoast_head_json":{"title":"S\u00e9jours groupes \u00e0 Noirmoutier - La Ligue de l&#039;Enseignement de Vend\u00e9e","robots":{"index":"index","follow":"follow","max-snippet":"max-snippet:-1","max-image-preview":"max-image-preview:large","max-video-preview":"max-video-preview:-1"},"canonical":"http:\/\/www.laligue85.org\/fra\/blog\/2017\/11\/14\/sejours-groupes-a-noirmoutier\/","og_locale":"fr_FR","og_type":"article","og_title":"S\u00e9jours groupes \u00e0 Noirmoutier - La Ligue de l&#039;Enseignement de Vend\u00e9e","og_description":"Nouveaut\u00e9 : Envie d\u2019un weekend avec votre association ? En famille ? Entre amis ?\u00a0 Envie d\u2019un weekend \u00e0 Noirmoutier ? Nous organisons votre s\u00e9jour ! D\u00e9couvrez vite notre s\u00e9jour Weekend Groupe sur l\u2019\u00eele aux mimosas et profitez de toutes les activit\u00e9s que nous avons concoct\u00e9es sp\u00e9cialement pour vous. Randonn\u00e9e, [&hellip;]","og_url":"http:\/\/www.laligue85.org\/fra\/blog\/2017\/11\/14\/sejours-groupes-a-noirmoutier\/","og_site_name":"La Ligue de l&#039;Enseignement de Vend\u00e9e","article_published_time":"2017-11-14T16:37:50+00:00","article_modified_time":"2018-08-10T14:40:23+00:00","author":"epiveteau","twitter_card":"summary_large_image","twitter_misc":{"\u00c9crit par":"epiveteau","Dur\u00e9e de lecture estim\u00e9e":"1 minute"},"schema":{"@context":"https:\/\/schema.org","@graph":[{"@type":"WebPage","@id":"http:\/\/www.laligue85.org\/fra\/blog\/2017\/11\/14\/sejours-groupes-a-noirmoutier\/","url":"http:\/\/www.laligue85.org\/fra\/blog\/2017\/11\/14\/sejours-groupes-a-noirmoutier\/","name":"S\u00e9jours groupes \u00e0 Noirmoutier - La Ligue de l&#039;Enseignement de Vend\u00e9e","isPartOf":{"@id":"http:\/\/www.laligue85.org\/fra\/#website"},"datePublished":"2017-11-14T16:37:50+00:00","dateModified":"2018-08-10T14:40:23+00:00","author":{"@id":"http:\/\/www.laligue85.org\/fra\/#\/schema\/person\/45271b6e75b5943f21d354872a5c1a2e"},"breadcrumb":{"@id":"http:\/\/www.laligue85.org\/fra\/blog\/2017\/11\/14\/sejours-groupes-a-noirmoutier\/#breadcrumb"},"inLanguage":"fr-FR","potentialAction":[{"@type":"ReadAction","target":["http:\/\/www.laligue85.org\/fra\/blog\/2017\/11\/14\/sejours-groupes-a-noirmoutier\/"]}]},{"@type":"BreadcrumbList","@id":"http:\/\/www.laligue85.org\/fra\/blog\/2017\/11\/14\/sejours-groupes-a-noirmoutier\/#breadcrumb","itemListElement":[{"@type":"ListItem","position":1,"name":"Accueil","item":"http:\/\/www.laligue85.org\/fra\/"},{"@type":"ListItem","position":2,"name":"S\u00e9jours groupes \u00e0 Noirmoutier"}]},{"@type":"WebSite","@id":"http:\/\/www.laligue85.org\/fra\/#website","url":"http:\/\/www.laligue85.org\/fra\/","name":"La Ligue de l&#039;Enseignement de Vend\u00e9e","description":"F\u00e9d\u00e9ration d&#039;\u00e9ducation populaire","potentialAction":[{"@type":"SearchAction","target":{"@type":"EntryPoint","urlTemplate":"http:\/\/www.laligue85.org\/fra\/?s={search_term_string}"},"query-input":"required name=search_term_string"}],"inLanguage":"fr-FR"},{"@type":"Person","@id":"http:\/\/www.laligue85.org\/fra\/#\/schema\/person\/45271b6e75b5943f21d354872a5c1a2e","name":"epiveteau","image":{"@type":"ImageObject","inLanguage":"fr-FR","@id":"http:\/\/www.laligue85.org\/fra\/#\/schema\/person\/image\/","url":"https:\/\/secure.gravatar.com\/avatar\/7fedac7ddc713994f9815c37f877ecb7?s=96&d=mm&r=g","contentUrl":"https:\/\/secure.gravatar.com\/avatar\/7fedac7ddc713994f9815c37f877ecb7?s=96&d=mm&r=g","caption":"epiveteau"},"url":"http:\/\/www.laligue85.org\/fra\/blog\/author\/epiveteau\/"}]}},"jetpack_featured_media_url":"","jetpack_shortlink":"https:\/\/wp.me\/p9Chnq-oo","_links":{"self":[{"href":"http:\/\/www.laligue85.org\/fra\/wp-json\/wp\/v2\/posts\/1512","targetHints":{"allow":["GET"]}}],"collection":[{"href":"http:\/\/www.laligue85.org\/fra\/wp-json\/wp\/v2\/posts"}],"about":[{"href":"http:\/\/www.laligue85.org\/fra\/wp-json\/wp\/v2\/types\/post"}],"author":[{"embeddable":true,"href":"http:\/\/www.laligue85.org\/fra\/wp-json\/wp\/v2\/users\/2"}],"replies":[{"embeddable":true,"href":"http:\/\/www.laligue85.org\/fra\/wp-json\/wp\/v2\/comments?post=1512"}],"version-history":[{"count":4,"href":"http:\/\/www.laligue85.org\/fra\/wp-json\/wp\/v2\/posts\/1512\/revisions"}],"predecessor-version":[{"id":7896,"href":"http:\/\/www.laligue85.org\/fra\/wp-json\/wp\/v2\/posts\/1512\/revisions\/7896"}],"wp:attachment":[{"href":"http:\/\/www.laligue85.org\/fra\/wp-json\/wp\/v2\/media?parent=1512"}],"wp:term":[{"taxonomy":"category","embeddable":true,"href":"http:\/\/www.laligue85.org\/fra\/wp-json\/wp\/v2\/categories?post=1512"},{"taxonomy":"post_tag","embeddable":true,"href":"http:\/\/www.laligue85.org\/fra\/wp-json\/wp\/v2\/tags?post=1512"}],"curies":[{"name":"wp","href":"https:\/\/api.w.org\/{rel}","templated":true}]}}