{"id":1524,"date":"2017-11-29T14:53:07","date_gmt":"2017-11-29T13:53:07","guid":{"rendered":"http:\/\/www.laligue85.org\/fra\/blog\/2017\/11\/29\/mediation-par-les-pairs\/"},"modified":"2023-05-16T14:02:58","modified_gmt":"2023-05-16T12:02:58","slug":"mediation-par-les-pairs","status":"publish","type":"post","link":"http:\/\/www.laligue85.org\/fra\/blog\/2017\/11\/29\/mediation-par-les-pairs\/","title":{"rendered":"M\u00e9diation par les pairs"},"content":{"rendered":"<p>[vc_row][vc_column][vc_column_text]<\/p>\n<p>&nbsp;<\/p>\n<p style=\"text-align: justify;\"><span style=\"font-size: 10pt;\">Parce que l\u2019\u00e9tablissement scolaire est un lieu privil\u00e9gi\u00e9 d\u2019apprentissage de la citoyennet\u00e9 et de la d\u00e9mocratie, la f\u00e9d\u00e9ration, vous propose d\u2019accompagner vos \u00e9l\u00e8ves dans l\u2019acquisition de savoir-faire et savoir-\u00eatre n\u00e9cessaires \u00e0 l\u2019exercice de cette citoyennet\u00e9 via la m\u00e9diation par les pairs.<\/span><\/p>\n<blockquote>\n<p style=\"text-align: justify;\"><span style=\"font-size: 10pt;\">Il permet de revisiter l\u2019exp\u00e9rience du vivre ensemble au sein de l\u2019\u00e9tablissement scolaire par une approche bienveillante et empathique. Ce\u00a0dispositif \u00e0 la particularit\u00e9 de pr\u00e9venir les actes d\u2019incivilit\u00e9s mais aussi de les r\u00e9parer.<\/span><\/p>\n<\/blockquote>\n<p><img loading=\"lazy\" decoding=\"async\" class=\"wp-image-2900 alignleft\" src=\"http:\/\/www.laligue85.org\/fra\/wp-content\/uploads\/2017\/11\/delegue-eleves-1024x683.jpg\" alt=\"Formation de d\u00e9l\u00e9gu\u00e9s \u00e9l\u00e8ves\" width=\"426\" height=\"284\" srcset=\"http:\/\/www.laligue85.org\/fra\/wp-content\/uploads\/2017\/11\/delegue-eleves.jpg 1024w, http:\/\/www.laligue85.org\/fra\/wp-content\/uploads\/2017\/11\/delegue-eleves-300x200.jpg 300w, http:\/\/www.laligue85.org\/fra\/wp-content\/uploads\/2017\/11\/delegue-eleves-768x512.jpg 768w\" sizes=\"auto, (max-width: 426px) 100vw, 426px\" \/><\/p>\n<p style=\"text-align: left;\"><span style=\"font-size: 10pt;\">La m\u00e9diation est un processus coop\u00e9ratif qui facilite la r\u00e9solution non violente d&rsquo;un conflit. Il peut \u00e9galement le pr\u00e9venir par l\u2019interm\u00e9diaire d\u2019un tiers appel\u00e9 m\u00e9diateur. Le m\u00e9diateur aide les parties (appel\u00e9es m\u00e9diants) \u00e0 communiquer, favorise les conditions du dialogue afin qu\u2019elles recherchent une issue constructive au conflit. En surmontant les d\u00e9saccords, on s\u2019efforce alors d&rsquo;\u00e9tablir de nouvelles relations, de nouvelles solidarit\u00e9s, en un mot de \u00abreconstruire le lien social\u00a0\u00bb<i>\u00a0(Bonaf\u00e9-Schmitt)<\/i>.<\/span><\/p>\n<p><span style=\"font-size: 10pt;\">La m\u00e9diation \u00ab par les pairs\u00a0\u00bb en milieu scolaire signifie que les m\u00e9diateurs sont des jeunes du m\u00eame \u00e2ge ou \u00e0 peine plus \u00e2g\u00e9s, form\u00e9s \u00e0 la m\u00e9diation, mais avec le m\u00eame statut d\u2019\u00e9l\u00e8ves. Les \u00e9l\u00e8ves-m\u00e9diateurs vont proposer leur aide lors de d\u00e9saccords, disputes ou de bagarres, ou \u00e0 des victimes de violence.\u00a0<strong>Promouvoir une culture de la m\u00e9diation, c\u2019est donner des outils pour r\u00e9soudre les conflits par la parole et le dialogue, donc contribuer \u00e0 am\u00e9liorer le climat scolaire et pr\u00e9venir le harc\u00e8lement.<\/strong><\/span><\/p>\n<p><strong>Les objectifs<\/strong><\/p>\n<ul>\n<li><span style=\"font-size: 10pt;\">Favoriser une citoyennet\u00e9 responsable des jeunes, par un engagement collectif au sein de l\u2019\u00e9tablissement<\/span><\/li>\n<li><span style=\"font-size: 10pt;\">F\u00e9d\u00e9rer l\u2019ensemble de la communaut\u00e9 \u00e9ducative autour d\u2019un projet citoyen, ou tous peuvent s\u2019engager<\/span><\/li>\n<li><span style=\"font-size: 10pt;\">Permettre aux adultes r\u00e9f\u00e9rents d\u2019impulser une dynamique positive en faveur du climat scolaire et inscrire le projet dans la dur\u00e9e<\/span><\/li>\n<li><span style=\"font-size: 10pt;\">Pr\u00e9venir et g\u00e9rer les conflits en s\u2019appropriant les m\u00e9thodes alternatives de la r\u00e9solution de conflits, en particulier, le processus de m\u00e9diation par les pairs<\/span><\/li>\n<li><span style=\"font-size: 10pt;\">Mise en r\u00e9seau d\u2019\u00e9tablissements engag\u00e9s dans le dispositif de m\u00e9diation par les pairs<\/span><\/li>\n<li><span style=\"font-size: 10pt;\">D\u00e9velopper de nouvelles comp\u00e9tences psychosociales : Apprendre \u00e0 se connaitre, connaitre l\u2019autre, communiquer de mani\u00e8re empathique, am\u00e9liorer l\u2019estime de soi<\/span><\/li>\n<li><span style=\"font-size: 10pt;\">Identifier les freins et les leviers de la communication<\/span><\/li>\n<\/ul>\n<p><strong>Que propose la f\u00e9d\u00e9ration ?<\/strong><\/p>\n<p><span style=\"font-size: 10pt;\">Un animateur se rend au sein de l&rsquo;\u00e9tablissement scolaire pour accompagner la mise en place de la m\u00e9diation par les pairs. Il sensibilise l&rsquo;ensemble des \u00e9l\u00e8ves et forme les \u00e9l\u00e8ves m\u00e9diateurs. Il forme \u00e9galement l&rsquo;\u00e9quipe \u00e9ducative et suit l&rsquo;\u00e9tablissement tout au long de l&rsquo;ann\u00e9e en fonction des besoins.<\/span>[\/vc_column_text][\/vc_column][\/vc_row][vc_row css=\u00a0\u00bb.vc_custom_1493725837900{padding-top: 85px !important;padding-bottom: 45px !important;}\u00a0\u00bb][vc_column width=\u00a0\u00bb1\/4&Prime;]<div class=\"vntd-icon-box vntd-content-element box-centered-boxed icon-size-medium box-centered\"><div class=\"icon-box-icon color-gray\"><i class=\"vc_li vc_li-user\"><\/i><\/div><div class=\"icon-box-content\"><h5 class=\"icon-box-title\">Publics<\/h5><p class=\"icon-description\">Cycles 2 et 3 - Coll\u00e8ge - Lyc\u00e9e<\/p><\/div><\/div>[\/vc_column][vc_column width=\u00a0\u00bb1\/4&Prime;]<div class=\"vntd-icon-box vntd-content-element box-centered-boxed icon-size-medium box-centered\"><div class=\"icon-box-icon color-gray\"><i class=\"vc_li vc_li-pen\"><\/i><\/div><div class=\"icon-box-content\"><h5 class=\"icon-box-title\">Enseignements<\/h5><p class=\"icon-description\">Socle commun de Connaissances, de Comp\u00e9tences et de Culture, enseignement moral et civique, \u00e9ducation aux m\u00e9dias et \u00e0 l\u2019information.<\/p><\/div><\/div>[\/vc_column][vc_column width=\u00a0\u00bb1\/4&Prime;]<div class=\"vntd-icon-box vntd-content-element box-centered-boxed icon-size-medium box-centered\"><div class=\"icon-box-icon color-gray\"><i class=\"vc_li vc_li-paperplane\"><\/i><\/div><div class=\"icon-box-content\"><h5 class=\"icon-box-title\">En action<\/h5><p class=\"icon-description\">Outils cl\u00e9s en main - Formation des enseignants - Interventions \/ ateliers avec les \u00e9l\u00e8ves<\/p><\/div><\/div>[\/vc_column][vc_column width=\u00a0\u00bb1\/4&Prime;]<div class=\"vntd-icon-box vntd-content-element box-centered-boxed icon-size-medium box-centered\"><div class=\"icon-box-icon color-gray\"><i class=\"vc_li vc_li-user\"><\/i><\/div><div class=\"icon-box-content\"><h5 class=\"icon-box-title\">Contacts<\/h5><p class=\"icon-description\">Camille Agounk\u00e9 - Charg\u00e9e de mission formation et outils p\u00e9dagogiques - formation`{`at`}`laligue85.org 02 51 36 45 97<\/p><\/div><\/div>[\/vc_column][\/vc_row]<\/p>\n","protected":false},"excerpt":{"rendered":"<p>[vc_row][vc_column][vc_column_text] &nbsp; Parce que l\u2019\u00e9tablissement scolaire est un lieu privil\u00e9gi\u00e9 d\u2019apprentissage de la citoyennet\u00e9 et de la d\u00e9mocratie, la f\u00e9d\u00e9ration, vous propose d\u2019accompagner vos \u00e9l\u00e8ves dans l\u2019acquisition de savoir-faire et savoir-\u00eatre n\u00e9cessaires \u00e0 l\u2019exercice de cette citoyennet\u00e9 via la m\u00e9diation par les pairs. Il permet de revisiter l\u2019exp\u00e9rience du vivre [&hellip;]<\/p>\n","protected":false},"author":2,"featured_media":0,"comment_status":"closed","ping_status":"open","sticky":false,"template":"","format":"standard","meta":{"jetpack_post_was_ever_published":false,"footnotes":"","jetpack_publicize_message":"","jetpack_is_tweetstorm":false,"jetpack_publicize_feature_enabled":true,"jetpack_social_post_already_shared":true,"jetpack_social_options":[]},"categories":[252],"tags":[269,270],"class_list":["post-1524","post","type-post","status-publish","format-standard","hentry","category-mediation-par-les-pairs","tag-citoyennete","tag-etablissements-scolaires"],"jetpack_publicize_connections":[],"yoast_head":"<!-- This site is optimized with the Yoast SEO plugin v20.0 - https:\/\/yoast.com\/wordpress\/plugins\/seo\/ -->\n<title>M\u00e9diation par les pairs - La Ligue de l&#039;Enseignement de Vend\u00e9e<\/title>\n<meta name=\"robots\" content=\"index, follow, max-snippet:-1, max-image-preview:large, max-video-preview:-1\" \/>\n<link rel=\"canonical\" href=\"http:\/\/www.laligue85.org\/fra\/blog\/2017\/11\/29\/mediation-par-les-pairs\/\" \/>\n<meta property=\"og:locale\" content=\"fr_FR\" \/>\n<meta property=\"og:type\" content=\"article\" \/>\n<meta property=\"og:title\" content=\"M\u00e9diation par les pairs - La Ligue de l&#039;Enseignement de Vend\u00e9e\" \/>\n<meta property=\"og:description\" content=\"[vc_row][vc_column][vc_column_text] &nbsp; Parce que l\u2019\u00e9tablissement scolaire est un lieu privil\u00e9gi\u00e9 d\u2019apprentissage de la citoyennet\u00e9 et de la d\u00e9mocratie, la f\u00e9d\u00e9ration, vous propose d\u2019accompagner vos \u00e9l\u00e8ves dans l\u2019acquisition de savoir-faire et savoir-\u00eatre n\u00e9cessaires \u00e0 l\u2019exercice de cette citoyennet\u00e9 via la m\u00e9diation par les pairs. Il permet de revisiter l\u2019exp\u00e9rience du vivre [&hellip;]\" \/>\n<meta property=\"og:url\" content=\"http:\/\/www.laligue85.org\/fra\/blog\/2017\/11\/29\/mediation-par-les-pairs\/\" \/>\n<meta property=\"og:site_name\" content=\"La Ligue de l&#039;Enseignement de Vend\u00e9e\" \/>\n<meta property=\"article:published_time\" content=\"2017-11-29T13:53:07+00:00\" \/>\n<meta property=\"article:modified_time\" content=\"2023-05-16T12:02:58+00:00\" \/>\n<meta property=\"og:image\" content=\"http:\/\/www.laligue85.org\/fra\/wp-content\/uploads\/2017\/11\/delegue-eleves-1024x683.jpg\" \/>\n<meta name=\"author\" content=\"epiveteau\" \/>\n<meta name=\"twitter:card\" content=\"summary_large_image\" \/>\n<meta name=\"twitter:label1\" content=\"\u00c9crit par\" \/>\n\t<meta name=\"twitter:data1\" content=\"epiveteau\" \/>\n\t<meta name=\"twitter:label2\" content=\"Dur\u00e9e de lecture estim\u00e9e\" \/>\n\t<meta name=\"twitter:data2\" content=\"3 minutes\" \/>\n<script type=\"application\/ld+json\" class=\"yoast-schema-graph\">{\"@context\":\"https:\/\/schema.org\",\"@graph\":[{\"@type\":\"WebPage\",\"@id\":\"http:\/\/www.laligue85.org\/fra\/blog\/2017\/11\/29\/mediation-par-les-pairs\/\",\"url\":\"http:\/\/www.laligue85.org\/fra\/blog\/2017\/11\/29\/mediation-par-les-pairs\/\",\"name\":\"M\u00e9diation par les pairs - La Ligue de l&#039;Enseignement de Vend\u00e9e\",\"isPartOf\":{\"@id\":\"http:\/\/www.laligue85.org\/fra\/#website\"},\"datePublished\":\"2017-11-29T13:53:07+00:00\",\"dateModified\":\"2023-05-16T12:02:58+00:00\",\"author\":{\"@id\":\"http:\/\/www.laligue85.org\/fra\/#\/schema\/person\/45271b6e75b5943f21d354872a5c1a2e\"},\"breadcrumb\":{\"@id\":\"http:\/\/www.laligue85.org\/fra\/blog\/2017\/11\/29\/mediation-par-les-pairs\/#breadcrumb\"},\"inLanguage\":\"fr-FR\",\"potentialAction\":[{\"@type\":\"ReadAction\",\"target\":[\"http:\/\/www.laligue85.org\/fra\/blog\/2017\/11\/29\/mediation-par-les-pairs\/\"]}]},{\"@type\":\"BreadcrumbList\",\"@id\":\"http:\/\/www.laligue85.org\/fra\/blog\/2017\/11\/29\/mediation-par-les-pairs\/#breadcrumb\",\"itemListElement\":[{\"@type\":\"ListItem\",\"position\":1,\"name\":\"Accueil\",\"item\":\"http:\/\/www.laligue85.org\/fra\/\"},{\"@type\":\"ListItem\",\"position\":2,\"name\":\"M\u00e9diation par les pairs\"}]},{\"@type\":\"WebSite\",\"@id\":\"http:\/\/www.laligue85.org\/fra\/#website\",\"url\":\"http:\/\/www.laligue85.org\/fra\/\",\"name\":\"La Ligue de l&#039;Enseignement de Vend\u00e9e\",\"description\":\"F\u00e9d\u00e9ration d&#039;\u00e9ducation populaire\",\"potentialAction\":[{\"@type\":\"SearchAction\",\"target\":{\"@type\":\"EntryPoint\",\"urlTemplate\":\"http:\/\/www.laligue85.org\/fra\/?s={search_term_string}\"},\"query-input\":\"required name=search_term_string\"}],\"inLanguage\":\"fr-FR\"},{\"@type\":\"Person\",\"@id\":\"http:\/\/www.laligue85.org\/fra\/#\/schema\/person\/45271b6e75b5943f21d354872a5c1a2e\",\"name\":\"epiveteau\",\"image\":{\"@type\":\"ImageObject\",\"inLanguage\":\"fr-FR\",\"@id\":\"http:\/\/www.laligue85.org\/fra\/#\/schema\/person\/image\/\",\"url\":\"https:\/\/secure.gravatar.com\/avatar\/7fedac7ddc713994f9815c37f877ecb7?s=96&d=mm&r=g\",\"contentUrl\":\"https:\/\/secure.gravatar.com\/avatar\/7fedac7ddc713994f9815c37f877ecb7?s=96&d=mm&r=g\",\"caption\":\"epiveteau\"},\"url\":\"http:\/\/www.laligue85.org\/fra\/blog\/author\/epiveteau\/\"}]}<\/script>\n<!-- \/ Yoast SEO plugin. -->","yoast_head_json":{"title":"M\u00e9diation par les pairs - La Ligue de l&#039;Enseignement de Vend\u00e9e","robots":{"index":"index","follow":"follow","max-snippet":"max-snippet:-1","max-image-preview":"max-image-preview:large","max-video-preview":"max-video-preview:-1"},"canonical":"http:\/\/www.laligue85.org\/fra\/blog\/2017\/11\/29\/mediation-par-les-pairs\/","og_locale":"fr_FR","og_type":"article","og_title":"M\u00e9diation par les pairs - La Ligue de l&#039;Enseignement de Vend\u00e9e","og_description":"[vc_row][vc_column][vc_column_text] &nbsp; Parce que l\u2019\u00e9tablissement scolaire est un lieu privil\u00e9gi\u00e9 d\u2019apprentissage de la citoyennet\u00e9 et de la d\u00e9mocratie, la f\u00e9d\u00e9ration, vous propose d\u2019accompagner vos \u00e9l\u00e8ves dans l\u2019acquisition de savoir-faire et savoir-\u00eatre n\u00e9cessaires \u00e0 l\u2019exercice de cette citoyennet\u00e9 via la m\u00e9diation par les pairs. Il permet de revisiter l\u2019exp\u00e9rience du vivre [&hellip;]","og_url":"http:\/\/www.laligue85.org\/fra\/blog\/2017\/11\/29\/mediation-par-les-pairs\/","og_site_name":"La Ligue de l&#039;Enseignement de Vend\u00e9e","article_published_time":"2017-11-29T13:53:07+00:00","article_modified_time":"2023-05-16T12:02:58+00:00","og_image":[{"url":"http:\/\/www.laligue85.org\/fra\/wp-content\/uploads\/2017\/11\/delegue-eleves-1024x683.jpg"}],"author":"epiveteau","twitter_card":"summary_large_image","twitter_misc":{"\u00c9crit par":"epiveteau","Dur\u00e9e de lecture estim\u00e9e":"3 minutes"},"schema":{"@context":"https:\/\/schema.org","@graph":[{"@type":"WebPage","@id":"http:\/\/www.laligue85.org\/fra\/blog\/2017\/11\/29\/mediation-par-les-pairs\/","url":"http:\/\/www.laligue85.org\/fra\/blog\/2017\/11\/29\/mediation-par-les-pairs\/","name":"M\u00e9diation par les pairs - La Ligue de l&#039;Enseignement de Vend\u00e9e","isPartOf":{"@id":"http:\/\/www.laligue85.org\/fra\/#website"},"datePublished":"2017-11-29T13:53:07+00:00","dateModified":"2023-05-16T12:02:58+00:00","author":{"@id":"http:\/\/www.laligue85.org\/fra\/#\/schema\/person\/45271b6e75b5943f21d354872a5c1a2e"},"breadcrumb":{"@id":"http:\/\/www.laligue85.org\/fra\/blog\/2017\/11\/29\/mediation-par-les-pairs\/#breadcrumb"},"inLanguage":"fr-FR","potentialAction":[{"@type":"ReadAction","target":["http:\/\/www.laligue85.org\/fra\/blog\/2017\/11\/29\/mediation-par-les-pairs\/"]}]},{"@type":"BreadcrumbList","@id":"http:\/\/www.laligue85.org\/fra\/blog\/2017\/11\/29\/mediation-par-les-pairs\/#breadcrumb","itemListElement":[{"@type":"ListItem","position":1,"name":"Accueil","item":"http:\/\/www.laligue85.org\/fra\/"},{"@type":"ListItem","position":2,"name":"M\u00e9diation par les pairs"}]},{"@type":"WebSite","@id":"http:\/\/www.laligue85.org\/fra\/#website","url":"http:\/\/www.laligue85.org\/fra\/","name":"La Ligue de l&#039;Enseignement de Vend\u00e9e","description":"F\u00e9d\u00e9ration d&#039;\u00e9ducation populaire","potentialAction":[{"@type":"SearchAction","target":{"@type":"EntryPoint","urlTemplate":"http:\/\/www.laligue85.org\/fra\/?s={search_term_string}"},"query-input":"required name=search_term_string"}],"inLanguage":"fr-FR"},{"@type":"Person","@id":"http:\/\/www.laligue85.org\/fra\/#\/schema\/person\/45271b6e75b5943f21d354872a5c1a2e","name":"epiveteau","image":{"@type":"ImageObject","inLanguage":"fr-FR","@id":"http:\/\/www.laligue85.org\/fra\/#\/schema\/person\/image\/","url":"https:\/\/secure.gravatar.com\/avatar\/7fedac7ddc713994f9815c37f877ecb7?s=96&d=mm&r=g","contentUrl":"https:\/\/secure.gravatar.com\/avatar\/7fedac7ddc713994f9815c37f877ecb7?s=96&d=mm&r=g","caption":"epiveteau"},"url":"http:\/\/www.laligue85.org\/fra\/blog\/author\/epiveteau\/"}]}},"jetpack_featured_media_url":"","jetpack_shortlink":"https:\/\/wp.me\/p9Chnq-oA","_links":{"self":[{"href":"http:\/\/www.laligue85.org\/fra\/wp-json\/wp\/v2\/posts\/1524","targetHints":{"allow":["GET"]}}],"collection":[{"href":"http:\/\/www.laligue85.org\/fra\/wp-json\/wp\/v2\/posts"}],"about":[{"href":"http:\/\/www.laligue85.org\/fra\/wp-json\/wp\/v2\/types\/post"}],"author":[{"embeddable":true,"href":"http:\/\/www.laligue85.org\/fra\/wp-json\/wp\/v2\/users\/2"}],"replies":[{"embeddable":true,"href":"http:\/\/www.laligue85.org\/fra\/wp-json\/wp\/v2\/comments?post=1524"}],"version-history":[{"count":22,"href":"http:\/\/www.laligue85.org\/fra\/wp-json\/wp\/v2\/posts\/1524\/revisions"}],"predecessor-version":[{"id":13504,"href":"http:\/\/www.laligue85.org\/fra\/wp-json\/wp\/v2\/posts\/1524\/revisions\/13504"}],"wp:attachment":[{"href":"http:\/\/www.laligue85.org\/fra\/wp-json\/wp\/v2\/media?parent=1524"}],"wp:term":[{"taxonomy":"category","embeddable":true,"href":"http:\/\/www.laligue85.org\/fra\/wp-json\/wp\/v2\/categories?post=1524"},{"taxonomy":"post_tag","embeddable":true,"href":"http:\/\/www.laligue85.org\/fra\/wp-json\/wp\/v2\/tags?post=1524"}],"curies":[{"name":"wp","href":"https:\/\/api.w.org\/{rel}","templated":true}]}}