{"id":1530,"date":"2017-12-11T10:51:00","date_gmt":"2017-12-11T09:51:00","guid":{"rendered":"http:\/\/www.laligue85.org\/fra\/blog\/2017\/12\/11\/collectif-laique-rencontre-a-la-prefecture-de-vendee\/"},"modified":"2018-07-05T14:48:15","modified_gmt":"2018-07-05T12:48:15","slug":"collectif-laique-rencontre-a-la-prefecture-de-vendee","status":"publish","type":"post","link":"http:\/\/www.laligue85.org\/fra\/blog\/2017\/12\/11\/collectif-laique-rencontre-a-la-prefecture-de-vendee\/","title":{"rendered":"Collectif la\u00efque : Rencontre \u00e0 la Pr\u00e9fecture de Vend\u00e9e"},"content":{"rendered":"<p style=\"text-align: center\">Rencontre, \u00e0 la Pr\u00e9fecture de Vend\u00e9e, le lundi 15 mai 2017, avec Madame CHAPUIS et Monsieur BARILLY, rempla\u00e7ant Madame BAZZO, emp\u00each\u00e9e.<\/p>\n<p style=\"text-align: justify\">Le message a \u00e9t\u00e9 port\u00e9. Nous avons \u00e9t\u00e9 \u00e9cout\u00e9s attentivement et vraisemblablement entendus.<br \/>Apr\u00e8s une introduction partag\u00e9e, pr\u00e9sentant les composantes de notre organisation, son \u00e9tat d\u2019esprit, ses d\u00e9marches, ses attentes, les repr\u00e9sentants de l\u2019\u00c9tat ont comment\u00e9 la carte des communes : sans \u00e9cole, sans \u00e9cole publique, avec une \u00e9cole publique, ou une \u00e9cole priv\u00e9e uniquement\u2026<br \/>Ils ont soulign\u00e9 l\u2019effort qui a conduit aux 5 cr\u00e9ations de 2009, une en 2014 et une autre en 2015, parl\u00e9 de \u00ab volont\u00e9 strat\u00e9gique \u00bb, et souhait\u00e9 que soient \u00ab raisonnablement list\u00e9es les communes \u00bb qui pourraient \u00eatre concern\u00e9es aujourd\u2019hui. Nos demandes doivent \u00eatre \u00ab travaill\u00e9es \u00bb, en tenant compte de l\u2019aspect \u00ab d\u00e9mographique \u00bb et \u00ab macro-\u00e9conomique \u00bb (\u00ab\u00a0d\u00e9crue scolaire\u00a0\u00bb).<br \/>Une question nous est pos\u00e9e : \u00ab Comment on avance ensemble ? \u00bb Mach\u00e9 : exemple embl\u00e9matique ; un cas \u00ab d\u2019\u00e9cole \u00bb\u2026<br \/>Du point de vue des repr\u00e9sentants de l\u2019\u00c9tat :<br \/>\u2013 \u00ab Il est irr\u00e9aliste de vouloir ouvrir en septembre \u00bb.<br \/>\u2013 \u00ab La proc\u00e9dure a \u00e9t\u00e9 respect\u00e9e \u00bb au niveau du registre d\u2019inscription et de sa tenue.<br \/>\u2013 Les services de l\u2019\u00c9tat ont fait leur devoir.<br \/>\u2013 Le d\u00e9veloppement communal est incertain.<br \/>\u2013 \u00ab Strat\u00e9giquement \u00bb, le mieux est peut-\u00eatre de \u00ab se tourner vers des communes autres que Mach\u00e9 \u00bb.<br \/>Nos d\u00e9saccords, et notre argumentation :<br \/>\u2013 Des enfants sont \u00ab en souffrance depuis trop longtemps \u00bb, et \u00ab pas en totale s\u00e9curit\u00e9 \u00bb (\u00ab horaires et transports inadapt\u00e9s \u00e0 l\u2019\u00e2ge, et aux conditions d\u2019accueil. Des journ\u00e9es beaucoup trop longues pour des enfants de cet \u00e2ge.)<br \/>\u2013 Si la proc\u00e9dure a \u00e9t\u00e9 respect\u00e9e, \u00ab pourquoi y a-t-il probl\u00e8me \u00bb ?<br \/>\u2013 Nous sommes en mai : raison de plus pour \u00ab recueillir les demandes des familles sans tarder \u00bb. Les pressions, le chantage, les \u00ab attaques inadmissibles \u00bb n\u2019autorisent aucun retard.<br \/>\u2013 Que l\u2019on se fie \u00e0 la presse ou non, il y eut au moins \u00ab maladresse \u00bb de la part de Madame la Directrice Acad\u00e9mique \u00bb, qui n\u2019a rien d\u00e9menti.<br \/>\u2013 Nous voulons \u00ab l\u2019\u00e9cole pour tous \u00bb, celle de la R\u00e9publique. Pour trois raisons : \u00ab respect des droits de l\u2019enfant \u00bb, \u00ab respect des parents \u00bb, \u00ab coh\u00e9sion de la soci\u00e9t\u00e9 \u00bb. Il y a urgence \u00e0 \u00ab favoriser un climat apais\u00e9 \u00bb.<br \/>\u2013 N\u2019oublions pas \u00ab les nouveaux arrivants \u00bb ; la commune se d\u00e9veloppe. (Fiches territoriales).<br \/>\u2013 \u00ab Nous avons besoin de sentir le soutien de l\u2019\u00c9tat \u00bb, qui peut \u00ab s\u2019exprimer publiquement \u00bb.<br \/>\u2013 Il y a n\u00e9cessit\u00e9 de trouver un autre endroit que la mairie, voire la commune pour ouvrir et tenir le registre d\u2019inscription<br \/>\u2013 Rappel des droits de l\u2019enfant : c\u2019est l\u2019int\u00e9r\u00eat de l\u2019enfant qui, en toutes circonstances, pr\u00e9vaut.<br \/>Notre rencontre se termine par une demande solennelle : \u00ab \u00eatre pris au s\u00e9rieux \u00bb.<\/p>\n<p style=\"text-align: justify\">\u00c9l\u00e9ments de conclusion :<br \/>\u2013 \u00c0 Mach\u00e9 d\u2019intervenir de nouveau, sans tarder, en demandant un lieu d\u2019inscriptions neutre.<br \/>\u2013 Les autres communes sont invit\u00e9es \u00e0 se manifester : Mach\u00e9, La Boissi\u00e8re de Montaigu, Chavagnes en Paillers\u2026 en gardant Mach\u00e9 comme cas prioritaire.<br \/>La d\u00e9l\u00e9gation se quitte en ayant, \u00ab en ligne de mire, des actions plus dures \u00bb dans les jours \u00e0 venir. \u00ab \u00c0 chaque collectif, chaque association de saisir la balle au bond \u00bb. Le carrefour d\u2019action la\u00efque avec toutes ses composantes est pr\u00eat \u00e0 soutenir chaque demande s\u00e9rieuse d\u2019ouverture.<\/p>\n<p style=\"text-align: justify\">Prochaine rencontre du CARREFOUR D\u2019ACTION LA\u00cfQUE : mardi 6 juin 2017, de 17 h 30 \u00e0 19 h<\/p>\n<p>\u00c0 l\u2019ordre du jour :<br \/>\u2013 Compl\u00e9ter, amender le compte rendu ci-dessus.<br \/>\u2013 Recenser les communes potentiellement concern\u00e9es par une (r\u00e9) ouverture d\u2019\u00e9cole publique.<br \/>\u2013 Tirer les cons\u00e9quences de cette rencontre pr\u00e9fectorale, et souligner les urgences pour l\u2019action.<\/p>\n","protected":false},"excerpt":{"rendered":"<p>Rencontre, \u00e0 la Pr\u00e9fecture de Vend\u00e9e, le lundi 15 mai 2017, avec Madame CHAPUIS et Monsieur BARILLY, rempla\u00e7ant Madame BAZZO, emp\u00each\u00e9e. Le message a \u00e9t\u00e9 port\u00e9. Nous avons \u00e9t\u00e9 \u00e9cout\u00e9s attentivement et vraisemblablement entendus.Apr\u00e8s une introduction partag\u00e9e, pr\u00e9sentant les composantes de notre organisation, son \u00e9tat d\u2019esprit, ses d\u00e9marches, ses attentes, [&hellip;]<\/p>\n","protected":false},"author":2,"featured_media":0,"comment_status":"open","ping_status":"open","sticky":false,"template":"","format":"standard","meta":{"jetpack_post_was_ever_published":false,"footnotes":"","jetpack_publicize_message":"","jetpack_is_tweetstorm":false,"jetpack_publicize_feature_enabled":true,"jetpack_social_post_already_shared":true,"jetpack_social_options":[]},"categories":[262],"tags":[],"class_list":["post-1530","post","type-post","status-publish","format-standard","hentry","category-collectif-daction-laique"],"jetpack_publicize_connections":[],"yoast_head":"<!-- This site is optimized with the Yoast SEO plugin v20.0 - https:\/\/yoast.com\/wordpress\/plugins\/seo\/ -->\n<title>Collectif la\u00efque : Rencontre \u00e0 la Pr\u00e9fecture de Vend\u00e9e - La Ligue de l&#039;Enseignement de Vend\u00e9e<\/title>\n<meta name=\"robots\" content=\"index, follow, max-snippet:-1, max-image-preview:large, max-video-preview:-1\" \/>\n<link rel=\"canonical\" href=\"http:\/\/www.laligue85.org\/fra\/blog\/2017\/12\/11\/collectif-laique-rencontre-a-la-prefecture-de-vendee\/\" \/>\n<meta property=\"og:locale\" content=\"fr_FR\" \/>\n<meta property=\"og:type\" content=\"article\" \/>\n<meta property=\"og:title\" content=\"Collectif la\u00efque : Rencontre \u00e0 la Pr\u00e9fecture de Vend\u00e9e - La Ligue de l&#039;Enseignement de Vend\u00e9e\" \/>\n<meta property=\"og:description\" content=\"Rencontre, \u00e0 la Pr\u00e9fecture de Vend\u00e9e, le lundi 15 mai 2017, avec Madame CHAPUIS et Monsieur BARILLY, rempla\u00e7ant Madame BAZZO, emp\u00each\u00e9e. Le message a \u00e9t\u00e9 port\u00e9. Nous avons \u00e9t\u00e9 \u00e9cout\u00e9s attentivement et vraisemblablement entendus.Apr\u00e8s une introduction partag\u00e9e, pr\u00e9sentant les composantes de notre organisation, son \u00e9tat d\u2019esprit, ses d\u00e9marches, ses attentes, [&hellip;]\" \/>\n<meta property=\"og:url\" content=\"http:\/\/www.laligue85.org\/fra\/blog\/2017\/12\/11\/collectif-laique-rencontre-a-la-prefecture-de-vendee\/\" \/>\n<meta property=\"og:site_name\" content=\"La Ligue de l&#039;Enseignement de Vend\u00e9e\" \/>\n<meta property=\"article:published_time\" content=\"2017-12-11T09:51:00+00:00\" \/>\n<meta property=\"article:modified_time\" content=\"2018-07-05T12:48:15+00:00\" \/>\n<meta name=\"author\" content=\"epiveteau\" \/>\n<meta name=\"twitter:card\" content=\"summary_large_image\" \/>\n<meta name=\"twitter:label1\" content=\"\u00c9crit par\" \/>\n\t<meta name=\"twitter:data1\" content=\"epiveteau\" \/>\n\t<meta name=\"twitter:label2\" content=\"Dur\u00e9e de lecture estim\u00e9e\" \/>\n\t<meta name=\"twitter:data2\" content=\"3 minutes\" \/>\n<script type=\"application\/ld+json\" class=\"yoast-schema-graph\">{\"@context\":\"https:\/\/schema.org\",\"@graph\":[{\"@type\":\"WebPage\",\"@id\":\"http:\/\/www.laligue85.org\/fra\/blog\/2017\/12\/11\/collectif-laique-rencontre-a-la-prefecture-de-vendee\/\",\"url\":\"http:\/\/www.laligue85.org\/fra\/blog\/2017\/12\/11\/collectif-laique-rencontre-a-la-prefecture-de-vendee\/\",\"name\":\"Collectif la\u00efque : Rencontre \u00e0 la Pr\u00e9fecture de Vend\u00e9e - La Ligue de l&#039;Enseignement de Vend\u00e9e\",\"isPartOf\":{\"@id\":\"http:\/\/www.laligue85.org\/fra\/#website\"},\"datePublished\":\"2017-12-11T09:51:00+00:00\",\"dateModified\":\"2018-07-05T12:48:15+00:00\",\"author\":{\"@id\":\"http:\/\/www.laligue85.org\/fra\/#\/schema\/person\/45271b6e75b5943f21d354872a5c1a2e\"},\"breadcrumb\":{\"@id\":\"http:\/\/www.laligue85.org\/fra\/blog\/2017\/12\/11\/collectif-laique-rencontre-a-la-prefecture-de-vendee\/#breadcrumb\"},\"inLanguage\":\"fr-FR\",\"potentialAction\":[{\"@type\":\"ReadAction\",\"target\":[\"http:\/\/www.laligue85.org\/fra\/blog\/2017\/12\/11\/collectif-laique-rencontre-a-la-prefecture-de-vendee\/\"]}]},{\"@type\":\"BreadcrumbList\",\"@id\":\"http:\/\/www.laligue85.org\/fra\/blog\/2017\/12\/11\/collectif-laique-rencontre-a-la-prefecture-de-vendee\/#breadcrumb\",\"itemListElement\":[{\"@type\":\"ListItem\",\"position\":1,\"name\":\"Accueil\",\"item\":\"http:\/\/www.laligue85.org\/fra\/\"},{\"@type\":\"ListItem\",\"position\":2,\"name\":\"Collectif la\u00efque : Rencontre \u00e0 la Pr\u00e9fecture de Vend\u00e9e\"}]},{\"@type\":\"WebSite\",\"@id\":\"http:\/\/www.laligue85.org\/fra\/#website\",\"url\":\"http:\/\/www.laligue85.org\/fra\/\",\"name\":\"La Ligue de l&#039;Enseignement de Vend\u00e9e\",\"description\":\"F\u00e9d\u00e9ration d&#039;\u00e9ducation populaire\",\"potentialAction\":[{\"@type\":\"SearchAction\",\"target\":{\"@type\":\"EntryPoint\",\"urlTemplate\":\"http:\/\/www.laligue85.org\/fra\/?s={search_term_string}\"},\"query-input\":\"required name=search_term_string\"}],\"inLanguage\":\"fr-FR\"},{\"@type\":\"Person\",\"@id\":\"http:\/\/www.laligue85.org\/fra\/#\/schema\/person\/45271b6e75b5943f21d354872a5c1a2e\",\"name\":\"epiveteau\",\"image\":{\"@type\":\"ImageObject\",\"inLanguage\":\"fr-FR\",\"@id\":\"http:\/\/www.laligue85.org\/fra\/#\/schema\/person\/image\/\",\"url\":\"https:\/\/secure.gravatar.com\/avatar\/7fedac7ddc713994f9815c37f877ecb7?s=96&d=mm&r=g\",\"contentUrl\":\"https:\/\/secure.gravatar.com\/avatar\/7fedac7ddc713994f9815c37f877ecb7?s=96&d=mm&r=g\",\"caption\":\"epiveteau\"},\"url\":\"http:\/\/www.laligue85.org\/fra\/blog\/author\/epiveteau\/\"}]}<\/script>\n<!-- \/ Yoast SEO plugin. -->","yoast_head_json":{"title":"Collectif la\u00efque : Rencontre \u00e0 la Pr\u00e9fecture de Vend\u00e9e - La Ligue de l&#039;Enseignement de Vend\u00e9e","robots":{"index":"index","follow":"follow","max-snippet":"max-snippet:-1","max-image-preview":"max-image-preview:large","max-video-preview":"max-video-preview:-1"},"canonical":"http:\/\/www.laligue85.org\/fra\/blog\/2017\/12\/11\/collectif-laique-rencontre-a-la-prefecture-de-vendee\/","og_locale":"fr_FR","og_type":"article","og_title":"Collectif la\u00efque : Rencontre \u00e0 la Pr\u00e9fecture de Vend\u00e9e - La Ligue de l&#039;Enseignement de Vend\u00e9e","og_description":"Rencontre, \u00e0 la Pr\u00e9fecture de Vend\u00e9e, le lundi 15 mai 2017, avec Madame CHAPUIS et Monsieur BARILLY, rempla\u00e7ant Madame BAZZO, emp\u00each\u00e9e. Le message a \u00e9t\u00e9 port\u00e9. Nous avons \u00e9t\u00e9 \u00e9cout\u00e9s attentivement et vraisemblablement entendus.Apr\u00e8s une introduction partag\u00e9e, pr\u00e9sentant les composantes de notre organisation, son \u00e9tat d\u2019esprit, ses d\u00e9marches, ses attentes, [&hellip;]","og_url":"http:\/\/www.laligue85.org\/fra\/blog\/2017\/12\/11\/collectif-laique-rencontre-a-la-prefecture-de-vendee\/","og_site_name":"La Ligue de l&#039;Enseignement de Vend\u00e9e","article_published_time":"2017-12-11T09:51:00+00:00","article_modified_time":"2018-07-05T12:48:15+00:00","author":"epiveteau","twitter_card":"summary_large_image","twitter_misc":{"\u00c9crit par":"epiveteau","Dur\u00e9e de lecture estim\u00e9e":"3 minutes"},"schema":{"@context":"https:\/\/schema.org","@graph":[{"@type":"WebPage","@id":"http:\/\/www.laligue85.org\/fra\/blog\/2017\/12\/11\/collectif-laique-rencontre-a-la-prefecture-de-vendee\/","url":"http:\/\/www.laligue85.org\/fra\/blog\/2017\/12\/11\/collectif-laique-rencontre-a-la-prefecture-de-vendee\/","name":"Collectif la\u00efque : Rencontre \u00e0 la Pr\u00e9fecture de Vend\u00e9e - La Ligue de l&#039;Enseignement de Vend\u00e9e","isPartOf":{"@id":"http:\/\/www.laligue85.org\/fra\/#website"},"datePublished":"2017-12-11T09:51:00+00:00","dateModified":"2018-07-05T12:48:15+00:00","author":{"@id":"http:\/\/www.laligue85.org\/fra\/#\/schema\/person\/45271b6e75b5943f21d354872a5c1a2e"},"breadcrumb":{"@id":"http:\/\/www.laligue85.org\/fra\/blog\/2017\/12\/11\/collectif-laique-rencontre-a-la-prefecture-de-vendee\/#breadcrumb"},"inLanguage":"fr-FR","potentialAction":[{"@type":"ReadAction","target":["http:\/\/www.laligue85.org\/fra\/blog\/2017\/12\/11\/collectif-laique-rencontre-a-la-prefecture-de-vendee\/"]}]},{"@type":"BreadcrumbList","@id":"http:\/\/www.laligue85.org\/fra\/blog\/2017\/12\/11\/collectif-laique-rencontre-a-la-prefecture-de-vendee\/#breadcrumb","itemListElement":[{"@type":"ListItem","position":1,"name":"Accueil","item":"http:\/\/www.laligue85.org\/fra\/"},{"@type":"ListItem","position":2,"name":"Collectif la\u00efque : Rencontre \u00e0 la Pr\u00e9fecture de Vend\u00e9e"}]},{"@type":"WebSite","@id":"http:\/\/www.laligue85.org\/fra\/#website","url":"http:\/\/www.laligue85.org\/fra\/","name":"La Ligue de l&#039;Enseignement de Vend\u00e9e","description":"F\u00e9d\u00e9ration d&#039;\u00e9ducation populaire","potentialAction":[{"@type":"SearchAction","target":{"@type":"EntryPoint","urlTemplate":"http:\/\/www.laligue85.org\/fra\/?s={search_term_string}"},"query-input":"required name=search_term_string"}],"inLanguage":"fr-FR"},{"@type":"Person","@id":"http:\/\/www.laligue85.org\/fra\/#\/schema\/person\/45271b6e75b5943f21d354872a5c1a2e","name":"epiveteau","image":{"@type":"ImageObject","inLanguage":"fr-FR","@id":"http:\/\/www.laligue85.org\/fra\/#\/schema\/person\/image\/","url":"https:\/\/secure.gravatar.com\/avatar\/7fedac7ddc713994f9815c37f877ecb7?s=96&d=mm&r=g","contentUrl":"https:\/\/secure.gravatar.com\/avatar\/7fedac7ddc713994f9815c37f877ecb7?s=96&d=mm&r=g","caption":"epiveteau"},"url":"http:\/\/www.laligue85.org\/fra\/blog\/author\/epiveteau\/"}]}},"jetpack_featured_media_url":"","jetpack_shortlink":"https:\/\/wp.me\/p9Chnq-oG","_links":{"self":[{"href":"http:\/\/www.laligue85.org\/fra\/wp-json\/wp\/v2\/posts\/1530","targetHints":{"allow":["GET"]}}],"collection":[{"href":"http:\/\/www.laligue85.org\/fra\/wp-json\/wp\/v2\/posts"}],"about":[{"href":"http:\/\/www.laligue85.org\/fra\/wp-json\/wp\/v2\/types\/post"}],"author":[{"embeddable":true,"href":"http:\/\/www.laligue85.org\/fra\/wp-json\/wp\/v2\/users\/2"}],"replies":[{"embeddable":true,"href":"http:\/\/www.laligue85.org\/fra\/wp-json\/wp\/v2\/comments?post=1530"}],"version-history":[{"count":1,"href":"http:\/\/www.laligue85.org\/fra\/wp-json\/wp\/v2\/posts\/1530\/revisions"}],"predecessor-version":[{"id":2795,"href":"http:\/\/www.laligue85.org\/fra\/wp-json\/wp\/v2\/posts\/1530\/revisions\/2795"}],"wp:attachment":[{"href":"http:\/\/www.laligue85.org\/fra\/wp-json\/wp\/v2\/media?parent=1530"}],"wp:term":[{"taxonomy":"category","embeddable":true,"href":"http:\/\/www.laligue85.org\/fra\/wp-json\/wp\/v2\/categories?post=1530"},{"taxonomy":"post_tag","embeddable":true,"href":"http:\/\/www.laligue85.org\/fra\/wp-json\/wp\/v2\/tags?post=1530"}],"curies":[{"name":"wp","href":"https:\/\/api.w.org\/{rel}","templated":true}]}}