{"id":2147,"date":"2017-06-01T14:25:08","date_gmt":"2017-06-01T12:25:08","guid":{"rendered":"http:\/\/www.laligue85.org\/fra\/blog\/2017\/06\/01\/le-rallye-photo-du-bois-de-la-chaise-2\/"},"modified":"2019-05-20T13:53:44","modified_gmt":"2019-05-20T11:53:44","slug":"le-rallye-photo-du-bois-de-la-chaise-2","status":"publish","type":"post","link":"http:\/\/www.laligue85.org\/fra\/blog\/2017\/06\/01\/le-rallye-photo-du-bois-de-la-chaise-2\/","title":{"rendered":"Le rallye photo du Bois de la Chaise"},"content":{"rendered":"<p style=\"text-align: justify;\">Le 23 mai dernier, nous sommes all\u00e9s \u00e0 la rencontre de la classe d\u00e9couverte Vend\u00e9enne au centre des Lutins \u00e0 Noimoutier. Situ\u00e9 en plein c\u0153ur du Bois de la Chaise, il est un atout pour faire profiter les classes de mer avec la plage des Dames ainsi que toute la for\u00eat domaniale qui a permis aux \u00e9quipes encadrante d\u2019organiser un rallye photo.<\/p>\n<p style=\"text-align: justify;\">Quelques semaines auparavant, Philippe Blanchard, animateur nature pour la ligue de l\u2019enseignement s\u2019\u00e9tait d\u00e9plac\u00e9 pour cr\u00e9er de toute pi\u00e8ce ce rallye photo. Le principe est simple, \u00e0 l\u2019aide d\u2019une carte et quelques indications suivis de la photo de l\u2019objectif \u00e0 atteindre, les enfants devaient se rep\u00e9rer tel une course d\u2019orientation, un moyen m\u00ealant p\u00e9dagogie et plaisir de la visite. C\u2019est donc 6 groupes d\u2019enfants accompagn\u00e9 d\u2019un adulte qui se sont form\u00e9s.<\/p>\n<div class=\"tiled-gallery type-square tiled-gallery-unresized\" data-original-width=\"500\" data-carousel-extra='null' itemscope itemtype=\"http:\/\/schema.org\/ImageGallery\" > <div class=\"gallery-row\" style=\"width: 500px; height: 250px;\" data-original-width=\"500\" data-original-height=\"250\" > <div class=\"gallery-group\" style=\"width: 250px; height: 250px;\" data-original-width=\"250\" data-original-height=\"250\" > <div class=\"tiled-gallery-item \" itemprop=\"associatedMedia\" itemscope itemtype=\"http:\/\/schema.org\/ImageObject\"> <a href=\"http:\/\/www.laligue85.org\/fra\/blog\/2017\/06\/01\/le-rallye-photo-du-bois-de-la-chaise-2\/attachment\/1\/\" border=\"0\" itemprop=\"url\"> <meta itemprop=\"width\" content=\"246\"> <meta itemprop=\"height\" content=\"246\"> <img loading=\"lazy\" decoding=\"async\" data-attachment-id=\"3140\" data-orig-file=\"http:\/\/www.laligue85.org\/fra\/wp-content\/uploads\/2017\/06\/1.jpg\" data-orig-size=\"800,533\" data-comments-opened=\"1\" data-image-meta=\"{&quot;aperture&quot;:&quot;10&quot;,&quot;credit&quot;:&quot;&quot;,&quot;camera&quot;:&quot;Canon EOS 1200D&quot;,&quot;caption&quot;:&quot;&quot;,&quot;created_timestamp&quot;:&quot;1495462568&quot;,&quot;copyright&quot;:&quot;&quot;,&quot;focal_length&quot;:&quot;55&quot;,&quot;iso&quot;:&quot;100&quot;,&quot;shutter_speed&quot;:&quot;0.004&quot;,&quot;title&quot;:&quot;&quot;,&quot;orientation&quot;:&quot;1&quot;}\" data-image-title=\"1\" data-image-description=\"\" data-medium-file=\"http:\/\/www.laligue85.org\/fra\/wp-content\/uploads\/2017\/06\/1-300x200.jpg\" data-large-file=\"http:\/\/www.laligue85.org\/fra\/wp-content\/uploads\/2017\/06\/1.jpg\" src=\"https:\/\/i0.wp.com\/www.laligue85.org\/fra\/wp-content\/uploads\/2017\/06\/1.jpg?w=246&#038;h=246&#038;crop=1\" width=\"246\" height=\"246\" data-original-width=\"246\" data-original-height=\"246\" itemprop=\"http:\/\/schema.org\/image\" title=\"1\" alt=\"1\" style=\"width: 246px; height: 246px;\" \/> <\/a> <\/div> <\/div> <div class=\"gallery-group\" style=\"width: 250px; height: 250px;\" data-original-width=\"250\" data-original-height=\"250\" > <div class=\"tiled-gallery-item \" itemprop=\"associatedMedia\" itemscope itemtype=\"http:\/\/schema.org\/ImageObject\"> <a href=\"http:\/\/www.laligue85.org\/fra\/blog\/2017\/06\/01\/le-rallye-photo-du-bois-de-la-chaise-2\/attachment\/2\/\" border=\"0\" itemprop=\"url\"> <meta itemprop=\"width\" content=\"246\"> <meta itemprop=\"height\" content=\"246\"> <img loading=\"lazy\" decoding=\"async\" data-attachment-id=\"3141\" data-orig-file=\"http:\/\/www.laligue85.org\/fra\/wp-content\/uploads\/2017\/06\/2.jpg\" data-orig-size=\"800,533\" data-comments-opened=\"1\" data-image-meta=\"{&quot;aperture&quot;:&quot;11&quot;,&quot;credit&quot;:&quot;&quot;,&quot;camera&quot;:&quot;Canon EOS 1200D&quot;,&quot;caption&quot;:&quot;&quot;,&quot;created_timestamp&quot;:&quot;1495462661&quot;,&quot;copyright&quot;:&quot;&quot;,&quot;focal_length&quot;:&quot;30&quot;,&quot;iso&quot;:&quot;100&quot;,&quot;shutter_speed&quot;:&quot;0.004&quot;,&quot;title&quot;:&quot;&quot;,&quot;orientation&quot;:&quot;1&quot;}\" data-image-title=\"2\" data-image-description=\"\" data-medium-file=\"http:\/\/www.laligue85.org\/fra\/wp-content\/uploads\/2017\/06\/2-300x200.jpg\" data-large-file=\"http:\/\/www.laligue85.org\/fra\/wp-content\/uploads\/2017\/06\/2.jpg\" src=\"https:\/\/i0.wp.com\/www.laligue85.org\/fra\/wp-content\/uploads\/2017\/06\/2.jpg?w=246&#038;h=246&#038;crop=1\" width=\"246\" height=\"246\" data-original-width=\"246\" data-original-height=\"246\" itemprop=\"http:\/\/schema.org\/image\" title=\"2\" alt=\"2\" style=\"width: 246px; height: 246px;\" \/> <\/a> <\/div> <\/div> <\/div> <div class=\"gallery-row\" style=\"width: 500px; height: 166px;\" data-original-width=\"500\" data-original-height=\"166\" > <div class=\"gallery-group\" style=\"width: 166px; height: 166px;\" data-original-width=\"166\" data-original-height=\"166\" > <div class=\"tiled-gallery-item \" itemprop=\"associatedMedia\" itemscope itemtype=\"http:\/\/schema.org\/ImageObject\"> <a href=\"http:\/\/www.laligue85.org\/fra\/blog\/2017\/06\/01\/le-rallye-photo-du-bois-de-la-chaise-2\/attachment\/3\/\" border=\"0\" itemprop=\"url\"> <meta itemprop=\"width\" content=\"162\"> <meta itemprop=\"height\" content=\"162\"> <img loading=\"lazy\" decoding=\"async\" data-attachment-id=\"3142\" data-orig-file=\"http:\/\/www.laligue85.org\/fra\/wp-content\/uploads\/2017\/06\/3.jpg\" data-orig-size=\"800,533\" data-comments-opened=\"1\" data-image-meta=\"{&quot;aperture&quot;:&quot;9&quot;,&quot;credit&quot;:&quot;&quot;,&quot;camera&quot;:&quot;Canon EOS 1200D&quot;,&quot;caption&quot;:&quot;&quot;,&quot;created_timestamp&quot;:&quot;1495465093&quot;,&quot;copyright&quot;:&quot;&quot;,&quot;focal_length&quot;:&quot;18&quot;,&quot;iso&quot;:&quot;100&quot;,&quot;shutter_speed&quot;:&quot;0.005&quot;,&quot;title&quot;:&quot;&quot;,&quot;orientation&quot;:&quot;1&quot;}\" data-image-title=\"3\" data-image-description=\"\" data-medium-file=\"http:\/\/www.laligue85.org\/fra\/wp-content\/uploads\/2017\/06\/3-300x200.jpg\" data-large-file=\"http:\/\/www.laligue85.org\/fra\/wp-content\/uploads\/2017\/06\/3.jpg\" src=\"https:\/\/i0.wp.com\/www.laligue85.org\/fra\/wp-content\/uploads\/2017\/06\/3.jpg?w=162&#038;h=162&#038;crop=1\" width=\"162\" height=\"162\" data-original-width=\"162\" data-original-height=\"162\" itemprop=\"http:\/\/schema.org\/image\" title=\"3\" alt=\"3\" style=\"width: 162px; height: 162px;\" \/> <\/a> <\/div> <\/div> <div class=\"gallery-group\" style=\"width: 166px; height: 166px;\" data-original-width=\"166\" data-original-height=\"166\" > <div class=\"tiled-gallery-item \" itemprop=\"associatedMedia\" itemscope itemtype=\"http:\/\/schema.org\/ImageObject\"> <a href=\"http:\/\/www.laligue85.org\/fra\/blog\/2017\/06\/01\/le-rallye-photo-du-bois-de-la-chaise-2\/attachment\/4\/\" border=\"0\" itemprop=\"url\"> <meta itemprop=\"width\" content=\"162\"> <meta itemprop=\"height\" content=\"162\"> <img loading=\"lazy\" decoding=\"async\" data-attachment-id=\"3143\" data-orig-file=\"http:\/\/www.laligue85.org\/fra\/wp-content\/uploads\/2017\/06\/4.jpg\" data-orig-size=\"800,533\" data-comments-opened=\"1\" data-image-meta=\"{&quot;aperture&quot;:&quot;5.6&quot;,&quot;credit&quot;:&quot;&quot;,&quot;camera&quot;:&quot;Canon EOS 1200D&quot;,&quot;caption&quot;:&quot;&quot;,&quot;created_timestamp&quot;:&quot;1495466270&quot;,&quot;copyright&quot;:&quot;&quot;,&quot;focal_length&quot;:&quot;18&quot;,&quot;iso&quot;:&quot;100&quot;,&quot;shutter_speed&quot;:&quot;0.01&quot;,&quot;title&quot;:&quot;&quot;,&quot;orientation&quot;:&quot;1&quot;}\" data-image-title=\"4\" data-image-description=\"\" data-medium-file=\"http:\/\/www.laligue85.org\/fra\/wp-content\/uploads\/2017\/06\/4-300x200.jpg\" data-large-file=\"http:\/\/www.laligue85.org\/fra\/wp-content\/uploads\/2017\/06\/4.jpg\" src=\"https:\/\/i0.wp.com\/www.laligue85.org\/fra\/wp-content\/uploads\/2017\/06\/4.jpg?w=162&#038;h=162&#038;crop=1\" width=\"162\" height=\"162\" data-original-width=\"162\" data-original-height=\"162\" itemprop=\"http:\/\/schema.org\/image\" title=\"4\" alt=\"4\" style=\"width: 162px; height: 162px;\" \/> <\/a> <\/div> <\/div> <div class=\"gallery-group\" style=\"width: 166px; height: 166px;\" data-original-width=\"166\" data-original-height=\"166\" > <div class=\"tiled-gallery-item \" itemprop=\"associatedMedia\" itemscope itemtype=\"http:\/\/schema.org\/ImageObject\"> <a href=\"http:\/\/www.laligue85.org\/fra\/blog\/2017\/06\/01\/le-rallye-photo-du-bois-de-la-chaise-2\/attachment\/5\/\" border=\"0\" itemprop=\"url\"> <meta itemprop=\"width\" content=\"162\"> <meta itemprop=\"height\" content=\"162\"> <img loading=\"lazy\" decoding=\"async\" data-attachment-id=\"3144\" data-orig-file=\"http:\/\/www.laligue85.org\/fra\/wp-content\/uploads\/2017\/06\/5.jpg\" data-orig-size=\"800,533\" data-comments-opened=\"1\" data-image-meta=\"{&quot;aperture&quot;:&quot;8&quot;,&quot;credit&quot;:&quot;&quot;,&quot;camera&quot;:&quot;Canon EOS 1200D&quot;,&quot;caption&quot;:&quot;&quot;,&quot;created_timestamp&quot;:&quot;1495466739&quot;,&quot;copyright&quot;:&quot;&quot;,&quot;focal_length&quot;:&quot;36&quot;,&quot;iso&quot;:&quot;100&quot;,&quot;shutter_speed&quot;:&quot;0.00625&quot;,&quot;title&quot;:&quot;&quot;,&quot;orientation&quot;:&quot;1&quot;}\" data-image-title=\"5\" data-image-description=\"\" data-medium-file=\"http:\/\/www.laligue85.org\/fra\/wp-content\/uploads\/2017\/06\/5-300x200.jpg\" data-large-file=\"http:\/\/www.laligue85.org\/fra\/wp-content\/uploads\/2017\/06\/5.jpg\" src=\"https:\/\/i0.wp.com\/www.laligue85.org\/fra\/wp-content\/uploads\/2017\/06\/5.jpg?w=162&#038;h=162&#038;crop=1\" width=\"162\" height=\"162\" data-original-width=\"162\" data-original-height=\"162\" itemprop=\"http:\/\/schema.org\/image\" title=\"5\" alt=\"5\" style=\"width: 162px; height: 162px;\" \/> <\/a> <\/div> <\/div> <\/div> <\/div>\n<p><!--more--><\/p>\n<p style=\"text-align: justify;\"><span style=\"text-align: center; font-size: 1rem;\"><br \/>\nUne animation qui a beaucoup s\u00e9duit aussi bien les enfants que les encadrants et qui sera r\u00e9-utilis\u00e9e prochainement lors d\u2019un stage USEP au Bois de la Chaise.<\/span>Arriv\u00e9s \u00e0 leur destination, les enfants devait r\u00e9pondre \u00e0 une question pos\u00e9e tel \u00ab quel est le nom de la plage derri\u00e8re vous et pourquoi ? \u00bb. Pour la plage des Dames, les enfants ne trouv\u00e8rent pas toujours de panneaux d\u2019explication et ont donc demand\u00e9 aux passants. C\u2019est en interrogeant des policiers en patrouille qu\u2019ils comprirent que la plages des Dames \u00e9tait nomm\u00e9e ainsi en rapport avec les cabanons sur le long de la plage qui servaient de cabine aux femmes pour enfiler leur tenue de bain. Les enfants apprirent \u00e9galement que les Noirmoutrins plantent \u00e0 chaque naissances un arbre. Une l\u00e9gende y est associ\u00e9e, celle de la f\u00e9e m\u00e9lusine qui aurait fait une potion pour faire pousser tous ces arbres-l\u00e0 en un nuit, ce qui aurait donn\u00e9 cette fameuse for\u00eat domaniale.<\/p>\n","protected":false},"excerpt":{"rendered":"<p>Le 23 mai dernier, nous sommes all\u00e9s \u00e0 la rencontre de la classe d\u00e9couverte Vend\u00e9enne au centre des Lutins \u00e0 Noimoutier. Situ\u00e9 en plein c\u0153ur du Bois de la Chaise, il est un atout pour faire profiter les classes de mer avec la plage des Dames ainsi que toute la [&hellip;]<\/p>\n","protected":false},"author":2,"featured_media":3144,"comment_status":"closed","ping_status":"open","sticky":false,"template":"","format":"standard","meta":{"jetpack_post_was_ever_published":false,"footnotes":"","jetpack_publicize_message":"","jetpack_is_tweetstorm":false,"jetpack_publicize_feature_enabled":true,"jetpack_social_post_already_shared":true,"jetpack_social_options":[]},"categories":[192],"tags":[282,283,284,270],"class_list":["post-2147","post","type-post","status-publish","format-standard","has-post-thumbnail","hentry","category-nos-sejours-noirmoutier","tag-classes-decouvertes","tag-colonies-de-vacances","tag-environnement","tag-etablissements-scolaires"],"jetpack_publicize_connections":[],"yoast_head":"<!-- This site is optimized with the Yoast SEO plugin v20.0 - https:\/\/yoast.com\/wordpress\/plugins\/seo\/ -->\n<title>Le rallye photo du Bois de la Chaise - La Ligue de l&#039;Enseignement de Vend\u00e9e<\/title>\n<meta name=\"robots\" content=\"index, follow, max-snippet:-1, max-image-preview:large, max-video-preview:-1\" \/>\n<link rel=\"canonical\" href=\"http:\/\/www.laligue85.org\/fra\/blog\/2017\/06\/01\/le-rallye-photo-du-bois-de-la-chaise-2\/\" \/>\n<meta property=\"og:locale\" content=\"fr_FR\" \/>\n<meta property=\"og:type\" content=\"article\" \/>\n<meta property=\"og:title\" content=\"Le rallye photo du Bois de la Chaise - La Ligue de l&#039;Enseignement de Vend\u00e9e\" \/>\n<meta property=\"og:description\" content=\"Le 23 mai dernier, nous sommes all\u00e9s \u00e0 la rencontre de la classe d\u00e9couverte Vend\u00e9enne au centre des Lutins \u00e0 Noimoutier. Situ\u00e9 en plein c\u0153ur du Bois de la Chaise, il est un atout pour faire profiter les classes de mer avec la plage des Dames ainsi que toute la [&hellip;]\" \/>\n<meta property=\"og:url\" content=\"http:\/\/www.laligue85.org\/fra\/blog\/2017\/06\/01\/le-rallye-photo-du-bois-de-la-chaise-2\/\" \/>\n<meta property=\"og:site_name\" content=\"La Ligue de l&#039;Enseignement de Vend\u00e9e\" \/>\n<meta property=\"article:published_time\" content=\"2017-06-01T12:25:08+00:00\" \/>\n<meta property=\"article:modified_time\" content=\"2019-05-20T11:53:44+00:00\" \/>\n<meta property=\"og:image\" content=\"http:\/\/www.laligue85.org\/fra\/wp-content\/uploads\/2017\/06\/5.jpg\" \/>\n\t<meta property=\"og:image:width\" content=\"800\" \/>\n\t<meta property=\"og:image:height\" content=\"533\" \/>\n\t<meta property=\"og:image:type\" content=\"image\/jpeg\" \/>\n<meta name=\"author\" content=\"epiveteau\" \/>\n<meta name=\"twitter:card\" content=\"summary_large_image\" \/>\n<meta name=\"twitter:label1\" content=\"\u00c9crit par\" \/>\n\t<meta name=\"twitter:data1\" content=\"epiveteau\" \/>\n\t<meta name=\"twitter:label2\" content=\"Dur\u00e9e de lecture estim\u00e9e\" \/>\n\t<meta name=\"twitter:data2\" content=\"2 minutes\" \/>\n<script type=\"application\/ld+json\" class=\"yoast-schema-graph\">{\"@context\":\"https:\/\/schema.org\",\"@graph\":[{\"@type\":\"WebPage\",\"@id\":\"http:\/\/www.laligue85.org\/fra\/blog\/2017\/06\/01\/le-rallye-photo-du-bois-de-la-chaise-2\/\",\"url\":\"http:\/\/www.laligue85.org\/fra\/blog\/2017\/06\/01\/le-rallye-photo-du-bois-de-la-chaise-2\/\",\"name\":\"Le rallye photo du Bois de la Chaise - La Ligue de l&#039;Enseignement de Vend\u00e9e\",\"isPartOf\":{\"@id\":\"https:\/\/www.laligue85.org\/fra\/#website\"},\"datePublished\":\"2017-06-01T12:25:08+00:00\",\"dateModified\":\"2019-05-20T11:53:44+00:00\",\"author\":{\"@id\":\"https:\/\/www.laligue85.org\/fra\/#\/schema\/person\/45271b6e75b5943f21d354872a5c1a2e\"},\"breadcrumb\":{\"@id\":\"http:\/\/www.laligue85.org\/fra\/blog\/2017\/06\/01\/le-rallye-photo-du-bois-de-la-chaise-2\/#breadcrumb\"},\"inLanguage\":\"fr-FR\",\"potentialAction\":[{\"@type\":\"ReadAction\",\"target\":[\"http:\/\/www.laligue85.org\/fra\/blog\/2017\/06\/01\/le-rallye-photo-du-bois-de-la-chaise-2\/\"]}]},{\"@type\":\"BreadcrumbList\",\"@id\":\"http:\/\/www.laligue85.org\/fra\/blog\/2017\/06\/01\/le-rallye-photo-du-bois-de-la-chaise-2\/#breadcrumb\",\"itemListElement\":[{\"@type\":\"ListItem\",\"position\":1,\"name\":\"Accueil\",\"item\":\"https:\/\/www.laligue85.org\/fra\/\"},{\"@type\":\"ListItem\",\"position\":2,\"name\":\"Le rallye photo du Bois de la Chaise\"}]},{\"@type\":\"WebSite\",\"@id\":\"https:\/\/www.laligue85.org\/fra\/#website\",\"url\":\"https:\/\/www.laligue85.org\/fra\/\",\"name\":\"La Ligue de l&#039;Enseignement de Vend\u00e9e\",\"description\":\"F\u00e9d\u00e9ration d&#039;\u00e9ducation populaire\",\"potentialAction\":[{\"@type\":\"SearchAction\",\"target\":{\"@type\":\"EntryPoint\",\"urlTemplate\":\"https:\/\/www.laligue85.org\/fra\/?s={search_term_string}\"},\"query-input\":\"required name=search_term_string\"}],\"inLanguage\":\"fr-FR\"},{\"@type\":\"Person\",\"@id\":\"https:\/\/www.laligue85.org\/fra\/#\/schema\/person\/45271b6e75b5943f21d354872a5c1a2e\",\"name\":\"epiveteau\",\"image\":{\"@type\":\"ImageObject\",\"inLanguage\":\"fr-FR\",\"@id\":\"https:\/\/www.laligue85.org\/fra\/#\/schema\/person\/image\/\",\"url\":\"https:\/\/secure.gravatar.com\/avatar\/7fedac7ddc713994f9815c37f877ecb7?s=96&d=mm&r=g\",\"contentUrl\":\"https:\/\/secure.gravatar.com\/avatar\/7fedac7ddc713994f9815c37f877ecb7?s=96&d=mm&r=g\",\"caption\":\"epiveteau\"},\"url\":\"http:\/\/www.laligue85.org\/fra\/blog\/author\/epiveteau\/\"}]}<\/script>\n<!-- \/ Yoast SEO plugin. -->","yoast_head_json":{"title":"Le rallye photo du Bois de la Chaise - La Ligue de l&#039;Enseignement de Vend\u00e9e","robots":{"index":"index","follow":"follow","max-snippet":"max-snippet:-1","max-image-preview":"max-image-preview:large","max-video-preview":"max-video-preview:-1"},"canonical":"http:\/\/www.laligue85.org\/fra\/blog\/2017\/06\/01\/le-rallye-photo-du-bois-de-la-chaise-2\/","og_locale":"fr_FR","og_type":"article","og_title":"Le rallye photo du Bois de la Chaise - La Ligue de l&#039;Enseignement de Vend\u00e9e","og_description":"Le 23 mai dernier, nous sommes all\u00e9s \u00e0 la rencontre de la classe d\u00e9couverte Vend\u00e9enne au centre des Lutins \u00e0 Noimoutier. Situ\u00e9 en plein c\u0153ur du Bois de la Chaise, il est un atout pour faire profiter les classes de mer avec la plage des Dames ainsi que toute la [&hellip;]","og_url":"http:\/\/www.laligue85.org\/fra\/blog\/2017\/06\/01\/le-rallye-photo-du-bois-de-la-chaise-2\/","og_site_name":"La Ligue de l&#039;Enseignement de Vend\u00e9e","article_published_time":"2017-06-01T12:25:08+00:00","article_modified_time":"2019-05-20T11:53:44+00:00","og_image":[{"width":800,"height":533,"url":"http:\/\/www.laligue85.org\/fra\/wp-content\/uploads\/2017\/06\/5.jpg","type":"image\/jpeg"}],"author":"epiveteau","twitter_card":"summary_large_image","twitter_misc":{"\u00c9crit par":"epiveteau","Dur\u00e9e de lecture estim\u00e9e":"2 minutes"},"schema":{"@context":"https:\/\/schema.org","@graph":[{"@type":"WebPage","@id":"http:\/\/www.laligue85.org\/fra\/blog\/2017\/06\/01\/le-rallye-photo-du-bois-de-la-chaise-2\/","url":"http:\/\/www.laligue85.org\/fra\/blog\/2017\/06\/01\/le-rallye-photo-du-bois-de-la-chaise-2\/","name":"Le rallye photo du Bois de la Chaise - La Ligue de l&#039;Enseignement de Vend\u00e9e","isPartOf":{"@id":"https:\/\/www.laligue85.org\/fra\/#website"},"datePublished":"2017-06-01T12:25:08+00:00","dateModified":"2019-05-20T11:53:44+00:00","author":{"@id":"https:\/\/www.laligue85.org\/fra\/#\/schema\/person\/45271b6e75b5943f21d354872a5c1a2e"},"breadcrumb":{"@id":"http:\/\/www.laligue85.org\/fra\/blog\/2017\/06\/01\/le-rallye-photo-du-bois-de-la-chaise-2\/#breadcrumb"},"inLanguage":"fr-FR","potentialAction":[{"@type":"ReadAction","target":["http:\/\/www.laligue85.org\/fra\/blog\/2017\/06\/01\/le-rallye-photo-du-bois-de-la-chaise-2\/"]}]},{"@type":"BreadcrumbList","@id":"http:\/\/www.laligue85.org\/fra\/blog\/2017\/06\/01\/le-rallye-photo-du-bois-de-la-chaise-2\/#breadcrumb","itemListElement":[{"@type":"ListItem","position":1,"name":"Accueil","item":"https:\/\/www.laligue85.org\/fra\/"},{"@type":"ListItem","position":2,"name":"Le rallye photo du Bois de la Chaise"}]},{"@type":"WebSite","@id":"https:\/\/www.laligue85.org\/fra\/#website","url":"https:\/\/www.laligue85.org\/fra\/","name":"La Ligue de l&#039;Enseignement de Vend\u00e9e","description":"F\u00e9d\u00e9ration d&#039;\u00e9ducation populaire","potentialAction":[{"@type":"SearchAction","target":{"@type":"EntryPoint","urlTemplate":"https:\/\/www.laligue85.org\/fra\/?s={search_term_string}"},"query-input":"required name=search_term_string"}],"inLanguage":"fr-FR"},{"@type":"Person","@id":"https:\/\/www.laligue85.org\/fra\/#\/schema\/person\/45271b6e75b5943f21d354872a5c1a2e","name":"epiveteau","image":{"@type":"ImageObject","inLanguage":"fr-FR","@id":"https:\/\/www.laligue85.org\/fra\/#\/schema\/person\/image\/","url":"https:\/\/secure.gravatar.com\/avatar\/7fedac7ddc713994f9815c37f877ecb7?s=96&d=mm&r=g","contentUrl":"https:\/\/secure.gravatar.com\/avatar\/7fedac7ddc713994f9815c37f877ecb7?s=96&d=mm&r=g","caption":"epiveteau"},"url":"http:\/\/www.laligue85.org\/fra\/blog\/author\/epiveteau\/"}]}},"jetpack_featured_media_url":"http:\/\/www.laligue85.org\/fra\/wp-content\/uploads\/2017\/06\/5.jpg","jetpack_shortlink":"https:\/\/wp.me\/p9Chnq-yD","_links":{"self":[{"href":"http:\/\/www.laligue85.org\/fra\/wp-json\/wp\/v2\/posts\/2147","targetHints":{"allow":["GET"]}}],"collection":[{"href":"http:\/\/www.laligue85.org\/fra\/wp-json\/wp\/v2\/posts"}],"about":[{"href":"http:\/\/www.laligue85.org\/fra\/wp-json\/wp\/v2\/types\/post"}],"author":[{"embeddable":true,"href":"http:\/\/www.laligue85.org\/fra\/wp-json\/wp\/v2\/users\/2"}],"replies":[{"embeddable":true,"href":"http:\/\/www.laligue85.org\/fra\/wp-json\/wp\/v2\/comments?post=2147"}],"version-history":[{"count":3,"href":"http:\/\/www.laligue85.org\/fra\/wp-json\/wp\/v2\/posts\/2147\/revisions"}],"predecessor-version":[{"id":9573,"href":"http:\/\/www.laligue85.org\/fra\/wp-json\/wp\/v2\/posts\/2147\/revisions\/9573"}],"wp:featuredmedia":[{"embeddable":true,"href":"http:\/\/www.laligue85.org\/fra\/wp-json\/wp\/v2\/media\/3144"}],"wp:attachment":[{"href":"http:\/\/www.laligue85.org\/fra\/wp-json\/wp\/v2\/media?parent=2147"}],"wp:term":[{"taxonomy":"category","embeddable":true,"href":"http:\/\/www.laligue85.org\/fra\/wp-json\/wp\/v2\/categories?post=2147"},{"taxonomy":"post_tag","embeddable":true,"href":"http:\/\/www.laligue85.org\/fra\/wp-json\/wp\/v2\/tags?post=2147"}],"curies":[{"name":"wp","href":"https:\/\/api.w.org\/{rel}","templated":true}]}}