{"id":2160,"date":"2017-08-07T15:15:25","date_gmt":"2017-08-07T13:15:25","guid":{"rendered":"http:\/\/www.laligue85.org\/fra\/blog\/2017\/08\/07\/communique-de-presse-2\/"},"modified":"2018-07-05T14:48:15","modified_gmt":"2018-07-05T12:48:15","slug":"communique-de-presse-2","status":"publish","type":"post","link":"http:\/\/www.laligue85.org\/fra\/blog\/2017\/08\/07\/communique-de-presse-2\/","title":{"rendered":"Communiqu\u00e9 de presse"},"content":{"rendered":"<p align=\"center\">Communiqu\u00e9 de presse<\/p>\n<p align=\"center\"><strong>R\u00e9action du <em>Carrefour d\u2019action la\u00efque de Vend\u00e9e\u00a0<\/em><\/strong><strong style=\"font-size: 12.16px\">sur la carte scolaire au Pays des Achards<\/strong><\/p>\n<p style=\"text-align: justify\" align=\"center\"><span style=\"font-size: 12.16px\">Dans l\u2019\u00e9dition d\u2019<a href=\"http:\/\/www.ouest-france.fr\/pays-de-la-loire\/les-achards-85150\/haute-tension-autour-de-la-carte-scolaire-5168904\" target=\"_blank\">Ouest-France du mardi 1er ao\u00fbt<\/a>, les initiatives de la Communaut\u00e9 de Communes des Achards appellent le <\/span><em style=\"font-size: 12.16px\">Carrefour d\u2019action la\u00efque<\/em><span style=\"font-size: 12.16px\">\u00a0 \u00e0 r\u00e9agir.<\/span><\/p>\n<p style=\"text-align: justify\">Il est obligatoire que le service public de l\u2019\u00e9ducation nationale soit pr\u00e9serv\u00e9 et am\u00e9lior\u00e9 en milieu rural\u00a0; la carte scolaire doit rester comp\u00e9tence communale.<\/p>\n<p style=\"text-align: justify\">Le droit de l\u2019enfant doit \u00eatre respect\u00e9\u00a0; les familles doivent b\u00e9n\u00e9ficier d\u2019un service public de proximit\u00e9.<\/p>\n<p style=\"text-align: justify\">\u00c0 d\u00e9faut d\u2019\u00e9cole publique dans une commune (par exemple Martinet), le Maire ne peut s\u2019opposer \u00e0 toute demande de compensations financi\u00e8res envoy\u00e9es par la commune d\u2019accueil en respect de la loi r\u00e9publicaine. Le Pr\u00e9fet peut exiger, \u00e0 l\u2019inscription au budget de la CCPA, que la contribution soit bas\u00e9e sur le co\u00fbt moyen d\u2019un \u00e9l\u00e8ve de l\u2019\u00e9cole publique en Vend\u00e9e. \u00c0 ce sujet, on s\u2019\u00e9tonne des diff\u00e9rences d\u2019une commune \u00e0 une autre.<\/p>\n<p style=\"text-align: justify\">Une imposture r\u00e9side dans l\u2019argument fallacieux du \u00ab\u00a0caract\u00e8re propre\u00a0\u00bb entretenu par les tenants de l\u2019\u00e9cole priv\u00e9e et les \u00e9lus qui les soutiennent\u00a0\u2013 imposture selon laquelle, au nom de l\u2019\u00e9galit\u00e9 de traitement de tous les enfants, un subventionnement public s\u2019impose, alors qu\u2019ils s\u2019exon\u00e8rent dans le m\u00eame temps des r\u00e8gles communes du service public.<\/p>\n<p style=\"text-align: justify\">Le Carrefour d\u2019action la\u00efque demeure vigilant sur l\u2019\u00e9volution de ce dossier.<\/p>\n","protected":false},"excerpt":{"rendered":"<p>Communiqu\u00e9 de presse R\u00e9action du Carrefour d\u2019action la\u00efque de Vend\u00e9e\u00a0sur la carte scolaire au Pays des Achards Dans l\u2019\u00e9dition d\u2019Ouest-France du mardi 1er ao\u00fbt, les initiatives de la Communaut\u00e9 de Communes des Achards appellent le Carrefour d\u2019action la\u00efque\u00a0 \u00e0 r\u00e9agir. Il est obligatoire que le service public de l\u2019\u00e9ducation nationale [&hellip;]<\/p>\n","protected":false},"author":2,"featured_media":0,"comment_status":"open","ping_status":"open","sticky":false,"template":"","format":"standard","meta":{"jetpack_post_was_ever_published":false,"footnotes":"","jetpack_publicize_message":"","jetpack_is_tweetstorm":false,"jetpack_publicize_feature_enabled":true,"jetpack_social_post_already_shared":true,"jetpack_social_options":[]},"categories":[262],"tags":[],"class_list":["post-2160","post","type-post","status-publish","format-standard","hentry","category-collectif-daction-laique"],"jetpack_publicize_connections":[],"yoast_head":"<!-- This site is optimized with the Yoast SEO plugin v20.0 - https:\/\/yoast.com\/wordpress\/plugins\/seo\/ -->\n<title>Communiqu\u00e9 de presse - La Ligue de l&#039;Enseignement de Vend\u00e9e<\/title>\n<meta name=\"robots\" content=\"index, follow, max-snippet:-1, max-image-preview:large, max-video-preview:-1\" \/>\n<link rel=\"canonical\" href=\"http:\/\/www.laligue85.org\/fra\/blog\/2017\/08\/07\/communique-de-presse-2\/\" \/>\n<meta property=\"og:locale\" content=\"fr_FR\" \/>\n<meta property=\"og:type\" content=\"article\" \/>\n<meta property=\"og:title\" content=\"Communiqu\u00e9 de presse - La Ligue de l&#039;Enseignement de Vend\u00e9e\" \/>\n<meta property=\"og:description\" content=\"Communiqu\u00e9 de presse R\u00e9action du Carrefour d\u2019action la\u00efque de Vend\u00e9e\u00a0sur la carte scolaire au Pays des Achards Dans l\u2019\u00e9dition d\u2019Ouest-France du mardi 1er ao\u00fbt, les initiatives de la Communaut\u00e9 de Communes des Achards appellent le Carrefour d\u2019action la\u00efque\u00a0 \u00e0 r\u00e9agir. Il est obligatoire que le service public de l\u2019\u00e9ducation nationale [&hellip;]\" \/>\n<meta property=\"og:url\" content=\"http:\/\/www.laligue85.org\/fra\/blog\/2017\/08\/07\/communique-de-presse-2\/\" \/>\n<meta property=\"og:site_name\" content=\"La Ligue de l&#039;Enseignement de Vend\u00e9e\" \/>\n<meta property=\"article:published_time\" content=\"2017-08-07T13:15:25+00:00\" \/>\n<meta property=\"article:modified_time\" content=\"2018-07-05T12:48:15+00:00\" \/>\n<meta name=\"author\" content=\"epiveteau\" \/>\n<meta name=\"twitter:card\" content=\"summary_large_image\" \/>\n<meta name=\"twitter:label1\" content=\"\u00c9crit par\" \/>\n\t<meta name=\"twitter:data1\" content=\"epiveteau\" \/>\n\t<meta name=\"twitter:label2\" content=\"Dur\u00e9e de lecture estim\u00e9e\" \/>\n\t<meta name=\"twitter:data2\" content=\"1 minute\" \/>\n<script type=\"application\/ld+json\" class=\"yoast-schema-graph\">{\"@context\":\"https:\/\/schema.org\",\"@graph\":[{\"@type\":\"WebPage\",\"@id\":\"http:\/\/www.laligue85.org\/fra\/blog\/2017\/08\/07\/communique-de-presse-2\/\",\"url\":\"http:\/\/www.laligue85.org\/fra\/blog\/2017\/08\/07\/communique-de-presse-2\/\",\"name\":\"Communiqu\u00e9 de presse - La Ligue de l&#039;Enseignement de Vend\u00e9e\",\"isPartOf\":{\"@id\":\"http:\/\/www.laligue85.org\/fra\/#website\"},\"datePublished\":\"2017-08-07T13:15:25+00:00\",\"dateModified\":\"2018-07-05T12:48:15+00:00\",\"author\":{\"@id\":\"http:\/\/www.laligue85.org\/fra\/#\/schema\/person\/45271b6e75b5943f21d354872a5c1a2e\"},\"breadcrumb\":{\"@id\":\"http:\/\/www.laligue85.org\/fra\/blog\/2017\/08\/07\/communique-de-presse-2\/#breadcrumb\"},\"inLanguage\":\"fr-FR\",\"potentialAction\":[{\"@type\":\"ReadAction\",\"target\":[\"http:\/\/www.laligue85.org\/fra\/blog\/2017\/08\/07\/communique-de-presse-2\/\"]}]},{\"@type\":\"BreadcrumbList\",\"@id\":\"http:\/\/www.laligue85.org\/fra\/blog\/2017\/08\/07\/communique-de-presse-2\/#breadcrumb\",\"itemListElement\":[{\"@type\":\"ListItem\",\"position\":1,\"name\":\"Accueil\",\"item\":\"http:\/\/www.laligue85.org\/fra\/\"},{\"@type\":\"ListItem\",\"position\":2,\"name\":\"Communiqu\u00e9 de presse\"}]},{\"@type\":\"WebSite\",\"@id\":\"http:\/\/www.laligue85.org\/fra\/#website\",\"url\":\"http:\/\/www.laligue85.org\/fra\/\",\"name\":\"La Ligue de l&#039;Enseignement de Vend\u00e9e\",\"description\":\"F\u00e9d\u00e9ration d&#039;\u00e9ducation populaire\",\"potentialAction\":[{\"@type\":\"SearchAction\",\"target\":{\"@type\":\"EntryPoint\",\"urlTemplate\":\"http:\/\/www.laligue85.org\/fra\/?s={search_term_string}\"},\"query-input\":\"required name=search_term_string\"}],\"inLanguage\":\"fr-FR\"},{\"@type\":\"Person\",\"@id\":\"http:\/\/www.laligue85.org\/fra\/#\/schema\/person\/45271b6e75b5943f21d354872a5c1a2e\",\"name\":\"epiveteau\",\"image\":{\"@type\":\"ImageObject\",\"inLanguage\":\"fr-FR\",\"@id\":\"http:\/\/www.laligue85.org\/fra\/#\/schema\/person\/image\/\",\"url\":\"https:\/\/secure.gravatar.com\/avatar\/7fedac7ddc713994f9815c37f877ecb7?s=96&d=mm&r=g\",\"contentUrl\":\"https:\/\/secure.gravatar.com\/avatar\/7fedac7ddc713994f9815c37f877ecb7?s=96&d=mm&r=g\",\"caption\":\"epiveteau\"},\"url\":\"http:\/\/www.laligue85.org\/fra\/blog\/author\/epiveteau\/\"}]}<\/script>\n<!-- \/ Yoast SEO plugin. -->","yoast_head_json":{"title":"Communiqu\u00e9 de presse - La Ligue de l&#039;Enseignement de Vend\u00e9e","robots":{"index":"index","follow":"follow","max-snippet":"max-snippet:-1","max-image-preview":"max-image-preview:large","max-video-preview":"max-video-preview:-1"},"canonical":"http:\/\/www.laligue85.org\/fra\/blog\/2017\/08\/07\/communique-de-presse-2\/","og_locale":"fr_FR","og_type":"article","og_title":"Communiqu\u00e9 de presse - La Ligue de l&#039;Enseignement de Vend\u00e9e","og_description":"Communiqu\u00e9 de presse R\u00e9action du Carrefour d\u2019action la\u00efque de Vend\u00e9e\u00a0sur la carte scolaire au Pays des Achards Dans l\u2019\u00e9dition d\u2019Ouest-France du mardi 1er ao\u00fbt, les initiatives de la Communaut\u00e9 de Communes des Achards appellent le Carrefour d\u2019action la\u00efque\u00a0 \u00e0 r\u00e9agir. Il est obligatoire que le service public de l\u2019\u00e9ducation nationale [&hellip;]","og_url":"http:\/\/www.laligue85.org\/fra\/blog\/2017\/08\/07\/communique-de-presse-2\/","og_site_name":"La Ligue de l&#039;Enseignement de Vend\u00e9e","article_published_time":"2017-08-07T13:15:25+00:00","article_modified_time":"2018-07-05T12:48:15+00:00","author":"epiveteau","twitter_card":"summary_large_image","twitter_misc":{"\u00c9crit par":"epiveteau","Dur\u00e9e de lecture estim\u00e9e":"1 minute"},"schema":{"@context":"https:\/\/schema.org","@graph":[{"@type":"WebPage","@id":"http:\/\/www.laligue85.org\/fra\/blog\/2017\/08\/07\/communique-de-presse-2\/","url":"http:\/\/www.laligue85.org\/fra\/blog\/2017\/08\/07\/communique-de-presse-2\/","name":"Communiqu\u00e9 de presse - La Ligue de l&#039;Enseignement de Vend\u00e9e","isPartOf":{"@id":"http:\/\/www.laligue85.org\/fra\/#website"},"datePublished":"2017-08-07T13:15:25+00:00","dateModified":"2018-07-05T12:48:15+00:00","author":{"@id":"http:\/\/www.laligue85.org\/fra\/#\/schema\/person\/45271b6e75b5943f21d354872a5c1a2e"},"breadcrumb":{"@id":"http:\/\/www.laligue85.org\/fra\/blog\/2017\/08\/07\/communique-de-presse-2\/#breadcrumb"},"inLanguage":"fr-FR","potentialAction":[{"@type":"ReadAction","target":["http:\/\/www.laligue85.org\/fra\/blog\/2017\/08\/07\/communique-de-presse-2\/"]}]},{"@type":"BreadcrumbList","@id":"http:\/\/www.laligue85.org\/fra\/blog\/2017\/08\/07\/communique-de-presse-2\/#breadcrumb","itemListElement":[{"@type":"ListItem","position":1,"name":"Accueil","item":"http:\/\/www.laligue85.org\/fra\/"},{"@type":"ListItem","position":2,"name":"Communiqu\u00e9 de presse"}]},{"@type":"WebSite","@id":"http:\/\/www.laligue85.org\/fra\/#website","url":"http:\/\/www.laligue85.org\/fra\/","name":"La Ligue de l&#039;Enseignement de Vend\u00e9e","description":"F\u00e9d\u00e9ration d&#039;\u00e9ducation populaire","potentialAction":[{"@type":"SearchAction","target":{"@type":"EntryPoint","urlTemplate":"http:\/\/www.laligue85.org\/fra\/?s={search_term_string}"},"query-input":"required name=search_term_string"}],"inLanguage":"fr-FR"},{"@type":"Person","@id":"http:\/\/www.laligue85.org\/fra\/#\/schema\/person\/45271b6e75b5943f21d354872a5c1a2e","name":"epiveteau","image":{"@type":"ImageObject","inLanguage":"fr-FR","@id":"http:\/\/www.laligue85.org\/fra\/#\/schema\/person\/image\/","url":"https:\/\/secure.gravatar.com\/avatar\/7fedac7ddc713994f9815c37f877ecb7?s=96&d=mm&r=g","contentUrl":"https:\/\/secure.gravatar.com\/avatar\/7fedac7ddc713994f9815c37f877ecb7?s=96&d=mm&r=g","caption":"epiveteau"},"url":"http:\/\/www.laligue85.org\/fra\/blog\/author\/epiveteau\/"}]}},"jetpack_featured_media_url":"","jetpack_shortlink":"https:\/\/wp.me\/p9Chnq-yQ","_links":{"self":[{"href":"http:\/\/www.laligue85.org\/fra\/wp-json\/wp\/v2\/posts\/2160","targetHints":{"allow":["GET"]}}],"collection":[{"href":"http:\/\/www.laligue85.org\/fra\/wp-json\/wp\/v2\/posts"}],"about":[{"href":"http:\/\/www.laligue85.org\/fra\/wp-json\/wp\/v2\/types\/post"}],"author":[{"embeddable":true,"href":"http:\/\/www.laligue85.org\/fra\/wp-json\/wp\/v2\/users\/2"}],"replies":[{"embeddable":true,"href":"http:\/\/www.laligue85.org\/fra\/wp-json\/wp\/v2\/comments?post=2160"}],"version-history":[{"count":1,"href":"http:\/\/www.laligue85.org\/fra\/wp-json\/wp\/v2\/posts\/2160\/revisions"}],"predecessor-version":[{"id":2810,"href":"http:\/\/www.laligue85.org\/fra\/wp-json\/wp\/v2\/posts\/2160\/revisions\/2810"}],"wp:attachment":[{"href":"http:\/\/www.laligue85.org\/fra\/wp-json\/wp\/v2\/media?parent=2160"}],"wp:term":[{"taxonomy":"category","embeddable":true,"href":"http:\/\/www.laligue85.org\/fra\/wp-json\/wp\/v2\/categories?post=2160"},{"taxonomy":"post_tag","embeddable":true,"href":"http:\/\/www.laligue85.org\/fra\/wp-json\/wp\/v2\/tags?post=2160"}],"curies":[{"name":"wp","href":"https:\/\/api.w.org\/{rel}","templated":true}]}}