{"id":2164,"date":"2017-09-14T16:21:24","date_gmt":"2017-09-14T14:21:24","guid":{"rendered":"http:\/\/www.laligue85.org\/fra\/blog\/2017\/09\/14\/gel-des-contrats-aides-la-vie-associative-reagit-2\/"},"modified":"2018-07-05T14:35:51","modified_gmt":"2018-07-05T12:35:51","slug":"gel-des-contrats-aides-la-vie-associative-reagit-2","status":"publish","type":"post","link":"http:\/\/www.laligue85.org\/fra\/blog\/2017\/09\/14\/gel-des-contrats-aides-la-vie-associative-reagit-2\/","title":{"rendered":"Gel des contrats aid\u00e9s : la vie associative r\u00e9agit !"},"content":{"rendered":"<p style=\"text-align: justify\">Le Mouvement associatif, dont fait partie La Ligue de l&rsquo;enseignement, d\u00e9nonce l\u2019annonce sans pr\u00e9avis et sans concertation de la r\u00e9duction brutale des contrats aid\u00e9s en 2017 et leur diminution drastique en 2018.<br \/>Il demande au gouvernement le maintien pour 2017 et 2018 du nombre de contrats aid\u00e9s, et le lancement d\u2019une concertation sur le sujet.<\/p>\n<p style=\"text-align: justify\">Dans son communiqu\u00e9 du 8 septembre,\u00a0<a href=\"http:\/\/lemouvementassociatif-pdl.org\/wp-content\/uploads\/2015\/04\/LMA_CP_08092017_contratsaides_com_gvnt.pdf\" class=\"mtli_attachment mtli_pdf\" target=\"_blank\">Le Mouvement associatif d\u00e9nonce en particulier l\u2019incitation faite aux Pr\u00e9fets de recourir au service civique pour compenser la diminution des contrats aid\u00e9s.<\/a><\/p>\n<p style=\"text-align: justify\"><strong>A consulter :<\/strong><\/p>\n<ul>\n<li><a href=\"http:\/\/lemouvementassociatif-pdl.org\/gel-des-contrats-aides-les-associations-demandent-au-gouvernement-de-revenir-sur-sa-decision\/\" target=\"_blank\">Le site du Mouvement Associatif<\/a><\/li>\n<\/ul>\n<p style=\"text-align: justify\">\u00a0<\/p>\n","protected":false},"excerpt":{"rendered":"<p>Le Mouvement associatif, dont fait partie La Ligue de l&rsquo;enseignement, d\u00e9nonce l\u2019annonce sans pr\u00e9avis et sans concertation de la r\u00e9duction brutale des contrats aid\u00e9s en 2017 et leur diminution drastique en 2018.Il demande au gouvernement le maintien pour 2017 et 2018 du nombre de contrats aid\u00e9s, et le lancement d\u2019une [&hellip;]<\/p>\n","protected":false},"author":2,"featured_media":0,"comment_status":"closed","ping_status":"open","sticky":false,"template":"","format":"standard","meta":{"jetpack_post_was_ever_published":false,"footnotes":"","jetpack_publicize_message":"","jetpack_is_tweetstorm":false,"jetpack_publicize_feature_enabled":true,"jetpack_social_post_already_shared":true,"jetpack_social_options":[]},"categories":[261],"tags":[],"class_list":["post-2164","post","type-post","status-publish","format-standard","hentry","category-communiques"],"jetpack_publicize_connections":[],"yoast_head":"<!-- This site is optimized with the Yoast SEO plugin v20.0 - https:\/\/yoast.com\/wordpress\/plugins\/seo\/ -->\n<title>Gel des contrats aid\u00e9s : la vie associative r\u00e9agit ! - La Ligue de l&#039;Enseignement de Vend\u00e9e<\/title>\n<meta name=\"robots\" content=\"index, follow, max-snippet:-1, max-image-preview:large, max-video-preview:-1\" \/>\n<link rel=\"canonical\" href=\"http:\/\/www.laligue85.org\/fra\/blog\/2017\/09\/14\/gel-des-contrats-aides-la-vie-associative-reagit-2\/\" \/>\n<meta property=\"og:locale\" content=\"fr_FR\" \/>\n<meta property=\"og:type\" content=\"article\" \/>\n<meta property=\"og:title\" content=\"Gel des contrats aid\u00e9s : la vie associative r\u00e9agit ! - La Ligue de l&#039;Enseignement de Vend\u00e9e\" \/>\n<meta property=\"og:description\" content=\"Le Mouvement associatif, dont fait partie La Ligue de l&rsquo;enseignement, d\u00e9nonce l\u2019annonce sans pr\u00e9avis et sans concertation de la r\u00e9duction brutale des contrats aid\u00e9s en 2017 et leur diminution drastique en 2018.Il demande au gouvernement le maintien pour 2017 et 2018 du nombre de contrats aid\u00e9s, et le lancement d\u2019une [&hellip;]\" \/>\n<meta property=\"og:url\" content=\"http:\/\/www.laligue85.org\/fra\/blog\/2017\/09\/14\/gel-des-contrats-aides-la-vie-associative-reagit-2\/\" \/>\n<meta property=\"og:site_name\" content=\"La Ligue de l&#039;Enseignement de Vend\u00e9e\" \/>\n<meta property=\"article:published_time\" content=\"2017-09-14T14:21:24+00:00\" \/>\n<meta property=\"article:modified_time\" content=\"2018-07-05T12:35:51+00:00\" \/>\n<meta name=\"author\" content=\"epiveteau\" \/>\n<meta name=\"twitter:card\" content=\"summary_large_image\" \/>\n<meta name=\"twitter:label1\" content=\"\u00c9crit par\" \/>\n\t<meta name=\"twitter:data1\" content=\"epiveteau\" \/>\n<script type=\"application\/ld+json\" class=\"yoast-schema-graph\">{\"@context\":\"https:\/\/schema.org\",\"@graph\":[{\"@type\":\"WebPage\",\"@id\":\"http:\/\/www.laligue85.org\/fra\/blog\/2017\/09\/14\/gel-des-contrats-aides-la-vie-associative-reagit-2\/\",\"url\":\"http:\/\/www.laligue85.org\/fra\/blog\/2017\/09\/14\/gel-des-contrats-aides-la-vie-associative-reagit-2\/\",\"name\":\"Gel des contrats aid\u00e9s : la vie associative r\u00e9agit ! - La Ligue de l&#039;Enseignement de Vend\u00e9e\",\"isPartOf\":{\"@id\":\"http:\/\/www.laligue85.org\/fra\/#website\"},\"datePublished\":\"2017-09-14T14:21:24+00:00\",\"dateModified\":\"2018-07-05T12:35:51+00:00\",\"author\":{\"@id\":\"http:\/\/www.laligue85.org\/fra\/#\/schema\/person\/45271b6e75b5943f21d354872a5c1a2e\"},\"breadcrumb\":{\"@id\":\"http:\/\/www.laligue85.org\/fra\/blog\/2017\/09\/14\/gel-des-contrats-aides-la-vie-associative-reagit-2\/#breadcrumb\"},\"inLanguage\":\"fr-FR\",\"potentialAction\":[{\"@type\":\"ReadAction\",\"target\":[\"http:\/\/www.laligue85.org\/fra\/blog\/2017\/09\/14\/gel-des-contrats-aides-la-vie-associative-reagit-2\/\"]}]},{\"@type\":\"BreadcrumbList\",\"@id\":\"http:\/\/www.laligue85.org\/fra\/blog\/2017\/09\/14\/gel-des-contrats-aides-la-vie-associative-reagit-2\/#breadcrumb\",\"itemListElement\":[{\"@type\":\"ListItem\",\"position\":1,\"name\":\"Accueil\",\"item\":\"http:\/\/www.laligue85.org\/fra\/\"},{\"@type\":\"ListItem\",\"position\":2,\"name\":\"Gel des contrats aid\u00e9s : la vie associative r\u00e9agit !\"}]},{\"@type\":\"WebSite\",\"@id\":\"http:\/\/www.laligue85.org\/fra\/#website\",\"url\":\"http:\/\/www.laligue85.org\/fra\/\",\"name\":\"La Ligue de l&#039;Enseignement de Vend\u00e9e\",\"description\":\"F\u00e9d\u00e9ration d&#039;\u00e9ducation populaire\",\"potentialAction\":[{\"@type\":\"SearchAction\",\"target\":{\"@type\":\"EntryPoint\",\"urlTemplate\":\"http:\/\/www.laligue85.org\/fra\/?s={search_term_string}\"},\"query-input\":\"required name=search_term_string\"}],\"inLanguage\":\"fr-FR\"},{\"@type\":\"Person\",\"@id\":\"http:\/\/www.laligue85.org\/fra\/#\/schema\/person\/45271b6e75b5943f21d354872a5c1a2e\",\"name\":\"epiveteau\",\"image\":{\"@type\":\"ImageObject\",\"inLanguage\":\"fr-FR\",\"@id\":\"http:\/\/www.laligue85.org\/fra\/#\/schema\/person\/image\/\",\"url\":\"https:\/\/secure.gravatar.com\/avatar\/7fedac7ddc713994f9815c37f877ecb7?s=96&d=mm&r=g\",\"contentUrl\":\"https:\/\/secure.gravatar.com\/avatar\/7fedac7ddc713994f9815c37f877ecb7?s=96&d=mm&r=g\",\"caption\":\"epiveteau\"},\"url\":\"http:\/\/www.laligue85.org\/fra\/blog\/author\/epiveteau\/\"}]}<\/script>\n<!-- \/ Yoast SEO plugin. -->","yoast_head_json":{"title":"Gel des contrats aid\u00e9s : la vie associative r\u00e9agit ! - La Ligue de l&#039;Enseignement de Vend\u00e9e","robots":{"index":"index","follow":"follow","max-snippet":"max-snippet:-1","max-image-preview":"max-image-preview:large","max-video-preview":"max-video-preview:-1"},"canonical":"http:\/\/www.laligue85.org\/fra\/blog\/2017\/09\/14\/gel-des-contrats-aides-la-vie-associative-reagit-2\/","og_locale":"fr_FR","og_type":"article","og_title":"Gel des contrats aid\u00e9s : la vie associative r\u00e9agit ! - La Ligue de l&#039;Enseignement de Vend\u00e9e","og_description":"Le Mouvement associatif, dont fait partie La Ligue de l&rsquo;enseignement, d\u00e9nonce l\u2019annonce sans pr\u00e9avis et sans concertation de la r\u00e9duction brutale des contrats aid\u00e9s en 2017 et leur diminution drastique en 2018.Il demande au gouvernement le maintien pour 2017 et 2018 du nombre de contrats aid\u00e9s, et le lancement d\u2019une [&hellip;]","og_url":"http:\/\/www.laligue85.org\/fra\/blog\/2017\/09\/14\/gel-des-contrats-aides-la-vie-associative-reagit-2\/","og_site_name":"La Ligue de l&#039;Enseignement de Vend\u00e9e","article_published_time":"2017-09-14T14:21:24+00:00","article_modified_time":"2018-07-05T12:35:51+00:00","author":"epiveteau","twitter_card":"summary_large_image","twitter_misc":{"\u00c9crit par":"epiveteau"},"schema":{"@context":"https:\/\/schema.org","@graph":[{"@type":"WebPage","@id":"http:\/\/www.laligue85.org\/fra\/blog\/2017\/09\/14\/gel-des-contrats-aides-la-vie-associative-reagit-2\/","url":"http:\/\/www.laligue85.org\/fra\/blog\/2017\/09\/14\/gel-des-contrats-aides-la-vie-associative-reagit-2\/","name":"Gel des contrats aid\u00e9s : la vie associative r\u00e9agit ! - La Ligue de l&#039;Enseignement de Vend\u00e9e","isPartOf":{"@id":"http:\/\/www.laligue85.org\/fra\/#website"},"datePublished":"2017-09-14T14:21:24+00:00","dateModified":"2018-07-05T12:35:51+00:00","author":{"@id":"http:\/\/www.laligue85.org\/fra\/#\/schema\/person\/45271b6e75b5943f21d354872a5c1a2e"},"breadcrumb":{"@id":"http:\/\/www.laligue85.org\/fra\/blog\/2017\/09\/14\/gel-des-contrats-aides-la-vie-associative-reagit-2\/#breadcrumb"},"inLanguage":"fr-FR","potentialAction":[{"@type":"ReadAction","target":["http:\/\/www.laligue85.org\/fra\/blog\/2017\/09\/14\/gel-des-contrats-aides-la-vie-associative-reagit-2\/"]}]},{"@type":"BreadcrumbList","@id":"http:\/\/www.laligue85.org\/fra\/blog\/2017\/09\/14\/gel-des-contrats-aides-la-vie-associative-reagit-2\/#breadcrumb","itemListElement":[{"@type":"ListItem","position":1,"name":"Accueil","item":"http:\/\/www.laligue85.org\/fra\/"},{"@type":"ListItem","position":2,"name":"Gel des contrats aid\u00e9s : la vie associative r\u00e9agit !"}]},{"@type":"WebSite","@id":"http:\/\/www.laligue85.org\/fra\/#website","url":"http:\/\/www.laligue85.org\/fra\/","name":"La Ligue de l&#039;Enseignement de Vend\u00e9e","description":"F\u00e9d\u00e9ration d&#039;\u00e9ducation populaire","potentialAction":[{"@type":"SearchAction","target":{"@type":"EntryPoint","urlTemplate":"http:\/\/www.laligue85.org\/fra\/?s={search_term_string}"},"query-input":"required name=search_term_string"}],"inLanguage":"fr-FR"},{"@type":"Person","@id":"http:\/\/www.laligue85.org\/fra\/#\/schema\/person\/45271b6e75b5943f21d354872a5c1a2e","name":"epiveteau","image":{"@type":"ImageObject","inLanguage":"fr-FR","@id":"http:\/\/www.laligue85.org\/fra\/#\/schema\/person\/image\/","url":"https:\/\/secure.gravatar.com\/avatar\/7fedac7ddc713994f9815c37f877ecb7?s=96&d=mm&r=g","contentUrl":"https:\/\/secure.gravatar.com\/avatar\/7fedac7ddc713994f9815c37f877ecb7?s=96&d=mm&r=g","caption":"epiveteau"},"url":"http:\/\/www.laligue85.org\/fra\/blog\/author\/epiveteau\/"}]}},"jetpack_featured_media_url":"","jetpack_shortlink":"https:\/\/wp.me\/p9Chnq-yU","_links":{"self":[{"href":"http:\/\/www.laligue85.org\/fra\/wp-json\/wp\/v2\/posts\/2164","targetHints":{"allow":["GET"]}}],"collection":[{"href":"http:\/\/www.laligue85.org\/fra\/wp-json\/wp\/v2\/posts"}],"about":[{"href":"http:\/\/www.laligue85.org\/fra\/wp-json\/wp\/v2\/types\/post"}],"author":[{"embeddable":true,"href":"http:\/\/www.laligue85.org\/fra\/wp-json\/wp\/v2\/users\/2"}],"replies":[{"embeddable":true,"href":"http:\/\/www.laligue85.org\/fra\/wp-json\/wp\/v2\/comments?post=2164"}],"version-history":[{"count":1,"href":"http:\/\/www.laligue85.org\/fra\/wp-json\/wp\/v2\/posts\/2164\/revisions"}],"predecessor-version":[{"id":2807,"href":"http:\/\/www.laligue85.org\/fra\/wp-json\/wp\/v2\/posts\/2164\/revisions\/2807"}],"wp:attachment":[{"href":"http:\/\/www.laligue85.org\/fra\/wp-json\/wp\/v2\/media?parent=2164"}],"wp:term":[{"taxonomy":"category","embeddable":true,"href":"http:\/\/www.laligue85.org\/fra\/wp-json\/wp\/v2\/categories?post=2164"},{"taxonomy":"post_tag","embeddable":true,"href":"http:\/\/www.laligue85.org\/fra\/wp-json\/wp\/v2\/tags?post=2164"}],"curies":[{"name":"wp","href":"https:\/\/api.w.org\/{rel}","templated":true}]}}