{"id":8833,"date":"2019-03-11T14:22:22","date_gmt":"2019-03-11T13:22:22","guid":{"rendered":"http:\/\/www.laligue85.org\/fra\/?p=8833"},"modified":"2023-05-03T13:58:15","modified_gmt":"2023-05-03T11:58:15","slug":"nouvelle-junior-assos","status":"publish","type":"post","link":"http:\/\/www.laligue85.org\/fra\/blog\/2019\/03\/11\/nouvelle-junior-assos\/","title":{"rendered":"Nouvelle Junior Assos"},"content":{"rendered":"<h5>C&rsquo;est quoi Une Junior Association ?<\/h5>\n<p><iframe loading=\"lazy\" src=\"\/\/www.youtube.com\/embed\/EvNCXISHBlA\" width=\"560\" height=\"314\" allowfullscreen=\"allowfullscreen\"><\/iframe><\/p>\n<h5>Collectif jeunes<\/h5>\n<p><img loading=\"lazy\" decoding=\"async\" class=\"size-medium wp-image-8838 alignleft\" src=\"http:\/\/www.laligue85.org\/fra\/wp-content\/uploads\/2019\/02\/DSC_0030-2-COMPRESS-300x200.jpg\" alt=\"\" width=\"300\" height=\"200\" srcset=\"http:\/\/www.laligue85.org\/fra\/wp-content\/uploads\/2019\/02\/DSC_0030-2-COMPRESS-300x200.jpg 300w, http:\/\/www.laligue85.org\/fra\/wp-content\/uploads\/2019\/02\/DSC_0030-2-COMPRESS-768x512.jpg 768w, http:\/\/www.laligue85.org\/fra\/wp-content\/uploads\/2019\/02\/DSC_0030-2-COMPRESS.jpg 1024w, http:\/\/www.laligue85.org\/fra\/wp-content\/uploads\/2019\/02\/DSC_0030-2-COMPRESS-600x400.jpg 600w\" sizes=\"auto, (max-width: 300px) 100vw, 300px\" \/>Une nouvelle Junior Assos nous rejoint cette ann\u00e9e! Elle se nomme Collectif jeunes.<\/p>\n<p>Nous sommes \u00e0 Fontenay-Le-Comte en compagnie de Virginie et des jeunes engag\u00e9s. Ils cr\u00e9ent une JA au sein de leur forum des jeunes. Nous sommes re\u00e7us avec l&rsquo;adjointe municipale responsable du secteur jeunesse. Avec Guillaume ils voient quelles sont les modalit\u00e9s et les crit\u00e8res \u00e0 remplir pour pouvoir en devenir une. Il faut donc \u00eatre au moins 2 personnes, avoir un fonctionnement d\u00e9mocratique et un projet vraiment organis\u00e9 par les jeunes. Les adultes qui les suivent les accompagnent et les conseillent seulement.<\/p>\n<p>Apr\u00e8s avoir point\u00e9 tous les crit\u00e8res, Guillaume va v\u00e9rifier et faire signer les documents et dossiers compl\u00e9t\u00e9s. Puis il leur cite les diff\u00e9rentes Assos d\u00e9j\u00e0 existantes, les droits d&rsquo;une JA (avoir une assurance, possibilit\u00e9 d&rsquo;aide financi\u00e8re) et leur \u00e9voque une rencontre possible avec ces JA.<\/p>\n<h5><\/h5>\n<h5>Mais parlons de cette nouvelle JA!<\/h5>\n<p><img loading=\"lazy\" decoding=\"async\" class=\"size-medium wp-image-8839 alignleft\" src=\"http:\/\/www.laligue85.org\/fra\/wp-content\/uploads\/2019\/02\/DSC_0031-2-COMPRESS-300x200.jpg\" alt=\"\" width=\"300\" height=\"200\" srcset=\"http:\/\/www.laligue85.org\/fra\/wp-content\/uploads\/2019\/02\/DSC_0031-2-COMPRESS-300x200.jpg 300w, http:\/\/www.laligue85.org\/fra\/wp-content\/uploads\/2019\/02\/DSC_0031-2-COMPRESS-768x512.jpg 768w, http:\/\/www.laligue85.org\/fra\/wp-content\/uploads\/2019\/02\/DSC_0031-2-COMPRESS.jpg 1024w, http:\/\/www.laligue85.org\/fra\/wp-content\/uploads\/2019\/02\/DSC_0031-2-COMPRESS-600x400.jpg 600w\" sizes=\"auto, (max-width: 300px) 100vw, 300px\" \/>Comment s&rsquo;est-elle construite ? Quelles sont les actions que ces jeunes voudraient mener ?<\/p>\n<p>C&rsquo;est pendant une discussion entre jeunes que le projet prend tout son sens. \u00c2g\u00e9s de 11 \u00e0 15 ans, certains jeunes du forum souhaitent cr\u00e9er des activit\u00e9s pour les jeunes mais ne savent pas comment les financer et les r\u00e9aliser concr\u00e8tement. C&rsquo;est alors que leur animatrice leur parle des Juniors Associations avec l&rsquo;accompagnement de la f\u00e9d\u00e9ration. L&rsquo;organisation d&rsquo;un vote est donc mis en oeuvre pour \u00e9lire les repr\u00e9sentants parmi les 10 jeunes inscrits. Apr\u00e8s comptage des votes, les 2 premiers sont donc \u00e9lus. Puis des suppl\u00e9ants, dont un porte parole, Noham, qui est tr\u00e8s \u00e0 l&rsquo;aise \u00e0 l&rsquo;oral.<\/p>\n<p>Il fait partie des 3 premiers jeunes avec Enzo et Jordi. Ces 10 jeunes font ainsi partie du \u00ab\u00a0noyau\u00a0\u00bb de la JA. Cette derni\u00e8re va se d\u00e9velopper car elle int\u00e9resse plusieurs jeunes \u00e0 venir.<\/p>\n<p>&nbsp;<\/p>\n<p><img loading=\"lazy\" decoding=\"async\" class=\"size-medium wp-image-8840 alignleft\" src=\"http:\/\/www.laligue85.org\/fra\/wp-content\/uploads\/2019\/02\/DSC_0032-2-COMPRESS-300x200.jpg\" alt=\"\" width=\"300\" height=\"200\" srcset=\"http:\/\/www.laligue85.org\/fra\/wp-content\/uploads\/2019\/02\/DSC_0032-2-COMPRESS-300x200.jpg 300w, http:\/\/www.laligue85.org\/fra\/wp-content\/uploads\/2019\/02\/DSC_0032-2-COMPRESS-768x512.jpg 768w, http:\/\/www.laligue85.org\/fra\/wp-content\/uploads\/2019\/02\/DSC_0032-2-COMPRESS.jpg 1024w, http:\/\/www.laligue85.org\/fra\/wp-content\/uploads\/2019\/02\/DSC_0032-2-COMPRESS-600x400.jpg 600w\" sizes=\"auto, (max-width: 300px) 100vw, 300px\" \/><\/p>\n<p>Enfin, en attendant de pouvoir commencer leurs actions avec un compte bancaire, le projet de faire une soir\u00e9e gratuite au forum jeune est annonc\u00e9. Le 21 F\u00e9vrier les jeunes des coll\u00e8ges de Fran\u00e7ois Vi\u00e8te et Andr\u00e9 Tiraqueau et autres sont invit\u00e9s \u00e0 se v\u00eatir de noir et de blanc pour \u00eatre dans le th\u00e8me impos\u00e9!<\/p>\n<p>Ainsi, c&rsquo;est en cr\u00e9ant des soir\u00e9es comme celle-ci, g\u00e9rant des minis bars \u00e0 des \u00e9v\u00e9nements comme le f\u00eate de la musique et pleins d&rsquo;autres activit\u00e9s \u00e0 suivre que les jeunes pourront, plus tard, subventionner leur s\u00e9jour au Burkina-faso, dans la ville de Gouana, jumel\u00e9e avec la commune pour y rencontrer des \u00e9coles.<\/p>\n<p>&nbsp;<\/p>\n","protected":false},"excerpt":{"rendered":"<p>C&rsquo;est quoi Une Junior Association ? Collectif jeunes Une nouvelle Junior Assos nous rejoint cette ann\u00e9e! Elle se nomme Collectif jeunes. Nous sommes \u00e0 Fontenay-Le-Comte en compagnie de Virginie et des jeunes engag\u00e9s. Ils cr\u00e9ent une JA au sein de leur forum des jeunes. Nous sommes re\u00e7us avec l&rsquo;adjointe municipale [&hellip;]<\/p>\n","protected":false},"author":10,"featured_media":0,"comment_status":"closed","ping_status":"open","sticky":false,"template":"","format":"standard","meta":{"jetpack_post_was_ever_published":false,"footnotes":"","jetpack_publicize_message":"","jetpack_is_tweetstorm":false,"jetpack_publicize_feature_enabled":true,"jetpack_social_post_already_shared":true,"jetpack_social_options":[]},"categories":[1],"tags":[292,279,277,296],"class_list":["post-8833","post","type-post","status-publish","format-standard","hentry","category-non-classe","tag-association","tag-engagement","tag-jeunesse","tag-vie-associative"],"jetpack_publicize_connections":[],"yoast_head":"<!-- This site is optimized with the Yoast SEO plugin v20.0 - https:\/\/yoast.com\/wordpress\/plugins\/seo\/ -->\n<title>Nouvelle Junior Assos - La Ligue de l&#039;Enseignement de Vend\u00e9e<\/title>\n<meta name=\"description\" content=\"Venez d\u00e9couvrir la nouvelle junior association qui vient de se cr\u00e9er \u00e0 Fontenay-Le-Comte, au forum des jeunes ainsi que leurs futurs actions.\" \/>\n<meta name=\"robots\" content=\"index, follow, max-snippet:-1, max-image-preview:large, max-video-preview:-1\" \/>\n<link rel=\"canonical\" href=\"http:\/\/www.laligue85.org\/fra\/blog\/2019\/03\/11\/nouvelle-junior-assos\/\" \/>\n<meta property=\"og:locale\" content=\"fr_FR\" \/>\n<meta property=\"og:type\" content=\"article\" \/>\n<meta property=\"og:title\" content=\"Nouvelle Junior Assos - La Ligue de l&#039;Enseignement de Vend\u00e9e\" \/>\n<meta property=\"og:description\" content=\"Venez d\u00e9couvrir la nouvelle junior association qui vient de se cr\u00e9er \u00e0 Fontenay-Le-Comte, au forum des jeunes ainsi que leurs futurs actions.\" \/>\n<meta property=\"og:url\" content=\"http:\/\/www.laligue85.org\/fra\/blog\/2019\/03\/11\/nouvelle-junior-assos\/\" \/>\n<meta property=\"og:site_name\" content=\"La Ligue de l&#039;Enseignement de Vend\u00e9e\" \/>\n<meta property=\"article:published_time\" content=\"2019-03-11T13:22:22+00:00\" \/>\n<meta property=\"article:modified_time\" content=\"2023-05-03T11:58:15+00:00\" \/>\n<meta property=\"og:image\" content=\"http:\/\/www.laligue85.org\/fra\/wp-content\/uploads\/2019\/02\/DSC_0030-2-COMPRESS-300x200.jpg\" \/>\n<meta name=\"author\" content=\"webreporter\" \/>\n<meta name=\"twitter:card\" content=\"summary_large_image\" \/>\n<meta name=\"twitter:label1\" content=\"\u00c9crit par\" \/>\n\t<meta name=\"twitter:data1\" content=\"webreporter\" \/>\n\t<meta name=\"twitter:label2\" content=\"Dur\u00e9e de lecture estim\u00e9e\" \/>\n\t<meta name=\"twitter:data2\" content=\"3 minutes\" \/>\n<script type=\"application\/ld+json\" class=\"yoast-schema-graph\">{\"@context\":\"https:\/\/schema.org\",\"@graph\":[{\"@type\":\"WebPage\",\"@id\":\"http:\/\/www.laligue85.org\/fra\/blog\/2019\/03\/11\/nouvelle-junior-assos\/\",\"url\":\"http:\/\/www.laligue85.org\/fra\/blog\/2019\/03\/11\/nouvelle-junior-assos\/\",\"name\":\"Nouvelle Junior Assos - La Ligue de l&#039;Enseignement de Vend\u00e9e\",\"isPartOf\":{\"@id\":\"https:\/\/www.laligue85.org\/fra\/#website\"},\"datePublished\":\"2019-03-11T13:22:22+00:00\",\"dateModified\":\"2023-05-03T11:58:15+00:00\",\"author\":{\"@id\":\"https:\/\/www.laligue85.org\/fra\/#\/schema\/person\/1e7451bdc7326a9d6998c4e6143ef302\"},\"description\":\"Venez d\u00e9couvrir la nouvelle junior association qui vient de se cr\u00e9er \u00e0 Fontenay-Le-Comte, au forum des jeunes ainsi que leurs futurs actions.\",\"breadcrumb\":{\"@id\":\"http:\/\/www.laligue85.org\/fra\/blog\/2019\/03\/11\/nouvelle-junior-assos\/#breadcrumb\"},\"inLanguage\":\"fr-FR\",\"potentialAction\":[{\"@type\":\"ReadAction\",\"target\":[\"http:\/\/www.laligue85.org\/fra\/blog\/2019\/03\/11\/nouvelle-junior-assos\/\"]}]},{\"@type\":\"BreadcrumbList\",\"@id\":\"http:\/\/www.laligue85.org\/fra\/blog\/2019\/03\/11\/nouvelle-junior-assos\/#breadcrumb\",\"itemListElement\":[{\"@type\":\"ListItem\",\"position\":1,\"name\":\"Accueil\",\"item\":\"https:\/\/www.laligue85.org\/fra\/\"},{\"@type\":\"ListItem\",\"position\":2,\"name\":\"Nouvelle Junior Assos\"}]},{\"@type\":\"WebSite\",\"@id\":\"https:\/\/www.laligue85.org\/fra\/#website\",\"url\":\"https:\/\/www.laligue85.org\/fra\/\",\"name\":\"La Ligue de l&#039;Enseignement de Vend\u00e9e\",\"description\":\"F\u00e9d\u00e9ration d&#039;\u00e9ducation populaire\",\"potentialAction\":[{\"@type\":\"SearchAction\",\"target\":{\"@type\":\"EntryPoint\",\"urlTemplate\":\"https:\/\/www.laligue85.org\/fra\/?s={search_term_string}\"},\"query-input\":\"required name=search_term_string\"}],\"inLanguage\":\"fr-FR\"},{\"@type\":\"Person\",\"@id\":\"https:\/\/www.laligue85.org\/fra\/#\/schema\/person\/1e7451bdc7326a9d6998c4e6143ef302\",\"name\":\"webreporter\",\"image\":{\"@type\":\"ImageObject\",\"inLanguage\":\"fr-FR\",\"@id\":\"https:\/\/www.laligue85.org\/fra\/#\/schema\/person\/image\/\",\"url\":\"https:\/\/secure.gravatar.com\/avatar\/bb1e730a8d65ed9caef9b25f341b72a8?s=96&d=mm&r=g\",\"contentUrl\":\"https:\/\/secure.gravatar.com\/avatar\/bb1e730a8d65ed9caef9b25f341b72a8?s=96&d=mm&r=g\",\"caption\":\"webreporter\"},\"url\":\"http:\/\/www.laligue85.org\/fra\/blog\/author\/webreporter\/\"}]}<\/script>\n<!-- \/ Yoast SEO plugin. -->","yoast_head_json":{"title":"Nouvelle Junior Assos - La Ligue de l&#039;Enseignement de Vend\u00e9e","description":"Venez d\u00e9couvrir la nouvelle junior association qui vient de se cr\u00e9er \u00e0 Fontenay-Le-Comte, au forum des jeunes ainsi que leurs futurs actions.","robots":{"index":"index","follow":"follow","max-snippet":"max-snippet:-1","max-image-preview":"max-image-preview:large","max-video-preview":"max-video-preview:-1"},"canonical":"http:\/\/www.laligue85.org\/fra\/blog\/2019\/03\/11\/nouvelle-junior-assos\/","og_locale":"fr_FR","og_type":"article","og_title":"Nouvelle Junior Assos - La Ligue de l&#039;Enseignement de Vend\u00e9e","og_description":"Venez d\u00e9couvrir la nouvelle junior association qui vient de se cr\u00e9er \u00e0 Fontenay-Le-Comte, au forum des jeunes ainsi que leurs futurs actions.","og_url":"http:\/\/www.laligue85.org\/fra\/blog\/2019\/03\/11\/nouvelle-junior-assos\/","og_site_name":"La Ligue de l&#039;Enseignement de Vend\u00e9e","article_published_time":"2019-03-11T13:22:22+00:00","article_modified_time":"2023-05-03T11:58:15+00:00","og_image":[{"url":"http:\/\/www.laligue85.org\/fra\/wp-content\/uploads\/2019\/02\/DSC_0030-2-COMPRESS-300x200.jpg"}],"author":"webreporter","twitter_card":"summary_large_image","twitter_misc":{"\u00c9crit par":"webreporter","Dur\u00e9e de lecture estim\u00e9e":"3 minutes"},"schema":{"@context":"https:\/\/schema.org","@graph":[{"@type":"WebPage","@id":"http:\/\/www.laligue85.org\/fra\/blog\/2019\/03\/11\/nouvelle-junior-assos\/","url":"http:\/\/www.laligue85.org\/fra\/blog\/2019\/03\/11\/nouvelle-junior-assos\/","name":"Nouvelle Junior Assos - La Ligue de l&#039;Enseignement de Vend\u00e9e","isPartOf":{"@id":"https:\/\/www.laligue85.org\/fra\/#website"},"datePublished":"2019-03-11T13:22:22+00:00","dateModified":"2023-05-03T11:58:15+00:00","author":{"@id":"https:\/\/www.laligue85.org\/fra\/#\/schema\/person\/1e7451bdc7326a9d6998c4e6143ef302"},"description":"Venez d\u00e9couvrir la nouvelle junior association qui vient de se cr\u00e9er \u00e0 Fontenay-Le-Comte, au forum des jeunes ainsi que leurs futurs actions.","breadcrumb":{"@id":"http:\/\/www.laligue85.org\/fra\/blog\/2019\/03\/11\/nouvelle-junior-assos\/#breadcrumb"},"inLanguage":"fr-FR","potentialAction":[{"@type":"ReadAction","target":["http:\/\/www.laligue85.org\/fra\/blog\/2019\/03\/11\/nouvelle-junior-assos\/"]}]},{"@type":"BreadcrumbList","@id":"http:\/\/www.laligue85.org\/fra\/blog\/2019\/03\/11\/nouvelle-junior-assos\/#breadcrumb","itemListElement":[{"@type":"ListItem","position":1,"name":"Accueil","item":"https:\/\/www.laligue85.org\/fra\/"},{"@type":"ListItem","position":2,"name":"Nouvelle Junior Assos"}]},{"@type":"WebSite","@id":"https:\/\/www.laligue85.org\/fra\/#website","url":"https:\/\/www.laligue85.org\/fra\/","name":"La Ligue de l&#039;Enseignement de Vend\u00e9e","description":"F\u00e9d\u00e9ration d&#039;\u00e9ducation populaire","potentialAction":[{"@type":"SearchAction","target":{"@type":"EntryPoint","urlTemplate":"https:\/\/www.laligue85.org\/fra\/?s={search_term_string}"},"query-input":"required name=search_term_string"}],"inLanguage":"fr-FR"},{"@type":"Person","@id":"https:\/\/www.laligue85.org\/fra\/#\/schema\/person\/1e7451bdc7326a9d6998c4e6143ef302","name":"webreporter","image":{"@type":"ImageObject","inLanguage":"fr-FR","@id":"https:\/\/www.laligue85.org\/fra\/#\/schema\/person\/image\/","url":"https:\/\/secure.gravatar.com\/avatar\/bb1e730a8d65ed9caef9b25f341b72a8?s=96&d=mm&r=g","contentUrl":"https:\/\/secure.gravatar.com\/avatar\/bb1e730a8d65ed9caef9b25f341b72a8?s=96&d=mm&r=g","caption":"webreporter"},"url":"http:\/\/www.laligue85.org\/fra\/blog\/author\/webreporter\/"}]}},"jetpack_featured_media_url":"","jetpack_shortlink":"https:\/\/wp.me\/p9Chnq-2it","_links":{"self":[{"href":"http:\/\/www.laligue85.org\/fra\/wp-json\/wp\/v2\/posts\/8833","targetHints":{"allow":["GET"]}}],"collection":[{"href":"http:\/\/www.laligue85.org\/fra\/wp-json\/wp\/v2\/posts"}],"about":[{"href":"http:\/\/www.laligue85.org\/fra\/wp-json\/wp\/v2\/types\/post"}],"author":[{"embeddable":true,"href":"http:\/\/www.laligue85.org\/fra\/wp-json\/wp\/v2\/users\/10"}],"replies":[{"embeddable":true,"href":"http:\/\/www.laligue85.org\/fra\/wp-json\/wp\/v2\/comments?post=8833"}],"version-history":[{"count":9,"href":"http:\/\/www.laligue85.org\/fra\/wp-json\/wp\/v2\/posts\/8833\/revisions"}],"predecessor-version":[{"id":9322,"href":"http:\/\/www.laligue85.org\/fra\/wp-json\/wp\/v2\/posts\/8833\/revisions\/9322"}],"wp:attachment":[{"href":"http:\/\/www.laligue85.org\/fra\/wp-json\/wp\/v2\/media?parent=8833"}],"wp:term":[{"taxonomy":"category","embeddable":true,"href":"http:\/\/www.laligue85.org\/fra\/wp-json\/wp\/v2\/categories?post=8833"},{"taxonomy":"post_tag","embeddable":true,"href":"http:\/\/www.laligue85.org\/fra\/wp-json\/wp\/v2\/tags?post=8833"}],"curies":[{"name":"wp","href":"https:\/\/api.w.org\/{rel}","templated":true}]}}