{"id":9764,"date":"2019-06-21T10:44:11","date_gmt":"2019-06-21T08:44:11","guid":{"rendered":"http:\/\/www.laligue85.org\/fra\/?p=9764"},"modified":"2019-06-24T15:33:37","modified_gmt":"2019-06-24T13:33:37","slug":"valorisation-de-son-engagement-avec-le-numerique","status":"publish","type":"post","link":"http:\/\/www.laligue85.org\/fra\/blog\/2019\/06\/21\/valorisation-de-son-engagement-avec-le-numerique\/","title":{"rendered":"Valorisation de son engagement avec le num\u00e9rique"},"content":{"rendered":"<p>Les service civique ont eu pendant toute la dur\u00e9e de leur mission des formations en rapport avec leur engagement : \u00ab\u00a0Lutte contre les discriminations\u00a0\u00bb, \u00a0\u00bb Pr\u00e9parer son Avenir\u00a0\u00bb \u2026 Celle du 13 Juin, derni\u00e8re de l&rsquo;ann\u00e9e, portait sur la \u00ab\u00a0Valorisation de son engagement avec le num\u00e9rique\u00a0\u00bb.<\/p>\n<h5>Le num\u00e9rique : quels outils ? Quels impacts ?<\/h5>\n<p>Il y a beaucoup d&rsquo;outils disponibles. Mais quels sont-ils ? Lesquels sont les plus utilis\u00e9s par les volontaires ? Ces derniers ont \u00e9t\u00e9 invit\u00e9s \u00e0 r\u00e9aliser une carte mentale num\u00e9rique afin de r\u00e9pertorier une liste d&rsquo;outils num\u00e9rique (aussi bien utilisable dans le priv\u00e9 que d&rsquo;un point de vue plus professionnel). Ainsi chacun a pu faire d\u00e9couvrir certaines applications connect\u00e9es \u00e0 ses co\u00e9quipiers.<\/p>\n<p>Partant d&rsquo;un cas concret, les volontaires ont construit l&rsquo;identit\u00e9 num\u00e9rique d&rsquo;un personnage. Il leur a fallu analyser et classer des pratiques num\u00e9riques dans \u00ab\u00a0traces profilaires\u00a0\u00bb, \u00ab\u00a0traces navigationnelles\u00a0\u00bb et \u00ab\u00a0traces d\u00e9claratives inscriptives\u00a0\u00bb. L&rsquo;occasion de d\u00e9couvrir aussi le principe de l&rsquo;e-r\u00e9putation comme \u00e9tant la somme des r\u00e9actions positives ou n\u00e9gatives sur un profil.<\/p>\n<p>Pour finir cette matin\u00e9e, Emmanuel, charg\u00e9 de mission num\u00e9rique, a pr\u00e9sent\u00e9 2 plateforme de r\u00e9seaux sociaux professionnel : Viadeo et Linkedin. Une comparaison objective est effectu\u00e9e afin de donner les cl\u00e9s pour choisir la plateforme qui correspond le mieux \u00e0 une personne.<\/p>\n<div class=\"tiled-gallery type-square tiled-gallery-unresized\" data-original-width=\"500\" data-carousel-extra='null' itemscope itemtype=\"http:\/\/schema.org\/ImageGallery\" > <div class=\"gallery-row\" style=\"width: 500px; height: 166px;\" data-original-width=\"500\" data-original-height=\"166\" > <div class=\"gallery-group\" style=\"width: 166px; height: 166px;\" data-original-width=\"166\" data-original-height=\"166\" > <div class=\"tiled-gallery-item \" itemprop=\"associatedMedia\" itemscope itemtype=\"http:\/\/schema.org\/ImageObject\"> <a href=\"http:\/\/www.laligue85.org\/fra\/blog\/2019\/06\/21\/valorisation-de-son-engagement-avec-le-numerique\/formation-valorisation-engagement-7compress\/\" border=\"0\" itemprop=\"url\"> <meta itemprop=\"width\" content=\"162\"> <meta itemprop=\"height\" content=\"162\"> <img loading=\"lazy\" decoding=\"async\" data-attachment-id=\"9769\" data-orig-file=\"http:\/\/www.laligue85.org\/fra\/wp-content\/uploads\/2019\/06\/formation-valorisation-engagement-7compress.jpg\" data-orig-size=\"1024,683\" data-comments-opened=\"\" data-image-meta=\"{&quot;aperture&quot;:&quot;6.3&quot;,&quot;credit&quot;:&quot;&quot;,&quot;camera&quot;:&quot;NIKON D3100&quot;,&quot;caption&quot;:&quot;????????????????????????????????????&quot;,&quot;created_timestamp&quot;:&quot;1560440964&quot;,&quot;copyright&quot;:&quot;&quot;,&quot;focal_length&quot;:&quot;18&quot;,&quot;iso&quot;:&quot;800&quot;,&quot;shutter_speed&quot;:&quot;0.00625&quot;,&quot;title&quot;:&quot;&quot;,&quot;orientation&quot;:&quot;1&quot;}\" data-image-title=\"formation valorisation engagement (7)compress\" data-image-description=\"\" data-medium-file=\"http:\/\/www.laligue85.org\/fra\/wp-content\/uploads\/2019\/06\/formation-valorisation-engagement-7compress-300x200.jpg\" data-large-file=\"http:\/\/www.laligue85.org\/fra\/wp-content\/uploads\/2019\/06\/formation-valorisation-engagement-7compress-1024x683.jpg\" src=\"https:\/\/i0.wp.com\/www.laligue85.org\/fra\/wp-content\/uploads\/2019\/06\/formation-valorisation-engagement-7compress.jpg?w=162&#038;h=162&#038;crop=1\" width=\"162\" height=\"162\" data-original-width=\"162\" data-original-height=\"162\" itemprop=\"http:\/\/schema.org\/image\" title=\"formation valorisation engagement (7)compress\" alt=\"formation valorisation engagement (7)compress\" style=\"width: 162px; height: 162px;\" \/> <\/a> <\/div> <\/div> <div class=\"gallery-group\" style=\"width: 166px; height: 166px;\" data-original-width=\"166\" data-original-height=\"166\" > <div class=\"tiled-gallery-item \" itemprop=\"associatedMedia\" itemscope itemtype=\"http:\/\/schema.org\/ImageObject\"> <a href=\"http:\/\/www.laligue85.org\/fra\/blog\/2019\/06\/21\/valorisation-de-son-engagement-avec-le-numerique\/formation-valorisation-engagement-5compress\/\" border=\"0\" itemprop=\"url\"> <meta itemprop=\"width\" content=\"162\"> <meta itemprop=\"height\" content=\"162\"> <img loading=\"lazy\" decoding=\"async\" data-attachment-id=\"9774\" data-orig-file=\"http:\/\/www.laligue85.org\/fra\/wp-content\/uploads\/2019\/06\/formation-valorisation-engagement-5compress.jpg\" data-orig-size=\"904,768\" data-comments-opened=\"\" data-image-meta=\"{&quot;aperture&quot;:&quot;8&quot;,&quot;credit&quot;:&quot;&quot;,&quot;camera&quot;:&quot;NIKON D3100&quot;,&quot;caption&quot;:&quot;????????????????????????????????????&quot;,&quot;created_timestamp&quot;:&quot;1560421929&quot;,&quot;copyright&quot;:&quot;&quot;,&quot;focal_length&quot;:&quot;22&quot;,&quot;iso&quot;:&quot;800&quot;,&quot;shutter_speed&quot;:&quot;0.004&quot;,&quot;title&quot;:&quot;&quot;,&quot;orientation&quot;:&quot;1&quot;}\" data-image-title=\"formation valorisation engagement (5)compress\" data-image-description=\"\" data-medium-file=\"http:\/\/www.laligue85.org\/fra\/wp-content\/uploads\/2019\/06\/formation-valorisation-engagement-5compress-300x255.jpg\" data-large-file=\"http:\/\/www.laligue85.org\/fra\/wp-content\/uploads\/2019\/06\/formation-valorisation-engagement-5compress.jpg\" src=\"https:\/\/i0.wp.com\/www.laligue85.org\/fra\/wp-content\/uploads\/2019\/06\/formation-valorisation-engagement-5compress.jpg?w=162&#038;h=162&#038;crop=1\" width=\"162\" height=\"162\" data-original-width=\"162\" data-original-height=\"162\" itemprop=\"http:\/\/schema.org\/image\" title=\"formation valorisation engagement (5)compress\" alt=\"formation valorisation engagement (5)compress\" style=\"width: 162px; height: 162px;\" \/> <\/a> <\/div> <\/div> <div class=\"gallery-group\" style=\"width: 166px; height: 166px;\" data-original-width=\"166\" data-original-height=\"166\" > <div class=\"tiled-gallery-item \" itemprop=\"associatedMedia\" itemscope itemtype=\"http:\/\/schema.org\/ImageObject\"> <a href=\"http:\/\/www.laligue85.org\/fra\/blog\/2019\/06\/21\/valorisation-de-son-engagement-avec-le-numerique\/formation-valorisation-engagement-6compress\/\" border=\"0\" itemprop=\"url\"> <meta itemprop=\"width\" content=\"162\"> <meta itemprop=\"height\" content=\"162\"> <img loading=\"lazy\" decoding=\"async\" data-attachment-id=\"9775\" data-orig-file=\"http:\/\/www.laligue85.org\/fra\/wp-content\/uploads\/2019\/06\/formation-valorisation-engagement-6compress.jpg\" data-orig-size=\"1024,766\" data-comments-opened=\"\" data-image-meta=\"{&quot;aperture&quot;:&quot;7.1&quot;,&quot;credit&quot;:&quot;&quot;,&quot;camera&quot;:&quot;NIKON D3100&quot;,&quot;caption&quot;:&quot;????????????????????????????????????&quot;,&quot;created_timestamp&quot;:&quot;1560440943&quot;,&quot;copyright&quot;:&quot;&quot;,&quot;focal_length&quot;:&quot;45&quot;,&quot;iso&quot;:&quot;800&quot;,&quot;shutter_speed&quot;:&quot;0.005&quot;,&quot;title&quot;:&quot;&quot;,&quot;orientation&quot;:&quot;1&quot;}\" data-image-title=\"formation valorisation engagement (6)compress\" data-image-description=\"\" data-medium-file=\"http:\/\/www.laligue85.org\/fra\/wp-content\/uploads\/2019\/06\/formation-valorisation-engagement-6compress-300x224.jpg\" data-large-file=\"http:\/\/www.laligue85.org\/fra\/wp-content\/uploads\/2019\/06\/formation-valorisation-engagement-6compress-1024x766.jpg\" src=\"https:\/\/i0.wp.com\/www.laligue85.org\/fra\/wp-content\/uploads\/2019\/06\/formation-valorisation-engagement-6compress.jpg?w=162&#038;h=162&#038;crop=1\" width=\"162\" height=\"162\" data-original-width=\"162\" data-original-height=\"162\" itemprop=\"http:\/\/schema.org\/image\" title=\"formation valorisation engagement (6)compress\" alt=\"formation valorisation engagement (6)compress\" style=\"width: 162px; height: 162px;\" \/> <\/a> <\/div> <\/div> <\/div> <\/div>\n<h5>Les Open Badges pour valoriser et reconna\u00eetre les apprentissages<\/h5>\n<p><span style=\"display: inline !important; float: none; background-color: transparent; color: #333333; cursor: text; font-family: -apple-system,BlinkMacSystemFont,'Segoe UI',Roboto,Oxygen-Sans,Ubuntu,Cantarell,'Helvetica Neue',sans-serif; font-size: 16px; font-style: normal; font-variant: normal; font-weight: 400; letter-spacing: normal; orphans: 2; text-align: left; text-decoration: none; text-indent: 0px; text-transform: none; -webkit-text-stroke-width: 0px; white-space: normal; word-spacing: 0px;\">L&rsquo;apr\u00e8s-midi est consacr\u00e9 \u00e0 un nouveau concept de valorisation de comp\u00e9tences informelles.<\/span><\/p>\n<blockquote><p>Open Badges est un standard ouvert d\u00e9velopp\u00e9 par la Fondation Mozilla pour reconna\u00eetre, valider et accr\u00e9diter les apprentissages tout au long de la vie. Les badges num\u00e9riques ouverts sont des accr\u00e9ditations num\u00e9riques, cr\u00e9\u00e9es et \u00e9mises par des organisations telles que les \u00e9coles, les organisations professionnelles, les entreprises et les employeurs, pour leurs \u00e9tudiants, membres, personnels, clients ou partenaires. <a href=\"https:\/\/openbadgefactory.com\/fr\/?gclid=EAIaIQobChMItZiktuHy4gIVx4XVCh1z6wSYEAAYASAAEgJc4PD_BwE\">En savoir plus<\/a><\/p><\/blockquote>\n<p>Un open badge est compos\u00e9 d&rsquo;un nom sp\u00e9cifique, d&rsquo;une image illustrative, de crit\u00e8res pour l&rsquo;obtenir, de l&rsquo;\u00e9metteur, la date d&rsquo;\u00e9mission, le b\u00e9n\u00e9ficiaire, le nombre d&rsquo;endossement (comme un like sur Facebook), d&rsquo;un preuve de validation num\u00e9rique et enfin de tags (mots cl\u00e9s).<\/p>\n<p>C&rsquo;est un r\u00e9f\u00e9rentiel mis \u00e0 jour de comp\u00e9tences \u00e9mergentes. Flexible, il peut donc se \u00ab\u00a0p\u00e9rimer\u00a0\u00bb et\/ou \u00eatre remplac\u00e9 par un autre.<\/p>\n","protected":false},"excerpt":{"rendered":"<p>Les service civique ont eu pendant toute la dur\u00e9e de leur mission des formations en rapport avec leur engagement : \u00ab\u00a0Lutte contre les discriminations\u00a0\u00bb, \u00a0\u00bb Pr\u00e9parer son Avenir\u00a0\u00bb \u2026 Celle du 13 Juin, derni\u00e8re de l&rsquo;ann\u00e9e, portait sur la \u00ab\u00a0Valorisation de son engagement avec le num\u00e9rique\u00a0\u00bb. Le num\u00e9rique : quels [&hellip;]<\/p>\n","protected":false},"author":10,"featured_media":9768,"comment_status":"closed","ping_status":"open","sticky":false,"template":"","format":"standard","meta":{"jetpack_post_was_ever_published":false,"footnotes":"","jetpack_publicize_message":"","jetpack_is_tweetstorm":false,"jetpack_publicize_feature_enabled":true,"jetpack_social_post_already_shared":true,"jetpack_social_options":[]},"categories":[326,290],"tags":[279,271,277,278],"class_list":["post-9764","post","type-post","status-publish","format-standard","has-post-thumbnail","hentry","category-education-aux-medias","category-formations-service-civique","tag-engagement","tag-formation","tag-jeunesse","tag-service-civique"],"jetpack_publicize_connections":[],"yoast_head":"<!-- This site is optimized with the Yoast SEO plugin v20.0 - https:\/\/yoast.com\/wordpress\/plugins\/seo\/ -->\n<title>Valorisation de son engagement avec le num\u00e9rique - La Ligue de l&#039;Enseignement de Vend\u00e9e<\/title>\n<meta name=\"description\" content=\"Les service civique ont pendant leur mission particip\u00e9 \u00e0 des formations dont celle du 13 juin sur la valorisation de son engagement avec le num\u00e9rique.\" \/>\n<meta name=\"robots\" content=\"index, follow, max-snippet:-1, max-image-preview:large, max-video-preview:-1\" \/>\n<link rel=\"canonical\" href=\"http:\/\/www.laligue85.org\/fra\/blog\/2019\/06\/21\/valorisation-de-son-engagement-avec-le-numerique\/\" \/>\n<meta property=\"og:locale\" content=\"fr_FR\" \/>\n<meta property=\"og:type\" content=\"article\" \/>\n<meta property=\"og:title\" content=\"Valorisation de son engagement avec le num\u00e9rique - La Ligue de l&#039;Enseignement de Vend\u00e9e\" \/>\n<meta property=\"og:description\" content=\"Les service civique ont pendant leur mission particip\u00e9 \u00e0 des formations dont celle du 13 juin sur la valorisation de son engagement avec le num\u00e9rique.\" \/>\n<meta property=\"og:url\" content=\"http:\/\/www.laligue85.org\/fra\/blog\/2019\/06\/21\/valorisation-de-son-engagement-avec-le-numerique\/\" \/>\n<meta property=\"og:site_name\" content=\"La Ligue de l&#039;Enseignement de Vend\u00e9e\" \/>\n<meta property=\"article:published_time\" content=\"2019-06-21T08:44:11+00:00\" \/>\n<meta property=\"article:modified_time\" content=\"2019-06-24T13:33:37+00:00\" \/>\n<meta property=\"og:image\" content=\"http:\/\/www.laligue85.org\/fra\/wp-content\/uploads\/2019\/06\/formation-valorisation-engagement-3compress.jpg\" \/>\n\t<meta property=\"og:image:width\" content=\"1024\" \/>\n\t<meta property=\"og:image:height\" content=\"683\" \/>\n\t<meta property=\"og:image:type\" content=\"image\/jpeg\" \/>\n<meta name=\"author\" content=\"webreporter\" \/>\n<meta name=\"twitter:card\" content=\"summary_large_image\" \/>\n<meta name=\"twitter:label1\" content=\"\u00c9crit par\" \/>\n\t<meta name=\"twitter:data1\" content=\"webreporter\" \/>\n\t<meta name=\"twitter:label2\" content=\"Dur\u00e9e de lecture estim\u00e9e\" \/>\n\t<meta name=\"twitter:data2\" content=\"2 minutes\" \/>\n<script type=\"application\/ld+json\" class=\"yoast-schema-graph\">{\"@context\":\"https:\/\/schema.org\",\"@graph\":[{\"@type\":\"WebPage\",\"@id\":\"http:\/\/www.laligue85.org\/fra\/blog\/2019\/06\/21\/valorisation-de-son-engagement-avec-le-numerique\/\",\"url\":\"http:\/\/www.laligue85.org\/fra\/blog\/2019\/06\/21\/valorisation-de-son-engagement-avec-le-numerique\/\",\"name\":\"Valorisation de son engagement avec le num\u00e9rique - La Ligue de l&#039;Enseignement de Vend\u00e9e\",\"isPartOf\":{\"@id\":\"https:\/\/www.laligue85.org\/fra\/#website\"},\"datePublished\":\"2019-06-21T08:44:11+00:00\",\"dateModified\":\"2019-06-24T13:33:37+00:00\",\"author\":{\"@id\":\"https:\/\/www.laligue85.org\/fra\/#\/schema\/person\/1e7451bdc7326a9d6998c4e6143ef302\"},\"description\":\"Les service civique ont pendant leur mission particip\u00e9 \u00e0 des formations dont celle du 13 juin sur la valorisation de son engagement avec le num\u00e9rique.\",\"breadcrumb\":{\"@id\":\"http:\/\/www.laligue85.org\/fra\/blog\/2019\/06\/21\/valorisation-de-son-engagement-avec-le-numerique\/#breadcrumb\"},\"inLanguage\":\"fr-FR\",\"potentialAction\":[{\"@type\":\"ReadAction\",\"target\":[\"http:\/\/www.laligue85.org\/fra\/blog\/2019\/06\/21\/valorisation-de-son-engagement-avec-le-numerique\/\"]}]},{\"@type\":\"BreadcrumbList\",\"@id\":\"http:\/\/www.laligue85.org\/fra\/blog\/2019\/06\/21\/valorisation-de-son-engagement-avec-le-numerique\/#breadcrumb\",\"itemListElement\":[{\"@type\":\"ListItem\",\"position\":1,\"name\":\"Accueil\",\"item\":\"https:\/\/www.laligue85.org\/fra\/\"},{\"@type\":\"ListItem\",\"position\":2,\"name\":\"Valorisation de son engagement avec le num\u00e9rique\"}]},{\"@type\":\"WebSite\",\"@id\":\"https:\/\/www.laligue85.org\/fra\/#website\",\"url\":\"https:\/\/www.laligue85.org\/fra\/\",\"name\":\"La Ligue de l&#039;Enseignement de Vend\u00e9e\",\"description\":\"F\u00e9d\u00e9ration d&#039;\u00e9ducation populaire\",\"potentialAction\":[{\"@type\":\"SearchAction\",\"target\":{\"@type\":\"EntryPoint\",\"urlTemplate\":\"https:\/\/www.laligue85.org\/fra\/?s={search_term_string}\"},\"query-input\":\"required name=search_term_string\"}],\"inLanguage\":\"fr-FR\"},{\"@type\":\"Person\",\"@id\":\"https:\/\/www.laligue85.org\/fra\/#\/schema\/person\/1e7451bdc7326a9d6998c4e6143ef302\",\"name\":\"webreporter\",\"image\":{\"@type\":\"ImageObject\",\"inLanguage\":\"fr-FR\",\"@id\":\"https:\/\/www.laligue85.org\/fra\/#\/schema\/person\/image\/\",\"url\":\"https:\/\/secure.gravatar.com\/avatar\/bb1e730a8d65ed9caef9b25f341b72a8?s=96&d=mm&r=g\",\"contentUrl\":\"https:\/\/secure.gravatar.com\/avatar\/bb1e730a8d65ed9caef9b25f341b72a8?s=96&d=mm&r=g\",\"caption\":\"webreporter\"},\"url\":\"http:\/\/www.laligue85.org\/fra\/blog\/author\/webreporter\/\"}]}<\/script>\n<!-- \/ Yoast SEO plugin. -->","yoast_head_json":{"title":"Valorisation de son engagement avec le num\u00e9rique - La Ligue de l&#039;Enseignement de Vend\u00e9e","description":"Les service civique ont pendant leur mission particip\u00e9 \u00e0 des formations dont celle du 13 juin sur la valorisation de son engagement avec le num\u00e9rique.","robots":{"index":"index","follow":"follow","max-snippet":"max-snippet:-1","max-image-preview":"max-image-preview:large","max-video-preview":"max-video-preview:-1"},"canonical":"http:\/\/www.laligue85.org\/fra\/blog\/2019\/06\/21\/valorisation-de-son-engagement-avec-le-numerique\/","og_locale":"fr_FR","og_type":"article","og_title":"Valorisation de son engagement avec le num\u00e9rique - La Ligue de l&#039;Enseignement de Vend\u00e9e","og_description":"Les service civique ont pendant leur mission particip\u00e9 \u00e0 des formations dont celle du 13 juin sur la valorisation de son engagement avec le num\u00e9rique.","og_url":"http:\/\/www.laligue85.org\/fra\/blog\/2019\/06\/21\/valorisation-de-son-engagement-avec-le-numerique\/","og_site_name":"La Ligue de l&#039;Enseignement de Vend\u00e9e","article_published_time":"2019-06-21T08:44:11+00:00","article_modified_time":"2019-06-24T13:33:37+00:00","og_image":[{"width":1024,"height":683,"url":"http:\/\/www.laligue85.org\/fra\/wp-content\/uploads\/2019\/06\/formation-valorisation-engagement-3compress.jpg","type":"image\/jpeg"}],"author":"webreporter","twitter_card":"summary_large_image","twitter_misc":{"\u00c9crit par":"webreporter","Dur\u00e9e de lecture estim\u00e9e":"2 minutes"},"schema":{"@context":"https:\/\/schema.org","@graph":[{"@type":"WebPage","@id":"http:\/\/www.laligue85.org\/fra\/blog\/2019\/06\/21\/valorisation-de-son-engagement-avec-le-numerique\/","url":"http:\/\/www.laligue85.org\/fra\/blog\/2019\/06\/21\/valorisation-de-son-engagement-avec-le-numerique\/","name":"Valorisation de son engagement avec le num\u00e9rique - La Ligue de l&#039;Enseignement de Vend\u00e9e","isPartOf":{"@id":"https:\/\/www.laligue85.org\/fra\/#website"},"datePublished":"2019-06-21T08:44:11+00:00","dateModified":"2019-06-24T13:33:37+00:00","author":{"@id":"https:\/\/www.laligue85.org\/fra\/#\/schema\/person\/1e7451bdc7326a9d6998c4e6143ef302"},"description":"Les service civique ont pendant leur mission particip\u00e9 \u00e0 des formations dont celle du 13 juin sur la valorisation de son engagement avec le num\u00e9rique.","breadcrumb":{"@id":"http:\/\/www.laligue85.org\/fra\/blog\/2019\/06\/21\/valorisation-de-son-engagement-avec-le-numerique\/#breadcrumb"},"inLanguage":"fr-FR","potentialAction":[{"@type":"ReadAction","target":["http:\/\/www.laligue85.org\/fra\/blog\/2019\/06\/21\/valorisation-de-son-engagement-avec-le-numerique\/"]}]},{"@type":"BreadcrumbList","@id":"http:\/\/www.laligue85.org\/fra\/blog\/2019\/06\/21\/valorisation-de-son-engagement-avec-le-numerique\/#breadcrumb","itemListElement":[{"@type":"ListItem","position":1,"name":"Accueil","item":"https:\/\/www.laligue85.org\/fra\/"},{"@type":"ListItem","position":2,"name":"Valorisation de son engagement avec le num\u00e9rique"}]},{"@type":"WebSite","@id":"https:\/\/www.laligue85.org\/fra\/#website","url":"https:\/\/www.laligue85.org\/fra\/","name":"La Ligue de l&#039;Enseignement de Vend\u00e9e","description":"F\u00e9d\u00e9ration d&#039;\u00e9ducation populaire","potentialAction":[{"@type":"SearchAction","target":{"@type":"EntryPoint","urlTemplate":"https:\/\/www.laligue85.org\/fra\/?s={search_term_string}"},"query-input":"required name=search_term_string"}],"inLanguage":"fr-FR"},{"@type":"Person","@id":"https:\/\/www.laligue85.org\/fra\/#\/schema\/person\/1e7451bdc7326a9d6998c4e6143ef302","name":"webreporter","image":{"@type":"ImageObject","inLanguage":"fr-FR","@id":"https:\/\/www.laligue85.org\/fra\/#\/schema\/person\/image\/","url":"https:\/\/secure.gravatar.com\/avatar\/bb1e730a8d65ed9caef9b25f341b72a8?s=96&d=mm&r=g","contentUrl":"https:\/\/secure.gravatar.com\/avatar\/bb1e730a8d65ed9caef9b25f341b72a8?s=96&d=mm&r=g","caption":"webreporter"},"url":"http:\/\/www.laligue85.org\/fra\/blog\/author\/webreporter\/"}]}},"jetpack_featured_media_url":"http:\/\/www.laligue85.org\/fra\/wp-content\/uploads\/2019\/06\/formation-valorisation-engagement-3compress.jpg","jetpack_shortlink":"https:\/\/wp.me\/p9Chnq-2xu","_links":{"self":[{"href":"http:\/\/www.laligue85.org\/fra\/wp-json\/wp\/v2\/posts\/9764","targetHints":{"allow":["GET"]}}],"collection":[{"href":"http:\/\/www.laligue85.org\/fra\/wp-json\/wp\/v2\/posts"}],"about":[{"href":"http:\/\/www.laligue85.org\/fra\/wp-json\/wp\/v2\/types\/post"}],"author":[{"embeddable":true,"href":"http:\/\/www.laligue85.org\/fra\/wp-json\/wp\/v2\/users\/10"}],"replies":[{"embeddable":true,"href":"http:\/\/www.laligue85.org\/fra\/wp-json\/wp\/v2\/comments?post=9764"}],"version-history":[{"count":11,"href":"http:\/\/www.laligue85.org\/fra\/wp-json\/wp\/v2\/posts\/9764\/revisions"}],"predecessor-version":[{"id":9879,"href":"http:\/\/www.laligue85.org\/fra\/wp-json\/wp\/v2\/posts\/9764\/revisions\/9879"}],"wp:featuredmedia":[{"embeddable":true,"href":"http:\/\/www.laligue85.org\/fra\/wp-json\/wp\/v2\/media\/9768"}],"wp:attachment":[{"href":"http:\/\/www.laligue85.org\/fra\/wp-json\/wp\/v2\/media?parent=9764"}],"wp:term":[{"taxonomy":"category","embeddable":true,"href":"http:\/\/www.laligue85.org\/fra\/wp-json\/wp\/v2\/categories?post=9764"},{"taxonomy":"post_tag","embeddable":true,"href":"http:\/\/www.laligue85.org\/fra\/wp-json\/wp\/v2\/tags?post=9764"}],"curies":[{"name":"wp","href":"https:\/\/api.w.org\/{rel}","templated":true}]}}