{"id":9854,"date":"2019-07-02T13:56:48","date_gmt":"2019-07-02T11:56:48","guid":{"rendered":"http:\/\/www.laligue85.org\/fra\/?p=9854"},"modified":"2019-07-02T13:56:48","modified_gmt":"2019-07-02T11:56:48","slug":"fab-lab-coworking-et-tiers-lieux","status":"publish","type":"post","link":"http:\/\/www.laligue85.org\/fra\/blog\/2019\/07\/02\/fab-lab-coworking-et-tiers-lieux\/","title":{"rendered":"Fab Lab, coworking et Tiers Lieux ?"},"content":{"rendered":"<p>Toute l&rsquo;ann\u00e9e, la DDCS de Vend\u00e9e avec la f\u00e9d\u00e9ration, a propos\u00e9 des modules de formation sur le th\u00e8me du num\u00e9rique afin de sensibiliser les volontaires en service civique \u00e0 diff\u00e9rents outils, les orienter vers des professionnels et d\u00e9velopper leur esprit critique. Pour cette derni\u00e8re journ\u00e9e les volontaires ont \u00e9t\u00e9 invit\u00e9s \u00e0 se familiariser avec les Fab Lab et autres tiers lieux pour, pourquoi pas, sauter le pas apr\u00e8s leur mission et poursuivre leur travail de d\u00e9couverte.<\/p>\n<h5>Germaine : le camion num\u00e9rique qui sillonne la Vend\u00e9e<\/h5>\n<p>Un b\u00e9n\u00e9vole et un salari\u00e9 de la <span id=\"zerif_testim-widget-2\"> F\u00e9d\u00e9ration des centres sociaux de Vend\u00e9e <\/span>ont anim\u00e9s plusieurs d\u00e9monstrations d&rsquo;outils num\u00e9riques pr\u00e9sents dans le camion. Install\u00e9 toute la matin\u00e9e sur le parking de la f\u00e9d\u00e9ration, le camion Germaine \u00e9tait accessible \u00e0 tous. r\u00e9guli\u00e8rement sur les territoires, Germaine va \u00e0 la rencontre des habitants que cela soit en zone rurale comme en milieu urbain. Entre fracture num\u00e9rique et d\u00e9couverte de nouveaux outils, les animateurs de la f\u00e9d\u00e9ration des centres sociaux peuvent r\u00e9pondre \u00e0 de nombreuses probl\u00e9matiques et sensibiliser un large public.<\/p>\n<p><strong>Jungle ! Radio Germaine&#8230;!<\/strong><\/p>\n<p>Dans le but de d\u00e9couvrir le monde de la web radio, un jeux de r\u00f4le est propos\u00e9. Julie, en animatrice radio, interviewe ses invit\u00e9s sur le Roller Derby. Chacun \u00e0 un r\u00f4le \u00e0 jouer. Une fa\u00e7on ludique d&rsquo;apprendre les r\u00e8gles et r\u00e9glages pour avoir une web radio qui fonctionne.<\/p>\n<p>Jeux\u00a0 et animations ont permis de faire d\u00e9couvrir les robots programmables et le Makey Makey. Pour transformer n\u2019importe quel objet conducteur (le corps humain, les fruits, la p\u00e2te \u00e0 modeler) en \u00ab manette de contr\u00f4le \u00bb et l\u2019associer \u00e0 une directive ou \u00e0 un son ! Ce genre d&rsquo;activit\u00e9 stimule la cr\u00e9ativit\u00e9, valorise le faire soi-m\u00eame et rend le public participatif et passeur de savoirs !<\/p>\n<div class=\"tiled-gallery type-rectangular tiled-gallery-unresized\" data-original-width=\"500\" data-carousel-extra='null' itemscope itemtype=\"http:\/\/schema.org\/ImageGallery\" > <div class=\"gallery-row\" style=\"width: 500px; height: 224px;\" data-original-width=\"500\" data-original-height=\"224\" > <div class=\"gallery-group images-1\" style=\"width: 334px; height: 224px;\" data-original-width=\"334\" data-original-height=\"224\" > <div class=\"tiled-gallery-item tiled-gallery-item-large\" itemprop=\"associatedMedia\" itemscope itemtype=\"http:\/\/schema.org\/ImageObject\"> <a href=\"http:\/\/www.laligue85.org\/fra\/blog\/2019\/07\/02\/fab-lab-coworking-et-tiers-lieux\/dsc_0018compress-2\/\" border=\"0\" itemprop=\"url\"> <meta itemprop=\"width\" content=\"330\"> <meta itemprop=\"height\" content=\"220\"> <img loading=\"lazy\" decoding=\"async\" data-attachment-id=\"9860\" data-orig-file=\"http:\/\/www.laligue85.org\/fra\/wp-content\/uploads\/2019\/06\/DSC_0018compress.jpg\" data-orig-size=\"1024,683\" data-comments-opened=\"\" data-image-meta=\"{&quot;aperture&quot;:&quot;6.3&quot;,&quot;credit&quot;:&quot;&quot;,&quot;camera&quot;:&quot;NIKON D3100&quot;,&quot;caption&quot;:&quot;????????????????????????????????????&quot;,&quot;created_timestamp&quot;:&quot;1561109747&quot;,&quot;copyright&quot;:&quot;&quot;,&quot;focal_length&quot;:&quot;18&quot;,&quot;iso&quot;:&quot;200&quot;,&quot;shutter_speed&quot;:&quot;0.0025&quot;,&quot;title&quot;:&quot;&quot;,&quot;orientation&quot;:&quot;1&quot;}\" data-image-title=\"DSC_0018compress\" data-image-description=\"\" data-medium-file=\"http:\/\/www.laligue85.org\/fra\/wp-content\/uploads\/2019\/06\/DSC_0018compress-300x200.jpg\" data-large-file=\"http:\/\/www.laligue85.org\/fra\/wp-content\/uploads\/2019\/06\/DSC_0018compress-1024x683.jpg\" src=\"https:\/\/i0.wp.com\/www.laligue85.org\/fra\/wp-content\/uploads\/2019\/06\/DSC_0018compress.jpg?w=330&#038;h=220\" width=\"330\" height=\"220\" data-original-width=\"330\" data-original-height=\"220\" itemprop=\"http:\/\/schema.org\/image\" title=\"DSC_0018compress\" alt=\"DSC_0018compress\" style=\"width: 330px; height: 220px;\" \/> <\/a> <\/div> <\/div> <!-- close group --> <div class=\"gallery-group images-2\" style=\"width: 166px; height: 224px;\" data-original-width=\"166\" data-original-height=\"224\" > <div class=\"tiled-gallery-item tiled-gallery-item-small\" itemprop=\"associatedMedia\" itemscope itemtype=\"http:\/\/schema.org\/ImageObject\"> <a href=\"http:\/\/www.laligue85.org\/fra\/blog\/2019\/07\/02\/fab-lab-coworking-et-tiers-lieux\/dsc_0019compress\/\" border=\"0\" itemprop=\"url\"> <meta itemprop=\"width\" content=\"162\"> <meta itemprop=\"height\" content=\"108\"> <img loading=\"lazy\" decoding=\"async\" data-attachment-id=\"9861\" data-orig-file=\"http:\/\/www.laligue85.org\/fra\/wp-content\/uploads\/2019\/06\/DSC_0019compress.jpg\" data-orig-size=\"1024,683\" data-comments-opened=\"\" data-image-meta=\"{&quot;aperture&quot;:&quot;6.3&quot;,&quot;credit&quot;:&quot;&quot;,&quot;camera&quot;:&quot;NIKON D3100&quot;,&quot;caption&quot;:&quot;????????????????????????????????????&quot;,&quot;created_timestamp&quot;:&quot;1561109961&quot;,&quot;copyright&quot;:&quot;&quot;,&quot;focal_length&quot;:&quot;18&quot;,&quot;iso&quot;:&quot;200&quot;,&quot;shutter_speed&quot;:&quot;0.004&quot;,&quot;title&quot;:&quot;&quot;,&quot;orientation&quot;:&quot;1&quot;}\" data-image-title=\"DSC_0019compress\" data-image-description=\"\" data-medium-file=\"http:\/\/www.laligue85.org\/fra\/wp-content\/uploads\/2019\/06\/DSC_0019compress-300x200.jpg\" data-large-file=\"http:\/\/www.laligue85.org\/fra\/wp-content\/uploads\/2019\/06\/DSC_0019compress-1024x683.jpg\" src=\"https:\/\/i0.wp.com\/www.laligue85.org\/fra\/wp-content\/uploads\/2019\/06\/DSC_0019compress.jpg?w=162&#038;h=108\" width=\"162\" height=\"108\" data-original-width=\"162\" data-original-height=\"108\" itemprop=\"http:\/\/schema.org\/image\" title=\"DSC_0019compress\" alt=\"DSC_0019compress\" style=\"width: 162px; height: 108px;\" \/> <\/a> <\/div> <div class=\"tiled-gallery-item tiled-gallery-item-small\" itemprop=\"associatedMedia\" itemscope itemtype=\"http:\/\/schema.org\/ImageObject\"> <a href=\"http:\/\/www.laligue85.org\/fra\/blog\/2019\/07\/02\/fab-lab-coworking-et-tiers-lieux\/dsc_0020compress-3\/\" border=\"0\" itemprop=\"url\"> <meta itemprop=\"width\" content=\"162\"> <meta itemprop=\"height\" content=\"108\"> <img loading=\"lazy\" decoding=\"async\" data-attachment-id=\"9862\" data-orig-file=\"http:\/\/www.laligue85.org\/fra\/wp-content\/uploads\/2019\/06\/DSC_0020compress-1.jpg\" data-orig-size=\"1024,683\" data-comments-opened=\"\" data-image-meta=\"{&quot;aperture&quot;:&quot;6.3&quot;,&quot;credit&quot;:&quot;&quot;,&quot;camera&quot;:&quot;NIKON D3100&quot;,&quot;caption&quot;:&quot;????????????????????????????????????&quot;,&quot;created_timestamp&quot;:&quot;1561110844&quot;,&quot;copyright&quot;:&quot;&quot;,&quot;focal_length&quot;:&quot;20&quot;,&quot;iso&quot;:&quot;200&quot;,&quot;shutter_speed&quot;:&quot;0.01&quot;,&quot;title&quot;:&quot;&quot;,&quot;orientation&quot;:&quot;1&quot;}\" data-image-title=\"DSC_0020compress\" data-image-description=\"\" data-medium-file=\"http:\/\/www.laligue85.org\/fra\/wp-content\/uploads\/2019\/06\/DSC_0020compress-1-300x200.jpg\" data-large-file=\"http:\/\/www.laligue85.org\/fra\/wp-content\/uploads\/2019\/06\/DSC_0020compress-1-1024x683.jpg\" src=\"https:\/\/i0.wp.com\/www.laligue85.org\/fra\/wp-content\/uploads\/2019\/06\/DSC_0020compress-1.jpg?w=162&#038;h=108\" width=\"162\" height=\"108\" data-original-width=\"162\" data-original-height=\"108\" itemprop=\"http:\/\/schema.org\/image\" title=\"DSC_0020compress\" alt=\"DSC_0020compress\" style=\"width: 162px; height: 108px;\" \/> <\/a> <\/div> <\/div> <!-- close group --> <\/div> <!-- close row --> <div class=\"gallery-row\" style=\"width: 500px; height: 112px;\" data-original-width=\"500\" data-original-height=\"112\" > <div class=\"gallery-group images-1\" style=\"width: 167px; height: 112px;\" data-original-width=\"167\" data-original-height=\"112\" > <div class=\"tiled-gallery-item tiled-gallery-item-small\" itemprop=\"associatedMedia\" itemscope itemtype=\"http:\/\/schema.org\/ImageObject\"> <a href=\"http:\/\/www.laligue85.org\/fra\/blog\/2019\/07\/02\/fab-lab-coworking-et-tiers-lieux\/dsc_0021compress-3\/\" border=\"0\" itemprop=\"url\"> <meta itemprop=\"width\" content=\"163\"> <meta itemprop=\"height\" content=\"108\"> <img loading=\"lazy\" decoding=\"async\" data-attachment-id=\"9863\" data-orig-file=\"http:\/\/www.laligue85.org\/fra\/wp-content\/uploads\/2019\/06\/DSC_0021compress.jpg\" data-orig-size=\"1024,683\" data-comments-opened=\"\" data-image-meta=\"{&quot;aperture&quot;:&quot;6.3&quot;,&quot;credit&quot;:&quot;&quot;,&quot;camera&quot;:&quot;NIKON D3100&quot;,&quot;caption&quot;:&quot;????????????????????????????????????&quot;,&quot;created_timestamp&quot;:&quot;1561110846&quot;,&quot;copyright&quot;:&quot;&quot;,&quot;focal_length&quot;:&quot;20&quot;,&quot;iso&quot;:&quot;200&quot;,&quot;shutter_speed&quot;:&quot;0.0025&quot;,&quot;title&quot;:&quot;&quot;,&quot;orientation&quot;:&quot;1&quot;}\" data-image-title=\"DSC_0021compress\" data-image-description=\"\" data-medium-file=\"http:\/\/www.laligue85.org\/fra\/wp-content\/uploads\/2019\/06\/DSC_0021compress-300x200.jpg\" data-large-file=\"http:\/\/www.laligue85.org\/fra\/wp-content\/uploads\/2019\/06\/DSC_0021compress-1024x683.jpg\" src=\"https:\/\/i0.wp.com\/www.laligue85.org\/fra\/wp-content\/uploads\/2019\/06\/DSC_0021compress.jpg?w=163&#038;h=108\" width=\"163\" height=\"108\" data-original-width=\"163\" data-original-height=\"108\" itemprop=\"http:\/\/schema.org\/image\" title=\"DSC_0021compress\" alt=\"DSC_0021compress\" style=\"width: 163px; height: 108px;\" \/> <\/a> <\/div> <\/div> <!-- close group --> <div class=\"gallery-group images-1\" style=\"width: 167px; height: 112px;\" data-original-width=\"167\" data-original-height=\"112\" > <div class=\"tiled-gallery-item tiled-gallery-item-small\" itemprop=\"associatedMedia\" itemscope itemtype=\"http:\/\/schema.org\/ImageObject\"> <a href=\"http:\/\/www.laligue85.org\/fra\/blog\/2019\/07\/02\/fab-lab-coworking-et-tiers-lieux\/dsc_0022compress-3\/\" border=\"0\" itemprop=\"url\"> <meta itemprop=\"width\" content=\"163\"> <meta itemprop=\"height\" content=\"108\"> <img loading=\"lazy\" decoding=\"async\" data-attachment-id=\"9864\" data-orig-file=\"http:\/\/www.laligue85.org\/fra\/wp-content\/uploads\/2019\/06\/DSC_0022compress.jpg\" data-orig-size=\"1024,683\" data-comments-opened=\"\" data-image-meta=\"{&quot;aperture&quot;:&quot;6.3&quot;,&quot;credit&quot;:&quot;&quot;,&quot;camera&quot;:&quot;NIKON D3100&quot;,&quot;caption&quot;:&quot;????????????????????????????????????&quot;,&quot;created_timestamp&quot;:&quot;1561110850&quot;,&quot;copyright&quot;:&quot;&quot;,&quot;focal_length&quot;:&quot;18&quot;,&quot;iso&quot;:&quot;200&quot;,&quot;shutter_speed&quot;:&quot;0.01&quot;,&quot;title&quot;:&quot;&quot;,&quot;orientation&quot;:&quot;1&quot;}\" data-image-title=\"DSC_0022compress\" data-image-description=\"\" data-medium-file=\"http:\/\/www.laligue85.org\/fra\/wp-content\/uploads\/2019\/06\/DSC_0022compress-300x200.jpg\" data-large-file=\"http:\/\/www.laligue85.org\/fra\/wp-content\/uploads\/2019\/06\/DSC_0022compress-1024x683.jpg\" src=\"https:\/\/i0.wp.com\/www.laligue85.org\/fra\/wp-content\/uploads\/2019\/06\/DSC_0022compress.jpg?w=163&#038;h=108\" width=\"163\" height=\"108\" data-original-width=\"163\" data-original-height=\"108\" itemprop=\"http:\/\/schema.org\/image\" title=\"DSC_0022compress\" alt=\"DSC_0022compress\" style=\"width: 163px; height: 108px;\" \/> <\/a> <\/div> <\/div> <!-- close group --> <div class=\"gallery-group images-1\" style=\"width: 166px; height: 112px;\" data-original-width=\"166\" data-original-height=\"112\" > <div class=\"tiled-gallery-item tiled-gallery-item-small\" itemprop=\"associatedMedia\" itemscope itemtype=\"http:\/\/schema.org\/ImageObject\"> <a href=\"http:\/\/www.laligue85.org\/fra\/blog\/2019\/07\/02\/fab-lab-coworking-et-tiers-lieux\/dsc_0024compress-2\/\" border=\"0\" itemprop=\"url\"> <meta itemprop=\"width\" content=\"162\"> <meta itemprop=\"height\" content=\"108\"> <img loading=\"lazy\" decoding=\"async\" data-attachment-id=\"9865\" data-orig-file=\"http:\/\/www.laligue85.org\/fra\/wp-content\/uploads\/2019\/06\/DSC_0024compress.jpg\" data-orig-size=\"1024,683\" data-comments-opened=\"\" data-image-meta=\"{&quot;aperture&quot;:&quot;6.3&quot;,&quot;credit&quot;:&quot;&quot;,&quot;camera&quot;:&quot;NIKON D3100&quot;,&quot;caption&quot;:&quot;????????????????????????????????????&quot;,&quot;created_timestamp&quot;:&quot;1561113998&quot;,&quot;copyright&quot;:&quot;&quot;,&quot;focal_length&quot;:&quot;18&quot;,&quot;iso&quot;:&quot;200&quot;,&quot;shutter_speed&quot;:&quot;0.0003125&quot;,&quot;title&quot;:&quot;&quot;,&quot;orientation&quot;:&quot;1&quot;}\" data-image-title=\"DSC_0024compress\" data-image-description=\"\" data-medium-file=\"http:\/\/www.laligue85.org\/fra\/wp-content\/uploads\/2019\/06\/DSC_0024compress-300x200.jpg\" data-large-file=\"http:\/\/www.laligue85.org\/fra\/wp-content\/uploads\/2019\/06\/DSC_0024compress-1024x683.jpg\" src=\"https:\/\/i0.wp.com\/www.laligue85.org\/fra\/wp-content\/uploads\/2019\/06\/DSC_0024compress.jpg?w=162&#038;h=108\" width=\"162\" height=\"108\" data-original-width=\"162\" data-original-height=\"108\" itemprop=\"http:\/\/schema.org\/image\" title=\"DSC_0024compress\" alt=\"DSC_0024compress\" style=\"width: 162px; height: 108px;\" \/> <\/a> <\/div> <\/div> <!-- close group --> <\/div> <!-- close row --> <\/div>\n<h5>Co-working et Fab Lab<\/h5>\n<p>Direction la loco num\u00e9rique de La Roche-sur-Yon pour y visiter les espaces de coworking ou de r\u00e9union. Espace de travail pour les entrepreneurs ne voulant pas rester seul chez eux, cet espace de co-working favorise la cr\u00e9ation de nouvelles entreprises, le partage d&rsquo;exp\u00e9rience, la communication et la mise en r\u00e9seau.<\/p>\n<p>Fin de la journ\u00e9e avec la visite du Lab Ouest finalise l&rsquo;apr\u00e8s-midi. On y d\u00e9couvre les diff\u00e9rents outils mis \u00e0 disposition pour les adh\u00e9rents : machine \u00e0 coudre pouvant broder automatiquement, presse chaude pour floquer t-shirt ou autres, des imprimantes 3D pour divers projets selon les demandes.<\/p>\n\n\t\t<style type=\"text\/css\">\n\t\t\t#gallery-2 {\n\t\t\t\tmargin: auto;\n\t\t\t}\n\t\t\t#gallery-2 .gallery-item {\n\t\t\t\tfloat: left;\n\t\t\t\tmargin-top: 10px;\n\t\t\t\ttext-align: center;\n\t\t\t\twidth: 33%;\n\t\t\t}\n\t\t\t#gallery-2 img {\n\t\t\t\tborder: 2px solid #cfcfcf;\n\t\t\t}\n\t\t\t#gallery-2 .gallery-caption {\n\t\t\t\tmargin-left: 0;\n\t\t\t}\n\t\t\t\/* see gallery_shortcode() in wp-includes\/media.php *\/\n\t\t<\/style>\n\t\t<div id='gallery-2' class='gallery galleryid-9854 gallery-columns-3 gallery-size-thumbnail'><dl class='gallery-item'>\n\t\t\t<dt class='gallery-icon landscape'>\n\t\t\t\t<a href='http:\/\/www.laligue85.org\/fra\/blog\/2019\/07\/02\/fab-lab-coworking-et-tiers-lieux\/2-4\/'><img loading=\"lazy\" decoding=\"async\" width=\"150\" height=\"150\" src=\"http:\/\/www.laligue85.org\/fra\/wp-content\/uploads\/2019\/06\/2-150x150.jpg\" class=\"attachment-thumbnail size-thumbnail\" alt=\"\" \/><\/a>\n\t\t\t<\/dt><\/dl><dl class='gallery-item'>\n\t\t\t<dt class='gallery-icon landscape'>\n\t\t\t\t<a href='http:\/\/www.laligue85.org\/fra\/blog\/2019\/07\/02\/fab-lab-coworking-et-tiers-lieux\/index-2\/'><img loading=\"lazy\" decoding=\"async\" width=\"150\" height=\"150\" src=\"http:\/\/www.laligue85.org\/fra\/wp-content\/uploads\/2019\/06\/index-150x150.jpg\" class=\"attachment-thumbnail size-thumbnail\" alt=\"\" \/><\/a>\n\t\t\t<\/dt><\/dl>\n\t\t\t<br style='clear: both' \/>\n\t\t<\/div>\n\n<p>&nbsp;<\/p>\n","protected":false},"excerpt":{"rendered":"<p>Toute l&rsquo;ann\u00e9e, la DDCS de Vend\u00e9e avec la f\u00e9d\u00e9ration, a propos\u00e9 des modules de formation sur le th\u00e8me du num\u00e9rique afin de sensibiliser les volontaires en service civique \u00e0 diff\u00e9rents outils, les orienter vers des professionnels et d\u00e9velopper leur esprit critique. Pour cette derni\u00e8re journ\u00e9e les volontaires ont \u00e9t\u00e9 invit\u00e9s [&hellip;]<\/p>\n","protected":false},"author":10,"featured_media":9855,"comment_status":"closed","ping_status":"open","sticky":false,"template":"","format":"standard","meta":{"jetpack_post_was_ever_published":false,"footnotes":"","jetpack_publicize_message":"","jetpack_is_tweetstorm":false,"jetpack_publicize_feature_enabled":true,"jetpack_social_post_already_shared":true,"jetpack_social_options":[]},"categories":[326],"tags":[288,292,271,273],"class_list":["post-9854","post","type-post","status-publish","format-standard","has-post-thumbnail","hentry","category-education-aux-medias","tag-animation","tag-association","tag-formation","tag-outils-pedagogiques"],"jetpack_publicize_connections":[],"yoast_head":"<!-- This site is optimized with the Yoast SEO plugin v20.0 - https:\/\/yoast.com\/wordpress\/plugins\/seo\/ -->\n<title>Fab Lab, coworking et Tiers Lieux ? - La Ligue de l&#039;Enseignement de Vend\u00e9e<\/title>\n<meta name=\"description\" content=\"Pour l&#039;ann\u00e9e 2018-2019, des service civique une fin en beaut\u00e9 avec la venue du Camion Germaine, un Fab Lab mobile, toute la matin\u00e9e \u00e0 la f\u00e9d\u00e9ration.\" \/>\n<meta name=\"robots\" content=\"index, follow, max-snippet:-1, max-image-preview:large, max-video-preview:-1\" \/>\n<link rel=\"canonical\" href=\"http:\/\/www.laligue85.org\/fra\/blog\/2019\/07\/02\/fab-lab-coworking-et-tiers-lieux\/\" \/>\n<meta property=\"og:locale\" content=\"fr_FR\" \/>\n<meta property=\"og:type\" content=\"article\" \/>\n<meta property=\"og:title\" content=\"Fab Lab, coworking et Tiers Lieux ? - La Ligue de l&#039;Enseignement de Vend\u00e9e\" \/>\n<meta property=\"og:description\" content=\"Pour l&#039;ann\u00e9e 2018-2019, des service civique une fin en beaut\u00e9 avec la venue du Camion Germaine, un Fab Lab mobile, toute la matin\u00e9e \u00e0 la f\u00e9d\u00e9ration.\" \/>\n<meta property=\"og:url\" content=\"http:\/\/www.laligue85.org\/fra\/blog\/2019\/07\/02\/fab-lab-coworking-et-tiers-lieux\/\" \/>\n<meta property=\"og:site_name\" content=\"La Ligue de l&#039;Enseignement de Vend\u00e9e\" \/>\n<meta property=\"article:published_time\" content=\"2019-07-02T11:56:48+00:00\" \/>\n<meta property=\"og:image\" content=\"http:\/\/www.laligue85.org\/fra\/wp-content\/uploads\/2019\/06\/DSC_0017compress-1.jpg\" \/>\n\t<meta property=\"og:image:width\" content=\"1024\" \/>\n\t<meta property=\"og:image:height\" content=\"683\" \/>\n\t<meta property=\"og:image:type\" content=\"image\/jpeg\" \/>\n<meta name=\"author\" content=\"webreporter\" \/>\n<meta name=\"twitter:card\" content=\"summary_large_image\" \/>\n<meta name=\"twitter:label1\" content=\"\u00c9crit par\" \/>\n\t<meta name=\"twitter:data1\" content=\"webreporter\" \/>\n\t<meta name=\"twitter:label2\" content=\"Dur\u00e9e de lecture estim\u00e9e\" \/>\n\t<meta name=\"twitter:data2\" content=\"2 minutes\" \/>\n<script type=\"application\/ld+json\" class=\"yoast-schema-graph\">{\"@context\":\"https:\/\/schema.org\",\"@graph\":[{\"@type\":\"WebPage\",\"@id\":\"http:\/\/www.laligue85.org\/fra\/blog\/2019\/07\/02\/fab-lab-coworking-et-tiers-lieux\/\",\"url\":\"http:\/\/www.laligue85.org\/fra\/blog\/2019\/07\/02\/fab-lab-coworking-et-tiers-lieux\/\",\"name\":\"Fab Lab, coworking et Tiers Lieux ? - La Ligue de l&#039;Enseignement de Vend\u00e9e\",\"isPartOf\":{\"@id\":\"https:\/\/www.laligue85.org\/fra\/#website\"},\"datePublished\":\"2019-07-02T11:56:48+00:00\",\"dateModified\":\"2019-07-02T11:56:48+00:00\",\"author\":{\"@id\":\"https:\/\/www.laligue85.org\/fra\/#\/schema\/person\/1e7451bdc7326a9d6998c4e6143ef302\"},\"description\":\"Pour l'ann\u00e9e 2018-2019, des service civique une fin en beaut\u00e9 avec la venue du Camion Germaine, un Fab Lab mobile, toute la matin\u00e9e \u00e0 la f\u00e9d\u00e9ration.\",\"breadcrumb\":{\"@id\":\"http:\/\/www.laligue85.org\/fra\/blog\/2019\/07\/02\/fab-lab-coworking-et-tiers-lieux\/#breadcrumb\"},\"inLanguage\":\"fr-FR\",\"potentialAction\":[{\"@type\":\"ReadAction\",\"target\":[\"http:\/\/www.laligue85.org\/fra\/blog\/2019\/07\/02\/fab-lab-coworking-et-tiers-lieux\/\"]}]},{\"@type\":\"BreadcrumbList\",\"@id\":\"http:\/\/www.laligue85.org\/fra\/blog\/2019\/07\/02\/fab-lab-coworking-et-tiers-lieux\/#breadcrumb\",\"itemListElement\":[{\"@type\":\"ListItem\",\"position\":1,\"name\":\"Accueil\",\"item\":\"https:\/\/www.laligue85.org\/fra\/\"},{\"@type\":\"ListItem\",\"position\":2,\"name\":\"Fab Lab, coworking et Tiers Lieux ?\"}]},{\"@type\":\"WebSite\",\"@id\":\"https:\/\/www.laligue85.org\/fra\/#website\",\"url\":\"https:\/\/www.laligue85.org\/fra\/\",\"name\":\"La Ligue de l&#039;Enseignement de Vend\u00e9e\",\"description\":\"F\u00e9d\u00e9ration d&#039;\u00e9ducation populaire\",\"potentialAction\":[{\"@type\":\"SearchAction\",\"target\":{\"@type\":\"EntryPoint\",\"urlTemplate\":\"https:\/\/www.laligue85.org\/fra\/?s={search_term_string}\"},\"query-input\":\"required name=search_term_string\"}],\"inLanguage\":\"fr-FR\"},{\"@type\":\"Person\",\"@id\":\"https:\/\/www.laligue85.org\/fra\/#\/schema\/person\/1e7451bdc7326a9d6998c4e6143ef302\",\"name\":\"webreporter\",\"image\":{\"@type\":\"ImageObject\",\"inLanguage\":\"fr-FR\",\"@id\":\"https:\/\/www.laligue85.org\/fra\/#\/schema\/person\/image\/\",\"url\":\"https:\/\/secure.gravatar.com\/avatar\/bb1e730a8d65ed9caef9b25f341b72a8?s=96&d=mm&r=g\",\"contentUrl\":\"https:\/\/secure.gravatar.com\/avatar\/bb1e730a8d65ed9caef9b25f341b72a8?s=96&d=mm&r=g\",\"caption\":\"webreporter\"},\"url\":\"http:\/\/www.laligue85.org\/fra\/blog\/author\/webreporter\/\"}]}<\/script>\n<!-- \/ Yoast SEO plugin. -->","yoast_head_json":{"title":"Fab Lab, coworking et Tiers Lieux ? - La Ligue de l&#039;Enseignement de Vend\u00e9e","description":"Pour l'ann\u00e9e 2018-2019, des service civique une fin en beaut\u00e9 avec la venue du Camion Germaine, un Fab Lab mobile, toute la matin\u00e9e \u00e0 la f\u00e9d\u00e9ration.","robots":{"index":"index","follow":"follow","max-snippet":"max-snippet:-1","max-image-preview":"max-image-preview:large","max-video-preview":"max-video-preview:-1"},"canonical":"http:\/\/www.laligue85.org\/fra\/blog\/2019\/07\/02\/fab-lab-coworking-et-tiers-lieux\/","og_locale":"fr_FR","og_type":"article","og_title":"Fab Lab, coworking et Tiers Lieux ? - La Ligue de l&#039;Enseignement de Vend\u00e9e","og_description":"Pour l'ann\u00e9e 2018-2019, des service civique une fin en beaut\u00e9 avec la venue du Camion Germaine, un Fab Lab mobile, toute la matin\u00e9e \u00e0 la f\u00e9d\u00e9ration.","og_url":"http:\/\/www.laligue85.org\/fra\/blog\/2019\/07\/02\/fab-lab-coworking-et-tiers-lieux\/","og_site_name":"La Ligue de l&#039;Enseignement de Vend\u00e9e","article_published_time":"2019-07-02T11:56:48+00:00","og_image":[{"width":1024,"height":683,"url":"http:\/\/www.laligue85.org\/fra\/wp-content\/uploads\/2019\/06\/DSC_0017compress-1.jpg","type":"image\/jpeg"}],"author":"webreporter","twitter_card":"summary_large_image","twitter_misc":{"\u00c9crit par":"webreporter","Dur\u00e9e de lecture estim\u00e9e":"2 minutes"},"schema":{"@context":"https:\/\/schema.org","@graph":[{"@type":"WebPage","@id":"http:\/\/www.laligue85.org\/fra\/blog\/2019\/07\/02\/fab-lab-coworking-et-tiers-lieux\/","url":"http:\/\/www.laligue85.org\/fra\/blog\/2019\/07\/02\/fab-lab-coworking-et-tiers-lieux\/","name":"Fab Lab, coworking et Tiers Lieux ? - La Ligue de l&#039;Enseignement de Vend\u00e9e","isPartOf":{"@id":"https:\/\/www.laligue85.org\/fra\/#website"},"datePublished":"2019-07-02T11:56:48+00:00","dateModified":"2019-07-02T11:56:48+00:00","author":{"@id":"https:\/\/www.laligue85.org\/fra\/#\/schema\/person\/1e7451bdc7326a9d6998c4e6143ef302"},"description":"Pour l'ann\u00e9e 2018-2019, des service civique une fin en beaut\u00e9 avec la venue du Camion Germaine, un Fab Lab mobile, toute la matin\u00e9e \u00e0 la f\u00e9d\u00e9ration.","breadcrumb":{"@id":"http:\/\/www.laligue85.org\/fra\/blog\/2019\/07\/02\/fab-lab-coworking-et-tiers-lieux\/#breadcrumb"},"inLanguage":"fr-FR","potentialAction":[{"@type":"ReadAction","target":["http:\/\/www.laligue85.org\/fra\/blog\/2019\/07\/02\/fab-lab-coworking-et-tiers-lieux\/"]}]},{"@type":"BreadcrumbList","@id":"http:\/\/www.laligue85.org\/fra\/blog\/2019\/07\/02\/fab-lab-coworking-et-tiers-lieux\/#breadcrumb","itemListElement":[{"@type":"ListItem","position":1,"name":"Accueil","item":"https:\/\/www.laligue85.org\/fra\/"},{"@type":"ListItem","position":2,"name":"Fab Lab, coworking et Tiers Lieux ?"}]},{"@type":"WebSite","@id":"https:\/\/www.laligue85.org\/fra\/#website","url":"https:\/\/www.laligue85.org\/fra\/","name":"La Ligue de l&#039;Enseignement de Vend\u00e9e","description":"F\u00e9d\u00e9ration d&#039;\u00e9ducation populaire","potentialAction":[{"@type":"SearchAction","target":{"@type":"EntryPoint","urlTemplate":"https:\/\/www.laligue85.org\/fra\/?s={search_term_string}"},"query-input":"required name=search_term_string"}],"inLanguage":"fr-FR"},{"@type":"Person","@id":"https:\/\/www.laligue85.org\/fra\/#\/schema\/person\/1e7451bdc7326a9d6998c4e6143ef302","name":"webreporter","image":{"@type":"ImageObject","inLanguage":"fr-FR","@id":"https:\/\/www.laligue85.org\/fra\/#\/schema\/person\/image\/","url":"https:\/\/secure.gravatar.com\/avatar\/bb1e730a8d65ed9caef9b25f341b72a8?s=96&d=mm&r=g","contentUrl":"https:\/\/secure.gravatar.com\/avatar\/bb1e730a8d65ed9caef9b25f341b72a8?s=96&d=mm&r=g","caption":"webreporter"},"url":"http:\/\/www.laligue85.org\/fra\/blog\/author\/webreporter\/"}]}},"jetpack_featured_media_url":"http:\/\/www.laligue85.org\/fra\/wp-content\/uploads\/2019\/06\/DSC_0017compress-1.jpg","jetpack_shortlink":"https:\/\/wp.me\/p9Chnq-2yW","_links":{"self":[{"href":"http:\/\/www.laligue85.org\/fra\/wp-json\/wp\/v2\/posts\/9854","targetHints":{"allow":["GET"]}}],"collection":[{"href":"http:\/\/www.laligue85.org\/fra\/wp-json\/wp\/v2\/posts"}],"about":[{"href":"http:\/\/www.laligue85.org\/fra\/wp-json\/wp\/v2\/types\/post"}],"author":[{"embeddable":true,"href":"http:\/\/www.laligue85.org\/fra\/wp-json\/wp\/v2\/users\/10"}],"replies":[{"embeddable":true,"href":"http:\/\/www.laligue85.org\/fra\/wp-json\/wp\/v2\/comments?post=9854"}],"version-history":[{"count":9,"href":"http:\/\/www.laligue85.org\/fra\/wp-json\/wp\/v2\/posts\/9854\/revisions"}],"predecessor-version":[{"id":9892,"href":"http:\/\/www.laligue85.org\/fra\/wp-json\/wp\/v2\/posts\/9854\/revisions\/9892"}],"wp:featuredmedia":[{"embeddable":true,"href":"http:\/\/www.laligue85.org\/fra\/wp-json\/wp\/v2\/media\/9855"}],"wp:attachment":[{"href":"http:\/\/www.laligue85.org\/fra\/wp-json\/wp\/v2\/media?parent=9854"}],"wp:term":[{"taxonomy":"category","embeddable":true,"href":"http:\/\/www.laligue85.org\/fra\/wp-json\/wp\/v2\/categories?post=9854"},{"taxonomy":"post_tag","embeddable":true,"href":"http:\/\/www.laligue85.org\/fra\/wp-json\/wp\/v2\/tags?post=9854"}],"curies":[{"name":"wp","href":"https:\/\/api.w.org\/{rel}","templated":true}]}}