{"id":4273,"date":"2026-04-23T12:13:25","date_gmt":"2026-04-23T10:13:25","guid":{"rendered":"https:\/\/www.laligue85.org\/asso\/albourg\/?p=4273"},"modified":"2026-04-23T12:13:54","modified_gmt":"2026-04-23T10:13:54","slug":"4273-2","status":"publish","type":"post","link":"https:\/\/www.laligue85.org\/asso\/albourg\/4273-2\/","title":{"rendered":"GALA DE DANSE -BILLETERIE 2026"},"content":{"rendered":"<p>\u00ab\u00a0CHANGER DE DISQUE\u00a0\u00bb<\/p>\n<p><u>L\u2019Amicale La\u00efque du Bourg-Sous-La-Roche pr\u00e9sente son spectacle de danse orchestr\u00e9 par Oc\u00e9ane AUNEAU, dynamique professeure dipl\u00f4m\u00e9e d\u2019Etat.<\/u><\/p>\n<p>Deux repr\u00e9sentations sont propos\u00e9es, \u00e0\u00a0l&rsquo;Espace socio-culturel, l&rsquo;Epinette \u00e0 la Boissi\u00e8re-des-Landes\u00a0:<\/p>\n<p>Le samedi 23 mai \u00e0 20h30\u00a0et le dimanche 24 mai \u00e0 15h00<\/p>\n<p>Nous vous invitons \u00e0\u00a0r\u00e9server et r\u00e9gler vos places\u00a0jusqu\u2019au 21 mai 2026 via le lien HelloAsso\u00a0:\u00a0<a href=\"https:\/\/www.helloasso.com\/associations\/amicale-laique-du-bourg-2\" data-saferedirecturl=\"https:\/\/www.google.com\/url?q=https:\/\/www.helloasso.com\/associations\/amicale-laique-du-bourg-2&amp;source=gmail&amp;ust=1777024892929000&amp;usg=AOvVaw2omK9HWakIjyLUPlHPED58\">https:\/\/www.helloasso.com\/associations\/amicale-laique-du-bourg-2<\/a><\/p>\n<p>&nbsp;<\/p>\n<p>Oc\u00e9ane nous raconte\u00a0: \u00ab\u00a0Cette ann\u00e9e, j\u2019ai eu envie de partir sur un th\u00e8me qui me ressemble vraiment. L\u2019id\u00e9e \u00e9tait avant tout de me faire plaisir en explorant des sons tr\u00e8s vari\u00e9s qui ont marqu\u00e9 leur \u00e9poque, des ann\u00e9es 1960 \u00e0 aujourd\u2019hui.<\/p>\n<p>Je voulais aussi transmettre quelque chose aux enfants\u00a0: leur faire d\u00e9couvrir des styles musicaux qu\u2019ils ne connaissent pas forc\u00e9ment, les sensibiliser \u00e0 des univers parfois oubli\u00e9s. On fait ainsi revivre de grands noms comme Michael Jackson, Nina Simone, AC\/DC ou encore Elton John, en passant du disco au funk jusqu\u2019au rock\u2019n\u2019roll\u00a0!<\/p>\n<p>Je me suis aussi beaucoup amus\u00e9e dans la recherche des costumes, en essayant de coller au mieux \u00e0 chaque \u00e9poque et \u00e0 chaque ambiance.<\/p>\n<p>Le spectacle s\u2019articule autour d\u2019une platine vinyle. Ambre et Mia la d\u00e9couvrent sur un stand de brocante sans savoir ce que c\u2019est. Par curiosit\u00e9, elles\u00a0 d\u00e9cident de l\u2019essayer\u2026et vont se laisser embarquer dans un v\u00e9ritable voyage musical, au fil des vinyles qu\u2019elles \u00e9coutent un peu au hasard.\u00a0\u00bb<\/p>\n<p>Vous l\u2019avez compris\u00a0: les \u00e9l\u00e8ves de l\u2019Amicale La\u00efque du Bourg et leur professeure Oc\u00e9ane ont vraiment h\u00e2te de monter sur sc\u00e8ne et partager ce moment avec le public.<\/p>\n<p>Venez vivre ce voyage musical avec nous\u00a0!<img loading=\"lazy\" class=\"alignnone size-medium wp-image-4274\" src=\"http:\/\/www.laligue85.org\/asso\/albourg\/wp-content\/uploads\/sites\/3\/2026\/04\/affiche-Changer-de-disque-ALB_page-0001-213x300.jpg\" alt=\"\" width=\"213\" height=\"300\" srcset=\"https:\/\/www.laligue85.org\/asso\/albourg\/wp-content\/uploads\/sites\/3\/2026\/04\/affiche-Changer-de-disque-ALB_page-0001-213x300.jpg 213w, https:\/\/www.laligue85.org\/asso\/albourg\/wp-content\/uploads\/sites\/3\/2026\/04\/affiche-Changer-de-disque-ALB_page-0001.jpg 621w\" sizes=\"(max-width: 213px) 100vw, 213px\" \/><\/p>\n<p>AFFICHE REALISEE PAR MATTHIEU MICHEL<\/p>\n","protected":false},"excerpt":{"rendered":"<p>\u00ab\u00a0CHANGER DE DISQUE\u00a0\u00bb L\u2019Amicale La\u00efque du Bourg-Sous-La-Roche pr\u00e9sente son spectacle de danse orchestr\u00e9 par Oc\u00e9ane AUNEAU, dynamique professeure dipl\u00f4m\u00e9e d\u2019Etat. Deux repr\u00e9sentations sont propos\u00e9es, \u00e0\u00a0l&rsquo;Espace socio-culturel, l&rsquo;Epinette \u00e0 la Boissi\u00e8re-des-Landes\u00a0: Le samedi 23 mai \u00e0 20h30\u00a0et le dimanche 24 mai \u00e0 15h00 Nous vous invitons \u00e0\u00a0r\u00e9server et r\u00e9gler vos places\u00a0jusqu\u2019au 21 mai 2026 via le &#8230;<\/p>\n","protected":false},"author":40,"featured_media":0,"comment_status":"closed","ping_status":"closed","sticky":false,"template":"","format":"standard","meta":[],"categories":[2],"tags":[],"_links":{"self":[{"href":"https:\/\/www.laligue85.org\/asso\/albourg\/wp-json\/wp\/v2\/posts\/4273"}],"collection":[{"href":"https:\/\/www.laligue85.org\/asso\/albourg\/wp-json\/wp\/v2\/posts"}],"about":[{"href":"https:\/\/www.laligue85.org\/asso\/albourg\/wp-json\/wp\/v2\/types\/post"}],"author":[{"embeddable":true,"href":"https:\/\/www.laligue85.org\/asso\/albourg\/wp-json\/wp\/v2\/users\/40"}],"replies":[{"embeddable":true,"href":"https:\/\/www.laligue85.org\/asso\/albourg\/wp-json\/wp\/v2\/comments?post=4273"}],"version-history":[{"count":3,"href":"https:\/\/www.laligue85.org\/asso\/albourg\/wp-json\/wp\/v2\/posts\/4273\/revisions"}],"predecessor-version":[{"id":4277,"href":"https:\/\/www.laligue85.org\/asso\/albourg\/wp-json\/wp\/v2\/posts\/4273\/revisions\/4277"}],"wp:attachment":[{"href":"https:\/\/www.laligue85.org\/asso\/albourg\/wp-json\/wp\/v2\/media?parent=4273"}],"wp:term":[{"taxonomy":"category","embeddable":true,"href":"https:\/\/www.laligue85.org\/asso\/albourg\/wp-json\/wp\/v2\/categories?post=4273"},{"taxonomy":"post_tag","embeddable":true,"href":"https:\/\/www.laligue85.org\/asso\/albourg\/wp-json\/wp\/v2\/tags?post=4273"}],"curies":[{"name":"wp","href":"https:\/\/api.w.org\/{rel}","templated":true}]}}