{"id":142,"date":"2022-08-10T00:11:42","date_gmt":"2022-08-09T22:11:42","guid":{"rendered":"http:\/\/www.laligue85.org\/asso\/alco\/?p=142"},"modified":"2022-08-10T00:13:50","modified_gmt":"2022-08-09T22:13:50","slug":"flash-info-2","status":"publish","type":"post","link":"https:\/\/www.laligue85.org\/asso\/alco\/2022\/08\/10\/flash-info-2\/","title":{"rendered":"Bienvenue sur les pages de l&rsquo;ALco"},"content":{"rendered":"<p align=\"CENTER\"><span style=\"color: #0000ff\"><span style=\"font-family: Times New Roman, serif\"><span style=\"font-size: xx-large\"><b>Amicale La\u00efque du Ch\u00e2teau d\u2019Olonne <\/b><\/span><\/span><\/span><\/p>\n<p align=\"CENTER\"><span style=\"color: #0000ff\"><span style=\"font-family: Times New Roman, serif\"><span style=\"font-size: large\"><b>depuis 1946<\/b><\/span><\/span><\/span><\/p>\n<p>Qui sommes-nous, que faisons-nous, pour qui, pour quoi ? Tout est r\u00e9sum\u00e9\u00a0 ci-dessous, et on ne peut d\u00e9finir qui nous sommes sans passer par nos sources :<\/p>\n<p>&nbsp;<\/p>\n<p align=\"CENTER\"><span style=\"font-family: Comic Sans MS, cursive\"><span style=\"font-size: large\"><b>L&rsquo;Amicale La\u00efque du Ch\u00e2teau d&rsquo;Olonne\u00a0: Les Sources<\/b><\/span><\/span><\/p>\n<p align=\"JUSTIFY\"><span style=\"font-size: medium\">L&rsquo;Amicale La\u00efque du Ch\u00e2teau d&rsquo;Olonne est n\u00e9e en 1946 (J.O. du 18\/11\/1946) par la volont\u00e9 et l&rsquo;enthousiasme de quelques amis de l&rsquo;\u00e9cole publique, soucieux de la soutenir moralement et p\u00e9cuniairement, dans une \u00e9poque o\u00f9 l&rsquo;\u00e9cole de la r\u00e9publique n&rsquo;\u00e9tait pas toujours la bienvenue.<\/span><\/p>\n<p align=\"JUSTIFY\"><span style=\"font-size: medium\">Elle fut cr\u00e9\u00e9e dans le grand \u00e9lan r\u00e9publicain d&rsquo;apr\u00e8s guerre. <b>C&rsquo;est une association loi 1901, d&rsquo;\u00e9ducation populaire, la\u00efque\u00a0:<\/b><\/span><\/p>\n<p align=\"JUSTIFY\">\u2192 <span style=\"font-size: medium\">\u00e9ducation populaire car souhaitant participer \u00e0 la diffusion de la connaissance au plus grand nombre afin que chacun puisse s&rsquo;\u00e9panouir et agir dans la soci\u00e9t\u00e9,<\/span><\/p>\n<p align=\"JUSTIFY\">\u2192 <span style=\"font-size: medium\">la\u00efque pour respecter la libert\u00e9 de conscience de chacun, hommes ou femmes, petits ou grands.<\/span><\/p>\n<p align=\"JUSTIFY\"><span style=\"font-size: medium\"><b>Contribuer \u00e0 ce que chaque enfant, quel qu&rsquo;il soit, sorte de l&rsquo;\u00e9cole avec le maximum d&rsquo;atouts pour son avenir, agr\u00e9menter l&rsquo;existence de tous par des manifestations de bonne camaraderie, de joie et de ga\u00eet\u00e9, telle \u00e9tait la raison d&rsquo;\u00eatre de l&rsquo;Amicale voulue par les membres fondateurs.<\/b><\/span><\/p>\n<p align=\"JUSTIFY\"><span style=\"font-size: medium\">Ainsi, tout au long de ces ann\u00e9es l&rsquo;Amicale a collect\u00e9 des fonds pour les \u00e9coles tout en cr\u00e9ant du lien entre ses membres. <\/span><\/p>\n<p align=\"JUSTIFY\"><span style=\"font-size: medium\">Notons les f\u00eates de No\u00ebl avec leurs spectacles et les cadeaux aux enfants, les f\u00eates de fin d&rsquo;ann\u00e9e scolaire avec les stands de jeux pour petits et grands, les voyages scolaires, les classes de neige, les aides aux fournitures scolaires pour all\u00e9ger le budget des familles, le tourisme culturel (voyages amicalistes), les bals, les concours de cartes, etc. <\/span><\/p>\n<p align=\"JUSTIFY\"><span style=\"font-size: medium\">Notons aussi la gestion des cantines scolaires jusque dans les ann\u00e9es 90 avant qu&rsquo;elle soit reprise par la commune.<\/span><\/p>\n<p align=\"JUSTIFY\"><span style=\"font-size: medium\"><b>La vie de l&rsquo;Amicale La\u00efque du Ch\u00e2teau d&rsquo;Olonne et l&rsquo;histoire de la commune sont intimement li\u00e9es.<\/b> Cela est particuli\u00e8rement vrai sur les premi\u00e8res d\u00e9cennies. Le pr\u00e9sident fondateur, S\u00e9raphin Buton, conseiller municipal d\u00e8s 1925, sera ensuite maire de la commune pendant 19 ans (de 1947 \u00e0 1966) et \u00e9galement pr\u00e9sident de la section locale des anciens combattants r\u00e9publicains\u00a0; on compte dans les membres fondateurs de l&rsquo;Amicale les directeurs et directrices des \u00e9coles\u00a0; des adh\u00e9rents seront conseillers municipaux ou engag\u00e9s dans la vie associative locale, sportive ou autre, en qualit\u00e9 de dirigeants ou de membres actifs.<\/span><\/p>\n<p align=\"CENTER\"><span style=\"font-family: Comic Sans MS, cursive\"><span style=\"font-size: large\"><b>L&rsquo;Amicale La\u00efque du Ch\u00e2teau d&rsquo;Olonne\u00a0: Aujourd&rsquo;hui<\/b><\/span><\/span><\/p>\n<p align=\"JUSTIFY\"><span style=\"font-size: medium\">Au plus pr\u00e8s des groupes scolaires publics de la commune, l&rsquo;Amicale La\u00efque du Ch\u00e2teau d&rsquo;Olonne cr\u00e9era une section aupr\u00e8s de chacun d&rsquo;eux.<\/span><\/p>\n<p align=\"JUSTIFY\"><span style=\"font-size: medium\">Dans les ann\u00e9es 70, la croissance des effectifs dans ces groupes scolaires fera que les sections de l&rsquo;Amicale prendront petit \u00e0 petit leur ind\u00e9pendance, y compris juridique.<\/span><\/p>\n<p align=\"JUSTIFY\"><span style=\"font-size: medium\"><b>Ainsi, depuis 1995 coexistent sur le Ch\u00e2teau 4 amicales la\u00efques, qui restent en lien et se compl\u00e8tent\u00a0: <\/b><\/span><\/p>\n<p align=\"JUSTIFY\">\u2192 <span style=\"font-size: medium\">une sur chacun des groupes scolaires\u00a0: Amicale La\u00efque de La Pironni\u00e8re, Amicale La\u00efque Ren\u00e9 Millet, Amicale La\u00efque des Nouettes,<\/span><\/p>\n<p align=\"JUSTIFY\">\u2192 <span style=\"font-size: medium\">et l&rsquo;Amicale La\u00efque du Ch\u00e2teau d&rsquo;Olonne nomm\u00e9e parfois \u00ab\u00a0Amicale m\u00e8re\u00a0\u00bb.<\/span><\/p>\n<p align=\"JUSTIFY\"><span style=\"font-size: medium\">Les Amicales La\u00efques des groupes scolaires publics sont principalement tourn\u00e9es vers la vie de leurs \u00e9coles respectives.<\/span><\/p>\n<p align=\"JUSTIFY\"><span style=\"font-size: medium\"><b>L&rsquo;Amicale m\u00e8re quant \u00e0 elle reste \u00e0 l&rsquo;\u00e9coute des besoins des \u00e9coles publiques du secteur<\/b> pour apporter le cas \u00e9ch\u00e9ant une aide financi\u00e8re \u00e0 des familles en difficult\u00e9s, car tous les enfants doivent pouvoir b\u00e9n\u00e9ficier des projets p\u00e9dagogiques pr\u00e9vus. <\/span><\/p>\n<p align=\"JUSTIFY\"><span style=\"font-size: medium\"><b>Elle propose aussi depuis 2013 deux ateliers\u00a0:<\/b><\/span><\/p>\n<p align=\"JUSTIFY\">\u2192 <span style=\"font-size: medium\">un atelier d&rsquo;initiation aux techniques de fabrication des meubles en carton,<\/span><\/p>\n<p align=\"JUSTIFY\">\u2192 <span style=\"font-size: medium\">un atelier d\u00e9nomm\u00e9 <em>Cercle de G\u00e9n\u00e9alogie des Olonnes,<\/em> qui vise \u00e0 \u00e9changer des conseils, partager des exp\u00e9riences entre ses membres, apprendre \u00e0 cr\u00e9er son arbre g\u00e9n\u00e9alogique \u00e0 l&rsquo;aide de l&rsquo;outil informatique.<\/span><\/p>\n<p align=\"JUSTIFY\"><span style=\"font-size: medium\">Et puis, en lien avec les Amicales La\u00efques des Sables d&rsquo;Olonne (centre ville) et d&rsquo;Olonne sur Mer, et avec la Ligue de l&rsquo;Enseignement-F\u00e9d\u00e9ration des \u0152uvres La\u00efques de Vend\u00e9e, <b>l&rsquo;Amicale La\u00efque du Ch\u00e2teau d&rsquo;Olonne veille \u00e0 promouvoir les valeurs la\u00efques dans le cadre des manifestations du Printemps de la La\u00efcit\u00e9, et ce, depuis l&rsquo;ann\u00e9e 2010.<\/b><\/span><\/p>\n<hr \/>\n<p style=\"text-align: left\" align=\"CENTER\"><span style=\"font-family: Arial, sans-serif\"><span style=\"font-size: small\">Si\u00e8ge Social : Maison des Sports Rue Suzanne Lenglen &#8211; 85180 Les Sables d&rsquo;Olonne<\/span><\/span><\/p>\n<p style=\"text-align: left\" align=\"CENTER\"><span style=\"font-family: Arial, sans-serif\"><span style=\"font-size: small\">Siret n\u00b0 808 906 655 00010 \u2013 APE 9499Z<\/span><\/span><\/p>\n<p style=\"text-align: left\" align=\"CENTER\"><span style=\"font-family: Arial, sans-serif\"><span style=\"font-size: small\"><b>Adresse mail\u00a0: alco.<\/b><\/span><\/span><span style=\"color: #0000ff\"><a href=\"mailto:amicalelaiquechato@gmail.com\"><span style=\"color: #000000\"><span style=\"font-family: Arial, sans-serif\"><span style=\"font-size: small\"><b>amicalelaiquechato@gmail.com<\/b><\/span><\/span><\/span><\/a><\/span><\/p>\n<p style=\"text-align: left\" align=\"CENTER\"><span style=\"font-family: Arial, sans-serif\"><span style=\"font-size: small\"><b>Site Internet\u00a0: http:\/\/alco.amicalelaiquechato.laligue85.org<\/b><\/span><\/span><\/p>\n<p style=\"text-align: left\" align=\"CENTER\"><span style=\"font-family: Arial, sans-serif\"><span style=\"font-size: small\">T\u00e9l : 07.67.79.35.01.<\/span><\/span><\/p>\n","protected":false},"excerpt":{"rendered":"<p>Amicale La\u00efque du Ch\u00e2teau d\u2019Olonne depuis 1946 Qui sommes-nous, que faisons-nous, pour qui, pour quoi ? Tout est r\u00e9sum\u00e9\u00a0 ci-dessous, et on ne peut d\u00e9finir qui nous sommes sans passer par nos sources : &nbsp; L&rsquo;Amicale La\u00efque du Ch\u00e2teau d&rsquo;Olonne\u00a0: Les Sources L&rsquo;Amicale La\u00efque du Ch\u00e2teau d&rsquo;Olonne est n\u00e9e en 1946 (J.O. du 18\/11\/1946) par &hellip; <\/p>\n<p class=\"link-more\"><a href=\"https:\/\/www.laligue85.org\/asso\/alco\/2022\/08\/10\/flash-info-2\/\" class=\"more-link\">Continuer la lecture<span class=\"screen-reader-text\"> de &laquo;&nbsp;Bienvenue sur les pages de l&rsquo;ALco&nbsp;&raquo;<\/span><\/a><\/p>\n","protected":false},"author":10,"featured_media":0,"comment_status":"closed","ping_status":"closed","sticky":false,"template":"","format":"standard","meta":[],"categories":[11],"tags":[],"_links":{"self":[{"href":"https:\/\/www.laligue85.org\/asso\/alco\/wp-json\/wp\/v2\/posts\/142"}],"collection":[{"href":"https:\/\/www.laligue85.org\/asso\/alco\/wp-json\/wp\/v2\/posts"}],"about":[{"href":"https:\/\/www.laligue85.org\/asso\/alco\/wp-json\/wp\/v2\/types\/post"}],"author":[{"embeddable":true,"href":"https:\/\/www.laligue85.org\/asso\/alco\/wp-json\/wp\/v2\/users\/10"}],"replies":[{"embeddable":true,"href":"https:\/\/www.laligue85.org\/asso\/alco\/wp-json\/wp\/v2\/comments?post=142"}],"version-history":[{"count":19,"href":"https:\/\/www.laligue85.org\/asso\/alco\/wp-json\/wp\/v2\/posts\/142\/revisions"}],"predecessor-version":[{"id":311,"href":"https:\/\/www.laligue85.org\/asso\/alco\/wp-json\/wp\/v2\/posts\/142\/revisions\/311"}],"wp:attachment":[{"href":"https:\/\/www.laligue85.org\/asso\/alco\/wp-json\/wp\/v2\/media?parent=142"}],"wp:term":[{"taxonomy":"category","embeddable":true,"href":"https:\/\/www.laligue85.org\/asso\/alco\/wp-json\/wp\/v2\/categories?post=142"},{"taxonomy":"post_tag","embeddable":true,"href":"https:\/\/www.laligue85.org\/asso\/alco\/wp-json\/wp\/v2\/tags?post=142"}],"curies":[{"name":"wp","href":"https:\/\/api.w.org\/{rel}","templated":true}]}}