{"id":9060,"date":"2019-02-12T09:25:15","date_gmt":"2019-02-12T08:25:15","guid":{"rendered":"http:\/\/www.laligue85.org\/fra\/hebergements-groupes\/?p=9060"},"modified":"2019-03-22T15:23:55","modified_gmt":"2019-03-22T14:23:55","slug":"la-corniche-special-classes","status":"publish","type":"post","link":"https:\/\/www.laligue85.org\/fra\/hebergements-groupes\/2019\/02\/12\/la-corniche-special-classes\/","title":{"rendered":"La Corniche &#8211; sp\u00e9cial classes"},"content":{"rendered":"<p>[vc_row][vc_column]<div id=\"hero-slider-65192\" class=\"hero-slider-holder vntd-section veented-slider-holder  fullwidth-section\" style=\"height:700px\"data-nav=\"yes\" data-autoplay=\"true\" data-loop=\"true\">\t\n\t\t<div class=\"veented-slider-loader hero-slider-loader\">\n\t\t\t<div class=\"spinner\">\n\t\t\t  <div class=\"dot1\"><\/div>\n\t\t\t  <div class=\"dot2\"><\/div>\n\t\t\t<\/div>\n\t\t<\/div>\n\t\t\n\t\t<div class=\"hero-slider veented-slider swiper-containers\">\n\t\t\n\t\t\t<div class=\"hero-slider-inner veented-slider-inner swiper-wrapper\">\n\t\t\t\n\t\t\t\t\t\t\n\t\t\t\t<div class=\"swiper-slide hero-slide veented-slide-1 slide-align-left\">\n\t\t\t\t\n\t\t\t\t<div class=\"hero-slide-bg-image veented-slide-bg-image\" style=\"background-image: url('https:\/\/i0.wp.com\/www.laligue85.org\/fra\/hebergements-groupes\/wp-content\/uploads\/sites\/5\/2019\/02\/sthilaire-6.jpg?fit=4608%2C1491&ssl=1');\"><div class=\"bg-overlay bg-overlay-dark20\"><\/div><img decoding=\"async\" src=\"https:\/\/i0.wp.com\/www.laligue85.org\/fra\/hebergements-groupes\/wp-content\/uploads\/sites\/5\/2019\/02\/sthilaire-6.jpg?fit=4608%2C1491&ssl=1\" alt><\/div>\t\t\t\t\n\t\t\t\t<div class=\"inner\">\n\t\t\t\t\n\t\t\t\t\t<div class=\"hero-slide-inner\">\n\t\t\t\t\t\n\t\t\t\t\t\t<h2 class=\"hero-slide-heading veented-slide-heading\"> Bienvenue \u00e0 la Corniche<\/h2>\n\t\t\t\t\t\t\n\t\t\t\t\t\t\t\t\t\t\t<\/div>\n\t\t\t\t\t\n\t\t\t\t<\/div>\n\t\t\t\t\n\t\t\t\t<\/div>\n\t\t\t\t\t\t\t\t\n\t\t\t\t\t\t\n\t\t\t\t<div class=\"swiper-slide hero-slide veented-slide-2 slide-align-center\">\n\t\t\t\t\n\t\t\t\t<div class=\"hero-slide-bg-image veented-slide-bg-image\" style=\"background-image: url('https:\/\/i0.wp.com\/www.laligue85.org\/fra\/hebergements-groupes\/wp-content\/uploads\/sites\/5\/2019\/02\/sthilaire-1.jpg?fit=1280%2C419&ssl=1');\"><div class=\"bg-overlay bg-overlay-dark30\"><\/div><img decoding=\"async\" src=\"https:\/\/i0.wp.com\/www.laligue85.org\/fra\/hebergements-groupes\/wp-content\/uploads\/sites\/5\/2019\/02\/sthilaire-1.jpg?fit=1280%2C419&ssl=1\" alt><\/div>\t\t\t\t\n\t\t\t\t<div class=\"inner\">\n\t\t\t\t\n\t\t\t\t\t<div class=\"hero-slide-inner\">\n\t\t\t\t\t\n\t\t\t\t\t\t<h2 class=\"hero-slide-heading veented-slide-heading\"> Vue mer<\/h2>\n\t\t\t\t\t\t\n\t\t\t\t\t\t\t\t\t\t\t<\/div>\n\t\t\t\t\t\n\t\t\t\t<\/div>\n\t\t\t\t\n\t\t\t\t<\/div>\n\t\t\t\t\t\t\t\t\n\t\t\t\t\t\t\n\t\t\t\t<div class=\"swiper-slide hero-slide veented-slide-3 slide-align-center\">\n\t\t\t\t\n\t\t\t\t<div class=\"hero-slide-bg-image veented-slide-bg-image\" style=\"background-image: url('https:\/\/i0.wp.com\/www.laligue85.org\/fra\/hebergements-groupes\/wp-content\/uploads\/sites\/5\/2019\/02\/sthilaire-5.jpg?fit=1280%2C440&ssl=1');\"><div class=\"bg-overlay bg-overlay-dark30\"><\/div><img decoding=\"async\" src=\"https:\/\/i0.wp.com\/www.laligue85.org\/fra\/hebergements-groupes\/wp-content\/uploads\/sites\/5\/2019\/02\/sthilaire-5.jpg?fit=1280%2C440&ssl=1\" alt><\/div>\t\t\t\t\n\t\t\t\t<div class=\"inner\">\n\t\t\t\t\n\t\t\t\t\t<div class=\"hero-slide-inner\">\n\t\t\t\t\t\n\t\t\t\t\t\t<h2 class=\"hero-slide-heading veented-slide-heading\"> Salles de classe<\/h2>\n\t\t\t\t\t\t\n\t\t\t\t\t\t\t\t\t\t\t<\/div>\n\t\t\t\t\t\n\t\t\t\t<\/div>\n\t\t\t\t\n\t\t\t\t<\/div>\n\t\t\t\t\t\t\t\t\n\t\t\t\t\t\t\n\t\t\t\t<div class=\"swiper-slide hero-slide veented-slide-4 slide-align-center\">\n\t\t\t\t\n\t\t\t\t<div class=\"hero-slide-bg-image veented-slide-bg-image\" style=\"background-image: url('https:\/\/i0.wp.com\/www.laligue85.org\/fra\/hebergements-groupes\/wp-content\/uploads\/sites\/5\/2019\/02\/sthilaire-3.jpg?fit=1280%2C422&ssl=1');\"><div class=\"bg-overlay bg-overlay-dark30\"><\/div><img decoding=\"async\" src=\"https:\/\/i0.wp.com\/www.laligue85.org\/fra\/hebergements-groupes\/wp-content\/uploads\/sites\/5\/2019\/02\/sthilaire-3.jpg?fit=1280%2C422&ssl=1\" alt><\/div>\t\t\t\t\n\t\t\t\t<div class=\"inner\">\n\t\t\t\t\n\t\t\t\t\t<div class=\"hero-slide-inner\">\n\t\t\t\t\t\n\t\t\t\t\t\t<h2 class=\"hero-slide-heading veented-slide-heading\"> Terrain de sport<\/h2>\n\t\t\t\t\t\t\n\t\t\t\t\t\t\t\t\t\t\t<\/div>\n\t\t\t\t\t\n\t\t\t\t<\/div>\n\t\t\t\t\n\t\t\t\t<\/div>\n\t\t\t\t\t\t\t\t\n\t\t\t\t\t\t\n\t\t\t\t<div class=\"swiper-slide hero-slide veented-slide-5 slide-align-center\">\n\t\t\t\t\n\t\t\t\t<div class=\"hero-slide-bg-image veented-slide-bg-image\" style=\"background-image: url('https:\/\/i0.wp.com\/www.laligue85.org\/fra\/hebergements-groupes\/wp-content\/uploads\/sites\/5\/2019\/02\/sthilaire-2.jpg?fit=1061%2C353&ssl=1');\"><div class=\"bg-overlay bg-overlay-dark30\"><\/div><img decoding=\"async\" src=\"https:\/\/i0.wp.com\/www.laligue85.org\/fra\/hebergements-groupes\/wp-content\/uploads\/sites\/5\/2019\/02\/sthilaire-2.jpg?fit=1061%2C353&ssl=1\" alt><\/div>\t\t\t\t\n\t\t\t\t<div class=\"inner\">\n\t\t\t\t\n\t\t\t\t\t<div class=\"hero-slide-inner\">\n\t\t\t\t\t\n\t\t\t\t\t\t<h2 class=\"hero-slide-heading veented-slide-heading\"> Biblioth\u00e8que et jeux<\/h2>\n\t\t\t\t\t\t\n\t\t\t\t\t\t\t\t\t\t\t<\/div>\n\t\t\t\t\t\n\t\t\t\t<\/div>\n\t\t\t\t\n\t\t\t\t<\/div>\n\t\t\t\t\t\t\t\t\n\t\t\t    \n\t\t\t\n\t\t\t<\/div>\n\t\t\t\n\t\t\t<!-- Slider Arrows -->\n\t\t\t\n\t\t\t<div class=\"swiper-button-next\"><i class=\"fa fa-angle-right\"><\/i><\/div>\n\t\t\t<div class=\"swiper-button-prev\"><i class=\"fa fa-angle-left\"><\/i><\/div>\n\t\t\n\t\t<\/div>\n\t\n\t\n\t\t\n\t<\/div>\n\t\n\t[\/vc_column][\/vc_row][vc_row][vc_column width=\u00a0\u00bb1\/2&Prime;][vc_column_text]<\/p>\n<h4><\/h4>\n<h4><strong>Pr\u00e9sentation<\/strong><\/h4>\n<p>Situ\u00e9e sur la commune de St Hilaire de Riez, cette structure b\u00e2tie face \u00e0 la mer est enti\u00e8rement d\u00e9di\u00e9e \u00e0 l\u2019accueil de classes de d\u00e9couvertes. Ce sont 13km de c\u00f4tes sableuses et rocheuses, la fameuse corniche vend\u00e9enne, qui s\u2019\u00e9tendent au pied du centre. Profitez d\u2019une mosa\u00efque de paysages \u00e0 observer avec vos \u00e9l\u00e8ves\u00a0: for\u00eat domaniale, dunes, marais doux ou sal\u00e9s\u2026<\/p>\n<h4><strong>L\u2019h\u00e9bergement<\/strong><\/h4>\n<p><strong>Capacit\u00e9 de 142 lits\u00a0: <\/strong><\/p>\n<ul>\n<li>30 chambres de 4<\/li>\n<li>13 chambres de 2<\/li>\n<li>Sanitaires int\u00e9gr\u00e9s ou attenants<\/li>\n<\/ul>\n<h4><strong>Les autres espaces<\/strong><\/h4>\n<ul>\n<li>4 salles de classes<\/li>\n<li>1 salle de spectacle<\/li>\n<li>1 biblioth\u00e8que<\/li>\n<li>1 terrain multisport<\/li>\n<\/ul>\n<p>[\/vc_column_text][\/vc_column][vc_column width=\u00a0\u00bb1\/2&Prime;][vc_empty_space]<div class=\"vntd-icon-box vntd-content-element box-centered-outline icon-size-medium box-centered\"><div class=\"icon-box-icon color-gray\"><i class=\"fa fa-graduation-cap\"><\/i><\/div><div class=\"icon-box-content\"><h5 class=\"icon-box-title\">Scolaires<\/h5><p class=\"icon-description\"><\/p><\/div><\/div>[vc_column_text]<strong>Les + du centre\u00a0<\/strong><\/p>\n<ul>\n<li>Corniche vend\u00e9enne au pied du centre<\/li>\n<li>Marais doux et sal\u00e9s \u00e0 10 min en car<\/li>\n<li>Education nationale<\/li>\n<li>WIFI<\/li>\n<\/ul>\n<h4><strong>Les formules possibles<\/strong><\/h4>\n<ul>\n<li>S\u00e9jours \u00e9ducatifs uniquement<\/li>\n<\/ul>\n<h4><strong>Les sites touristiques aux alentours<\/strong><\/h4>\n<ul>\n<li>Marais salants<\/li>\n<li>Bourrine du Bois Juquaud<\/li>\n<li>Ch\u00e2teau d\u2019Apremont<\/li>\n<li>D\u00e9couverte de l\u2019\u00cele de Noirmoutier<\/li>\n<li>L\u2019\u00eele d\u2019Yeu<\/li>\n<\/ul>\n<p>[\/vc_column_text][\/vc_column][\/vc_row][vc_row equal_height=\u00a0\u00bbyes\u00a0\u00bb content_placement=\u00a0\u00bbmiddle\u00a0\u00bb bg_color_pre=\u00a0\u00bbbg-color-1&Prime; css=\u00a0\u00bb.vc_custom_1494860929308{padding-top: 90px !important;padding-bottom: 60px !important;background-position: center !important;background-repeat: no-repeat !important;background-size: cover !important;}\u00a0\u00bb][vc_column width=\u00a0\u00bb1\/2&Prime; col_padding=\u00a0\u00bb2&Prime; col_padding_side=\u00a0\u00bbright\u00a0\u00bb css=\u00a0\u00bb.vc_custom_1494861025506{padding-top: 0px !important;}\u00a0\u00bb][vc_gmaps link=\u00a0\u00bb#E-8_JTNDaWZyYW1lJTIwc3JjJTNEJTIyaHR0cHMlM0ElMkYlMkZ3d3cuZ29vZ2xlLmNvbSUyRm1hcHMlMkZlbWJlZCUzRnBiJTNEJTIxMW0xNCUyMTFtOCUyMTFtMyUyMTFkMTA5NDQuNzcxNTczMzIyMDM4JTIxMmQtMS45NzQ4OTE0JTIxM2Q0Ni43MDE5Mjg1JTIxM20yJTIxMWkxMDI0JTIxMmk3NjglMjE0ZjEzLjElMjEzbTMlMjExbTIlMjExczB4MCUyNTNBMHg2YTRkOGFhZTllMjAzZGJkJTIxMnNDb2xvbmllJTJCZGUlMkJWYWNhbmNlcyUyQkMuQy5BLlMlMjE1ZTAlMjEzbTIlMjExc2ZyJTIxMnNmciUyMTR2MTU0OTk1ODcyOTY3MSUyMiUyMHdpZHRoJTNEJTIyNjAwJTIyJTIwaGVpZ2h0JTNEJTIyNDUwJTIyJTIwZnJhbWVib3JkZXIlM0QlMjIwJTIyJTIwc3R5bGUlM0QlMjJib3JkZXIlM0EwJTIyJTIwYWxsb3dmdWxsc2NyZWVuJTNFJTNDJTJGaWZyYW1lJTNF\u00a0\u00bb][\/vc_column][vc_column width=\u00a0\u00bb1\/2&Prime; col_padding=\u00a0\u00bb2&Prime; col_padding_side=\u00a0\u00bbleft\u00a0\u00bb css=\u00a0\u00bb.vc_custom_1494861039724{padding-top: 20px !important;}\u00a0\u00bb][vc_column_text css=\u00a0\u00bb.vc_custom_1549958694094{margin-bottom: 25px !important;}\u00a0\u00bb]<\/p>\n<h3>DISPONIBILIT\u00c9S ET TARIFS<\/h3>\n<p>41 rue Monge \u2013 BP 23 85001 La Roche-sur-Yon Cedex<\/p>\n<p>02 51 36 45 87<\/p>\n<p><a href=\"http:\/\/www.laligue85.org\/fra\/hebergements-groupes\/2019\/02\/06\/infos-pratiques\/\">Email<\/a>[\/vc_column_text][\/vc_column][\/vc_row]<\/p>\n","protected":false},"excerpt":{"rendered":"<p>[vc_row][vc_column][\/vc_column][\/vc_row][vc_row][vc_column width=\u00a0\u00bb1\/2&Prime;][vc_column_text] Pr\u00e9sentation Situ\u00e9e sur la commune de St Hilaire de Riez, cette structure b\u00e2tie face \u00e0 la mer est enti\u00e8rement d\u00e9di\u00e9e \u00e0 l\u2019accueil de classes de d\u00e9couvertes. Ce sont 13km de c\u00f4tes sableuses et rocheuses, la fameuse corniche vend\u00e9enne, qui s\u2019\u00e9tendent au pied du centre. Profitez d\u2019une mosa\u00efque de [&hellip;]<\/p>\n","protected":false},"author":2,"featured_media":0,"comment_status":"closed","ping_status":"open","sticky":false,"template":"","format":"standard","meta":{"jetpack_post_was_ever_published":false,"footnotes":"","jetpack_publicize_message":"","jetpack_is_tweetstorm":false,"jetpack_publicize_feature_enabled":true,"jetpack_social_post_already_shared":false,"jetpack_social_options":[]},"categories":[134],"tags":[89,135,144,141],"class_list":["post-9060","post","type-post","status-publish","format-standard","hentry","category-hebergements","tag-classes-decouvertes","tag-groupes","tag-saint-hilaire-de-riez","tag-vendee"],"jetpack_publicize_connections":[],"yoast_head":"<!-- This site is optimized with the Yoast SEO plugin v20.0 - https:\/\/yoast.com\/wordpress\/plugins\/seo\/ -->\n<title>La Corniche - sp\u00e9cial classes - Hebergements-groupes<\/title>\n<meta name=\"description\" content=\"Le centre La Corniche se situe \u00e0 Saint Hilaire de Riez et donne directement sur la mer. Ce centre n&#039;accueille que les classes d\u00e9couvertes\" \/>\n<meta name=\"robots\" content=\"index, follow, max-snippet:-1, max-image-preview:large, max-video-preview:-1\" \/>\n<link rel=\"canonical\" href=\"http:\/\/www.laligue85.org\/fra\/hebergements-groupes\/2019\/02\/12\/la-corniche-special-classes\/\" \/>\n<meta property=\"og:locale\" content=\"fr_FR\" \/>\n<meta property=\"og:type\" content=\"article\" \/>\n<meta property=\"og:title\" content=\"La Corniche - sp\u00e9cial classes - Hebergements-groupes\" \/>\n<meta property=\"og:description\" content=\"Le centre La Corniche se situe \u00e0 Saint Hilaire de Riez et donne directement sur la mer. Ce centre n&#039;accueille que les classes d\u00e9couvertes\" \/>\n<meta property=\"og:url\" content=\"http:\/\/www.laligue85.org\/fra\/hebergements-groupes\/2019\/02\/12\/la-corniche-special-classes\/\" \/>\n<meta property=\"og:site_name\" content=\"Hebergements-groupes\" \/>\n<meta property=\"article:published_time\" content=\"2019-02-12T08:25:15+00:00\" \/>\n<meta property=\"article:modified_time\" content=\"2019-03-22T14:23:55+00:00\" \/>\n<meta name=\"author\" content=\"epiveteau\" \/>\n<meta name=\"twitter:card\" content=\"summary_large_image\" \/>\n<meta name=\"twitter:label1\" content=\"\u00c9crit par\" \/>\n\t<meta name=\"twitter:data1\" content=\"epiveteau\" \/>\n\t<meta name=\"twitter:label2\" content=\"Dur\u00e9e de lecture estim\u00e9e\" \/>\n\t<meta name=\"twitter:data2\" content=\"2 minutes\" \/>\n<script type=\"application\/ld+json\" class=\"yoast-schema-graph\">{\"@context\":\"https:\/\/schema.org\",\"@graph\":[{\"@type\":\"WebPage\",\"@id\":\"http:\/\/www.laligue85.org\/fra\/hebergements-groupes\/2019\/02\/12\/la-corniche-special-classes\/\",\"url\":\"http:\/\/www.laligue85.org\/fra\/hebergements-groupes\/2019\/02\/12\/la-corniche-special-classes\/\",\"name\":\"La Corniche - sp\u00e9cial classes - Hebergements-groupes\",\"isPartOf\":{\"@id\":\"http:\/\/www.laligue85.org\/fra\/hebergements-groupes\/#website\"},\"datePublished\":\"2019-02-12T08:25:15+00:00\",\"dateModified\":\"2019-03-22T14:23:55+00:00\",\"author\":{\"@id\":\"http:\/\/www.laligue85.org\/fra\/hebergements-groupes\/#\/schema\/person\/45271b6e75b5943f21d354872a5c1a2e\"},\"description\":\"Le centre La Corniche se situe \u00e0 Saint Hilaire de Riez et donne directement sur la mer. Ce centre n'accueille que les classes d\u00e9couvertes\",\"breadcrumb\":{\"@id\":\"http:\/\/www.laligue85.org\/fra\/hebergements-groupes\/2019\/02\/12\/la-corniche-special-classes\/#breadcrumb\"},\"inLanguage\":\"fr-FR\",\"potentialAction\":[{\"@type\":\"ReadAction\",\"target\":[\"http:\/\/www.laligue85.org\/fra\/hebergements-groupes\/2019\/02\/12\/la-corniche-special-classes\/\"]}]},{\"@type\":\"BreadcrumbList\",\"@id\":\"http:\/\/www.laligue85.org\/fra\/hebergements-groupes\/2019\/02\/12\/la-corniche-special-classes\/#breadcrumb\",\"itemListElement\":[{\"@type\":\"ListItem\",\"position\":1,\"name\":\"Accueil\",\"item\":\"http:\/\/www.laligue85.org\/fra\/hebergements-groupes\/\"},{\"@type\":\"ListItem\",\"position\":2,\"name\":\"La Corniche &#8211; sp\u00e9cial classes\"}]},{\"@type\":\"WebSite\",\"@id\":\"http:\/\/www.laligue85.org\/fra\/hebergements-groupes\/#website\",\"url\":\"http:\/\/www.laligue85.org\/fra\/hebergements-groupes\/\",\"name\":\"Hebergements-groupes\",\"description\":\"S\u00e9jours groupes, s\u00e9minaires et h\u00e9bergements sur l&#039;\u00eele de Noimoutier\",\"potentialAction\":[{\"@type\":\"SearchAction\",\"target\":{\"@type\":\"EntryPoint\",\"urlTemplate\":\"http:\/\/www.laligue85.org\/fra\/hebergements-groupes\/?s={search_term_string}\"},\"query-input\":\"required name=search_term_string\"}],\"inLanguage\":\"fr-FR\"},{\"@type\":\"Person\",\"@id\":\"http:\/\/www.laligue85.org\/fra\/hebergements-groupes\/#\/schema\/person\/45271b6e75b5943f21d354872a5c1a2e\",\"name\":\"epiveteau\",\"image\":{\"@type\":\"ImageObject\",\"inLanguage\":\"fr-FR\",\"@id\":\"http:\/\/www.laligue85.org\/fra\/hebergements-groupes\/#\/schema\/person\/image\/\",\"url\":\"https:\/\/secure.gravatar.com\/avatar\/7fedac7ddc713994f9815c37f877ecb7?s=96&d=mm&r=g\",\"contentUrl\":\"https:\/\/secure.gravatar.com\/avatar\/7fedac7ddc713994f9815c37f877ecb7?s=96&d=mm&r=g\",\"caption\":\"epiveteau\"},\"url\":\"https:\/\/www.laligue85.org\/fra\/hebergements-groupes\/author\/epiveteau\/\"}]}<\/script>\n<!-- \/ Yoast SEO plugin. -->","yoast_head_json":{"title":"La Corniche - sp\u00e9cial classes - Hebergements-groupes","description":"Le centre La Corniche se situe \u00e0 Saint Hilaire de Riez et donne directement sur la mer. Ce centre n'accueille que les classes d\u00e9couvertes","robots":{"index":"index","follow":"follow","max-snippet":"max-snippet:-1","max-image-preview":"max-image-preview:large","max-video-preview":"max-video-preview:-1"},"canonical":"http:\/\/www.laligue85.org\/fra\/hebergements-groupes\/2019\/02\/12\/la-corniche-special-classes\/","og_locale":"fr_FR","og_type":"article","og_title":"La Corniche - sp\u00e9cial classes - Hebergements-groupes","og_description":"Le centre La Corniche se situe \u00e0 Saint Hilaire de Riez et donne directement sur la mer. Ce centre n'accueille que les classes d\u00e9couvertes","og_url":"http:\/\/www.laligue85.org\/fra\/hebergements-groupes\/2019\/02\/12\/la-corniche-special-classes\/","og_site_name":"Hebergements-groupes","article_published_time":"2019-02-12T08:25:15+00:00","article_modified_time":"2019-03-22T14:23:55+00:00","author":"epiveteau","twitter_card":"summary_large_image","twitter_misc":{"\u00c9crit par":"epiveteau","Dur\u00e9e de lecture estim\u00e9e":"2 minutes"},"schema":{"@context":"https:\/\/schema.org","@graph":[{"@type":"WebPage","@id":"http:\/\/www.laligue85.org\/fra\/hebergements-groupes\/2019\/02\/12\/la-corniche-special-classes\/","url":"http:\/\/www.laligue85.org\/fra\/hebergements-groupes\/2019\/02\/12\/la-corniche-special-classes\/","name":"La Corniche - sp\u00e9cial classes - Hebergements-groupes","isPartOf":{"@id":"http:\/\/www.laligue85.org\/fra\/hebergements-groupes\/#website"},"datePublished":"2019-02-12T08:25:15+00:00","dateModified":"2019-03-22T14:23:55+00:00","author":{"@id":"http:\/\/www.laligue85.org\/fra\/hebergements-groupes\/#\/schema\/person\/45271b6e75b5943f21d354872a5c1a2e"},"description":"Le centre La Corniche se situe \u00e0 Saint Hilaire de Riez et donne directement sur la mer. Ce centre n'accueille que les classes d\u00e9couvertes","breadcrumb":{"@id":"http:\/\/www.laligue85.org\/fra\/hebergements-groupes\/2019\/02\/12\/la-corniche-special-classes\/#breadcrumb"},"inLanguage":"fr-FR","potentialAction":[{"@type":"ReadAction","target":["http:\/\/www.laligue85.org\/fra\/hebergements-groupes\/2019\/02\/12\/la-corniche-special-classes\/"]}]},{"@type":"BreadcrumbList","@id":"http:\/\/www.laligue85.org\/fra\/hebergements-groupes\/2019\/02\/12\/la-corniche-special-classes\/#breadcrumb","itemListElement":[{"@type":"ListItem","position":1,"name":"Accueil","item":"http:\/\/www.laligue85.org\/fra\/hebergements-groupes\/"},{"@type":"ListItem","position":2,"name":"La Corniche &#8211; sp\u00e9cial classes"}]},{"@type":"WebSite","@id":"http:\/\/www.laligue85.org\/fra\/hebergements-groupes\/#website","url":"http:\/\/www.laligue85.org\/fra\/hebergements-groupes\/","name":"Hebergements-groupes","description":"S\u00e9jours groupes, s\u00e9minaires et h\u00e9bergements sur l&#039;\u00eele de Noimoutier","potentialAction":[{"@type":"SearchAction","target":{"@type":"EntryPoint","urlTemplate":"http:\/\/www.laligue85.org\/fra\/hebergements-groupes\/?s={search_term_string}"},"query-input":"required name=search_term_string"}],"inLanguage":"fr-FR"},{"@type":"Person","@id":"http:\/\/www.laligue85.org\/fra\/hebergements-groupes\/#\/schema\/person\/45271b6e75b5943f21d354872a5c1a2e","name":"epiveteau","image":{"@type":"ImageObject","inLanguage":"fr-FR","@id":"http:\/\/www.laligue85.org\/fra\/hebergements-groupes\/#\/schema\/person\/image\/","url":"https:\/\/secure.gravatar.com\/avatar\/7fedac7ddc713994f9815c37f877ecb7?s=96&d=mm&r=g","contentUrl":"https:\/\/secure.gravatar.com\/avatar\/7fedac7ddc713994f9815c37f877ecb7?s=96&d=mm&r=g","caption":"epiveteau"},"url":"https:\/\/www.laligue85.org\/fra\/hebergements-groupes\/author\/epiveteau\/"}]}},"jetpack_featured_media_url":"","jetpack_sharing_enabled":true,"jetpack_shortlink":"https:\/\/wp.me\/paIbRJ-2m8","jetpack-related-posts":[{"id":9007,"url":"https:\/\/www.laligue85.org\/fra\/hebergements-groupes\/2019\/02\/11\/les-salles\/","url_meta":{"origin":9060,"position":0},"title":"Les salles","date":"11 f\u00e9vrier 2019","format":false,"excerpt":"[vc_row][vc_column][vc_empty_space][\/vc_column][\/vc_row][vc_row][vc_column][vc_column_text]Les quatre salle du centre des Lutins accueillent vos s\u00e9minaires ou formations dans un cadre id\u00e9al pour travailler en \u00e9quipe. Nos salles Dispositions et capacit\u00e9s Nos salles Th\u00e9\u00e2tre Rectangle Classe U Cercle Salle de l'Anse Rouge (43m2) 44 19 18 16 21 Salle des Souseaux (43m2) 46 20 22 16\u2026","rel":"","context":"Dans &quot;S\u00e9minaires&quot;","img":{"alt_text":"","src":"","width":0,"height":0},"classes":[]},{"id":9033,"url":"https:\/\/www.laligue85.org\/fra\/hebergements-groupes\/2019\/02\/11\/le-vieil\/","url_meta":{"origin":9060,"position":1},"title":"Le Vieil","date":"11 f\u00e9vrier 2019","format":false,"excerpt":"[vc_row][vc_column][vc_empty_space][\/vc_column][\/vc_row][vc_row][vc_column width=\"1\/2\"][vc_column_text] Pr\u00e9sentation Le centre est situ\u00e9 sur le charmant village du Vieil, au nord-est de l\u2019\u00eele. Entre simplicit\u00e9 des maisons de p\u00eacheurs et architecture travaill\u00e9e des maisons de ma\u00eetre du bord de plage, d\u2019ici se d\u00e9gage une ambiance de carte postale. C\u2019est \u00e0 pied ou \u00e0 v\u00e9lo que vous\u2026","rel":"","context":"Dans &quot;H\u00e9bergements&quot;","img":{"alt_text":"","src":"","width":0,"height":0},"classes":[]},{"id":8999,"url":"https:\/\/www.laligue85.org\/fra\/hebergements-groupes\/2019\/02\/11\/les-lutins\/","url_meta":{"origin":9060,"position":2},"title":"Les Lutins","date":"11 f\u00e9vrier 2019","format":false,"excerpt":"[vc_row][vc_column][\/vc_column][\/vc_row][vc_row equal_height=\"yes\" content_placement=\"middle\" parallax=\"content-moving\" parallax_speed_bg=\"1.3\" css=\".vc_custom_1494860920894{padding-top: 90px !important;padding-bottom: 90px !important;background-position: center;background-repeat: no-repeat;background-size:cover;}\"][vc_column width=\"7\/12\" col_padding=\"2\" col_padding_side=\"right\" css=\".vc_custom_1495542874381{padding-top: 35px !important;}\"][vc_row_inner css=\".vc_custom_1493381079225{padding-bottom: 30px !important;}\"][vc_column_inner width=\"1\/2\"][vc_column_text] Pr\u00e9sentation Implant\u00e9 au c\u0153ur du site class\u00e9 du Bois de la Chaise \u00e0 l\u2019Est de l\u2019\u00eele de Noirmoutier, le centre \u00ab Les Lutins \u00bb offre un h\u00e9bergement de\u2026","rel":"","context":"Dans &quot;H\u00e9bergements&quot;","img":{"alt_text":"","src":"","width":0,"height":0},"classes":[]},{"id":9150,"url":"https:\/\/www.laligue85.org\/fra\/hebergements-groupes\/2019\/03\/27\/les-lutins-seminaires\/","url_meta":{"origin":9060,"position":3},"title":"Les lutins &#8211; s\u00e9minaires","date":"27 mars 2019","format":false,"excerpt":"[vc_row][vc_column][\/vc_column][\/vc_row][vc_row][vc_column width=\"1\/2\"][vc_column_text] Pr\u00e9sentation Implant\u00e9 au c\u0153ur du site du Bois de la Chaise \u00e0 l'Est de l'\u00eele de Noirmoutier, le centre \"Les Lutins\" offre un h\u00e9bergement de qualit\u00e9 au centre de la vis noirmoutrine. Avec un \u00e9quipement complet et moderne, le centre accueille vos s\u00e9minaires et formations de septembre \u00e0\u2026","rel":"","context":"Dans &quot;S\u00e9minaires&quot;","img":{"alt_text":"","src":"","width":0,"height":0},"classes":[]},{"id":9052,"url":"https:\/\/www.laligue85.org\/fra\/hebergements-groupes\/2019\/02\/12\/le-fief-du-moulin\/","url_meta":{"origin":9060,"position":4},"title":"Le fief du Moulin","date":"12 f\u00e9vrier 2019","format":false,"excerpt":"[vc_row][vc_column][vc_column_text] \u00a0 [\/vc_column_text][\/vc_column][\/vc_row][vc_row][vc_column][\/vc_column][\/vc_row][vc_row][vc_column width=\"1\/2\"][vc_column_text] Pr\u00e9sentation A proximit\u00e9 du passage du Gois, lieu unique en Europe, reliant \u00e0 mar\u00e9e basse le continent \u00e0 l\u2019Ile, le centre est implant\u00e9 sur le petit village de Barb\u00e2tre, au sud de l\u2019\u00eele de Noirmoutier. Proche des commerces du bourg et de son petit march\u00e9, le\u2026","rel":"","context":"Dans &quot;H\u00e9bergements&quot;","img":{"alt_text":"","src":"","width":0,"height":0},"classes":[]},{"id":8931,"url":"https:\/\/www.laligue85.org\/fra\/hebergements-groupes\/2019\/02\/06\/infos-pratiques\/","url_meta":{"origin":9060,"position":5},"title":"Infos pratiques","date":"6 f\u00e9vrier 2019","format":false,"excerpt":"[vc_row equal_height=\"yes\" content_placement=\"middle\" parallax=\"content-moving\" parallax_speed_bg=\"1.3\" css=\".vc_custom_1495543442812{padding-top: 90px !important;padding-bottom: 80px !important;}\"][vc_column width=\"1\/3\" col_padding=\"2\" col_padding_side=\"right\" css=\".vc_custom_1495543020396{padding-top: 0px !important;}\"][vc_single_image image=\"8940\" img_size=\"700x1100\" css=\".vc_custom_1549465415848{margin-bottom: 0px !important;}\"][\/vc_column][vc_column width=\"2\/3\" col_padding=\"2\" col_padding_side=\"left\" css=\".vc_custom_1495543400531{padding-top: 55px !important;}\"][vc_row_inner css=\".vc_custom_1493381079225{padding-bottom: 30px !important;}\"][vc_column_inner width=\"1\/2\"][vc_column_text] Un avenir par l'\u00e9ducation populaire Rejoindre la Ligue de l\u2019enseignement, c\u2019est d\u00e9fendre des id\u00e9es : favoriser le renouveau de\u2026","rel":"","context":"Dans &quot;Infos pratiques&quot;","img":{"alt_text":"","src":"https:\/\/i0.wp.com\/www.laligue85.org\/fra\/hebergements-groupes\/wp-content\/uploads\/sites\/5\/2019\/02\/noirmoutier-lefiefdumoulin-300x201.jpg?resize=350%2C200","width":350,"height":200},"classes":[]}],"_links":{"self":[{"href":"https:\/\/www.laligue85.org\/fra\/hebergements-groupes\/wp-json\/wp\/v2\/posts\/9060","targetHints":{"allow":["GET"]}}],"collection":[{"href":"https:\/\/www.laligue85.org\/fra\/hebergements-groupes\/wp-json\/wp\/v2\/posts"}],"about":[{"href":"https:\/\/www.laligue85.org\/fra\/hebergements-groupes\/wp-json\/wp\/v2\/types\/post"}],"author":[{"embeddable":true,"href":"https:\/\/www.laligue85.org\/fra\/hebergements-groupes\/wp-json\/wp\/v2\/users\/2"}],"replies":[{"embeddable":true,"href":"https:\/\/www.laligue85.org\/fra\/hebergements-groupes\/wp-json\/wp\/v2\/comments?post=9060"}],"version-history":[{"count":4,"href":"https:\/\/www.laligue85.org\/fra\/hebergements-groupes\/wp-json\/wp\/v2\/posts\/9060\/revisions"}],"predecessor-version":[{"id":9171,"href":"https:\/\/www.laligue85.org\/fra\/hebergements-groupes\/wp-json\/wp\/v2\/posts\/9060\/revisions\/9171"}],"wp:attachment":[{"href":"https:\/\/www.laligue85.org\/fra\/hebergements-groupes\/wp-json\/wp\/v2\/media?parent=9060"}],"wp:term":[{"taxonomy":"category","embeddable":true,"href":"https:\/\/www.laligue85.org\/fra\/hebergements-groupes\/wp-json\/wp\/v2\/categories?post=9060"},{"taxonomy":"post_tag","embeddable":true,"href":"https:\/\/www.laligue85.org\/fra\/hebergements-groupes\/wp-json\/wp\/v2\/tags?post=9060"}],"curies":[{"name":"wp","href":"https:\/\/api.w.org\/{rel}","templated":true}]}}