{"id":9068,"date":"2019-02-12T09:35:34","date_gmt":"2019-02-12T08:35:34","guid":{"rendered":"http:\/\/www.laligue85.org\/fra\/hebergements-groupes\/?p=9068"},"modified":"2019-03-27T14:46:39","modified_gmt":"2019-03-27T13:46:39","slug":"le-label-rando-accueil","status":"publish","type":"post","link":"https:\/\/www.laligue85.org\/fra\/hebergements-groupes\/2019\/02\/12\/le-label-rando-accueil\/","title":{"rendered":"Le label rando accueil"},"content":{"rendered":"<p>[vc_row][vc_column][vc_column_text]<\/p>\n<h4><\/h4>\n<p>&nbsp;<\/p>\n<p>&nbsp;<\/p>\n<h4>Qu\u2019est-ce que le label Rando accueil\u00a0?<\/h4>\n<p><a href=\"http:\/\/www.rando-accueil.com\/\">Rando Accueil<\/a> est un label national qui identifie des \u00e9tablissements touristiques offrant une prestation d\u2019h\u00e9bergement. Sp\u00e9cialis\u00e9 dans la randonn\u00e9e (\u00e0 pied, \u00e0 v\u00e9lo, en VTT, \u00e0 cheval, \u00e0 ski, en raquette\u2026) mais aussi dans les activit\u00e9s de d\u00e9couvertes et les sports de pleine nature, le label Rando Accueil garantit aux clients des h\u00e9bergements et des services adapt\u00e9s aux diff\u00e9rentes pratiques de balade et de grande randonn\u00e9e.<\/p>\n<h4>Nos id\u00e9es s\u00e9jours Rando Accueil<\/h4>\n<p>Plus qu\u2019un label, Rando Accueil c\u2019est d\u2019abord le sens de l\u2019accueil. Nous vous assurons un accueil chaleureux et les meilleurs conseils pour profiter de votre s\u00e9jour \u00e0 fond. A pied ou \u00e0 v\u00e9lo, nous vous proposons diverses balades qui vous permettront de d\u00e9couvrir toutes les facettes de l\u2019\u00cele de Noirmoutier (marais salant, faune et flore, patrimoine\u2026)[\/vc_column_text][\/vc_column][\/vc_row][vc_row bg_color_pre=\u00a0\u00bbbg-color-1&Prime; css=\u00a0\u00bb.vc_custom_1495447264274{padding-top: 75px !important;padding-bottom: 40px !important;}\u00a0\u00bb][vc_column][vc_row_inner css=\u00a0\u00bb.vc_custom_1495447259772{padding-bottom: 20px !important;}\u00a0\u00bb][vc_column_inner width=\u00a0\u00bb1\/2&Prime;]<div class=\"team-item vntd-person wpb_content_element team-members-modern team-members-boxed-solid\"><div class=\"item-main\"><a  class=\"item-image\"><img decoding=\"async\" src=\"https:\/\/i0.wp.com\/www.laligue85.org\/fra\/hebergements-groupes\/wp-content\/uploads\/sites\/5\/2019\/02\/noirmoutier-mer.jpg?resize=600%2C600&ssl=1\" alt=\"Noirmoutier entre mer et marais\" title=\"Noirmoutier entre mer et marais\"><\/a><\/div><div class=\"item-caption\"><div class=\"item-caption-inner\"><div class=\"team-caption-header\"><div class=\"team-caption-titles\"><h4 class=\"item-title team-member-name\">Noirmoutier entre mer et marais<\/h4><div class=\"caption-categories member-position\">3 jours \/ 2 nuits<\/div><\/div><\/div><\/div><\/div><\/div><div class=\"btn-holder btn-align-left\"><a href=\"http:\/\/www.laligue85.org\/fra\/pdf\/vacances\/groupes\/sejours-groupes\/noirmoutier-groupe-2019-entre-mer-et-marais.pdf\" title=\"\" class=\"btn btn-regular btn-solid  btn-accent btn-hover-dark\" target=\"\">D\u00e9couvrir le s\u00e9jour<\/a><\/div>[\/vc_column_inner][vc_column_inner width=\u00a0\u00bb1\/2&Prime;]<div class=\"team-item vntd-person wpb_content_element team-members-modern team-members-boxed-solid\"><div class=\"item-main\"><a  class=\"item-image\"><img decoding=\"async\" src=\"https:\/\/i0.wp.com\/www.laligue85.org\/fra\/hebergements-groupes\/wp-content\/uploads\/sites\/5\/2019\/02\/noirmoutier-marais-salant.jpg?resize=600%2C600&ssl=1\" alt=\"Ile de Noirmoutier ``Tous en sel`` \u00e0 travers les marais\" title=\"Ile de Noirmoutier ``Tous en sel`` \u00e0 travers les marais\"><\/a><\/div><div class=\"item-caption\"><div class=\"item-caption-inner\"><div class=\"team-caption-header\"><div class=\"team-caption-titles\"><h4 class=\"item-title team-member-name\">Ile de Noirmoutier ``Tous en sel`` \u00e0 travers les marais<\/h4><div class=\"caption-categories member-position\">3 jours \/ 2 nuits<\/div><\/div><\/div><\/div><\/div><\/div><div class=\"btn-holder btn-align-left\"><a href=\"http:\/\/www.laligue85.org\/fra\/pdf\/vacances\/groupes\/sejours-groupes\/noirmoutier-groupe-2019-tous-en-sel.pdf\" title=\"\" class=\"btn btn-regular btn-solid  btn-accent btn-hover-dark\" target=\"\">D\u00e9couvrir le s\u00e9jour<\/a><\/div>[\/vc_column_inner][\/vc_row_inner][\/vc_column][\/vc_row][vc_row][vc_column][vc_column_text]<\/p>\n<h4>Rando accueil sur nos centres<\/h4>\n<p>Deux de nos \u00e9tablissements sont labellis\u00e9s Rando Accueil sur les activit\u00e9s randonn\u00e9e \u00e0 pied et \u00e0 v\u00e9lo.[\/vc_column_text][\/vc_column][\/vc_row][vc_row bg_color_pre=\u00a0\u00bbbg-color-1&Prime; css=\u00a0\u00bb.vc_custom_1495447264274{padding-top: 75px !important;padding-bottom: 40px !important;}\u00a0\u00bb][vc_column]<div class=\"special-heading vntd-heading heading-no-border heading-align-center\"style=\"margin-bottom:60px;\"><h3 class=\"special-heading-title\">D\u00e9couvrez nos deux centres labellis\u00e9s sur l\u2019\u00eele de Noirmoutier<\/h3><\/div>[vc_row_inner css=\u00a0\u00bb.vc_custom_1495447259772{padding-bottom: 20px !important;}\u00a0\u00bb][vc_column_inner width=\u00a0\u00bb1\/2&Prime;]<div class=\"team-item vntd-person wpb_content_element team-members-modern team-members-boxed-solid\"><div class=\"item-main\"><a  class=\"item-image\"><img decoding=\"async\" src=\"https:\/\/i0.wp.com\/www.laligue85.org\/fra\/hebergements-groupes\/wp-content\/uploads\/sites\/5\/2019\/02\/noirmoutier-levieil.jpg?resize=600%2C600&ssl=1\" alt=\"Le centre du Vieil\" title=\"Le centre du Vieil\"><\/a><\/div><div class=\"item-caption\"><div class=\"item-caption-inner\"><div class=\"team-caption-header\"><div class=\"team-caption-titles\"><h4 class=\"item-title team-member-name\">Le centre du Vieil<\/h4><div class=\"caption-categories member-position\"><\/div><\/div><\/div><\/div><\/div><\/div><div class=\"btn-holder btn-align-left\"><a href=\"http:\/\/www.laligue85.org\/fra\/hebergements-groupes\/2019\/02\/11\/le-vieil\/\" title=\"\" class=\"btn btn-regular btn-solid  btn-accent btn-hover-dark\" target=\"\">D\u00e9couvrir ce centre<\/a><\/div>[\/vc_column_inner][vc_column_inner width=\u00a0\u00bb1\/2&Prime;]<div class=\"team-item vntd-person wpb_content_element team-members-modern team-members-boxed-solid\"><div class=\"item-main\"><a  class=\"item-image\"><img decoding=\"async\" src=\"https:\/\/i0.wp.com\/www.laligue85.org\/fra\/hebergements-groupes\/wp-content\/uploads\/sites\/5\/2019\/02\/noirmoutier-lutins.jpg?resize=600%2C600&ssl=1\" alt=\"Les Lutins\" title=\"Les Lutins\"><\/a><\/div><div class=\"item-caption\"><div class=\"item-caption-inner\"><div class=\"team-caption-header\"><div class=\"team-caption-titles\"><h4 class=\"item-title team-member-name\">Les Lutins<\/h4><div class=\"caption-categories member-position\"><\/div><\/div><\/div><\/div><\/div><\/div><div class=\"btn-holder btn-align-left\"><a href=\"http:\/\/www.laligue85.org\/fra\/hebergements-groupes\/2019\/02\/11\/les-lutins\/\" title=\"\" class=\"btn btn-regular btn-solid  btn-accent btn-hover-dark\" target=\"\">D\u00e9couvrir ce centre<\/a><\/div>[\/vc_column_inner][\/vc_row_inner][\/vc_column][\/vc_row]<\/p>\n","protected":false},"excerpt":{"rendered":"<p>[vc_row][vc_column][vc_column_text] &nbsp; &nbsp; Qu\u2019est-ce que le label Rando accueil\u00a0? Rando Accueil est un label national qui identifie des \u00e9tablissements touristiques offrant une prestation d\u2019h\u00e9bergement. Sp\u00e9cialis\u00e9 dans la randonn\u00e9e (\u00e0 pied, \u00e0 v\u00e9lo, en VTT, \u00e0 cheval, \u00e0 ski, en raquette\u2026) mais aussi dans les activit\u00e9s de d\u00e9couvertes et les sports [&hellip;]<\/p>\n","protected":false},"author":2,"featured_media":0,"comment_status":"closed","ping_status":"open","sticky":false,"template":"","format":"standard","meta":{"jetpack_post_was_ever_published":false,"footnotes":"","jetpack_publicize_message":"","jetpack_is_tweetstorm":false,"jetpack_publicize_feature_enabled":true,"jetpack_social_post_already_shared":false,"jetpack_social_options":[]},"categories":[134],"tags":[135,137,145,139,114,141],"class_list":["post-9068","post","type-post","status-publish","format-standard","hentry","category-hebergements","tag-groupes","tag-noirmoutier","tag-rando-accueil","tag-tourisme","tag-vacances","tag-vendee"],"jetpack_publicize_connections":[],"yoast_head":"<!-- This site is optimized with the Yoast SEO plugin v20.0 - https:\/\/yoast.com\/wordpress\/plugins\/seo\/ -->\n<title>Le label rando accueil - Hebergements-groupes<\/title>\n<meta name=\"description\" content=\"Deux de nos centres sont labellis\u00e9s Rando Accueil. Un label qui met en valeur notre accueil mais aussi nos activit\u00e9s de pleine nature\" \/>\n<meta name=\"robots\" content=\"index, follow, max-snippet:-1, max-image-preview:large, max-video-preview:-1\" \/>\n<link rel=\"canonical\" href=\"http:\/\/www.laligue85.org\/fra\/hebergements-groupes\/2019\/02\/12\/le-label-rando-accueil\/\" \/>\n<meta property=\"og:locale\" content=\"fr_FR\" \/>\n<meta property=\"og:type\" content=\"article\" \/>\n<meta property=\"og:title\" content=\"Le label rando accueil - Hebergements-groupes\" \/>\n<meta property=\"og:description\" content=\"Deux de nos centres sont labellis\u00e9s Rando Accueil. Un label qui met en valeur notre accueil mais aussi nos activit\u00e9s de pleine nature\" \/>\n<meta property=\"og:url\" content=\"http:\/\/www.laligue85.org\/fra\/hebergements-groupes\/2019\/02\/12\/le-label-rando-accueil\/\" \/>\n<meta property=\"og:site_name\" content=\"Hebergements-groupes\" \/>\n<meta property=\"article:published_time\" content=\"2019-02-12T08:35:34+00:00\" \/>\n<meta property=\"article:modified_time\" content=\"2019-03-27T13:46:39+00:00\" \/>\n<meta name=\"author\" content=\"epiveteau\" \/>\n<meta name=\"twitter:card\" content=\"summary_large_image\" \/>\n<meta name=\"twitter:label1\" content=\"\u00c9crit par\" \/>\n\t<meta name=\"twitter:data1\" content=\"epiveteau\" \/>\n\t<meta name=\"twitter:label2\" content=\"Dur\u00e9e de lecture estim\u00e9e\" \/>\n\t<meta name=\"twitter:data2\" content=\"2 minutes\" \/>\n<script type=\"application\/ld+json\" class=\"yoast-schema-graph\">{\"@context\":\"https:\/\/schema.org\",\"@graph\":[{\"@type\":\"WebPage\",\"@id\":\"http:\/\/www.laligue85.org\/fra\/hebergements-groupes\/2019\/02\/12\/le-label-rando-accueil\/\",\"url\":\"http:\/\/www.laligue85.org\/fra\/hebergements-groupes\/2019\/02\/12\/le-label-rando-accueil\/\",\"name\":\"Le label rando accueil - Hebergements-groupes\",\"isPartOf\":{\"@id\":\"http:\/\/www.laligue85.org\/fra\/hebergements-groupes\/#website\"},\"datePublished\":\"2019-02-12T08:35:34+00:00\",\"dateModified\":\"2019-03-27T13:46:39+00:00\",\"author\":{\"@id\":\"http:\/\/www.laligue85.org\/fra\/hebergements-groupes\/#\/schema\/person\/45271b6e75b5943f21d354872a5c1a2e\"},\"description\":\"Deux de nos centres sont labellis\u00e9s Rando Accueil. Un label qui met en valeur notre accueil mais aussi nos activit\u00e9s de pleine nature\",\"breadcrumb\":{\"@id\":\"http:\/\/www.laligue85.org\/fra\/hebergements-groupes\/2019\/02\/12\/le-label-rando-accueil\/#breadcrumb\"},\"inLanguage\":\"fr-FR\",\"potentialAction\":[{\"@type\":\"ReadAction\",\"target\":[\"http:\/\/www.laligue85.org\/fra\/hebergements-groupes\/2019\/02\/12\/le-label-rando-accueil\/\"]}]},{\"@type\":\"BreadcrumbList\",\"@id\":\"http:\/\/www.laligue85.org\/fra\/hebergements-groupes\/2019\/02\/12\/le-label-rando-accueil\/#breadcrumb\",\"itemListElement\":[{\"@type\":\"ListItem\",\"position\":1,\"name\":\"Accueil\",\"item\":\"http:\/\/www.laligue85.org\/fra\/hebergements-groupes\/\"},{\"@type\":\"ListItem\",\"position\":2,\"name\":\"Le label rando accueil\"}]},{\"@type\":\"WebSite\",\"@id\":\"http:\/\/www.laligue85.org\/fra\/hebergements-groupes\/#website\",\"url\":\"http:\/\/www.laligue85.org\/fra\/hebergements-groupes\/\",\"name\":\"Hebergements-groupes\",\"description\":\"S\u00e9jours groupes, s\u00e9minaires et h\u00e9bergements sur l&#039;\u00eele de Noimoutier\",\"potentialAction\":[{\"@type\":\"SearchAction\",\"target\":{\"@type\":\"EntryPoint\",\"urlTemplate\":\"http:\/\/www.laligue85.org\/fra\/hebergements-groupes\/?s={search_term_string}\"},\"query-input\":\"required name=search_term_string\"}],\"inLanguage\":\"fr-FR\"},{\"@type\":\"Person\",\"@id\":\"http:\/\/www.laligue85.org\/fra\/hebergements-groupes\/#\/schema\/person\/45271b6e75b5943f21d354872a5c1a2e\",\"name\":\"epiveteau\",\"image\":{\"@type\":\"ImageObject\",\"inLanguage\":\"fr-FR\",\"@id\":\"http:\/\/www.laligue85.org\/fra\/hebergements-groupes\/#\/schema\/person\/image\/\",\"url\":\"https:\/\/secure.gravatar.com\/avatar\/7fedac7ddc713994f9815c37f877ecb7?s=96&d=mm&r=g\",\"contentUrl\":\"https:\/\/secure.gravatar.com\/avatar\/7fedac7ddc713994f9815c37f877ecb7?s=96&d=mm&r=g\",\"caption\":\"epiveteau\"},\"url\":\"https:\/\/www.laligue85.org\/fra\/hebergements-groupes\/author\/epiveteau\/\"}]}<\/script>\n<!-- \/ Yoast SEO plugin. -->","yoast_head_json":{"title":"Le label rando accueil - Hebergements-groupes","description":"Deux de nos centres sont labellis\u00e9s Rando Accueil. Un label qui met en valeur notre accueil mais aussi nos activit\u00e9s de pleine nature","robots":{"index":"index","follow":"follow","max-snippet":"max-snippet:-1","max-image-preview":"max-image-preview:large","max-video-preview":"max-video-preview:-1"},"canonical":"http:\/\/www.laligue85.org\/fra\/hebergements-groupes\/2019\/02\/12\/le-label-rando-accueil\/","og_locale":"fr_FR","og_type":"article","og_title":"Le label rando accueil - Hebergements-groupes","og_description":"Deux de nos centres sont labellis\u00e9s Rando Accueil. Un label qui met en valeur notre accueil mais aussi nos activit\u00e9s de pleine nature","og_url":"http:\/\/www.laligue85.org\/fra\/hebergements-groupes\/2019\/02\/12\/le-label-rando-accueil\/","og_site_name":"Hebergements-groupes","article_published_time":"2019-02-12T08:35:34+00:00","article_modified_time":"2019-03-27T13:46:39+00:00","author":"epiveteau","twitter_card":"summary_large_image","twitter_misc":{"\u00c9crit par":"epiveteau","Dur\u00e9e de lecture estim\u00e9e":"2 minutes"},"schema":{"@context":"https:\/\/schema.org","@graph":[{"@type":"WebPage","@id":"http:\/\/www.laligue85.org\/fra\/hebergements-groupes\/2019\/02\/12\/le-label-rando-accueil\/","url":"http:\/\/www.laligue85.org\/fra\/hebergements-groupes\/2019\/02\/12\/le-label-rando-accueil\/","name":"Le label rando accueil - Hebergements-groupes","isPartOf":{"@id":"http:\/\/www.laligue85.org\/fra\/hebergements-groupes\/#website"},"datePublished":"2019-02-12T08:35:34+00:00","dateModified":"2019-03-27T13:46:39+00:00","author":{"@id":"http:\/\/www.laligue85.org\/fra\/hebergements-groupes\/#\/schema\/person\/45271b6e75b5943f21d354872a5c1a2e"},"description":"Deux de nos centres sont labellis\u00e9s Rando Accueil. Un label qui met en valeur notre accueil mais aussi nos activit\u00e9s de pleine nature","breadcrumb":{"@id":"http:\/\/www.laligue85.org\/fra\/hebergements-groupes\/2019\/02\/12\/le-label-rando-accueil\/#breadcrumb"},"inLanguage":"fr-FR","potentialAction":[{"@type":"ReadAction","target":["http:\/\/www.laligue85.org\/fra\/hebergements-groupes\/2019\/02\/12\/le-label-rando-accueil\/"]}]},{"@type":"BreadcrumbList","@id":"http:\/\/www.laligue85.org\/fra\/hebergements-groupes\/2019\/02\/12\/le-label-rando-accueil\/#breadcrumb","itemListElement":[{"@type":"ListItem","position":1,"name":"Accueil","item":"http:\/\/www.laligue85.org\/fra\/hebergements-groupes\/"},{"@type":"ListItem","position":2,"name":"Le label rando accueil"}]},{"@type":"WebSite","@id":"http:\/\/www.laligue85.org\/fra\/hebergements-groupes\/#website","url":"http:\/\/www.laligue85.org\/fra\/hebergements-groupes\/","name":"Hebergements-groupes","description":"S\u00e9jours groupes, s\u00e9minaires et h\u00e9bergements sur l&#039;\u00eele de Noimoutier","potentialAction":[{"@type":"SearchAction","target":{"@type":"EntryPoint","urlTemplate":"http:\/\/www.laligue85.org\/fra\/hebergements-groupes\/?s={search_term_string}"},"query-input":"required name=search_term_string"}],"inLanguage":"fr-FR"},{"@type":"Person","@id":"http:\/\/www.laligue85.org\/fra\/hebergements-groupes\/#\/schema\/person\/45271b6e75b5943f21d354872a5c1a2e","name":"epiveteau","image":{"@type":"ImageObject","inLanguage":"fr-FR","@id":"http:\/\/www.laligue85.org\/fra\/hebergements-groupes\/#\/schema\/person\/image\/","url":"https:\/\/secure.gravatar.com\/avatar\/7fedac7ddc713994f9815c37f877ecb7?s=96&d=mm&r=g","contentUrl":"https:\/\/secure.gravatar.com\/avatar\/7fedac7ddc713994f9815c37f877ecb7?s=96&d=mm&r=g","caption":"epiveteau"},"url":"https:\/\/www.laligue85.org\/fra\/hebergements-groupes\/author\/epiveteau\/"}]}},"jetpack_featured_media_url":"","jetpack_sharing_enabled":true,"jetpack_shortlink":"https:\/\/wp.me\/paIbRJ-2mg","jetpack-related-posts":[{"id":9018,"url":"https:\/\/www.laligue85.org\/fra\/hebergements-groupes\/2019\/02\/11\/les-activites\/","url_meta":{"origin":9068,"position":0},"title":"Les activit\u00e9s","date":"11 f\u00e9vrier 2019","format":false,"excerpt":"[vc_row][vc_column][vc_empty_space][vc_empty_space][vc_column_text] S\u00e9jours et activit\u00e9s Vous souhaitez nous confier l\u2019organisation de votre programme d\u2019activit\u00e9s\u00a0? Pas de probl\u00e8me, nous discutons ensemble de votre projet et objectifs. Nous proposons un programme d\u2019activit\u00e9s au plus pr\u00e8s de vos attentes et nous occupons de g\u00e9rer toutes les r\u00e9servations. Parce que l\u2019on sait qu\u2019une \u00e9quipe travaille\u2026","rel":"","context":"Dans &quot;S\u00e9minaires&quot;","img":{"alt_text":"","src":"","width":0,"height":0},"classes":[]},{"id":9150,"url":"https:\/\/www.laligue85.org\/fra\/hebergements-groupes\/2019\/03\/27\/les-lutins-seminaires\/","url_meta":{"origin":9068,"position":1},"title":"Les lutins &#8211; s\u00e9minaires","date":"27 mars 2019","format":false,"excerpt":"[vc_row][vc_column][\/vc_column][\/vc_row][vc_row][vc_column width=\"1\/2\"][vc_column_text] Pr\u00e9sentation Implant\u00e9 au c\u0153ur du site du Bois de la Chaise \u00e0 l'Est de l'\u00eele de Noirmoutier, le centre \"Les Lutins\" offre un h\u00e9bergement de qualit\u00e9 au centre de la vis noirmoutrine. Avec un \u00e9quipement complet et moderne, le centre accueille vos s\u00e9minaires et formations de septembre \u00e0\u2026","rel":"","context":"Dans &quot;S\u00e9minaires&quot;","img":{"alt_text":"","src":"","width":0,"height":0},"classes":[]},{"id":9213,"url":"https:\/\/www.laligue85.org\/fra\/hebergements-groupes\/2019\/03\/27\/en-pays-de-la-loire\/","url_meta":{"origin":9068,"position":2},"title":"En Pays de la Loire","date":"27 mars 2019","format":false,"excerpt":"Vacances Passion, acteur important du Tourisme social et associatif, est le secteur vacances de la Ligue de l\u2019enseignement, association \u00e0 but non lucratif reconnue d\u2019utilit\u00e9 publique. En Pays de la Loire, les 5 f\u00e9d\u00e9rations d\u00e9partementales poss\u00e8dent et g\u00e8rent des centres d\u2019h\u00e9bergements taill\u00e9s sur mesure pour accueillir les groupes : associations,\u2026","rel":"","context":"Dans &quot;Groupes pdl&quot;","img":{"alt_text":"","src":"https:\/\/i2.wp.com\/www.laligue85.org\/fra\/wp-content\/uploads\/2018\/04\/groupe-pdl.jpg?resize=350%2C200","width":350,"height":200},"classes":[]},{"id":8945,"url":"https:\/\/www.laligue85.org\/fra\/hebergements-groupes\/2019\/02\/08\/hebergements-saisonniers\/","url_meta":{"origin":9068,"position":3},"title":"H\u00e9bergements saisonniers","date":"8 f\u00e9vrier 2019","format":false,"excerpt":"[vc_row][vc_column][vc_column_text] dfhd [\/vc_column_text][vc_column_text] H\u00e9bergements saisonniers [\/vc_column_text][\/vc_column][\/vc_row][vc_row css=\".vc_custom_1494849953524{padding-top: 90px !important;padding-bottom: 50px !important;}\"][vc_column][vc_row_inner equal_height=\"yes\" content_placement=\"middle\" css=\".vc_custom_1494851068829{margin-bottom: 40px !important;}\"][vc_column_inner width=\"7\/12\" css=\".vc_custom_1494849698699{padding-right: 5% !important;}\"][\/vc_column_inner][vc_column_inner width=\"5\/12\" css=\".vc_custom_1494849694618{padding-left: 5% !important;}\"][vc_column_text css=\".vc_custom_1549548248868{margin-bottom: 16px !important;}\"] Pr\u00e9sentation [\/vc_column_text][vc_column_text]Implant\u00e9 au c\u0153ur du site class\u00e9 du Bois de la Chaise au Nord-Est de l\u2019\u00eele de Noirmoutier, le centre \u00ab Les Lutins\u2026","rel":"","context":"Dans &quot;saisonniers&quot;","img":{"alt_text":"","src":"","width":0,"height":0},"classes":[]},{"id":8964,"url":"https:\/\/www.laligue85.org\/fra\/hebergements-groupes\/2019\/02\/08\/qui-sommes-nous\/","url_meta":{"origin":9068,"position":4},"title":"Qui sommes-nous ?","date":"8 f\u00e9vrier 2019","format":false,"excerpt":"[vc_row equal_height=\"yes\" content_placement=\"middle\" css=\".vc_custom_1493993344324{padding-top: 60px !important;padding-bottom: 20px !important;background-color: #ffffff !important;}\"][vc_column col_padding_side=\"right\" css=\".vc_custom_1493057150253{padding-bottom: 15px !important;}\"][vc_tta_tabs style=\"engage_minimal\" alignment=\"center\" active_section=\"1\" css=\".vc_custom_1549640056317{padding-top: 30px !important;}\"][vc_tta_section title=\"La Ligue de l'enseignement de Vend\u00e9e\" tab_id=\"1493993487697-16414874-0af5\"][vc_row_inner][vc_column_inner][vc_column_text]La Ligue de l\u2019enseignement de Vend\u00e9e est une association de loi 1901 \u00ab La\u00efque et ind\u00e9pendante \u00bb qui r\u00e9unit des hommes et des femmes\u2026","rel":"","context":"Dans &quot;Qui sommes nous&quot;","img":{"alt_text":"","src":"","width":0,"height":0},"classes":[]},{"id":9033,"url":"https:\/\/www.laligue85.org\/fra\/hebergements-groupes\/2019\/02\/11\/le-vieil\/","url_meta":{"origin":9068,"position":5},"title":"Le Vieil","date":"11 f\u00e9vrier 2019","format":false,"excerpt":"[vc_row][vc_column][vc_empty_space][\/vc_column][\/vc_row][vc_row][vc_column width=\"1\/2\"][vc_column_text] Pr\u00e9sentation Le centre est situ\u00e9 sur le charmant village du Vieil, au nord-est de l\u2019\u00eele. Entre simplicit\u00e9 des maisons de p\u00eacheurs et architecture travaill\u00e9e des maisons de ma\u00eetre du bord de plage, d\u2019ici se d\u00e9gage une ambiance de carte postale. C\u2019est \u00e0 pied ou \u00e0 v\u00e9lo que vous\u2026","rel":"","context":"Dans &quot;H\u00e9bergements&quot;","img":{"alt_text":"","src":"","width":0,"height":0},"classes":[]}],"_links":{"self":[{"href":"https:\/\/www.laligue85.org\/fra\/hebergements-groupes\/wp-json\/wp\/v2\/posts\/9068","targetHints":{"allow":["GET"]}}],"collection":[{"href":"https:\/\/www.laligue85.org\/fra\/hebergements-groupes\/wp-json\/wp\/v2\/posts"}],"about":[{"href":"https:\/\/www.laligue85.org\/fra\/hebergements-groupes\/wp-json\/wp\/v2\/types\/post"}],"author":[{"embeddable":true,"href":"https:\/\/www.laligue85.org\/fra\/hebergements-groupes\/wp-json\/wp\/v2\/users\/2"}],"replies":[{"embeddable":true,"href":"https:\/\/www.laligue85.org\/fra\/hebergements-groupes\/wp-json\/wp\/v2\/comments?post=9068"}],"version-history":[{"count":5,"href":"https:\/\/www.laligue85.org\/fra\/hebergements-groupes\/wp-json\/wp\/v2\/posts\/9068\/revisions"}],"predecessor-version":[{"id":9196,"href":"https:\/\/www.laligue85.org\/fra\/hebergements-groupes\/wp-json\/wp\/v2\/posts\/9068\/revisions\/9196"}],"wp:attachment":[{"href":"https:\/\/www.laligue85.org\/fra\/hebergements-groupes\/wp-json\/wp\/v2\/media?parent=9068"}],"wp:term":[{"taxonomy":"category","embeddable":true,"href":"https:\/\/www.laligue85.org\/fra\/hebergements-groupes\/wp-json\/wp\/v2\/categories?post=9068"},{"taxonomy":"post_tag","embeddable":true,"href":"https:\/\/www.laligue85.org\/fra\/hebergements-groupes\/wp-json\/wp\/v2\/tags?post=9068"}],"curies":[{"name":"wp","href":"https:\/\/api.w.org\/{rel}","templated":true}]}}