{"id":10344,"date":"2020-04-08T15:28:58","date_gmt":"2020-04-08T13:28:58","guid":{"rendered":"http:\/\/www.laligue85.org\/fra\/?p=10344"},"modified":"2020-04-08T15:30:46","modified_gmt":"2020-04-08T13:30:46","slug":"evelyne-trouver-la-bonne-organisation-en-lien-avec-letablissement","status":"publish","type":"post","link":"https:\/\/www.laligue85.org\/fra\/blog\/2020\/04\/08\/evelyne-trouver-la-bonne-organisation-en-lien-avec-letablissement\/","title":{"rendered":"Evelyne &#8211; Trouver la bonne organisation en lien avec l&rsquo;\u00e9tablissement"},"content":{"rendered":"<p>[vc_row][vc_column][vc_column_text]<\/p>\n<p align=\"JUSTIFY\"><span style=\"color: #ffffff;\">hjhj<\/span><\/p>\n<p align=\"JUSTIFY\"><span style=\"color: #ffffff;\">ghj<\/span><\/p>\n<p><strong><span style=\"font-size: 10pt;\">Aupr\u00e8s de quel public intervenez-vous, quel \u00e2ge ont-ils ? Dans quel cadre et \u00e0 quelle fr\u00e9quence ? <\/span><\/strong><\/p>\n<p><span style=\"font-size: 10pt;\">J&rsquo;ai lu pendant plusieurs ann\u00e9es au coll\u00e8ge en 6\u00e8me ; cette ann\u00e9e, je n&rsquo;y suis que rempla\u00e7ante.<\/span><\/p>\n<div>\n<div>\n<div>\n<div><span style=\"font-size: 10pt;\">Lorsque Lire et Faire Lire nous a sugg\u00e9r\u00e9 d&rsquo;aller lire au coll\u00e8ge, nous avons \u00e9t\u00e9 deux lectrices \u00e0 nous dire que ce serait une exp\u00e9rience int\u00e9ressante et enrichissante &#8211; pour les enfants et pour nous -. Sachant qu&rsquo;aux Sables d&rsquo;Olonne beaucoup d&rsquo;enfants connaissent Lire et Faire Lire depuis la maternelle, il pourrait ne pas \u00eatre trop difficile d&rsquo;\u00eatre dans la continuit\u00e9. Nous avons aussi choisi, en accord avec le principal, de lire sur le temps scolaire pour toucher plus d&rsquo;enfants.<\/span><\/div>\n<div><span style=\"font-size: 10pt;\">Pendant 2 ans nous avons lu en bin\u00f4me pour 1 classe de 6\u00e8me pendant ce qui n&rsquo;\u00e9tait m\u00eame pas 1\/2 H par groupe. Court, frustrant, ce n&rsquo;\u00e9tait pas satisfaisant mais cela nous a \u00e9t\u00e9 profitable pour d\u00e9couvrir les divers types de livres int\u00e9ressant des 6\u00e8mes.<\/span><\/div>\n<div><span style=\"font-size: 10pt;\">La 3\u00e8me ann\u00e9e, en accord avec le principal, nous sommes pass\u00e9es \u00e0 1 ( petite) heure de lecture avec 3 lectrices qui lisent chaque semaine en parall\u00e8le ( il nous faut 3 classes ) et c&rsquo;est vraiment bien ainsi . De plus sur l&rsquo;ann\u00e9e nous lisons \u00e0 beaucoup plus d&rsquo;enfants : cette ann\u00e9e 4 classes de 6\u00e8me successivement, l&rsquo;ann\u00e9e scolaire \u00e9tant divis\u00e9e en 4 p\u00e9riodes.<\/span><\/div>\n<div><span style=\"font-size: 10pt;\">Les motivations pour lire au coll\u00e8ge : d\u00e9velopper de nouveaux projets, essayer, tester, d\u00e9couvrir : est-ce possible ? La r\u00e9ponse est oui.<\/span><\/div>\n<div><span style=\"font-size: 10pt;\">Et, ce qui a \u00e9t\u00e9 passionnant aussi c&rsquo;est de d\u00e9couvrir de nouveaux livres ; nous avons beaucoup cherch\u00e9, \u00e9chang\u00e9 entre nous et fait de belles d\u00e9couvertes.\u00a0\u00a0<\/span><\/div>\n<div><\/div>\n<div><strong><span style=\"font-size: 10pt;\">Quel(s) \u00ab type(s) \u00bb, \u00ab genre(s) \u00bb de livre lisez-vous ?<\/span><\/strong><\/div>\n<div><span style=\"font-size: 10pt;\">J&rsquo;aime lire des livres diff\u00e9rents pour donner un aper\u00e7u ( tr\u00e8s modeste) de la litt\u00e9rature jeunesse. Il peut donc y avoir des albums, des petits romans, des nouvelles.<\/span><br \/>\n<span style=\"font-size: 10pt;\">Je choisis de lire un livre que je peux terminer dans le cr\u00e9neau horaire imparti ; essayer de lire sur plusieurs s\u00e9ances est beaucoup trop complexe \u00e0 organiser.<\/span><\/div>\n<div><\/div>\n<div><strong><span style=\"font-size: 10pt;\">Quel(s) sujet(s) abordez-vous, g\u00e9n\u00e9ralement, avec eux\u00a0?<\/span><\/strong><\/div>\n<div><span style=\"font-size: 10pt;\">Les enfants appr\u00e9cient des th\u00e8mes de soci\u00e9t\u00e9, des histoires vraies : le bus de Rosa \/ \u00a0Malala pour le droit des filles \u00e0 l&rsquo;\u00e9ducation \/ \u00a0Moi, Dieu Merci qui vis ici<\/span><br \/>\n<span style=\"font-size: 10pt;\">Je lis aussi des petits romans de science-fiction : collection Syros \u00ab\u00a0Roby ne pleure jamais\u00a0\u00bb, \u00ab\u00a0l&rsquo;enfaon\u00a0\u00bb<\/span><br \/>\n<span style=\"font-size: 10pt;\">En album, mon pr\u00e9f\u00e9r\u00e9 : Anya et tigre blanc de Fred Bernard<\/span><br \/>\n<span style=\"font-size: 10pt;\">J&rsquo;aime bien terminer avec un peu d&rsquo;humour une nouvelle de \u00ab\u00a0le monde sans les enfants \u00a0\u00bb P Claudel ou une histoire press\u00e9e de B Friot<\/span><\/div>\n<div><\/div>\n<div><strong><span style=\"font-size: 10pt;\">Y a-t-il, parfois, des \u00e9changes suite \u00e0 vos lectures ?<\/span><\/strong><\/div>\n<div><span style=\"font-size: 10pt;\">R\u00e9pondre aux questions ou explications, oui quand on parle de la s\u00e9gr\u00e9gation raciale par exemple ( on y parle du Klu Klux Klan , les enfants ne savent pas ce que c&rsquo;est ) cela n\u00e9cessite quelques informations. Avec les albums \u00ab\u00a0rue du monde\u00a0\u00bb il y a une partie documentaire compl\u00e9mentaire qu&rsquo;on peut exploiter.<\/span><\/div>\n<div><\/div>\n<div><strong><span style=\"font-size: 10pt;\">Quelle(s) difficult\u00e9(s) avez-vous rencontr\u00e9\u00a0?<\/span><\/strong><\/div>\n<div><span style=\"font-size: 10pt;\">Pas de difficult\u00e9 particuli\u00e8re depuis que nous avons choisi de lire pendant 1 ( petite) heure, cela se passe bien.<\/span><\/div>\n<\/div>\n<div>\n<div><\/div>\n<div><strong><span style=\"font-size: 10pt;\">Quel(s) bienfait(s), enrichissement(s) cela vous apporte ?<\/span><\/strong><\/div>\n<div><span style=\"font-size: 10pt;\">Un grand plaisir de continuer \u00e0 partager le plaisir de lire avec des enfants, comme on peut le faire avec des plus jeunes. Leur faire aussi &#8211; \u00a0un peu &#8211; d\u00e9couvrir le monde.<\/span><br \/>\n<span style=\"font-size: 10pt;\">Et, le plaisir de continuer \u00e0 explorer la litt\u00e9rature jeunesse.<\/span><\/div>\n<div><\/div>\n<div><strong><span style=\"font-size: 10pt;\">Une rencontre ou un \u00e9change qui vous aurait marqu\u00e9\u00a0?<\/span><\/strong><\/div>\n<\/div>\n<div>\n<div><span style=\"font-size: 10pt;\">La 1\u00e8re ann\u00e9e o\u00f9 j&rsquo;ai lu \u00ab\u00a0le bus de Rosa\u00a0\u00bb un enfant m&rsquo;a regard\u00e9e, \u00e9bahi, et m&rsquo;a dit \u00a0\u00bb la s\u00e9gr\u00e9gation, \u00e7a veut dire que X ( un enfant de sa classe ) n&rsquo;aurait pas pu \u00eatre dans la m\u00eame \u00e9cole que nous !\u00a0\u00bb<\/span><\/div>\n<div><\/div>\n<div><strong><span style=\"font-size: 10pt;\">Que pouvez-vous dire, conseiller \u00e0 une personne qui h\u00e9siterait \u00e0 intervenir aupr\u00e8s de ce public\u00a0?<\/span><\/strong><\/div>\n<div><span style=\"font-size: 10pt;\">1) Assister \u00e0 une s\u00e9ance de lecture 2) nous avons une bibliographie de \u00ab\u00a0valeurs s\u00fbres \u00a0\u00bb dans laquelle chacun peut trouver un ou des livres qui conviennent.<\/span><\/div>\n<div><\/div>\n<div><strong><span style=\"font-size: 10pt;\">Quels sont vos outils\u00a0? (Pour aller \u00e0 la rencontre de ce public, pour \u00e9changer avec eux, outils de m\u00e9diation,&#8230;)<\/span><\/strong><\/div>\n<div><span style=\"font-size: 10pt;\">Pas d&rsquo;outils sp\u00e9cifiques par rapport \u00e0 ce public ou les m\u00eames que pour les autres classes : nous \u00e9changeons sur nos lectures entre nous ou avec des animations \u00e0 la m\u00e9diath\u00e8que.<\/span><\/div>\n<div><\/div>\n<\/div>\n<\/div>\n<div><strong><span style=\"font-size: 10pt;\">Un livre qui n&rsquo;a pas fonctionn\u00e9 ?<\/span><\/strong><\/div>\n<div>\n<div><span style=\"font-size: 10pt;\">La chose perdue de Tan Shaun (album ). Un autre groupe aurait pu appr\u00e9cier mais je ne r\u00e9essayerai pas.<\/span><\/div>\n<div>\n<p><strong><span style=\"font-size: 10pt;\">On dit que les ados ne s&rsquo;int\u00e9ressent pas aux livres et aux histoires, qu&rsquo;en pensez-vous ? <\/span><\/strong><\/p>\n<div><span style=\"font-size: 10pt;\">Les ados aiment les histoires. Il faut leur en raconter, susciter leur int\u00e9r\u00eat et ils adh\u00e9rent. \u00a0<\/span><br \/>\n<span style=\"font-size: 10pt;\">Dans la litt\u00e9rature jeunesse, il y a une diversit\u00e9 colossale, avec des th\u00e8mes extr\u00eamement vari\u00e9s. Il faut leur sugg\u00e9rer des lectures en fonction de leurs centres d&rsquo;int\u00e9r\u00eat : il peut s&rsquo;agir de romans plus ou moins importants, de BD, d&rsquo;albums &#8211; certains sont superbes &#8211; de mangas &#8230;<\/span><\/div>\n<\/div>\n<div>\n<p align=\"JUSTIFY\"><strong><span style=\"font-size: 10pt;\">Un livre qui a bien march\u00e9 avec eux\u00a0?<\/span><\/strong><\/p>\n<div><span style=\"font-size: 10pt;\">Dur de choisir ! \u00ab\u00a0Anya et Tigre blanc\u00a0\u00bb : les illustrations sont superbes.<\/span><\/div>\n<\/div>\n<\/div>\n<\/div>\n<p>[\/vc_column_text][\/vc_column][\/vc_row][vc_row full_width=\u00a0\u00bbstretch_row_content_no_spaces\u00a0\u00bb equal_height=\u00a0\u00bbyes\u00a0\u00bb content_placement=\u00a0\u00bbmiddle\u00a0\u00bb css=\u00a0\u00bb.vc_custom_1493830181567{padding-top: 0px !important;padding-bottom: 0px !important;}\u00a0\u00bb][vc_column width=\u00a0\u00bb1\/2&Prime; col_padding=\u00a0\u00bb7&Prime; css=\u00a0\u00bb.vc_custom_1493831472285{padding-top: 20px !important;padding-bottom: 20px !important;}\u00a0\u00bb][vc_column_text]<\/p>\n<h3>Anya et le tigre blanc<\/h3>\n<p>[\/vc_column_text][vc_column_text font_size=\u00a0\u00bbsmall\u00a0\u00bb]<span style=\"font-size: 10pt;\">Dans un pays enneig\u00e9, o\u00f9 r\u00e8gne un roi dur et injuste, s\u00e9vit une terrible mal\u00e9diction qui frappe les enfants n\u00e9s la m\u00eame ann\u00e9e que l&rsquo;unique h\u00e9ritier. Les uns apr\u00e8s les autres, ann\u00e9e apr\u00e8s ann\u00e9e, les enfants disparaissent&#8230; et on n&rsquo;entend plus jamais parler d&rsquo;eux.<\/span><\/p>\n<p><span style=\"font-size: 10pt;\">Anya fait partie de cette g\u00e9n\u00e9ration perdue. Priv\u00e9e de son fr\u00e8re jumeau, enlev\u00e9 b\u00e9b\u00e9, la jeune fille grandit en compagnie de son tigre blanc, la rage au coeur. Menac\u00e9e, elle est bien d\u00e9cid\u00e9e \u00e0 affronter le danger lorsque celui-ci se pr\u00e9sentera. Un jour, enfin&#8230;<\/span><\/p>\n<p><span style=\"font-size: 10pt;\">Il sera question d&rsquo;une sorci\u00e8re aux yeux blancs qui crache le feu, d&rsquo;une pr\u00e9monition qui scelle les destins, d&rsquo;une \u00e9vasion et d&rsquo;une r\u00e9volte men\u00e9e par une arm\u00e9e d&rsquo;animaux sauvages&#8230;<\/span><\/p>\n<ul>\n<li><span style=\"font-size: 10pt;\">Fred Bernard<\/span><br \/>\n<span style=\"font-size: 10pt;\">Fran\u00e7ois Roca<\/span><\/li>\n<li><span style=\"font-size: 10pt;\">Editions Albin Michel<\/span><\/li>\n<\/ul>\n<p>[\/vc_column_text][\/vc_column][vc_column width=\u00a0\u00bb1\/2&Prime; col_padding_side=\u00a0\u00bbleft\u00a0\u00bb css=\u00a0\u00bb.vc_custom_1586348303699{background-image: url(http:\/\/www.laligue85.org\/fra\/wp-content\/uploads\/2020\/04\/couv-ni-lire-ni-ecrire.jpg?id=10330) !important;background-position: center !important;background-repeat: no-repeat !important;background-size: cover !important;}\u00a0\u00bb][vc_single_image source=\u00a0\u00bbexternal_link\u00a0\u00bb alignment=\u00a0\u00bbcenter\u00a0\u00bb custom_src=\u00a0\u00bbhttps:\/\/static.fnac-static.com\/multimedia\/Images\/FR\/NR\/24\/ef\/6d\/7204644\/1540-1\/tsp20150928120327\/Anya-et-tigre-blanc.jpg\u00a0\u00bb][\/vc_column][\/vc_row]<\/p>\n","protected":false},"excerpt":{"rendered":"<p>[vc_row][vc_column][vc_column_text] hjhj ghj Aupr\u00e8s de quel public intervenez-vous, quel \u00e2ge ont-ils ? Dans quel cadre et \u00e0 quelle fr\u00e9quence ? J&rsquo;ai lu pendant plusieurs ann\u00e9es au coll\u00e8ge en 6\u00e8me ; cette ann\u00e9e, je n&rsquo;y suis que rempla\u00e7ante. Lorsque Lire et Faire Lire nous a sugg\u00e9r\u00e9 d&rsquo;aller lire au coll\u00e8ge, nous [&hellip;]<\/p>\n","protected":false},"author":2,"featured_media":0,"comment_status":"closed","ping_status":"open","sticky":false,"template":"","format":"standard","meta":{"jetpack_post_was_ever_published":false,"footnotes":"","jetpack_publicize_message":"","jetpack_is_tweetstorm":false,"jetpack_publicize_feature_enabled":true,"jetpack_social_post_already_shared":true,"jetpack_social_options":[]},"categories":[338],"tags":[],"class_list":["post-10344","post","type-post","status-publish","format-standard","hentry","category-lire-aux-preados"],"jetpack_publicize_connections":[],"yoast_head":"<!-- This site is optimized with the Yoast SEO plugin v20.0 - https:\/\/yoast.com\/wordpress\/plugins\/seo\/ -->\n<title>Evelyne - Trouver la bonne organisation en lien avec l&#039;\u00e9tablissement - La Ligue de l&#039;Enseignement de Vend\u00e9e<\/title>\n<meta name=\"robots\" content=\"index, follow, max-snippet:-1, max-image-preview:large, max-video-preview:-1\" \/>\n<link rel=\"canonical\" href=\"https:\/\/www.laligue85.org\/fra\/blog\/2020\/04\/08\/evelyne-trouver-la-bonne-organisation-en-lien-avec-letablissement\/\" \/>\n<meta property=\"og:locale\" content=\"fr_FR\" \/>\n<meta property=\"og:type\" content=\"article\" \/>\n<meta property=\"og:title\" content=\"Evelyne - Trouver la bonne organisation en lien avec l&#039;\u00e9tablissement - La Ligue de l&#039;Enseignement de Vend\u00e9e\" \/>\n<meta property=\"og:description\" content=\"[vc_row][vc_column][vc_column_text] hjhj ghj Aupr\u00e8s de quel public intervenez-vous, quel \u00e2ge ont-ils ? Dans quel cadre et \u00e0 quelle fr\u00e9quence ? J&rsquo;ai lu pendant plusieurs ann\u00e9es au coll\u00e8ge en 6\u00e8me ; cette ann\u00e9e, je n&rsquo;y suis que rempla\u00e7ante. Lorsque Lire et Faire Lire nous a sugg\u00e9r\u00e9 d&rsquo;aller lire au coll\u00e8ge, nous [&hellip;]\" \/>\n<meta property=\"og:url\" content=\"https:\/\/www.laligue85.org\/fra\/blog\/2020\/04\/08\/evelyne-trouver-la-bonne-organisation-en-lien-avec-letablissement\/\" \/>\n<meta property=\"og:site_name\" content=\"La Ligue de l&#039;Enseignement de Vend\u00e9e\" \/>\n<meta property=\"article:published_time\" content=\"2020-04-08T13:28:58+00:00\" \/>\n<meta property=\"article:modified_time\" content=\"2020-04-08T13:30:46+00:00\" \/>\n<meta name=\"author\" content=\"epiveteau\" \/>\n<meta name=\"twitter:card\" content=\"summary_large_image\" \/>\n<meta name=\"twitter:label1\" content=\"\u00c9crit par\" \/>\n\t<meta name=\"twitter:data1\" content=\"epiveteau\" \/>\n\t<meta name=\"twitter:label2\" content=\"Dur\u00e9e de lecture estim\u00e9e\" \/>\n\t<meta name=\"twitter:data2\" content=\"6 minutes\" \/>\n<script type=\"application\/ld+json\" class=\"yoast-schema-graph\">{\"@context\":\"https:\/\/schema.org\",\"@graph\":[{\"@type\":\"WebPage\",\"@id\":\"https:\/\/www.laligue85.org\/fra\/blog\/2020\/04\/08\/evelyne-trouver-la-bonne-organisation-en-lien-avec-letablissement\/\",\"url\":\"https:\/\/www.laligue85.org\/fra\/blog\/2020\/04\/08\/evelyne-trouver-la-bonne-organisation-en-lien-avec-letablissement\/\",\"name\":\"Evelyne - Trouver la bonne organisation en lien avec l'\u00e9tablissement - La Ligue de l&#039;Enseignement de Vend\u00e9e\",\"isPartOf\":{\"@id\":\"https:\/\/www.laligue85.org\/fra\/#website\"},\"datePublished\":\"2020-04-08T13:28:58+00:00\",\"dateModified\":\"2020-04-08T13:30:46+00:00\",\"author\":{\"@id\":\"https:\/\/www.laligue85.org\/fra\/#\/schema\/person\/45271b6e75b5943f21d354872a5c1a2e\"},\"breadcrumb\":{\"@id\":\"https:\/\/www.laligue85.org\/fra\/blog\/2020\/04\/08\/evelyne-trouver-la-bonne-organisation-en-lien-avec-letablissement\/#breadcrumb\"},\"inLanguage\":\"fr-FR\",\"potentialAction\":[{\"@type\":\"ReadAction\",\"target\":[\"https:\/\/www.laligue85.org\/fra\/blog\/2020\/04\/08\/evelyne-trouver-la-bonne-organisation-en-lien-avec-letablissement\/\"]}]},{\"@type\":\"BreadcrumbList\",\"@id\":\"https:\/\/www.laligue85.org\/fra\/blog\/2020\/04\/08\/evelyne-trouver-la-bonne-organisation-en-lien-avec-letablissement\/#breadcrumb\",\"itemListElement\":[{\"@type\":\"ListItem\",\"position\":1,\"name\":\"Accueil\",\"item\":\"https:\/\/www.laligue85.org\/fra\/\"},{\"@type\":\"ListItem\",\"position\":2,\"name\":\"Evelyne &#8211; Trouver la bonne organisation en lien avec l&rsquo;\u00e9tablissement\"}]},{\"@type\":\"WebSite\",\"@id\":\"https:\/\/www.laligue85.org\/fra\/#website\",\"url\":\"https:\/\/www.laligue85.org\/fra\/\",\"name\":\"La Ligue de l&#039;Enseignement de Vend\u00e9e\",\"description\":\"F\u00e9d\u00e9ration d&#039;\u00e9ducation populaire\",\"potentialAction\":[{\"@type\":\"SearchAction\",\"target\":{\"@type\":\"EntryPoint\",\"urlTemplate\":\"https:\/\/www.laligue85.org\/fra\/?s={search_term_string}\"},\"query-input\":\"required name=search_term_string\"}],\"inLanguage\":\"fr-FR\"},{\"@type\":\"Person\",\"@id\":\"https:\/\/www.laligue85.org\/fra\/#\/schema\/person\/45271b6e75b5943f21d354872a5c1a2e\",\"name\":\"epiveteau\",\"image\":{\"@type\":\"ImageObject\",\"inLanguage\":\"fr-FR\",\"@id\":\"https:\/\/www.laligue85.org\/fra\/#\/schema\/person\/image\/\",\"url\":\"https:\/\/secure.gravatar.com\/avatar\/7fedac7ddc713994f9815c37f877ecb7?s=96&d=mm&r=g\",\"contentUrl\":\"https:\/\/secure.gravatar.com\/avatar\/7fedac7ddc713994f9815c37f877ecb7?s=96&d=mm&r=g\",\"caption\":\"epiveteau\"},\"url\":\"https:\/\/www.laligue85.org\/fra\/blog\/author\/epiveteau\/\"}]}<\/script>\n<!-- \/ Yoast SEO plugin. -->","yoast_head_json":{"title":"Evelyne - Trouver la bonne organisation en lien avec l'\u00e9tablissement - La Ligue de l&#039;Enseignement de Vend\u00e9e","robots":{"index":"index","follow":"follow","max-snippet":"max-snippet:-1","max-image-preview":"max-image-preview:large","max-video-preview":"max-video-preview:-1"},"canonical":"https:\/\/www.laligue85.org\/fra\/blog\/2020\/04\/08\/evelyne-trouver-la-bonne-organisation-en-lien-avec-letablissement\/","og_locale":"fr_FR","og_type":"article","og_title":"Evelyne - Trouver la bonne organisation en lien avec l'\u00e9tablissement - La Ligue de l&#039;Enseignement de Vend\u00e9e","og_description":"[vc_row][vc_column][vc_column_text] hjhj ghj Aupr\u00e8s de quel public intervenez-vous, quel \u00e2ge ont-ils ? Dans quel cadre et \u00e0 quelle fr\u00e9quence ? J&rsquo;ai lu pendant plusieurs ann\u00e9es au coll\u00e8ge en 6\u00e8me ; cette ann\u00e9e, je n&rsquo;y suis que rempla\u00e7ante. Lorsque Lire et Faire Lire nous a sugg\u00e9r\u00e9 d&rsquo;aller lire au coll\u00e8ge, nous [&hellip;]","og_url":"https:\/\/www.laligue85.org\/fra\/blog\/2020\/04\/08\/evelyne-trouver-la-bonne-organisation-en-lien-avec-letablissement\/","og_site_name":"La Ligue de l&#039;Enseignement de Vend\u00e9e","article_published_time":"2020-04-08T13:28:58+00:00","article_modified_time":"2020-04-08T13:30:46+00:00","author":"epiveteau","twitter_card":"summary_large_image","twitter_misc":{"\u00c9crit par":"epiveteau","Dur\u00e9e de lecture estim\u00e9e":"6 minutes"},"schema":{"@context":"https:\/\/schema.org","@graph":[{"@type":"WebPage","@id":"https:\/\/www.laligue85.org\/fra\/blog\/2020\/04\/08\/evelyne-trouver-la-bonne-organisation-en-lien-avec-letablissement\/","url":"https:\/\/www.laligue85.org\/fra\/blog\/2020\/04\/08\/evelyne-trouver-la-bonne-organisation-en-lien-avec-letablissement\/","name":"Evelyne - Trouver la bonne organisation en lien avec l'\u00e9tablissement - La Ligue de l&#039;Enseignement de Vend\u00e9e","isPartOf":{"@id":"https:\/\/www.laligue85.org\/fra\/#website"},"datePublished":"2020-04-08T13:28:58+00:00","dateModified":"2020-04-08T13:30:46+00:00","author":{"@id":"https:\/\/www.laligue85.org\/fra\/#\/schema\/person\/45271b6e75b5943f21d354872a5c1a2e"},"breadcrumb":{"@id":"https:\/\/www.laligue85.org\/fra\/blog\/2020\/04\/08\/evelyne-trouver-la-bonne-organisation-en-lien-avec-letablissement\/#breadcrumb"},"inLanguage":"fr-FR","potentialAction":[{"@type":"ReadAction","target":["https:\/\/www.laligue85.org\/fra\/blog\/2020\/04\/08\/evelyne-trouver-la-bonne-organisation-en-lien-avec-letablissement\/"]}]},{"@type":"BreadcrumbList","@id":"https:\/\/www.laligue85.org\/fra\/blog\/2020\/04\/08\/evelyne-trouver-la-bonne-organisation-en-lien-avec-letablissement\/#breadcrumb","itemListElement":[{"@type":"ListItem","position":1,"name":"Accueil","item":"https:\/\/www.laligue85.org\/fra\/"},{"@type":"ListItem","position":2,"name":"Evelyne &#8211; Trouver la bonne organisation en lien avec l&rsquo;\u00e9tablissement"}]},{"@type":"WebSite","@id":"https:\/\/www.laligue85.org\/fra\/#website","url":"https:\/\/www.laligue85.org\/fra\/","name":"La Ligue de l&#039;Enseignement de Vend\u00e9e","description":"F\u00e9d\u00e9ration d&#039;\u00e9ducation populaire","potentialAction":[{"@type":"SearchAction","target":{"@type":"EntryPoint","urlTemplate":"https:\/\/www.laligue85.org\/fra\/?s={search_term_string}"},"query-input":"required name=search_term_string"}],"inLanguage":"fr-FR"},{"@type":"Person","@id":"https:\/\/www.laligue85.org\/fra\/#\/schema\/person\/45271b6e75b5943f21d354872a5c1a2e","name":"epiveteau","image":{"@type":"ImageObject","inLanguage":"fr-FR","@id":"https:\/\/www.laligue85.org\/fra\/#\/schema\/person\/image\/","url":"https:\/\/secure.gravatar.com\/avatar\/7fedac7ddc713994f9815c37f877ecb7?s=96&d=mm&r=g","contentUrl":"https:\/\/secure.gravatar.com\/avatar\/7fedac7ddc713994f9815c37f877ecb7?s=96&d=mm&r=g","caption":"epiveteau"},"url":"https:\/\/www.laligue85.org\/fra\/blog\/author\/epiveteau\/"}]}},"jetpack_featured_media_url":"","jetpack_shortlink":"https:\/\/wp.me\/p9Chnq-2GQ","_links":{"self":[{"href":"https:\/\/www.laligue85.org\/fra\/wp-json\/wp\/v2\/posts\/10344","targetHints":{"allow":["GET"]}}],"collection":[{"href":"https:\/\/www.laligue85.org\/fra\/wp-json\/wp\/v2\/posts"}],"about":[{"href":"https:\/\/www.laligue85.org\/fra\/wp-json\/wp\/v2\/types\/post"}],"author":[{"embeddable":true,"href":"https:\/\/www.laligue85.org\/fra\/wp-json\/wp\/v2\/users\/2"}],"replies":[{"embeddable":true,"href":"https:\/\/www.laligue85.org\/fra\/wp-json\/wp\/v2\/comments?post=10344"}],"version-history":[{"count":2,"href":"https:\/\/www.laligue85.org\/fra\/wp-json\/wp\/v2\/posts\/10344\/revisions"}],"predecessor-version":[{"id":10346,"href":"https:\/\/www.laligue85.org\/fra\/wp-json\/wp\/v2\/posts\/10344\/revisions\/10346"}],"wp:attachment":[{"href":"https:\/\/www.laligue85.org\/fra\/wp-json\/wp\/v2\/media?parent=10344"}],"wp:term":[{"taxonomy":"category","embeddable":true,"href":"https:\/\/www.laligue85.org\/fra\/wp-json\/wp\/v2\/categories?post=10344"},{"taxonomy":"post_tag","embeddable":true,"href":"https:\/\/www.laligue85.org\/fra\/wp-json\/wp\/v2\/tags?post=10344"}],"curies":[{"name":"wp","href":"https:\/\/api.w.org\/{rel}","templated":true}]}}