{"id":10347,"date":"2020-04-08T15:42:20","date_gmt":"2020-04-08T13:42:20","guid":{"rendered":"http:\/\/www.laligue85.org\/fra\/?p=10347"},"modified":"2020-04-08T15:50:23","modified_gmt":"2020-04-08T13:50:23","slug":"francis-20-000-lieues-sous-les-mers-et-les-cm1","status":"publish","type":"post","link":"https:\/\/www.laligue85.org\/fra\/blog\/2020\/04\/08\/francis-20-000-lieues-sous-les-mers-et-les-cm1\/","title":{"rendered":"Francis &#8211; Lire 20 000 lieues sous les mers aux CM1"},"content":{"rendered":"<p>[vc_row][vc_column][vc_column_text]<\/p>\n<p align=\"JUSTIFY\"><span style=\"color: #ffffff;\">hjhj<\/span><\/p>\n<p align=\"JUSTIFY\"><span style=\"color: #ffffff;\">ghj<\/span><\/p>\n<p><strong><span style=\"font-size: 10pt;\">Aupr\u00e8s de quel public intervenez-vous, quel \u00e2ge ont-ils ? Dans quel cadre et \u00e0 quelle fr\u00e9quence ? <\/span><\/strong><\/p>\n<p><span style=\"font-size: 10pt;\">J\u2019interviens au profit (j\u2019esp\u00e8re que \u00e7a leur est profitable) d\u2019un public d\u2019\u00e9coliers \u00e2g\u00e9s de 9 \u00e0 10 ans (CM1) a l\u2019\u00e9cole Leonce Gluard \u00e0 La Roche sur Yon.<\/span><br \/>\n<span style=\"font-size: 10pt;\">Une s\u00e9ance de lecture par semaine. Dur\u00e9e 1 heure soit 2 fois 30mn avec des lectures calibr\u00e9es de 20 \u00e0 24mn. J&rsquo;aime lire aux CM parce que je pr\u00e9f\u00e8re la lecture de textes plus denses. Il faut donc que le public soit en mesure de comprendre. \u00c0 cet \u00e2ge l\u00e0 ils n\u2019ont plus obligatoirement le besoin d\u2019associer le texte \u00e0 l\u2019image.<br \/>\n<\/span><\/p>\n<div>\n<div>\n<div><strong><span style=\"font-size: 10pt;\">Quel(s) \u00ab type(s) \u00bb, \u00ab genre(s) \u00bb de livre lisez-vous ?<\/span><\/strong><\/div>\n<div><span style=\"font-size: 10pt;\">Cette ann\u00e9e je lis\u00a0 :<\/span><br \/>\n<span style=\"font-size: 10pt;\">\u00ab\u00a020 000 lieues sous les mers\u00a0\u00bb de Jules Verne (2&#215;9=18 s\u00e9ances)<\/span><br \/>\n<span style=\"font-size: 10pt;\">\u00ab\u00a0La grammaire est une chanson douce\u00a0\u00bb d\u2019Erik Orsenna (2&#215;3=6 s\u00e9ances)<\/span><br \/>\n<span style=\"font-size: 10pt;\">\u00ab\u00a0Pr\u00e9dateurs\u00a0\u00bb d\u2019Antoine Guilloppe = 1 s\u00e9ance.<\/span><\/div>\n<div><\/div>\n<div><strong><span style=\"font-size: 10pt;\">Quel(s) bienfait(s), enrichissement(s) cela vous apporte ?<\/span><\/strong><\/div>\n<\/div>\n<div>\n<div><span style=\"font-size: 10pt;\">Lire pour des enfants attentifs et int\u00e9ress\u00e9s. \u00catre le t\u00e9moin de leurs \u00e9motions.<\/span><\/div>\n<div><\/div>\n<div><strong><span style=\"font-size: 10pt;\">Une rencontre ou un \u00e9change qui vous aurait marqu\u00e9\u00a0?<\/span><\/strong><\/div>\n<\/div>\n<div>\n<div><span style=\"font-size: 10pt;\">Pour 20000 lieues sous les mers la question qui revient toujours est : \u00ab\u00a0C\u2019est vrai tout \u00e7a m\u2019sieur?\u00bb<\/span><br \/>\n<span style=\"font-size: 10pt;\">Jules Verne a \u00e9t\u00e9 un tel visionnaire que quand les enfants comparent sa fiction avec la r\u00e9alit\u00e9 d\u2019aujourd\u2019hui, ils sont un peu d\u00e9stabilis\u00e9s et moi, je ne l\u00e8ve pas tout \u00e0 fait le voile pour exciter leur imaginaire.<\/span><\/div>\n<\/div>\n<\/div>\n<p>[\/vc_column_text][\/vc_column][\/vc_row][vc_row full_width=\u00a0\u00bbstretch_row_content_no_spaces\u00a0\u00bb equal_height=\u00a0\u00bbyes\u00a0\u00bb content_placement=\u00a0\u00bbmiddle\u00a0\u00bb css=\u00a0\u00bb.vc_custom_1493830181567{padding-top: 0px !important;padding-bottom: 0px !important;}\u00a0\u00bb][vc_column width=\u00a0\u00bb1\/2&Prime; col_padding=\u00a0\u00bb7&Prime; css=\u00a0\u00bb.vc_custom_1493831472285{padding-top: 20px !important;padding-bottom: 20px !important;}\u00a0\u00bb][vc_column_text]<\/p>\n<h3>20 000 lieues sous les mers<\/h3>\n<p>[\/vc_column_text][vc_column_text font_size=\u00a0\u00bbsmall\u00a0\u00bb]<span style=\"font-size: 10pt;\">Un monstre marin, \u00ab une chose \u00e9norme \u00bb, ayant \u00e9t\u00e9 signal\u00e9 par plusieurs navires \u00e0 travers le monde, une exp\u00e9dition est organis\u00e9e sur l\u2019Abraham Lincoln, fr\u00e9gate am\u00e9ricaine, pour purger les mers de ce monstre inqui\u00e9tant. A bord se trouvent le Fran\u00e7ais Pierre Aronnax, professeur au Mus\u00e9um de Paris, et Conseil, son fid\u00e8le domestique.<\/span><br \/>\n<span style=\"font-size: 10pt;\">Une fois parvenus en vue du monstre, deux immenses trombes d\u2019eau s\u2019abattent sur le pont de la fr\u00e9gate, pr\u00e9cipitant Aronnax, Conseil et le harponneur canadien Ned Land sur le dos du monstre\u2026 qui se r\u00e9v\u00e8le \u00eatre un fabuleux sous-marin, le Nautilus, con\u00e7u et command\u00e9 par un \u00e9trange personnage, le capitaine Nemo, qui para\u00eet farouchement hostile \u00e0 toute l\u2019humanit\u00e9 !<\/span><br \/>\n<span style=\"font-size: 10pt;\">Condamn\u00e9s \u00e0 ne plus jamais revoir leur patrie, leurs parents, leurs amis, la plus extraordinaire aventure commence pourtant pour les trois hommes&#8230;<\/span>[\/vc_column_text][\/vc_column][vc_column width=\u00a0\u00bb1\/2&Prime; col_padding_side=\u00a0\u00bbleft\u00a0\u00bb css=\u00a0\u00bb.vc_custom_1586348303699{background-image: url(http:\/\/www.laligue85.org\/fra\/wp-content\/uploads\/2020\/04\/couv-ni-lire-ni-ecrire.jpg?id=10330) !important;background-position: center !important;background-repeat: no-repeat !important;background-size: cover !important;}\u00a0\u00bb][vc_single_image source=\u00a0\u00bbexternal_link\u00a0\u00bb alignment=\u00a0\u00bbcenter\u00a0\u00bb custom_src=\u00a0\u00bbhttps:\/\/images-na.ssl-images-amazon.com\/images\/I\/61cjit7B4QL._SX308_BO1,204,203,200_.jpg\u00a0\u00bb][\/vc_column][\/vc_row]<\/p>\n","protected":false},"excerpt":{"rendered":"<p>[vc_row][vc_column][vc_column_text] hjhj ghj Aupr\u00e8s de quel public intervenez-vous, quel \u00e2ge ont-ils ? Dans quel cadre et \u00e0 quelle fr\u00e9quence ? J\u2019interviens au profit (j\u2019esp\u00e8re que \u00e7a leur est profitable) d\u2019un public d\u2019\u00e9coliers \u00e2g\u00e9s de 9 \u00e0 10 ans (CM1) a l\u2019\u00e9cole Leonce Gluard \u00e0 La Roche sur Yon. Une s\u00e9ance [&hellip;]<\/p>\n","protected":false},"author":2,"featured_media":0,"comment_status":"closed","ping_status":"open","sticky":false,"template":"","format":"standard","meta":{"jetpack_post_was_ever_published":false,"footnotes":"","jetpack_publicize_message":"","jetpack_is_tweetstorm":false,"jetpack_publicize_feature_enabled":true,"jetpack_social_post_already_shared":true,"jetpack_social_options":[]},"categories":[338],"tags":[],"class_list":["post-10347","post","type-post","status-publish","format-standard","hentry","category-lire-aux-preados"],"jetpack_publicize_connections":[],"yoast_head":"<!-- This site is optimized with the Yoast SEO plugin v20.0 - https:\/\/yoast.com\/wordpress\/plugins\/seo\/ -->\n<title>Francis - Lire 20 000 lieues sous les mers aux CM1 - La Ligue de l&#039;Enseignement de Vend\u00e9e<\/title>\n<meta name=\"robots\" content=\"index, follow, max-snippet:-1, max-image-preview:large, max-video-preview:-1\" \/>\n<link rel=\"canonical\" href=\"https:\/\/www.laligue85.org\/fra\/blog\/2020\/04\/08\/francis-20-000-lieues-sous-les-mers-et-les-cm1\/\" \/>\n<meta property=\"og:locale\" content=\"fr_FR\" \/>\n<meta property=\"og:type\" content=\"article\" \/>\n<meta property=\"og:title\" content=\"Francis - Lire 20 000 lieues sous les mers aux CM1 - La Ligue de l&#039;Enseignement de Vend\u00e9e\" \/>\n<meta property=\"og:description\" content=\"[vc_row][vc_column][vc_column_text] hjhj ghj Aupr\u00e8s de quel public intervenez-vous, quel \u00e2ge ont-ils ? Dans quel cadre et \u00e0 quelle fr\u00e9quence ? J\u2019interviens au profit (j\u2019esp\u00e8re que \u00e7a leur est profitable) d\u2019un public d\u2019\u00e9coliers \u00e2g\u00e9s de 9 \u00e0 10 ans (CM1) a l\u2019\u00e9cole Leonce Gluard \u00e0 La Roche sur Yon. Une s\u00e9ance [&hellip;]\" \/>\n<meta property=\"og:url\" content=\"https:\/\/www.laligue85.org\/fra\/blog\/2020\/04\/08\/francis-20-000-lieues-sous-les-mers-et-les-cm1\/\" \/>\n<meta property=\"og:site_name\" content=\"La Ligue de l&#039;Enseignement de Vend\u00e9e\" \/>\n<meta property=\"article:published_time\" content=\"2020-04-08T13:42:20+00:00\" \/>\n<meta property=\"article:modified_time\" content=\"2020-04-08T13:50:23+00:00\" \/>\n<meta name=\"author\" content=\"epiveteau\" \/>\n<meta name=\"twitter:card\" content=\"summary_large_image\" \/>\n<meta name=\"twitter:label1\" content=\"\u00c9crit par\" \/>\n\t<meta name=\"twitter:data1\" content=\"epiveteau\" \/>\n\t<meta name=\"twitter:label2\" content=\"Dur\u00e9e de lecture estim\u00e9e\" \/>\n\t<meta name=\"twitter:data2\" content=\"3 minutes\" \/>\n<script type=\"application\/ld+json\" class=\"yoast-schema-graph\">{\"@context\":\"https:\/\/schema.org\",\"@graph\":[{\"@type\":\"WebPage\",\"@id\":\"https:\/\/www.laligue85.org\/fra\/blog\/2020\/04\/08\/francis-20-000-lieues-sous-les-mers-et-les-cm1\/\",\"url\":\"https:\/\/www.laligue85.org\/fra\/blog\/2020\/04\/08\/francis-20-000-lieues-sous-les-mers-et-les-cm1\/\",\"name\":\"Francis - Lire 20 000 lieues sous les mers aux CM1 - La Ligue de l&#039;Enseignement de Vend\u00e9e\",\"isPartOf\":{\"@id\":\"https:\/\/www.laligue85.org\/fra\/#website\"},\"datePublished\":\"2020-04-08T13:42:20+00:00\",\"dateModified\":\"2020-04-08T13:50:23+00:00\",\"author\":{\"@id\":\"https:\/\/www.laligue85.org\/fra\/#\/schema\/person\/45271b6e75b5943f21d354872a5c1a2e\"},\"breadcrumb\":{\"@id\":\"https:\/\/www.laligue85.org\/fra\/blog\/2020\/04\/08\/francis-20-000-lieues-sous-les-mers-et-les-cm1\/#breadcrumb\"},\"inLanguage\":\"fr-FR\",\"potentialAction\":[{\"@type\":\"ReadAction\",\"target\":[\"https:\/\/www.laligue85.org\/fra\/blog\/2020\/04\/08\/francis-20-000-lieues-sous-les-mers-et-les-cm1\/\"]}]},{\"@type\":\"BreadcrumbList\",\"@id\":\"https:\/\/www.laligue85.org\/fra\/blog\/2020\/04\/08\/francis-20-000-lieues-sous-les-mers-et-les-cm1\/#breadcrumb\",\"itemListElement\":[{\"@type\":\"ListItem\",\"position\":1,\"name\":\"Accueil\",\"item\":\"https:\/\/www.laligue85.org\/fra\/\"},{\"@type\":\"ListItem\",\"position\":2,\"name\":\"Francis &#8211; Lire 20 000 lieues sous les mers aux CM1\"}]},{\"@type\":\"WebSite\",\"@id\":\"https:\/\/www.laligue85.org\/fra\/#website\",\"url\":\"https:\/\/www.laligue85.org\/fra\/\",\"name\":\"La Ligue de l&#039;Enseignement de Vend\u00e9e\",\"description\":\"F\u00e9d\u00e9ration d&#039;\u00e9ducation populaire\",\"potentialAction\":[{\"@type\":\"SearchAction\",\"target\":{\"@type\":\"EntryPoint\",\"urlTemplate\":\"https:\/\/www.laligue85.org\/fra\/?s={search_term_string}\"},\"query-input\":\"required name=search_term_string\"}],\"inLanguage\":\"fr-FR\"},{\"@type\":\"Person\",\"@id\":\"https:\/\/www.laligue85.org\/fra\/#\/schema\/person\/45271b6e75b5943f21d354872a5c1a2e\",\"name\":\"epiveteau\",\"image\":{\"@type\":\"ImageObject\",\"inLanguage\":\"fr-FR\",\"@id\":\"https:\/\/www.laligue85.org\/fra\/#\/schema\/person\/image\/\",\"url\":\"https:\/\/secure.gravatar.com\/avatar\/7fedac7ddc713994f9815c37f877ecb7?s=96&d=mm&r=g\",\"contentUrl\":\"https:\/\/secure.gravatar.com\/avatar\/7fedac7ddc713994f9815c37f877ecb7?s=96&d=mm&r=g\",\"caption\":\"epiveteau\"},\"url\":\"https:\/\/www.laligue85.org\/fra\/blog\/author\/epiveteau\/\"}]}<\/script>\n<!-- \/ Yoast SEO plugin. -->","yoast_head_json":{"title":"Francis - Lire 20 000 lieues sous les mers aux CM1 - La Ligue de l&#039;Enseignement de Vend\u00e9e","robots":{"index":"index","follow":"follow","max-snippet":"max-snippet:-1","max-image-preview":"max-image-preview:large","max-video-preview":"max-video-preview:-1"},"canonical":"https:\/\/www.laligue85.org\/fra\/blog\/2020\/04\/08\/francis-20-000-lieues-sous-les-mers-et-les-cm1\/","og_locale":"fr_FR","og_type":"article","og_title":"Francis - Lire 20 000 lieues sous les mers aux CM1 - La Ligue de l&#039;Enseignement de Vend\u00e9e","og_description":"[vc_row][vc_column][vc_column_text] hjhj ghj Aupr\u00e8s de quel public intervenez-vous, quel \u00e2ge ont-ils ? Dans quel cadre et \u00e0 quelle fr\u00e9quence ? J\u2019interviens au profit (j\u2019esp\u00e8re que \u00e7a leur est profitable) d\u2019un public d\u2019\u00e9coliers \u00e2g\u00e9s de 9 \u00e0 10 ans (CM1) a l\u2019\u00e9cole Leonce Gluard \u00e0 La Roche sur Yon. Une s\u00e9ance [&hellip;]","og_url":"https:\/\/www.laligue85.org\/fra\/blog\/2020\/04\/08\/francis-20-000-lieues-sous-les-mers-et-les-cm1\/","og_site_name":"La Ligue de l&#039;Enseignement de Vend\u00e9e","article_published_time":"2020-04-08T13:42:20+00:00","article_modified_time":"2020-04-08T13:50:23+00:00","author":"epiveteau","twitter_card":"summary_large_image","twitter_misc":{"\u00c9crit par":"epiveteau","Dur\u00e9e de lecture estim\u00e9e":"3 minutes"},"schema":{"@context":"https:\/\/schema.org","@graph":[{"@type":"WebPage","@id":"https:\/\/www.laligue85.org\/fra\/blog\/2020\/04\/08\/francis-20-000-lieues-sous-les-mers-et-les-cm1\/","url":"https:\/\/www.laligue85.org\/fra\/blog\/2020\/04\/08\/francis-20-000-lieues-sous-les-mers-et-les-cm1\/","name":"Francis - Lire 20 000 lieues sous les mers aux CM1 - La Ligue de l&#039;Enseignement de Vend\u00e9e","isPartOf":{"@id":"https:\/\/www.laligue85.org\/fra\/#website"},"datePublished":"2020-04-08T13:42:20+00:00","dateModified":"2020-04-08T13:50:23+00:00","author":{"@id":"https:\/\/www.laligue85.org\/fra\/#\/schema\/person\/45271b6e75b5943f21d354872a5c1a2e"},"breadcrumb":{"@id":"https:\/\/www.laligue85.org\/fra\/blog\/2020\/04\/08\/francis-20-000-lieues-sous-les-mers-et-les-cm1\/#breadcrumb"},"inLanguage":"fr-FR","potentialAction":[{"@type":"ReadAction","target":["https:\/\/www.laligue85.org\/fra\/blog\/2020\/04\/08\/francis-20-000-lieues-sous-les-mers-et-les-cm1\/"]}]},{"@type":"BreadcrumbList","@id":"https:\/\/www.laligue85.org\/fra\/blog\/2020\/04\/08\/francis-20-000-lieues-sous-les-mers-et-les-cm1\/#breadcrumb","itemListElement":[{"@type":"ListItem","position":1,"name":"Accueil","item":"https:\/\/www.laligue85.org\/fra\/"},{"@type":"ListItem","position":2,"name":"Francis &#8211; Lire 20 000 lieues sous les mers aux CM1"}]},{"@type":"WebSite","@id":"https:\/\/www.laligue85.org\/fra\/#website","url":"https:\/\/www.laligue85.org\/fra\/","name":"La Ligue de l&#039;Enseignement de Vend\u00e9e","description":"F\u00e9d\u00e9ration d&#039;\u00e9ducation populaire","potentialAction":[{"@type":"SearchAction","target":{"@type":"EntryPoint","urlTemplate":"https:\/\/www.laligue85.org\/fra\/?s={search_term_string}"},"query-input":"required name=search_term_string"}],"inLanguage":"fr-FR"},{"@type":"Person","@id":"https:\/\/www.laligue85.org\/fra\/#\/schema\/person\/45271b6e75b5943f21d354872a5c1a2e","name":"epiveteau","image":{"@type":"ImageObject","inLanguage":"fr-FR","@id":"https:\/\/www.laligue85.org\/fra\/#\/schema\/person\/image\/","url":"https:\/\/secure.gravatar.com\/avatar\/7fedac7ddc713994f9815c37f877ecb7?s=96&d=mm&r=g","contentUrl":"https:\/\/secure.gravatar.com\/avatar\/7fedac7ddc713994f9815c37f877ecb7?s=96&d=mm&r=g","caption":"epiveteau"},"url":"https:\/\/www.laligue85.org\/fra\/blog\/author\/epiveteau\/"}]}},"jetpack_featured_media_url":"","jetpack_shortlink":"https:\/\/wp.me\/p9Chnq-2GT","_links":{"self":[{"href":"https:\/\/www.laligue85.org\/fra\/wp-json\/wp\/v2\/posts\/10347","targetHints":{"allow":["GET"]}}],"collection":[{"href":"https:\/\/www.laligue85.org\/fra\/wp-json\/wp\/v2\/posts"}],"about":[{"href":"https:\/\/www.laligue85.org\/fra\/wp-json\/wp\/v2\/types\/post"}],"author":[{"embeddable":true,"href":"https:\/\/www.laligue85.org\/fra\/wp-json\/wp\/v2\/users\/2"}],"replies":[{"embeddable":true,"href":"https:\/\/www.laligue85.org\/fra\/wp-json\/wp\/v2\/comments?post=10347"}],"version-history":[{"count":3,"href":"https:\/\/www.laligue85.org\/fra\/wp-json\/wp\/v2\/posts\/10347\/revisions"}],"predecessor-version":[{"id":10353,"href":"https:\/\/www.laligue85.org\/fra\/wp-json\/wp\/v2\/posts\/10347\/revisions\/10353"}],"wp:attachment":[{"href":"https:\/\/www.laligue85.org\/fra\/wp-json\/wp\/v2\/media?parent=10347"}],"wp:term":[{"taxonomy":"category","embeddable":true,"href":"https:\/\/www.laligue85.org\/fra\/wp-json\/wp\/v2\/categories?post=10347"},{"taxonomy":"post_tag","embeddable":true,"href":"https:\/\/www.laligue85.org\/fra\/wp-json\/wp\/v2\/tags?post=10347"}],"curies":[{"name":"wp","href":"https:\/\/api.w.org\/{rel}","templated":true}]}}