{"id":11439,"date":"2021-09-24T15:32:55","date_gmt":"2021-09-24T13:32:55","guid":{"rendered":"http:\/\/www.laligue85.org\/fra\/?p=11439"},"modified":"2025-07-10T16:58:38","modified_gmt":"2025-07-10T14:58:38","slug":"des-clics-et-des-livres-journee-pro","status":"publish","type":"post","link":"https:\/\/www.laligue85.org\/fra\/blog\/2021\/09\/24\/des-clics-et-des-livres-journee-pro\/","title":{"rendered":"Des clics et des livres &#8211; journ\u00e9e professionnelle"},"content":{"rendered":"<p>[vc_row equal_height=\u00a0\u00bbyes\u00a0\u00bb content_placement=\u00a0\u00bbmiddle\u00a0\u00bb css=\u00a0\u00bb.vc_custom_1493822260304{padding-top: 90px !important;padding-bottom: 90px !important;}\u00a0\u00bb][vc_column width=\u00a0\u00bb1\/2&Prime; col_padding=\u00a0\u00bb2&Prime; col_padding_side=\u00a0\u00bbright\u00a0\u00bb][vc_single_image source=\u00a0\u00bbexternal_link\u00a0\u00bb css_animation=\u00a0\u00bbnone\u00a0\u00bb css=\u00a0\u00bb.vc_custom_1752159818070{margin-bottom: 0px !important;}\u00a0\u00bb custom_src=\u00a0\u00bbhttp:\/\/www.laligue85.org\/fra\/wp-content\/uploads\/2025\/07\/journee-pro-DCDL-09102025.jpg\u00a0\u00bb][vc_single_image source=\u00a0\u00bbexternal_link\u00a0\u00bb css_animation=\u00a0\u00bbnone\u00a0\u00bb css=\u00a0\u00bb.vc_custom_1752159833380{margin-bottom: 0px !important;}\u00a0\u00bb custom_src=\u00a0\u00bbhttp:\/\/www.laligue85.org\/fra\/wp-content\/uploads\/2025\/07\/journee-pro-DCDL-091020251-scaled.jpg\u00a0\u00bb][\/vc_column][vc_column width=\u00a0\u00bb1\/2&Prime; col_padding=\u00a0\u00bb2&Prime; col_padding_side=\u00a0\u00bbleft\u00a0\u00bb][vc_column_text]<\/p>\n<h3><span class=\"OYPEnA font-feature-liga-off font-feature-clig-off font-feature-calt-off text-decoration-none text-strikethrough-none\">La diversit\u00e9 en litt\u00e9rature jeunesse :<\/span> <span class=\"OYPEnA font-feature-liga-off font-feature-clig-off font-feature-calt-off text-decoration-none text-strikethrough-none\">Quelles repr\u00e9sentations ? Quelles m\u00e9diations ?<\/span><\/h3>\n<p><em>Journ\u00e9e professionnelle \u00e0 destination des biblioth\u00e9caires et des animateurs<br \/>\n<\/em><\/p>\n<p class=\"cvGsUA direction-ltr align-justify para-style-body\"><strong><span class=\"OYPEnA font-feature-liga-off font-feature-clig-off font-feature-calt-off text-decoration-none text-strikethrough-none\">Le travail initi\u00e9 par Sarah Ghelam a mis en lumi\u00e8re la faible production, en France, d&rsquo;ouvrages assurant une repr\u00e9sentation des diversit\u00e9s. Elle a aussi mis en lumi\u00e8re les st\u00e9r\u00e9otypes associ\u00e9s \u00e0 certaines cat\u00e9gories de personnages ou m\u00eame de paysages. Nos repr\u00e9sentations ont un impact sur la cr\u00e9ation puis sur la diffusion que nous en faisons.<\/span><\/strong><\/p>\n<p class=\"cvGsUA direction-ltr align-justify para-style-body\"><span class=\"OYPEnA font-feature-liga-off font-feature-clig-off font-feature-calt-off text-decoration-none text-strikethrough-none\">A la lumi\u00e8re des \u00e9l\u00e9ments apport\u00e9s et des \u00e9changes avec des autrices et illustratrices impliqu\u00e9s sur ce sujet depuis de nombreuses ann\u00e9es, nous nous interrogerons sur l&rsquo;<\/span><span class=\"OYPEnA font-feature-liga-off font-feature-clig-off font-feature-calt-off text-decoration-none text-strikethrough-none\">importance la diversit\u00e9 pour les enfants et les raisons de ces faibles repr\u00e9sentations. Les ateliers et \u00e9changes entre professionnels permettront d&rsquo;aborder la notion de m\u00e9diation en se questionnement notamment sur la notion de<\/span><span class=\"OYPEnA font-feature-liga-off font-feature-clig-off font-feature-calt-off text-decoration-none text-strikethrough-none\"> st\u00e9r\u00e9otype ou encore le r\u00f4le que peuvent avoir les animateurs et biblioth\u00e9caires dans la transmission d\u2019histoires pour tous mais aussi dans l\u2019accueil des publics \u00e9loign\u00e9s du livre. Quels sont les leviers possibles ?<\/span><\/p>\n<p><strong>Pourquoi une journ\u00e9e pour les animateurs et les biblioth\u00e9caires ?<\/strong><\/p>\n<p class=\"cvGsUA direction-ltr align-justify para-style-body\"><span class=\"OYPEnA font-feature-liga-off font-feature-clig-off font-feature-calt-off text-decoration-none text-strikethrough-none\">Les \u00e9quipes d&rsquo;animation et les biblioth\u00e9caires sont des m\u00e9diateurs, qui, en prise avec les publics, assurent des moments de partages, de d\u00e9couvertes et d&rsquo;animation. Malgr\u00e9 tout il est parfois difficile pour le monde de la culture et de l&rsquo;animation de se rencontrer alors m\u00eame que leurs objectifs se rejoignent.<\/span><\/p>\n<p class=\"cvGsUA direction-ltr align-justify para-style-body\"><span class=\"OYPEnA font-feature-liga-off font-feature-clig-off font-feature-calt-off text-decoration-none text-strikethrough-none\">En amont de la 5\u00e8me \u00e9dition du festival \u201cDes Clics et des Livres\u201d sur le th\u00e8me \u00ab\u00a0t&rsquo;es qui toi ?\u00a0\u00bb, la Ligue de l\u2019enseignement a souhait\u00e9 reconduire cette journ\u00e9e pour donner la possibilit\u00e9 \u00e0 chacun de repartir avec des contacts, des projets et des outils<\/span> <span class=\"OYPEnA font-feature-liga-off font-feature-clig-off font-feature-calt-off text-decoration-none text-strikethrough-none\">pour tenter de r\u00e9pondre \u00e0 deux questions : Quelles repr\u00e9sentations de la diversit\u00e9 d&rsquo;origine en litt\u00e9rature de jeunesse ? Comment assurer une m\u00e9diation ?<\/span><\/p>\n<p>Le jeudi 9 octobre 2025 de 9h \u00e0 17h \u00e0 La Roche-sur-Yon (41 rue Monge)<\/p>\n<p>Gratuit. Sur inscription[\/vc_column_text][vc_btn title=\u00a0\u00bbInscription\u00a0\u00bb color=\u00a0\u00bbwarning\u00a0\u00bb link=\u00a0\u00bburl:https%3A%2F%2Fframaforms.org%2Finscription-journee-pro-des-clics-et-des-livres-9-octobre-2025-la-roche-sur-yon-1724160024|||\u00a0\u00bb][vc_btn title=\u00a0\u00bbLe programme\u00a0\u00bb color=\u00a0\u00bbturquoise\u00a0\u00bb link=\u00a0\u00bburl:http%3A%2F%2Fwww.laligue85.org%2Ffra%2Fwp-content%2Fuploads%2F2025%2F07%2Fjournee-pro-DCDL-09102025-1_compressed.pdf|||\u00a0\u00bb][\/vc_column][\/vc_row]<\/p>\n","protected":false},"excerpt":{"rendered":"<p>[vc_row equal_height=\u00a0\u00bbyes\u00a0\u00bb content_placement=\u00a0\u00bbmiddle\u00a0\u00bb css=\u00a0\u00bb.vc_custom_1493822260304{padding-top: 90px !important;padding-bottom: 90px !important;}\u00a0\u00bb][vc_column width=\u00a0\u00bb1\/2&Prime; col_padding=\u00a0\u00bb2&Prime; col_padding_side=\u00a0\u00bbright\u00a0\u00bb][vc_single_image source=\u00a0\u00bbexternal_link\u00a0\u00bb css_animation=\u00a0\u00bbnone\u00a0\u00bb css=\u00a0\u00bb.vc_custom_1752159818070{margin-bottom: 0px !important;}\u00a0\u00bb custom_src=\u00a0\u00bbhttp:\/\/www.laligue85.org\/fra\/wp-content\/uploads\/2025\/07\/journee-pro-DCDL-09102025.jpg\u00a0\u00bb][vc_single_image source=\u00a0\u00bbexternal_link\u00a0\u00bb css_animation=\u00a0\u00bbnone\u00a0\u00bb css=\u00a0\u00bb.vc_custom_1752159833380{margin-bottom: 0px !important;}\u00a0\u00bb custom_src=\u00a0\u00bbhttp:\/\/www.laligue85.org\/fra\/wp-content\/uploads\/2025\/07\/journee-pro-DCDL-091020251-scaled.jpg\u00a0\u00bb][\/vc_column][vc_column width=\u00a0\u00bb1\/2&Prime; col_padding=\u00a0\u00bb2&Prime; col_padding_side=\u00a0\u00bbleft\u00a0\u00bb][vc_column_text] La diversit\u00e9 en litt\u00e9rature jeunesse : Quelles repr\u00e9sentations ? Quelles m\u00e9diations ? Journ\u00e9e professionnelle \u00e0 destination des biblioth\u00e9caires et des animateurs Le travail initi\u00e9 [&hellip;]<\/p>\n","protected":false},"author":2,"featured_media":0,"comment_status":"closed","ping_status":"open","sticky":false,"template":"","format":"standard","meta":{"jetpack_post_was_ever_published":false,"footnotes":"","jetpack_publicize_message":"","jetpack_is_tweetstorm":false,"jetpack_publicize_feature_enabled":true,"jetpack_social_post_already_shared":true,"jetpack_social_options":[]},"categories":[1],"tags":[],"class_list":["post-11439","post","type-post","status-publish","format-standard","hentry","category-non-classe"],"jetpack_publicize_connections":[],"yoast_head":"<!-- This site is optimized with the Yoast SEO plugin v20.0 - https:\/\/yoast.com\/wordpress\/plugins\/seo\/ -->\n<title>Des clics et des livres - journ\u00e9e professionnelle - La Ligue de l&#039;Enseignement de Vend\u00e9e<\/title>\n<meta name=\"description\" content=\"Journ\u00e9e professionnelle &quot;Pourquoi et comment lier livre et num\u00e9rique&quot;. A destination des animateurs et biblioth\u00e9caires. Le 10 octobre 2024.\" \/>\n<meta name=\"robots\" content=\"index, follow, max-snippet:-1, max-image-preview:large, max-video-preview:-1\" \/>\n<link rel=\"canonical\" href=\"https:\/\/www.laligue85.org\/fra\/blog\/2021\/09\/24\/des-clics-et-des-livres-journee-pro\/\" \/>\n<meta property=\"og:locale\" content=\"fr_FR\" \/>\n<meta property=\"og:type\" content=\"article\" \/>\n<meta property=\"og:title\" content=\"Des clics et des livres - journ\u00e9e professionnelle - La Ligue de l&#039;Enseignement de Vend\u00e9e\" \/>\n<meta property=\"og:description\" content=\"Journ\u00e9e professionnelle &quot;Pourquoi et comment lier livre et num\u00e9rique&quot;. A destination des animateurs et biblioth\u00e9caires. Le 10 octobre 2024.\" \/>\n<meta property=\"og:url\" content=\"https:\/\/www.laligue85.org\/fra\/blog\/2021\/09\/24\/des-clics-et-des-livres-journee-pro\/\" \/>\n<meta property=\"og:site_name\" content=\"La Ligue de l&#039;Enseignement de Vend\u00e9e\" \/>\n<meta property=\"article:published_time\" content=\"2021-09-24T13:32:55+00:00\" \/>\n<meta property=\"article:modified_time\" content=\"2025-07-10T14:58:38+00:00\" \/>\n<meta name=\"author\" content=\"epiveteau\" \/>\n<meta name=\"twitter:card\" content=\"summary_large_image\" \/>\n<meta name=\"twitter:label1\" content=\"\u00c9crit par\" \/>\n\t<meta name=\"twitter:data1\" content=\"epiveteau\" \/>\n\t<meta name=\"twitter:label2\" content=\"Dur\u00e9e de lecture estim\u00e9e\" \/>\n\t<meta name=\"twitter:data2\" content=\"2 minutes\" \/>\n<script type=\"application\/ld+json\" class=\"yoast-schema-graph\">{\"@context\":\"https:\/\/schema.org\",\"@graph\":[{\"@type\":\"WebPage\",\"@id\":\"https:\/\/www.laligue85.org\/fra\/blog\/2021\/09\/24\/des-clics-et-des-livres-journee-pro\/\",\"url\":\"https:\/\/www.laligue85.org\/fra\/blog\/2021\/09\/24\/des-clics-et-des-livres-journee-pro\/\",\"name\":\"Des clics et des livres - journ\u00e9e professionnelle - La Ligue de l&#039;Enseignement de Vend\u00e9e\",\"isPartOf\":{\"@id\":\"https:\/\/www.laligue85.org\/fra\/#website\"},\"datePublished\":\"2021-09-24T13:32:55+00:00\",\"dateModified\":\"2025-07-10T14:58:38+00:00\",\"author\":{\"@id\":\"https:\/\/www.laligue85.org\/fra\/#\/schema\/person\/45271b6e75b5943f21d354872a5c1a2e\"},\"description\":\"Journ\u00e9e professionnelle \\\"Pourquoi et comment lier livre et num\u00e9rique\\\". A destination des animateurs et biblioth\u00e9caires. Le 10 octobre 2024.\",\"breadcrumb\":{\"@id\":\"https:\/\/www.laligue85.org\/fra\/blog\/2021\/09\/24\/des-clics-et-des-livres-journee-pro\/#breadcrumb\"},\"inLanguage\":\"fr-FR\",\"potentialAction\":[{\"@type\":\"ReadAction\",\"target\":[\"https:\/\/www.laligue85.org\/fra\/blog\/2021\/09\/24\/des-clics-et-des-livres-journee-pro\/\"]}]},{\"@type\":\"BreadcrumbList\",\"@id\":\"https:\/\/www.laligue85.org\/fra\/blog\/2021\/09\/24\/des-clics-et-des-livres-journee-pro\/#breadcrumb\",\"itemListElement\":[{\"@type\":\"ListItem\",\"position\":1,\"name\":\"Accueil\",\"item\":\"https:\/\/www.laligue85.org\/fra\/\"},{\"@type\":\"ListItem\",\"position\":2,\"name\":\"Des clics et des livres &#8211; journ\u00e9e professionnelle\"}]},{\"@type\":\"WebSite\",\"@id\":\"https:\/\/www.laligue85.org\/fra\/#website\",\"url\":\"https:\/\/www.laligue85.org\/fra\/\",\"name\":\"La Ligue de l&#039;Enseignement de Vend\u00e9e\",\"description\":\"F\u00e9d\u00e9ration d&#039;\u00e9ducation populaire\",\"potentialAction\":[{\"@type\":\"SearchAction\",\"target\":{\"@type\":\"EntryPoint\",\"urlTemplate\":\"https:\/\/www.laligue85.org\/fra\/?s={search_term_string}\"},\"query-input\":\"required name=search_term_string\"}],\"inLanguage\":\"fr-FR\"},{\"@type\":\"Person\",\"@id\":\"https:\/\/www.laligue85.org\/fra\/#\/schema\/person\/45271b6e75b5943f21d354872a5c1a2e\",\"name\":\"epiveteau\",\"image\":{\"@type\":\"ImageObject\",\"inLanguage\":\"fr-FR\",\"@id\":\"https:\/\/www.laligue85.org\/fra\/#\/schema\/person\/image\/\",\"url\":\"https:\/\/secure.gravatar.com\/avatar\/7fedac7ddc713994f9815c37f877ecb7?s=96&d=mm&r=g\",\"contentUrl\":\"https:\/\/secure.gravatar.com\/avatar\/7fedac7ddc713994f9815c37f877ecb7?s=96&d=mm&r=g\",\"caption\":\"epiveteau\"},\"url\":\"https:\/\/www.laligue85.org\/fra\/blog\/author\/epiveteau\/\"}]}<\/script>\n<!-- \/ Yoast SEO plugin. -->","yoast_head_json":{"title":"Des clics et des livres - journ\u00e9e professionnelle - La Ligue de l&#039;Enseignement de Vend\u00e9e","description":"Journ\u00e9e professionnelle \"Pourquoi et comment lier livre et num\u00e9rique\". A destination des animateurs et biblioth\u00e9caires. Le 10 octobre 2024.","robots":{"index":"index","follow":"follow","max-snippet":"max-snippet:-1","max-image-preview":"max-image-preview:large","max-video-preview":"max-video-preview:-1"},"canonical":"https:\/\/www.laligue85.org\/fra\/blog\/2021\/09\/24\/des-clics-et-des-livres-journee-pro\/","og_locale":"fr_FR","og_type":"article","og_title":"Des clics et des livres - journ\u00e9e professionnelle - La Ligue de l&#039;Enseignement de Vend\u00e9e","og_description":"Journ\u00e9e professionnelle \"Pourquoi et comment lier livre et num\u00e9rique\". A destination des animateurs et biblioth\u00e9caires. Le 10 octobre 2024.","og_url":"https:\/\/www.laligue85.org\/fra\/blog\/2021\/09\/24\/des-clics-et-des-livres-journee-pro\/","og_site_name":"La Ligue de l&#039;Enseignement de Vend\u00e9e","article_published_time":"2021-09-24T13:32:55+00:00","article_modified_time":"2025-07-10T14:58:38+00:00","author":"epiveteau","twitter_card":"summary_large_image","twitter_misc":{"\u00c9crit par":"epiveteau","Dur\u00e9e de lecture estim\u00e9e":"2 minutes"},"schema":{"@context":"https:\/\/schema.org","@graph":[{"@type":"WebPage","@id":"https:\/\/www.laligue85.org\/fra\/blog\/2021\/09\/24\/des-clics-et-des-livres-journee-pro\/","url":"https:\/\/www.laligue85.org\/fra\/blog\/2021\/09\/24\/des-clics-et-des-livres-journee-pro\/","name":"Des clics et des livres - journ\u00e9e professionnelle - La Ligue de l&#039;Enseignement de Vend\u00e9e","isPartOf":{"@id":"https:\/\/www.laligue85.org\/fra\/#website"},"datePublished":"2021-09-24T13:32:55+00:00","dateModified":"2025-07-10T14:58:38+00:00","author":{"@id":"https:\/\/www.laligue85.org\/fra\/#\/schema\/person\/45271b6e75b5943f21d354872a5c1a2e"},"description":"Journ\u00e9e professionnelle \"Pourquoi et comment lier livre et num\u00e9rique\". A destination des animateurs et biblioth\u00e9caires. Le 10 octobre 2024.","breadcrumb":{"@id":"https:\/\/www.laligue85.org\/fra\/blog\/2021\/09\/24\/des-clics-et-des-livres-journee-pro\/#breadcrumb"},"inLanguage":"fr-FR","potentialAction":[{"@type":"ReadAction","target":["https:\/\/www.laligue85.org\/fra\/blog\/2021\/09\/24\/des-clics-et-des-livres-journee-pro\/"]}]},{"@type":"BreadcrumbList","@id":"https:\/\/www.laligue85.org\/fra\/blog\/2021\/09\/24\/des-clics-et-des-livres-journee-pro\/#breadcrumb","itemListElement":[{"@type":"ListItem","position":1,"name":"Accueil","item":"https:\/\/www.laligue85.org\/fra\/"},{"@type":"ListItem","position":2,"name":"Des clics et des livres &#8211; journ\u00e9e professionnelle"}]},{"@type":"WebSite","@id":"https:\/\/www.laligue85.org\/fra\/#website","url":"https:\/\/www.laligue85.org\/fra\/","name":"La Ligue de l&#039;Enseignement de Vend\u00e9e","description":"F\u00e9d\u00e9ration d&#039;\u00e9ducation populaire","potentialAction":[{"@type":"SearchAction","target":{"@type":"EntryPoint","urlTemplate":"https:\/\/www.laligue85.org\/fra\/?s={search_term_string}"},"query-input":"required name=search_term_string"}],"inLanguage":"fr-FR"},{"@type":"Person","@id":"https:\/\/www.laligue85.org\/fra\/#\/schema\/person\/45271b6e75b5943f21d354872a5c1a2e","name":"epiveteau","image":{"@type":"ImageObject","inLanguage":"fr-FR","@id":"https:\/\/www.laligue85.org\/fra\/#\/schema\/person\/image\/","url":"https:\/\/secure.gravatar.com\/avatar\/7fedac7ddc713994f9815c37f877ecb7?s=96&d=mm&r=g","contentUrl":"https:\/\/secure.gravatar.com\/avatar\/7fedac7ddc713994f9815c37f877ecb7?s=96&d=mm&r=g","caption":"epiveteau"},"url":"https:\/\/www.laligue85.org\/fra\/blog\/author\/epiveteau\/"}]}},"jetpack_featured_media_url":"","jetpack_shortlink":"https:\/\/wp.me\/p9Chnq-2Yv","_links":{"self":[{"href":"https:\/\/www.laligue85.org\/fra\/wp-json\/wp\/v2\/posts\/11439","targetHints":{"allow":["GET"]}}],"collection":[{"href":"https:\/\/www.laligue85.org\/fra\/wp-json\/wp\/v2\/posts"}],"about":[{"href":"https:\/\/www.laligue85.org\/fra\/wp-json\/wp\/v2\/types\/post"}],"author":[{"embeddable":true,"href":"https:\/\/www.laligue85.org\/fra\/wp-json\/wp\/v2\/users\/2"}],"replies":[{"embeddable":true,"href":"https:\/\/www.laligue85.org\/fra\/wp-json\/wp\/v2\/comments?post=11439"}],"version-history":[{"count":16,"href":"https:\/\/www.laligue85.org\/fra\/wp-json\/wp\/v2\/posts\/11439\/revisions"}],"predecessor-version":[{"id":14869,"href":"https:\/\/www.laligue85.org\/fra\/wp-json\/wp\/v2\/posts\/11439\/revisions\/14869"}],"wp:attachment":[{"href":"https:\/\/www.laligue85.org\/fra\/wp-json\/wp\/v2\/media?parent=11439"}],"wp:term":[{"taxonomy":"category","embeddable":true,"href":"https:\/\/www.laligue85.org\/fra\/wp-json\/wp\/v2\/categories?post=11439"},{"taxonomy":"post_tag","embeddable":true,"href":"https:\/\/www.laligue85.org\/fra\/wp-json\/wp\/v2\/tags?post=11439"}],"curies":[{"name":"wp","href":"https:\/\/api.w.org\/{rel}","templated":true}]}}