{"id":11934,"date":"2022-03-23T16:35:00","date_gmt":"2022-03-23T15:35:00","guid":{"rendered":"http:\/\/www.laligue85.org\/fra\/?p=11934"},"modified":"2022-03-23T16:35:00","modified_gmt":"2022-03-23T15:35:00","slug":"groupes-de-travail-et-commissions-nationales","status":"publish","type":"post","link":"https:\/\/www.laligue85.org\/fra\/blog\/2022\/03\/23\/groupes-de-travail-et-commissions-nationales\/","title":{"rendered":"Groupes de travail et commissions nationales"},"content":{"rendered":"<div class=\"et_pb_section et_pb_section_1 et_pb_with_background et_section_regular\">\n<div class=\"et_pb_row et_pb_row_1\">\n<div class=\"et_pb_column et_pb_column_4_4 et_pb_column_1  et_pb_css_mix_blend_mode_passthrough et-last-child\">\n<div class=\"et_pb_module et_pb_text et_pb_text_0  et_pb_text_align_left et_pb_bg_layout_dark\">\n<div class=\"et_pb_text_inner\">\n<p>L\u2019action du\u00a0<a href=\"https:\/\/usep.org\/index.php\/2017\/09\/25\/comitedirecteur\/\">comit\u00e9 directeur<\/a>\u00a0est guid\u00e9e par une douzaine d\u2019\u00ab objectifs \u00bb qui se d\u00e9clinent en \u00ab dossiers \u00bb dont sont charg\u00e9s des groupes de travail (GT). Parall\u00e8lement, des commissions nationales (CN) articulent la transversalit\u00e9 des dossiers et croisent les trois grands \u00ab champs \u00bb de la vie de la f\u00e9d\u00e9ration que sont la \u00ab Vie p\u00e9dagogique, recherche et formation \u00bb, la \u00ab Vie sportive et associative \u00bb et la \u00ab Vie des territoires \u00bb.<\/p>\n<\/div>\n<\/div>\n<\/div>\n<\/div>\n<\/div>\n<div class=\"et_pb_section et_pb_section_2 et_section_regular\">\n<div class=\"et_pb_row et_pb_row_2\">\n<div class=\"et_pb_column et_pb_column_4_4 et_pb_column_2  et_pb_css_mix_blend_mode_passthrough et-last-child\">\n<div class=\"et_pb_with_border et_pb_module et_pb_text et_pb_text_1  et_pb_text_align_left et_pb_bg_layout_light\">\n<div class=\"et_pb_text_inner\">\n<p><strong>S\u2019inscrire dans la dynamique des Jeux olympiques<\/strong><\/p>\n<ul>\n<li>GT\u00a0<a href=\"https:\/\/usep.org\/index.php\/2020\/10\/07\/un-evenement-national-pour-se-projeter-jusquen-2024\/\">\u00c9v\u00e9nement 2024<\/a><\/li>\n<li>GT Labels\u00a0<a href=\"https:\/\/usep.org\/index.php\/2018\/12\/17\/label-generation-2024\/\">G\u00e9n\u00e9ration 2024<\/a>\u00a0et Terres de Jeux, Cit\u00e9s \u00e9ducatives<\/li>\n<\/ul>\n<p><strong>Faire \u00e9voluer la rencontre sportive associative<\/strong><\/p>\n<ul>\n<li>GT\u00a0<a href=\"https:\/\/usep.org\/index.php\/2017\/11\/16\/rencontres-sportives-associatives\/\">Rencontre sportive et associative<\/a>\u00a0(incluant la\u00a0<a href=\"https:\/\/usep.org\/index.php\/2020\/06\/11\/la-e-rencontre-sportive-associative-une-definition\/\">e-rencontre<\/a>\u00a0et la prise en compte du\u00a0<a href=\"https:\/\/usep.org\/index.php\/2019\/10\/07\/emparez-vous-du-manifeste-des-enfants-de-lusep\/\">Manifeste des enfants<\/a>)<\/li>\n<li>GT\u00a0<a href=\"https:\/\/usep.org\/index.php\/2017\/06\/08\/eedd\/\">D\u00e9veloppement durable<\/a>,\u00a0<a href=\"https:\/\/usep.org\/index.php\/2019\/09\/02\/usep-et-parcours-educatif-de-sante\/\">Sant\u00e9<\/a>, Lutte contre les violences<\/li>\n<li>GT\u00a0<a href=\"https:\/\/usep.org\/index.php\/2017\/07\/25\/linclusion-une-philosophie-et-une-demarche\/\">Pratiques inclusives<\/a><\/li>\n<\/ul>\n<p><strong>Se reconna\u00eetre et se rassembler<\/strong><\/p>\n<ul>\n<li>GT\u00a0<a href=\"https:\/\/usep.org\/index.php\/2020\/12\/07\/faire-vivre-la-laicite-a-lecole-avec-lusep\/\">La\u00efcit\u00e9<\/a><\/li>\n<\/ul>\n<p><strong><a href=\"https:\/\/usep.org\/index.php\/category\/formations\/\">Former<\/a>, produire, diffuser, accompagner<\/strong><\/p>\n<ul>\n<li>GT Strat\u00e9gies r\u00e9gionales de formation<\/li>\n<li>GT Formation f\u00e9d\u00e9rale nationale (d\u00e9l\u00e9gu\u00e9s et formateurs)<\/li>\n<li>GT Formation f\u00e9d\u00e9rale r\u00e9gionale et d\u00e9partementale (animateurs et \u00e9lus)<\/li>\n<\/ul>\n<p><strong>Accompagner les comit\u00e9s<\/strong><\/p>\n<ul>\n<li>GT Accompagnement de proximit\u00e9 des territoires \u00e0 vis\u00e9e de d\u00e9veloppement<\/li>\n<li>Suivi national du territoire par les \u00e9lus<\/li>\n<\/ul>\n<p><strong>Construire un cercle de r\u00e9flexion qui permette aux territoires de se d\u00e9velopper<\/strong><\/p>\n<ul>\n<li>GT D\u00e9ploiement du projet national<\/li>\n<li>GT\u00a0<a href=\"https:\/\/usep.org\/index.php\/2020\/02\/19\/acteur-auteur\/\">Enfant auteur<\/a><\/li>\n<li>GT Parcours sportif<\/li>\n<\/ul>\n<p><strong>Adapter et d\u00e9velopper les activit\u00e9s physiques et sportives<\/strong><\/p>\n<ul>\n<li>GT\u00a0<a href=\"https:\/\/usep.org\/index.php\/2019\/11\/22\/les-maternelles-sont-bien-entres-dans-le-jeu\/\">Maternelle<\/a>\u00a0(enfants de 3 \u00e0 5 ans, en partenariat avec l\u2019<a href=\"https:\/\/ageem.fr\/\" target=\"_blank\" rel=\"noopener\">Ageem<\/a>)<\/li>\n<li>GT Contenus pour les 6-12 ans<\/li>\n<li>GT\u00a0<a href=\"https:\/\/usep.org\/index.php\/2020\/09\/14\/semaine-du-velo-le-savoir-rouler-va-t-il-enfin-decoller\/\">Savoir Rouler<\/a>\u00a0et Aisance aquatique<\/li>\n<li>GT Formation partenariales<\/li>\n<\/ul>\n<p><strong>Animer et d\u00e9velopper les partenariats p\u00e9dagogiques<\/strong><\/p>\n<ul>\n<li>Suivi national<\/li>\n<\/ul>\n<p><strong>D\u00e9velopper les formations et les ressources<\/strong><\/p>\n<ul>\n<li>CN strat\u00e9gie de diffusion et de mise en \u0153uvre des formations et ressources<strong>\u00a0<\/strong><\/li>\n<\/ul>\n<p><strong>Animer et d\u00e9velopper les relations internationales<\/strong><\/p>\n<ul>\n<li>Suivi national de la vie internationale et de ses acteurs\u00a0: Ofaj (Office franco-allemand pour la jeunesse), Isca (International sport and culture association), Usep Maroc\u2026<\/li>\n<\/ul>\n<p><strong>Communiquer<\/strong><\/p>\n<ul>\n<li>GT communication (ressources, op\u00e9ration nationale\u00a0<a href=\"https:\/\/usep.org\/index.php\/2018\/01\/19\/les-ptits-reporters\/\">P\u2019tits reporters<\/a>,\u00a0<a href=\"https:\/\/usep.org\/index.php\/2017\/11\/16\/les-marraines-et-parrains-de-lusep\/\">parrains et marraines<\/a>\u00a0de l\u2019Usep)<\/li>\n<\/ul>\n<p><strong>D\u00e9velopper l\u2019\u00e9valuation et la prospective<\/strong><\/p>\n<ul>\n<li>P\u00f4le Laboratoire des pratiques<\/li>\n<\/ul>\n<p>&nbsp;<\/p>\n<p><strong>Des commissions nationales\u00a0pour assurer la transversalit\u00e9<\/strong><\/p>\n<p>Selon leur objet, les GT sont englob\u00e9s par des commissions nationales qui ont la double mission d\u2019assurer la transversalit\u00e9 et de garantir la coh\u00e9rence avec le projet politique. Les CN font vivre cette transversalit\u00e9 en partageant entre elles certains dossiers. \u00c0 titre d\u2019exemple, la CN Vie Sportive-Vie Associative anim\u00e9e par Patrick Morel, vice-pr\u00e9sident de l\u2019Usep, r\u00e9unit les GT consacr\u00e9s au d\u00e9veloppement des activit\u00e9s pour les enfants de maternelle et les 6-12 ans, \u00e0 la dynamique 2024 et \u00e0 la rencontre sportive et associative, mais sera \u00e9galement en lien avec les GT Enfant auteur et D\u00e9ploiement du projet national, pourtant plut\u00f4t associ\u00e9s \u00e0 la commission nationale Vie des territoires anim\u00e9e par Sandrine Mont\u00e8s, \u00e9galement vice-pr\u00e9sidente de l\u2019Usep. D\u2019autres commissions nationales sont \u00e9galement en charge des\u00a0<strong>Finances<\/strong>, de la\u00a0<strong>Vie statutaire<\/strong>\u00a0et du\u00a0<strong>Projet f\u00e9d\u00e9ral<\/strong>\u00a0(en lien avec l\u2019ANS, Agence nationale du sport). Les\u00a0<strong>partenariats avec les f\u00e9d\u00e9rations sportives<\/strong>\u00a0font par ailleurs l\u2019objet de commissions mixtes, tandis que les\u00a0<strong>op\u00e9rations nationales<\/strong>\u00a0sont g\u00e9n\u00e9ralement rattach\u00e9es au GT le plus directement concern\u00e9 (ex : le P\u2019tit Tour est de la comp\u00e9tence du GT Savoir Rouler).<\/p>\n<\/div>\n<\/div>\n<\/div>\n<\/div>\n<\/div>\n<div class=\"et_pb_section et_pb_section_3 et_pb_with_background et_section_regular\">\n<div class=\"et_pb_row et_pb_row_3\">\n<div class=\"et_pb_column et_pb_column_4_4 et_pb_column_3  et_pb_css_mix_blend_mode_passthrough et-last-child\">\n<div class=\"et_pb_module et_pb_text et_pb_text_2  et_pb_text_align_left et_pb_bg_layout_dark\">\n<div class=\"et_pb_text_inner\">\n<ul>\n<li><a href=\"https:\/\/usep.org\/index.php\/2020\/12\/03\/qui-sont-les-nouveaux-elus-nationaux-1-sabine-bolle-et-dominique-caron\/\">Qui sont les nouveaux \u00e9lus nationaux\u00a0?<\/a><\/li>\n<\/ul>\n<\/div>\n<\/div>\n<\/div>\n<\/div>\n<\/div>\n","protected":false},"excerpt":{"rendered":"<p>L\u2019action du\u00a0comit\u00e9 directeur\u00a0est guid\u00e9e par une douzaine d\u2019\u00ab objectifs \u00bb qui se d\u00e9clinent en \u00ab dossiers \u00bb dont sont charg\u00e9s des groupes de travail (GT). Parall\u00e8lement, des commissions nationales (CN) articulent la transversalit\u00e9 des dossiers et croisent les trois grands \u00ab champs \u00bb de la vie de la f\u00e9d\u00e9ration que [&hellip;]<\/p>\n","protected":false},"author":10,"featured_media":0,"comment_status":"closed","ping_status":"open","sticky":false,"template":"","format":"standard","meta":{"jetpack_post_was_ever_published":false,"footnotes":"","jetpack_publicize_message":"","jetpack_is_tweetstorm":false,"jetpack_publicize_feature_enabled":true,"jetpack_social_post_already_shared":true,"jetpack_social_options":[]},"categories":[34],"tags":[],"class_list":["post-11934","post","type-post","status-publish","format-standard","hentry","category-usep-sport-a-lecole"],"jetpack_publicize_connections":[],"yoast_head":"<!-- This site is optimized with the Yoast SEO plugin v20.0 - https:\/\/yoast.com\/wordpress\/plugins\/seo\/ -->\n<title>Groupes de travail et commissions nationales - La Ligue de l&#039;Enseignement de Vend\u00e9e<\/title>\n<meta name=\"robots\" content=\"index, follow, max-snippet:-1, max-image-preview:large, max-video-preview:-1\" \/>\n<link rel=\"canonical\" href=\"http:\/\/www.laligue85.org\/fra\/blog\/2022\/03\/23\/groupes-de-travail-et-commissions-nationales\/\" \/>\n<meta property=\"og:locale\" content=\"fr_FR\" \/>\n<meta property=\"og:type\" content=\"article\" \/>\n<meta property=\"og:title\" content=\"Groupes de travail et commissions nationales - La Ligue de l&#039;Enseignement de Vend\u00e9e\" \/>\n<meta property=\"og:description\" content=\"L\u2019action du\u00a0comit\u00e9 directeur\u00a0est guid\u00e9e par une douzaine d\u2019\u00ab objectifs \u00bb qui se d\u00e9clinent en \u00ab dossiers \u00bb dont sont charg\u00e9s des groupes de travail (GT). Parall\u00e8lement, des commissions nationales (CN) articulent la transversalit\u00e9 des dossiers et croisent les trois grands \u00ab champs \u00bb de la vie de la f\u00e9d\u00e9ration que [&hellip;]\" \/>\n<meta property=\"og:url\" content=\"http:\/\/www.laligue85.org\/fra\/blog\/2022\/03\/23\/groupes-de-travail-et-commissions-nationales\/\" \/>\n<meta property=\"og:site_name\" content=\"La Ligue de l&#039;Enseignement de Vend\u00e9e\" \/>\n<meta property=\"article:published_time\" content=\"2022-03-23T15:35:00+00:00\" \/>\n<meta name=\"author\" content=\"webreporter\" \/>\n<meta name=\"twitter:card\" content=\"summary_large_image\" \/>\n<meta name=\"twitter:label1\" content=\"\u00c9crit par\" \/>\n\t<meta name=\"twitter:data1\" content=\"webreporter\" \/>\n\t<meta name=\"twitter:label2\" content=\"Dur\u00e9e de lecture estim\u00e9e\" \/>\n\t<meta name=\"twitter:data2\" content=\"3 minutes\" \/>\n<script type=\"application\/ld+json\" class=\"yoast-schema-graph\">{\"@context\":\"https:\/\/schema.org\",\"@graph\":[{\"@type\":\"WebPage\",\"@id\":\"http:\/\/www.laligue85.org\/fra\/blog\/2022\/03\/23\/groupes-de-travail-et-commissions-nationales\/\",\"url\":\"http:\/\/www.laligue85.org\/fra\/blog\/2022\/03\/23\/groupes-de-travail-et-commissions-nationales\/\",\"name\":\"Groupes de travail et commissions nationales - La Ligue de l&#039;Enseignement de Vend\u00e9e\",\"isPartOf\":{\"@id\":\"https:\/\/www.laligue85.org\/fra\/#website\"},\"datePublished\":\"2022-03-23T15:35:00+00:00\",\"dateModified\":\"2022-03-23T15:35:00+00:00\",\"author\":{\"@id\":\"https:\/\/www.laligue85.org\/fra\/#\/schema\/person\/1e7451bdc7326a9d6998c4e6143ef302\"},\"breadcrumb\":{\"@id\":\"http:\/\/www.laligue85.org\/fra\/blog\/2022\/03\/23\/groupes-de-travail-et-commissions-nationales\/#breadcrumb\"},\"inLanguage\":\"fr-FR\",\"potentialAction\":[{\"@type\":\"ReadAction\",\"target\":[\"http:\/\/www.laligue85.org\/fra\/blog\/2022\/03\/23\/groupes-de-travail-et-commissions-nationales\/\"]}]},{\"@type\":\"BreadcrumbList\",\"@id\":\"http:\/\/www.laligue85.org\/fra\/blog\/2022\/03\/23\/groupes-de-travail-et-commissions-nationales\/#breadcrumb\",\"itemListElement\":[{\"@type\":\"ListItem\",\"position\":1,\"name\":\"Accueil\",\"item\":\"https:\/\/www.laligue85.org\/fra\/\"},{\"@type\":\"ListItem\",\"position\":2,\"name\":\"Groupes de travail et commissions nationales\"}]},{\"@type\":\"WebSite\",\"@id\":\"https:\/\/www.laligue85.org\/fra\/#website\",\"url\":\"https:\/\/www.laligue85.org\/fra\/\",\"name\":\"La Ligue de l&#039;Enseignement de Vend\u00e9e\",\"description\":\"F\u00e9d\u00e9ration d&#039;\u00e9ducation populaire\",\"potentialAction\":[{\"@type\":\"SearchAction\",\"target\":{\"@type\":\"EntryPoint\",\"urlTemplate\":\"https:\/\/www.laligue85.org\/fra\/?s={search_term_string}\"},\"query-input\":\"required name=search_term_string\"}],\"inLanguage\":\"fr-FR\"},{\"@type\":\"Person\",\"@id\":\"https:\/\/www.laligue85.org\/fra\/#\/schema\/person\/1e7451bdc7326a9d6998c4e6143ef302\",\"name\":\"webreporter\",\"image\":{\"@type\":\"ImageObject\",\"inLanguage\":\"fr-FR\",\"@id\":\"https:\/\/www.laligue85.org\/fra\/#\/schema\/person\/image\/\",\"url\":\"https:\/\/secure.gravatar.com\/avatar\/bb1e730a8d65ed9caef9b25f341b72a8?s=96&d=mm&r=g\",\"contentUrl\":\"https:\/\/secure.gravatar.com\/avatar\/bb1e730a8d65ed9caef9b25f341b72a8?s=96&d=mm&r=g\",\"caption\":\"webreporter\"},\"url\":\"https:\/\/www.laligue85.org\/fra\/blog\/author\/webreporter\/\"}]}<\/script>\n<!-- \/ Yoast SEO plugin. -->","yoast_head_json":{"title":"Groupes de travail et commissions nationales - La Ligue de l&#039;Enseignement de Vend\u00e9e","robots":{"index":"index","follow":"follow","max-snippet":"max-snippet:-1","max-image-preview":"max-image-preview:large","max-video-preview":"max-video-preview:-1"},"canonical":"http:\/\/www.laligue85.org\/fra\/blog\/2022\/03\/23\/groupes-de-travail-et-commissions-nationales\/","og_locale":"fr_FR","og_type":"article","og_title":"Groupes de travail et commissions nationales - La Ligue de l&#039;Enseignement de Vend\u00e9e","og_description":"L\u2019action du\u00a0comit\u00e9 directeur\u00a0est guid\u00e9e par une douzaine d\u2019\u00ab objectifs \u00bb qui se d\u00e9clinent en \u00ab dossiers \u00bb dont sont charg\u00e9s des groupes de travail (GT). Parall\u00e8lement, des commissions nationales (CN) articulent la transversalit\u00e9 des dossiers et croisent les trois grands \u00ab champs \u00bb de la vie de la f\u00e9d\u00e9ration que [&hellip;]","og_url":"http:\/\/www.laligue85.org\/fra\/blog\/2022\/03\/23\/groupes-de-travail-et-commissions-nationales\/","og_site_name":"La Ligue de l&#039;Enseignement de Vend\u00e9e","article_published_time":"2022-03-23T15:35:00+00:00","author":"webreporter","twitter_card":"summary_large_image","twitter_misc":{"\u00c9crit par":"webreporter","Dur\u00e9e de lecture estim\u00e9e":"3 minutes"},"schema":{"@context":"https:\/\/schema.org","@graph":[{"@type":"WebPage","@id":"http:\/\/www.laligue85.org\/fra\/blog\/2022\/03\/23\/groupes-de-travail-et-commissions-nationales\/","url":"http:\/\/www.laligue85.org\/fra\/blog\/2022\/03\/23\/groupes-de-travail-et-commissions-nationales\/","name":"Groupes de travail et commissions nationales - La Ligue de l&#039;Enseignement de Vend\u00e9e","isPartOf":{"@id":"https:\/\/www.laligue85.org\/fra\/#website"},"datePublished":"2022-03-23T15:35:00+00:00","dateModified":"2022-03-23T15:35:00+00:00","author":{"@id":"https:\/\/www.laligue85.org\/fra\/#\/schema\/person\/1e7451bdc7326a9d6998c4e6143ef302"},"breadcrumb":{"@id":"http:\/\/www.laligue85.org\/fra\/blog\/2022\/03\/23\/groupes-de-travail-et-commissions-nationales\/#breadcrumb"},"inLanguage":"fr-FR","potentialAction":[{"@type":"ReadAction","target":["http:\/\/www.laligue85.org\/fra\/blog\/2022\/03\/23\/groupes-de-travail-et-commissions-nationales\/"]}]},{"@type":"BreadcrumbList","@id":"http:\/\/www.laligue85.org\/fra\/blog\/2022\/03\/23\/groupes-de-travail-et-commissions-nationales\/#breadcrumb","itemListElement":[{"@type":"ListItem","position":1,"name":"Accueil","item":"https:\/\/www.laligue85.org\/fra\/"},{"@type":"ListItem","position":2,"name":"Groupes de travail et commissions nationales"}]},{"@type":"WebSite","@id":"https:\/\/www.laligue85.org\/fra\/#website","url":"https:\/\/www.laligue85.org\/fra\/","name":"La Ligue de l&#039;Enseignement de Vend\u00e9e","description":"F\u00e9d\u00e9ration d&#039;\u00e9ducation populaire","potentialAction":[{"@type":"SearchAction","target":{"@type":"EntryPoint","urlTemplate":"https:\/\/www.laligue85.org\/fra\/?s={search_term_string}"},"query-input":"required name=search_term_string"}],"inLanguage":"fr-FR"},{"@type":"Person","@id":"https:\/\/www.laligue85.org\/fra\/#\/schema\/person\/1e7451bdc7326a9d6998c4e6143ef302","name":"webreporter","image":{"@type":"ImageObject","inLanguage":"fr-FR","@id":"https:\/\/www.laligue85.org\/fra\/#\/schema\/person\/image\/","url":"https:\/\/secure.gravatar.com\/avatar\/bb1e730a8d65ed9caef9b25f341b72a8?s=96&d=mm&r=g","contentUrl":"https:\/\/secure.gravatar.com\/avatar\/bb1e730a8d65ed9caef9b25f341b72a8?s=96&d=mm&r=g","caption":"webreporter"},"url":"https:\/\/www.laligue85.org\/fra\/blog\/author\/webreporter\/"}]}},"jetpack_featured_media_url":"","jetpack_shortlink":"https:\/\/wp.me\/p9Chnq-36u","_links":{"self":[{"href":"https:\/\/www.laligue85.org\/fra\/wp-json\/wp\/v2\/posts\/11934","targetHints":{"allow":["GET"]}}],"collection":[{"href":"https:\/\/www.laligue85.org\/fra\/wp-json\/wp\/v2\/posts"}],"about":[{"href":"https:\/\/www.laligue85.org\/fra\/wp-json\/wp\/v2\/types\/post"}],"author":[{"embeddable":true,"href":"https:\/\/www.laligue85.org\/fra\/wp-json\/wp\/v2\/users\/10"}],"replies":[{"embeddable":true,"href":"https:\/\/www.laligue85.org\/fra\/wp-json\/wp\/v2\/comments?post=11934"}],"version-history":[{"count":1,"href":"https:\/\/www.laligue85.org\/fra\/wp-json\/wp\/v2\/posts\/11934\/revisions"}],"predecessor-version":[{"id":11935,"href":"https:\/\/www.laligue85.org\/fra\/wp-json\/wp\/v2\/posts\/11934\/revisions\/11935"}],"wp:attachment":[{"href":"https:\/\/www.laligue85.org\/fra\/wp-json\/wp\/v2\/media?parent=11934"}],"wp:term":[{"taxonomy":"category","embeddable":true,"href":"https:\/\/www.laligue85.org\/fra\/wp-json\/wp\/v2\/categories?post=11934"},{"taxonomy":"post_tag","embeddable":true,"href":"https:\/\/www.laligue85.org\/fra\/wp-json\/wp\/v2\/tags?post=11934"}],"curies":[{"name":"wp","href":"https:\/\/api.w.org\/{rel}","templated":true}]}}